{"id":152901,"date":"2025-04-23T08:55:19","date_gmt":"2025-04-23T08:55:19","guid":{"rendered":"https:\/\/www.nettali.com\/?p=152901"},"modified":"2025-04-23T21:33:41","modified_gmt":"2025-04-23T21:33:41","slug":"radiation-tidjane-thiam-ouattara-reveille-les-demons-de-la-division","status":"publish","type":"post","link":"https:\/\/www.nettali.com\/2025\/04\/23\/radiation-tidjane-thiam-ouattara-reveille-les-demons-de-la-division\/","title":{"rendered":"RADIATION TIDJANE THIAM - Ouattara r\u00e9veille les d\u00e9mons de la division"},"content":{"rendered":"<p><strong>NETTALI.COM - Radi\u00e9 des listes \u00e9lectorales par une d\u00e9cision rendue hier par le tribunal de grande instance d'Abidjan, le candidat du PDCI-RDA, Tidjane Thiam, d\u00e9nonce ce qu'il consid\u00e8re comme une injustice et met en garde contre une \u00e9ventuelle crise. Retour sur les raisons de sa radiation.<\/strong><\/p>\n<p>La bataille a \u00e9t\u00e9 rude. Les conseils de Tidjane Thiam, pr\u00e9sident du PDCI-RDA, se seront battus jusqu'au bout. Mais n'ont rien pu faire pour emp\u00eacher la radiation de leur client des listes \u00e9lectorales, conform\u00e9ment \u00e0 la requ\u00eate des partisans du pr\u00e9sident Alassane Dramane Ouattara.<\/p>\n<p>Comme un couperet, la d\u00e9cision de justice l'\u00e9cartant de la course \u00e0 la prochaine Pr\u00e9sidentielle est tomb\u00e9e hier, suscitant col\u00e8re et indignation chez les nombreux militants et sympathisants du PDCI-RDA.<\/p>\n<p>Certains observateurs n'ont pas manqu\u00e9 de rappeler la jurisprudence Ouattara, quand Gbagbo l'autorisait \u00e0 participer \u00e0 la Pr\u00e9sidentielle, alors que de s\u00e9rieux obstacles juridiques se dressaient devant lui. Mais qu'est-ce qui est donc reproch\u00e9 \u00e0 Tidjane Thiam pour r\u00e9cuser sa candidature ? En fait, selon les explications des avocats, il lui est reproch\u00e9 d'avoir acquis la nationalit\u00e9 fran\u00e7aise en 1987. Or, rapporte son avocat Me Dadje Rodrigue revenant sur l'argumentaire du juge, l'article 48 du Code de la nationalit\u00e9 ivoirienne pr\u00e9voit que \u201c<em>perd la nationalit\u00e9 ivoirienne tout Ivoirien majeur qui acquiert une nationalit\u00e9 \u00e9trang\u00e8re. Le pr\u00e9sident Thiam ayant \u00e9t\u00e9 naturalis\u00e9, en 1987, fran\u00e7ais, il aurait perdu la nationalit\u00e9 depuis cette date<\/em>\u201d.<\/p>\n<p>\u00c0 en croire la robe noire, la magistrate se trompe sur toute la ligne. En effet, souligne-t-il, contrairement \u00e0 ce qui est dit, Tidjane Thiam est fran\u00e7ais de par sa naissance et non par acquisition. \u201c<em>Comme nous l'avons toujours dit : le pr\u00e9sident Thiam est n\u00e9 fran\u00e7ais. Aujourd'hui, nous avons produit la preuve que M. T. Thiam est n\u00e9 fran\u00e7ais. On a produit la copie du registre d'\u00e9tat civil europ\u00e9en o\u00f9 on d\u00e9clarait toutes les personnes qui sont n\u00e9es fran\u00e7aises. La d\u00e9claration a \u00e9t\u00e9 faite par son p\u00e8re monsieur Amadou Thiam qui \u00e9tait lui-m\u00eame fran\u00e7ais<\/em>\u201d, plaide Me Dadje, non sans pr\u00e9ciser que cela est v\u00e9rifiable aussi bien sur les registres d'\u00e9tat civil de la mairie du Plateau que sur ceux de Nantes. En cons\u00e9quence, signale la robe noire, l'article 48 n'aurait jamais d\u00fb lui \u00eatre appliqu\u00e9.<\/p>\n<p>Revenant sur les origines de celui qui est pr\u00e9sent\u00e9 comme principal challenger du parti pr\u00e9sidentiel, Me Dadje a insist\u00e9 sur le fait qu'il est n\u00e9 binational : fran\u00e7ais de par son p\u00e8re, ivoirien de par sa m\u00e8re. \u201c<em>Son p\u00e8re \u00e9tait fonctionnaire fran\u00e7ais d\u00e9tach\u00e9 en C\u00f4te d'Ivoire \u00e0 la Radiot\u00e9l\u00e9vision o\u00f9 il \u00e9tait en fonction avec M. Goudou qui est d'ailleurs le p\u00e8re de notre ministre Raymond Goudou. C'\u00e9taient d'ailleurs les deux seuls Fran\u00e7ais au niveau de la radio<\/em>\u201d, souligne l'avocat.<\/p>\n<p>Avec cette d\u00e9cision qui allonge la liste des candidats radi\u00e9s des listes \u00e9lectorales (apr\u00e8s Gbagbo, Bl\u00e9 Gou-d\u00e9 et Soro), la prochaine Pr\u00e9sidentielle, pr\u00e9vue en octobre, s'annonce sous haute tension.<\/p>\n<p>Dans une d\u00e9claration, M. Thiam a regrett\u00e9 une d\u00e9cision malheureuse. \u201c<em>Notre pays a connu toutes sortes de difficult\u00e9s. Je crains une fois de plus que nous soyons au bord d'une crise. Le pr\u00e9sident Alassane Ouattara effectue son troisi\u00e8me mandat et il lui est m\u00eame reproch\u00e9 d'envisager de faire un quatri\u00e8me. La conjonction de tous ces \u00e9l\u00e9ments cr\u00e9e un environnement potentiellement dangereux pour no-tre pays. Et vous savez l'attachement que j'ai pour la paix, le rejet de la violence, la l\u00e9galit\u00e9. Cela dit, je n'accepterai pas cette radiation, parce qu'elle est injuste, injustifi\u00e9e, incompr\u00e9hensible\u201d<\/em>.<\/p>\n<p>Il s'est dit d\u00e9termin\u00e9 \u00e0 se battre pour que les Ivoiriens puissent choisir librement leur futur pr\u00e9sident. Pour lui, c'est une question de dignit\u00e9 et il appelle tous Ivoiriens \u00e0 faire face \u00e0 ce qu'il consid\u00e8re comme une forfaiture.<\/p>\n<div class='share-to-whatsapp-wrapper'><div class='share-on-whsp'>PARTAGER SUR : <\/div><a data-text='RADIATION TIDJANE THIAM - Ouattara r\u00e9veille les d\u00e9mons de la division' data-link='https:\/\/www.nettali.com\/2025\/04\/23\/radiation-tidjane-thiam-ouattara-reveille-les-demons-de-la-division\/' class='whatsapp-button whatsapp-share'>WhatsApp<\/a><div class='clear '><\/div><\/div>","protected":false},"excerpt":{"rendered":"<p>NETTALI.COM - Radi\u00e9 des listes \u00e9lectorales par une d\u00e9cision rendue hier par le tribunal de grande instance d'Abidjan, le candidat du PDCI-RDA, Tidjane Thiam, d\u00e9nonce ce qu'il consid\u00e8re comme une injustice et met en garde contre une \u00e9ventuelle crise. Retour sur les raisons de sa radiation. La bataille a \u00e9t\u00e9 rude. Les conseils de Tidjane [&hellip;]<\/p>\n","protected":false},"author":2,"featured_media":152902,"comment_status":"open","ping_status":"open","sticky":false,"template":"","format":"standard","meta":{"_et_pb_use_builder":"","_et_pb_old_content":""},"categories":[8],"tags":[],"yoast_head":"<!-- This site is optimized with the Yoast SEO Premium plugin v17.8 (Yoast SEO v17.8) - https:\/\/yoast.com\/wordpress\/plugins\/seo\/ -->\n<title>RADIATION TIDJANE THIAM - Ouattara r\u00e9veille les d\u00e9mons de la division | Nettali.com<\/title>\n<meta name=\"robots\" content=\"index, follow, max-snippet:-1, max-image-preview:large, max-video-preview:-1\" \/>\n<link rel=\"canonical\" href=\"https:\/\/www.nettali.com\/2025\/04\/23\/radiation-tidjane-thiam-ouattara-reveille-les-demons-de-la-division\/\" \/>\n<meta property=\"og:locale\" content=\"fr_FR\" \/>\n<meta property=\"og:type\" content=\"article\" \/>\n<meta property=\"og:title\" content=\"RADIATION TIDJANE THIAM - Ouattara r\u00e9veille les d\u00e9mons de la division\" \/>\n<meta property=\"og:description\" content=\"NETTALI.COM - Radi\u00e9 des listes \u00e9lectorales par une d\u00e9cision rendue hier par le tribunal de grande instance d&#039;Abidjan, le candidat du PDCI-RDA, Tidjane Thiam, d\u00e9nonce ce qu&#039;il consid\u00e8re comme une injustice et met en garde contre une \u00e9ventuelle crise. Retour sur les raisons de sa radiation. La bataille a \u00e9t\u00e9 rude. Les conseils de Tidjane [&hellip;]\" \/>\n<meta property=\"og:url\" content=\"https:\/\/www.nettali.com\/2025\/04\/23\/radiation-tidjane-thiam-ouattara-reveille-les-demons-de-la-division\/\" \/>\n<meta property=\"og:site_name\" content=\"Nettali.com\" \/>\n<meta property=\"article:publisher\" content=\"https:\/\/www.facebook.com\/nettalicom\" \/>\n<meta property=\"article:published_time\" content=\"2025-04-23T08:55:19+00:00\" \/>\n<meta property=\"article:modified_time\" content=\"2025-04-23T21:33:41+00:00\" \/>\n<meta property=\"og:image\" content=\"https:\/\/www.nettali.com\/wp-content\/uploads\/2025\/04\/imageresize.jpeg\" \/>\n\t<meta property=\"og:image:width\" content=\"800\" \/>\n\t<meta property=\"og:image:height\" content=\"457\" \/>\n<meta name=\"twitter:card\" content=\"summary_large_image\" \/>\n<meta name=\"twitter:label1\" content=\"\u00c9crit par\" \/>\n\t<meta name=\"twitter:data1\" content=\"CK\" \/>\n\t<meta name=\"twitter:label2\" content=\"Dur\u00e9e de lecture estim\u00e9e\" \/>\n\t<meta name=\"twitter:data2\" content=\"4 minutes\" \/>\n<script type=\"application\/ld+json\" class=\"yoast-schema-graph\">{\"@context\":\"https:\/\/schema.org\",\"@graph\":[{\"@type\":\"WebSite\",\"@id\":\"https:\/\/www.nettali.com\/#website\",\"url\":\"https:\/\/www.nettali.com\/\",\"name\":\"Nettali.com\",\"description\":\"Le rendez-vous critique du Net\",\"potentialAction\":[{\"@type\":\"SearchAction\",\"target\":{\"@type\":\"EntryPoint\",\"urlTemplate\":\"https:\/\/www.nettali.com\/?s={search_term_string}\"},\"query-input\":\"required name=search_term_string\"}],\"inLanguage\":\"fr-FR\"},{\"@type\":\"ImageObject\",\"@id\":\"https:\/\/www.nettali.com\/2025\/04\/23\/radiation-tidjane-thiam-ouattara-reveille-les-demons-de-la-division\/#primaryimage\",\"inLanguage\":\"fr-FR\",\"url\":\"https:\/\/www.nettali.com\/wp-content\/uploads\/2025\/04\/imageresize.jpeg\",\"contentUrl\":\"https:\/\/www.nettali.com\/wp-content\/uploads\/2025\/04\/imageresize.jpeg\",\"width\":800,\"height\":457},{\"@type\":\"WebPage\",\"@id\":\"https:\/\/www.nettali.com\/2025\/04\/23\/radiation-tidjane-thiam-ouattara-reveille-les-demons-de-la-division\/#webpage\",\"url\":\"https:\/\/www.nettali.com\/2025\/04\/23\/radiation-tidjane-thiam-ouattara-reveille-les-demons-de-la-division\/\",\"name\":\"RADIATION TIDJANE THIAM - Ouattara r\\u00e9veille les d\\u00e9mons de la division | Nettali.com\",\"isPartOf\":{\"@id\":\"https:\/\/www.nettali.com\/#website\"},\"primaryImageOfPage\":{\"@id\":\"https:\/\/www.nettali.com\/2025\/04\/23\/radiation-tidjane-thiam-ouattara-reveille-les-demons-de-la-division\/#primaryimage\"},\"datePublished\":\"2025-04-23T08:55:19+00:00\",\"dateModified\":\"2025-04-23T21:33:41+00:00\",\"author\":{\"@id\":\"https:\/\/www.nettali.com\/#\/schema\/person\/d8ac7b7e27ddad43f1c0d2ef090d7f71\"},\"breadcrumb\":{\"@id\":\"https:\/\/www.nettali.com\/2025\/04\/23\/radiation-tidjane-thiam-ouattara-reveille-les-demons-de-la-division\/#breadcrumb\"},\"inLanguage\":\"fr-FR\",\"potentialAction\":[{\"@type\":\"ReadAction\",\"target\":[\"https:\/\/www.nettali.com\/2025\/04\/23\/radiation-tidjane-thiam-ouattara-reveille-les-demons-de-la-division\/\"]}]},{\"@type\":\"BreadcrumbList\",\"@id\":\"https:\/\/www.nettali.com\/2025\/04\/23\/radiation-tidjane-thiam-ouattara-reveille-les-demons-de-la-division\/#breadcrumb\",\"itemListElement\":[{\"@type\":\"ListItem\",\"position\":1,\"name\":\"Accueil\",\"item\":\"https:\/\/www.nettali.com\/\"},{\"@type\":\"ListItem\",\"position\":2,\"name\":\"RADIATION TIDJANE THIAM - Ouattara r\\u00e9veille les d\\u00e9mons de la division\"}]},{\"@type\":\"Person\",\"@id\":\"https:\/\/www.nettali.com\/#\/schema\/person\/d8ac7b7e27ddad43f1c0d2ef090d7f71\",\"name\":\"CK\",\"image\":{\"@type\":\"ImageObject\",\"@id\":\"https:\/\/www.nettali.com\/#personlogo\",\"inLanguage\":\"fr-FR\",\"url\":\"https:\/\/secure.gravatar.com\/avatar\/1d8d5118b9327d94da7cd4ce7f17fec2?s=96&d=mm&r=g\",\"contentUrl\":\"https:\/\/secure.gravatar.com\/avatar\/1d8d5118b9327d94da7cd4ce7f17fec2?s=96&d=mm&r=g\",\"caption\":\"CK\"},\"sameAs\":[\"https:\/\/www.nettali.com\"]}]}<\/script>\n<!-- \/ Yoast SEO Premium plugin. -->","yoast_head_json":{"title":"RADIATION TIDJANE THIAM - Ouattara r\u00e9veille les d\u00e9mons de la division | Nettali.com","robots":{"index":"index","follow":"follow","max-snippet":"max-snippet:-1","max-image-preview":"max-image-preview:large","max-video-preview":"max-video-preview:-1"},"canonical":"https:\/\/www.nettali.com\/2025\/04\/23\/radiation-tidjane-thiam-ouattara-reveille-les-demons-de-la-division\/","og_locale":"fr_FR","og_type":"article","og_title":"RADIATION TIDJANE THIAM - Ouattara r\u00e9veille les d\u00e9mons de la division","og_description":"NETTALI.COM - Radi\u00e9 des listes \u00e9lectorales par une d\u00e9cision rendue hier par le tribunal de grande instance d'Abidjan, le candidat du PDCI-RDA, Tidjane Thiam, d\u00e9nonce ce qu'il consid\u00e8re comme une injustice et met en garde contre une \u00e9ventuelle crise. Retour sur les raisons de sa radiation. La bataille a \u00e9t\u00e9 rude. Les conseils de Tidjane [&hellip;]","og_url":"https:\/\/www.nettali.com\/2025\/04\/23\/radiation-tidjane-thiam-ouattara-reveille-les-demons-de-la-division\/","og_site_name":"Nettali.com","article_publisher":"https:\/\/www.facebook.com\/nettalicom","article_published_time":"2025-04-23T08:55:19+00:00","article_modified_time":"2025-04-23T21:33:41+00:00","og_image":[{"width":800,"height":457,"url":"https:\/\/www.nettali.com\/wp-content\/uploads\/2025\/04\/imageresize.jpeg","type":"image\/jpeg"}],"twitter_card":"summary_large_image","twitter_misc":{"\u00c9crit par":"CK","Dur\u00e9e de lecture estim\u00e9e":"4 minutes"},"schema":{"@context":"https:\/\/schema.org","@graph":[{"@type":"WebSite","@id":"https:\/\/www.nettali.com\/#website","url":"https:\/\/www.nettali.com\/","name":"Nettali.com","description":"Le rendez-vous critique du Net","potentialAction":[{"@type":"SearchAction","target":{"@type":"EntryPoint","urlTemplate":"https:\/\/www.nettali.com\/?s={search_term_string}"},"query-input":"required name=search_term_string"}],"inLanguage":"fr-FR"},{"@type":"ImageObject","@id":"https:\/\/www.nettali.com\/2025\/04\/23\/radiation-tidjane-thiam-ouattara-reveille-les-demons-de-la-division\/#primaryimage","inLanguage":"fr-FR","url":"https:\/\/www.nettali.com\/wp-content\/uploads\/2025\/04\/imageresize.jpeg","contentUrl":"https:\/\/www.nettali.com\/wp-content\/uploads\/2025\/04\/imageresize.jpeg","width":800,"height":457},{"@type":"WebPage","@id":"https:\/\/www.nettali.com\/2025\/04\/23\/radiation-tidjane-thiam-ouattara-reveille-les-demons-de-la-division\/#webpage","url":"https:\/\/www.nettali.com\/2025\/04\/23\/radiation-tidjane-thiam-ouattara-reveille-les-demons-de-la-division\/","name":"RADIATION TIDJANE THIAM - Ouattara r\u00e9veille les d\u00e9mons de la division | Nettali.com","isPartOf":{"@id":"https:\/\/www.nettali.com\/#website"},"primaryImageOfPage":{"@id":"https:\/\/www.nettali.com\/2025\/04\/23\/radiation-tidjane-thiam-ouattara-reveille-les-demons-de-la-division\/#primaryimage"},"datePublished":"2025-04-23T08:55:19+00:00","dateModified":"2025-04-23T21:33:41+00:00","author":{"@id":"https:\/\/www.nettali.com\/#\/schema\/person\/d8ac7b7e27ddad43f1c0d2ef090d7f71"},"breadcrumb":{"@id":"https:\/\/www.nettali.com\/2025\/04\/23\/radiation-tidjane-thiam-ouattara-reveille-les-demons-de-la-division\/#breadcrumb"},"inLanguage":"fr-FR","potentialAction":[{"@type":"ReadAction","target":["https:\/\/www.nettali.com\/2025\/04\/23\/radiation-tidjane-thiam-ouattara-reveille-les-demons-de-la-division\/"]}]},{"@type":"BreadcrumbList","@id":"https:\/\/www.nettali.com\/2025\/04\/23\/radiation-tidjane-thiam-ouattara-reveille-les-demons-de-la-division\/#breadcrumb","itemListElement":[{"@type":"ListItem","position":1,"name":"Accueil","item":"https:\/\/www.nettali.com\/"},{"@type":"ListItem","position":2,"name":"RADIATION TIDJANE THIAM - Ouattara r\u00e9veille les d\u00e9mons de la division"}]},{"@type":"Person","@id":"https:\/\/www.nettali.com\/#\/schema\/person\/d8ac7b7e27ddad43f1c0d2ef090d7f71","name":"CK","image":{"@type":"ImageObject","@id":"https:\/\/www.nettali.com\/#personlogo","inLanguage":"fr-FR","url":"https:\/\/secure.gravatar.com\/avatar\/1d8d5118b9327d94da7cd4ce7f17fec2?s=96&d=mm&r=g","contentUrl":"https:\/\/secure.gravatar.com\/avatar\/1d8d5118b9327d94da7cd4ce7f17fec2?s=96&d=mm&r=g","caption":"CK"},"sameAs":["https:\/\/www.nettali.com"]}]}},"_links":{"self":[{"href":"https:\/\/www.nettali.com\/rest\/wp\/v2\/posts\/152901"}],"collection":[{"href":"https:\/\/www.nettali.com\/rest\/wp\/v2\/posts"}],"about":[{"href":"https:\/\/www.nettali.com\/rest\/wp\/v2\/types\/post"}],"author":[{"embeddable":true,"href":"https:\/\/www.nettali.com\/rest\/wp\/v2\/users\/2"}],"replies":[{"embeddable":true,"href":"https:\/\/www.nettali.com\/rest\/wp\/v2\/comments?post=152901"}],"version-history":[{"count":1,"href":"https:\/\/www.nettali.com\/rest\/wp\/v2\/posts\/152901\/revisions"}],"predecessor-version":[{"id":152903,"href":"https:\/\/www.nettali.com\/rest\/wp\/v2\/posts\/152901\/revisions\/152903"}],"wp:featuredmedia":[{"embeddable":true,"href":"https:\/\/www.nettali.com\/rest\/wp\/v2\/media\/152902"}],"wp:attachment":[{"href":"https:\/\/www.nettali.com\/rest\/wp\/v2\/media?parent=152901"}],"wp:term":[{"taxonomy":"category","embeddable":true,"href":"https:\/\/www.nettali.com\/rest\/wp\/v2\/categories?post=152901"},{"taxonomy":"post_tag","embeddable":true,"href":"https:\/\/www.nettali.com\/rest\/wp\/v2\/tags?post=152901"}],"curies":[{"name":"wp","href":"https:\/\/api.w.org\/{rel}","templated":true}]}}