{"id":152845,"date":"2025-04-22T08:48:02","date_gmt":"2025-04-22T08:48:02","guid":{"rendered":"https:\/\/www.nettali.com\/?p=152845"},"modified":"2025-04-23T08:37:19","modified_gmt":"2025-04-23T08:37:19","slug":"deces-du-pape-francois-le-pape-francois-un-fan-de-foot-comme-les-autres","status":"publish","type":"post","link":"https:\/\/www.nettali.com\/2025\/04\/22\/deces-du-pape-francois-le-pape-francois-un-fan-de-foot-comme-les-autres\/","title":{"rendered":"D\u00c9C\u00c8S DU PAPE FRAN\u00c7OIS - Le pape Fran\u00e7ois, un fan de foot comme les autres"},"content":{"rendered":"<p><strong>NETTALI.COM - Le pape Fran\u00e7ois s\u2019est \u00e9teint ce lundi, \u00e0 l'\u00e2ge de 88 ans. Joueur moyen, suiveur assidu de San Lorenzo et croyant en un football humaniste et collectif, il \u00e9tait un supporter comme les autres, finalement.<\/strong><\/p>\n<p>\u201cJe jouais sur le globe de la Terre.\u201d La phrase pourrait \u00e9maner d\u2019Eduardo Galeano, Pier Paolo Pasolini ou Diego Armando Maradona. Elle a \u00e9t\u00e9 \u00e9crite par le pape Fran\u00e7ois dans son autobiographie Esp\u00e8re. Jorge Mario Bergoglio s\u2019est \u00e9teint ce lundi 21 avril, \u00e0 l\u2019\u00e2ge de 88 ans.<\/p>\n<p>Pendant son pontificat, le premier pape latino-am\u00e9ricain a bouscul\u00e9 les catholiques et d\u00e9fendu les pauvres, mais a aussi remis dans la lumi\u00e8re le club San Lorenzo, devant le premier souverain pontife tr\u00e8s fan de foot, plus que Beno\u00eet XVI avec le Bayern Munich. Capable d\u2019\u00eatre socio d\u2019un club sans en voir les matchs, d\u2019accueillir tout le monde chez lui, mais de ne pas s\u2019opposer \u00e0 la loi de Gianni Infantino. Un fan de football comme les autres, avec ses contradictions.<\/p>\n<p><strong>Ballon de chiffons, club saint et carte de socio<\/strong><\/p>\n<p>Le 266e \u00e9lu au si\u00e8ge est argentin, et comme tout argentin ou presque, il aime le foot. Comme son histoire a commenc\u00e9 avant l\u2019ordination, les cours de th\u00e9ologie en Allemagne pendant le Mundial 1986 et la vie clo\u00eetr\u00e9e au Vatican, Fran\u00e7ois a commenc\u00e9 \u00e0 le pratiquer dans sa jeunesse. Avec un ballon fait de chiffons, raconte-t-il dans son autobiographie Esp\u00e8re, parue en d\u00e9but d\u2019ann\u00e9e. Si le titre du livre pourrait \u00eatre \u00e9crit par n\u2019importe quel supporter, l\u2019histoire aussi : celle d\u2019un enfant pas forc\u00e9ment dou\u00e9 au ballon, qui se d\u00e9finit comme \u201cuna pata dura\u201d, un gars aux deux pieds gauches. Jorge Mario Bergoglio est alors pass\u00e9 gardien, un poste qui \u201cvous habitue \u00e0 regarder la r\u00e9alit\u00e9 en face, \u00e0 affronter les probl\u00e8mes ; on ne sait pas toujours tr\u00e8s bien d\u2019o\u00f9 ce ballon est parti, mais on doit quand m\u00eame essayer de l\u2019attraper. Comme dans la vie.\u201d<\/p>\n<p><strong>Le pape, Dieu et un canap\u00e9 <\/strong><\/p>\n<p>Enfant de Buenos Aires, Fran\u00e7ois se met aussi \u00e0 supporter. Il devient fan de San Lorenzo par son p\u00e8re, joueur de basket du club. Le fils d\u2019immigr\u00e9s italiens dit n\u2019avoir rat\u00e9 aucun de leurs matchs en 1946, ann\u00e9e de leur troisi\u00e8me titre de champion d\u2019Argentine. Avec ce souvenir d\u2019un but, racont\u00e9 dans La Croix : \u201cLe championnat est sur le point de s\u2019achever et le San Lorenzo joue contre le Racing de Avellaneda : centre depuis l\u2019aile gauche, Pontoni dos \u00e0 la cage contr\u00f4le de la poitrine et, sans jamais laisser tomber le ballon \u00e0 terre, il le reprend du talon, contourne d\u2019un lob le d\u00e9fenseur qui fonce vers lui, puis, \u00e0 la limite de la surface de r\u00e9paration, il d\u00e9coche une fl\u00e8che qui passe \u00e0 la droite du gardien. Gooooaal.\u201d<\/p>\n<p>Les \u201cSaints\u201d (un des surnoms du club) gagnent une couronne. L\u2019\u00c9glise, elle, n\u2019est d\u00e9j\u00e0 pas loin. San Lorenzo a \u00e9t\u00e9 fond\u00e9 apr\u00e8s qu\u2019un pr\u00eatre a ouvert la porte de l\u2019oratoire pour laisser une bande de jeunes jouer au ballon. San Lorenzo, un nom en hommage \u00e0 saint Laurent de Rome, patron des pauvres mort en martyr. Le socio num\u00e9ro 88 235 c\u00e9l\u00e8brera deux messes en l\u2019honneur de son club, la premi\u00e8re pour f\u00eater son centenaire. Devenu premier pape sudam\u00e9ricain en 2013, le supporter le plus c\u00e9l\u00e8bre de San Lorenzo (avec Viggo Mortensen, pour les profanes) conna\u00eet le bonheur ultime lors de sa premi\u00e8re saison au Vatican : les Cuervos (les corbeaux) remportent le championnat d\u2019apertura 2013, puis encha\u00eenent avec la Copa Libertadores en 2014. Destin ?<\/p>\n<p><strong>Vertus humanistes <\/strong><\/p>\n<p>Entre deux repas \u00e0 la cantine du Vatican, Fran\u00e7ois se pla\u00eet \u00e0 rencontrer des l\u00e9gendes du jeu. Lionel Messi, Zlatan Ibrahimovi\u0107, Neymar, pour les ann\u00e9es 2010. Pel\u00e9, Maradona et son c\u00e9l\u00e8bre \u201cAlors, quelle est la main incrimin\u00e9e ?\u201d pour les anciens, d\u00e9dica\u00e7ant des maillots urbi et orbi (ou s\u2019en faisant offrir des mains de Jean Castex, avec un exemplaire de Notre-Dame de Paris). Sur Messi, il racontait aux Espagnols de La Sexta : \u201cC\u2019est un dieu avec la balle sur le terrain, avait-il expliqu\u00e9. C\u2019est agr\u00e9able de voir comment il joue. Mais ce n\u2019est pas Dieu.\u201d Lors de sa visite \u00e0 Marseille en septembre 2023, un tifo des South Winners viendra lui rendre un bel hommage vivant.<\/p>\n<p>Le fan des Rouge et Bleu passera ses douze ans de pontificat \u00e0 \u00eatre inform\u00e9 des r\u00e9sultats de son \u00e9quipe par un garde suisse. Sans t\u00e9l\u00e9vision \u2013 tr\u00e8s pratique pour garder un oeil d\u2019enfant sur son sport \u2013, il clame sa passion pour le ballon rond ainsi que ses vertus. Paix et \u00e9ducation arrivent en t\u00eate. Il adule le football amateur, d\u00e9nonce la corruption, en m\u00eame temps qu\u2019il partage une vision humaniste sur les exil\u00e9s lors de ses visites politiques. Pour f\u00eater le si\u00e8cle du Corriere dello Sport, Vatican News relate un pape dissertant sur la \u201cjoie de la victoire\u201d et \u201cla d\u00e9faite, en essayant de se relever et en gardant pr\u00e9cieusement les erreurs que l\u2019on a commises pour essayer de les surmonter la prochaine fois, ou simplement en acceptant sa diversit\u00e9 et ses limites\u201d. Simple, efficace. Et le r\u00f4le du sport ? \u201cFaire grandir l\u2019humanit\u00e9 dans ses valeurs les plus belles et les plus authentiques.\u201d Un discours sur l\u2019inclusion plus ouvert que l\u2019ultra capitaliste Gianni Infantino.<\/p>\n<p>Mais, comme avec son projet de r\u00e9forme de l\u2019\u00c9glise (aucune femme ne peut \u00eatre diacre, un homme mari\u00e9 ne peut \u00eatre ordonn\u00e9, l\u2019homosexualit\u00e9 n\u2019est pas encore admise), Fran\u00e7ois n\u2019a pas eu le temps (ou l\u2019audace) de pousser au bout son anthropologie footballistique. Il n\u2019est jamais revenu sur la victoire de l\u2019Argentine en 1978 pendant la dictature ni sur le Qatar 2022, d\u00e9tournant son regard ou pr\u00e9f\u00e9rant continuer de voir le foot comme un vecteur de collectivit\u00e9 et de paix plus que de magouilles et d\u2019inhumanit\u00e9 crasse. En modernisant l\u2019\u00c9glise, le pape a rompu avec ses pr\u00e9d\u00e9cesseurs, mais est rest\u00e9 un homme de pouvoir qui n\u2019a pas chang\u00e9 les r\u00e8gles. Le football du pape Fran\u00e7ois \u00e9tait donc celui d\u2019un supporter comme les autres, d\u2019un rapport au sensible, aux \u00e9motions de l\u2019enfance et \u00e0 son quartier de Buenos Aires. Un football fait de couleurs, d\u2019immigration italienne, de stades o\u00f9 se rejoignent les Cuervos. \u201cL\u2019homo sapiens est un homo ludens\u201d, \u00e9crit-il dans sa biographie.<\/p>\n<p><strong>SOFOOT.COM<\/strong><\/p>\n<div class='share-to-whatsapp-wrapper'><div class='share-on-whsp'>PARTAGER SUR : <\/div><a data-text='D\u00c9C\u00c8S DU PAPE FRAN\u00c7OIS - Le pape Fran\u00e7ois, un fan de foot comme les autres' data-link='https:\/\/www.nettali.com\/2025\/04\/22\/deces-du-pape-francois-le-pape-francois-un-fan-de-foot-comme-les-autres\/' class='whatsapp-button whatsapp-share'>WhatsApp<\/a><div class='clear '><\/div><\/div>","protected":false},"excerpt":{"rendered":"<p>NETTALI.COM - Le pape Fran\u00e7ois s\u2019est \u00e9teint ce lundi, \u00e0 l'\u00e2ge de 88 ans. Joueur moyen, suiveur assidu de San Lorenzo et croyant en un football humaniste et collectif, il \u00e9tait un supporter comme les autres, finalement. \u201cJe jouais sur le globe de la Terre.\u201d La phrase pourrait \u00e9maner d\u2019Eduardo Galeano, Pier Paolo Pasolini ou [&hellip;]<\/p>\n","protected":false},"author":2,"featured_media":152846,"comment_status":"open","ping_status":"open","sticky":false,"template":"","format":"standard","meta":{"_et_pb_use_builder":"","_et_pb_old_content":""},"categories":[3],"tags":[],"yoast_head":"<!-- This site is optimized with the Yoast SEO Premium plugin v17.8 (Yoast SEO v17.8) - https:\/\/yoast.com\/wordpress\/plugins\/seo\/ -->\n<title>D\u00c9C\u00c8S DU PAPE FRAN\u00c7OIS - Le pape Fran\u00e7ois, un fan de foot comme les autres | Nettali.com<\/title>\n<meta name=\"robots\" content=\"index, follow, max-snippet:-1, max-image-preview:large, max-video-preview:-1\" \/>\n<link rel=\"canonical\" href=\"https:\/\/www.nettali.com\/2025\/04\/22\/deces-du-pape-francois-le-pape-francois-un-fan-de-foot-comme-les-autres\/\" \/>\n<meta property=\"og:locale\" content=\"fr_FR\" \/>\n<meta property=\"og:type\" content=\"article\" \/>\n<meta property=\"og:title\" content=\"D\u00c9C\u00c8S DU PAPE FRAN\u00c7OIS - Le pape Fran\u00e7ois, un fan de foot comme les autres\" \/>\n<meta property=\"og:description\" content=\"NETTALI.COM - Le pape Fran\u00e7ois s\u2019est \u00e9teint ce lundi, \u00e0 l&#039;\u00e2ge de 88 ans. Joueur moyen, suiveur assidu de San Lorenzo et croyant en un football humaniste et collectif, il \u00e9tait un supporter comme les autres, finalement. \u201cJe jouais sur le globe de la Terre.\u201d La phrase pourrait \u00e9maner d\u2019Eduardo Galeano, Pier Paolo Pasolini ou [&hellip;]\" \/>\n<meta property=\"og:url\" content=\"https:\/\/www.nettali.com\/2025\/04\/22\/deces-du-pape-francois-le-pape-francois-un-fan-de-foot-comme-les-autres\/\" \/>\n<meta property=\"og:site_name\" content=\"Nettali.com\" \/>\n<meta property=\"article:publisher\" content=\"https:\/\/www.facebook.com\/nettalicom\" \/>\n<meta property=\"article:published_time\" content=\"2025-04-22T08:48:02+00:00\" \/>\n<meta property=\"article:modified_time\" content=\"2025-04-23T08:37:19+00:00\" \/>\n<meta property=\"og:image\" content=\"https:\/\/www.nettali.com\/wp-content\/uploads\/2025\/04\/le-pape-francois-un-fan-de-foot-comme-les-autres.jpeg\" \/>\n\t<meta property=\"og:image:width\" content=\"1200\" \/>\n\t<meta property=\"og:image:height\" content=\"628\" \/>\n<meta name=\"twitter:card\" content=\"summary_large_image\" \/>\n<meta name=\"twitter:label1\" content=\"\u00c9crit par\" \/>\n\t<meta name=\"twitter:data1\" content=\"CK\" \/>\n\t<meta name=\"twitter:label2\" content=\"Dur\u00e9e de lecture estim\u00e9e\" \/>\n\t<meta name=\"twitter:data2\" content=\"6 minutes\" \/>\n<script type=\"application\/ld+json\" class=\"yoast-schema-graph\">{\"@context\":\"https:\/\/schema.org\",\"@graph\":[{\"@type\":\"WebSite\",\"@id\":\"https:\/\/www.nettali.com\/#website\",\"url\":\"https:\/\/www.nettali.com\/\",\"name\":\"Nettali.com\",\"description\":\"Le rendez-vous critique du Net\",\"potentialAction\":[{\"@type\":\"SearchAction\",\"target\":{\"@type\":\"EntryPoint\",\"urlTemplate\":\"https:\/\/www.nettali.com\/?s={search_term_string}\"},\"query-input\":\"required name=search_term_string\"}],\"inLanguage\":\"fr-FR\"},{\"@type\":\"ImageObject\",\"@id\":\"https:\/\/www.nettali.com\/2025\/04\/22\/deces-du-pape-francois-le-pape-francois-un-fan-de-foot-comme-les-autres\/#primaryimage\",\"inLanguage\":\"fr-FR\",\"url\":\"https:\/\/www.nettali.com\/wp-content\/uploads\/2025\/04\/le-pape-francois-un-fan-de-foot-comme-les-autres.jpeg\",\"contentUrl\":\"https:\/\/www.nettali.com\/wp-content\/uploads\/2025\/04\/le-pape-francois-un-fan-de-foot-comme-les-autres.jpeg\",\"width\":1200,\"height\":628},{\"@type\":\"WebPage\",\"@id\":\"https:\/\/www.nettali.com\/2025\/04\/22\/deces-du-pape-francois-le-pape-francois-un-fan-de-foot-comme-les-autres\/#webpage\",\"url\":\"https:\/\/www.nettali.com\/2025\/04\/22\/deces-du-pape-francois-le-pape-francois-un-fan-de-foot-comme-les-autres\/\",\"name\":\"D\\u00c9C\\u00c8S DU PAPE FRAN\\u00c7OIS - Le pape Fran\\u00e7ois, un fan de foot comme les autres | Nettali.com\",\"isPartOf\":{\"@id\":\"https:\/\/www.nettali.com\/#website\"},\"primaryImageOfPage\":{\"@id\":\"https:\/\/www.nettali.com\/2025\/04\/22\/deces-du-pape-francois-le-pape-francois-un-fan-de-foot-comme-les-autres\/#primaryimage\"},\"datePublished\":\"2025-04-22T08:48:02+00:00\",\"dateModified\":\"2025-04-23T08:37:19+00:00\",\"author\":{\"@id\":\"https:\/\/www.nettali.com\/#\/schema\/person\/d8ac7b7e27ddad43f1c0d2ef090d7f71\"},\"breadcrumb\":{\"@id\":\"https:\/\/www.nettali.com\/2025\/04\/22\/deces-du-pape-francois-le-pape-francois-un-fan-de-foot-comme-les-autres\/#breadcrumb\"},\"inLanguage\":\"fr-FR\",\"potentialAction\":[{\"@type\":\"ReadAction\",\"target\":[\"https:\/\/www.nettali.com\/2025\/04\/22\/deces-du-pape-francois-le-pape-francois-un-fan-de-foot-comme-les-autres\/\"]}]},{\"@type\":\"BreadcrumbList\",\"@id\":\"https:\/\/www.nettali.com\/2025\/04\/22\/deces-du-pape-francois-le-pape-francois-un-fan-de-foot-comme-les-autres\/#breadcrumb\",\"itemListElement\":[{\"@type\":\"ListItem\",\"position\":1,\"name\":\"Accueil\",\"item\":\"https:\/\/www.nettali.com\/\"},{\"@type\":\"ListItem\",\"position\":2,\"name\":\"D\\u00c9C\\u00c8S DU PAPE FRAN\\u00c7OIS - Le pape Fran\\u00e7ois, un fan de foot comme les autres\"}]},{\"@type\":\"Person\",\"@id\":\"https:\/\/www.nettali.com\/#\/schema\/person\/d8ac7b7e27ddad43f1c0d2ef090d7f71\",\"name\":\"CK\",\"image\":{\"@type\":\"ImageObject\",\"@id\":\"https:\/\/www.nettali.com\/#personlogo\",\"inLanguage\":\"fr-FR\",\"url\":\"https:\/\/secure.gravatar.com\/avatar\/1d8d5118b9327d94da7cd4ce7f17fec2?s=96&d=mm&r=g\",\"contentUrl\":\"https:\/\/secure.gravatar.com\/avatar\/1d8d5118b9327d94da7cd4ce7f17fec2?s=96&d=mm&r=g\",\"caption\":\"CK\"},\"sameAs\":[\"https:\/\/www.nettali.com\"]}]}<\/script>\n<!-- \/ Yoast SEO Premium plugin. -->","yoast_head_json":{"title":"D\u00c9C\u00c8S DU PAPE FRAN\u00c7OIS - Le pape Fran\u00e7ois, un fan de foot comme les autres | Nettali.com","robots":{"index":"index","follow":"follow","max-snippet":"max-snippet:-1","max-image-preview":"max-image-preview:large","max-video-preview":"max-video-preview:-1"},"canonical":"https:\/\/www.nettali.com\/2025\/04\/22\/deces-du-pape-francois-le-pape-francois-un-fan-de-foot-comme-les-autres\/","og_locale":"fr_FR","og_type":"article","og_title":"D\u00c9C\u00c8S DU PAPE FRAN\u00c7OIS - Le pape Fran\u00e7ois, un fan de foot comme les autres","og_description":"NETTALI.COM - Le pape Fran\u00e7ois s\u2019est \u00e9teint ce lundi, \u00e0 l'\u00e2ge de 88 ans. Joueur moyen, suiveur assidu de San Lorenzo et croyant en un football humaniste et collectif, il \u00e9tait un supporter comme les autres, finalement. \u201cJe jouais sur le globe de la Terre.\u201d La phrase pourrait \u00e9maner d\u2019Eduardo Galeano, Pier Paolo Pasolini ou [&hellip;]","og_url":"https:\/\/www.nettali.com\/2025\/04\/22\/deces-du-pape-francois-le-pape-francois-un-fan-de-foot-comme-les-autres\/","og_site_name":"Nettali.com","article_publisher":"https:\/\/www.facebook.com\/nettalicom","article_published_time":"2025-04-22T08:48:02+00:00","article_modified_time":"2025-04-23T08:37:19+00:00","og_image":[{"width":1200,"height":628,"url":"https:\/\/www.nettali.com\/wp-content\/uploads\/2025\/04\/le-pape-francois-un-fan-de-foot-comme-les-autres.jpeg","type":"image\/jpeg"}],"twitter_card":"summary_large_image","twitter_misc":{"\u00c9crit par":"CK","Dur\u00e9e de lecture estim\u00e9e":"6 minutes"},"schema":{"@context":"https:\/\/schema.org","@graph":[{"@type":"WebSite","@id":"https:\/\/www.nettali.com\/#website","url":"https:\/\/www.nettali.com\/","name":"Nettali.com","description":"Le rendez-vous critique du Net","potentialAction":[{"@type":"SearchAction","target":{"@type":"EntryPoint","urlTemplate":"https:\/\/www.nettali.com\/?s={search_term_string}"},"query-input":"required name=search_term_string"}],"inLanguage":"fr-FR"},{"@type":"ImageObject","@id":"https:\/\/www.nettali.com\/2025\/04\/22\/deces-du-pape-francois-le-pape-francois-un-fan-de-foot-comme-les-autres\/#primaryimage","inLanguage":"fr-FR","url":"https:\/\/www.nettali.com\/wp-content\/uploads\/2025\/04\/le-pape-francois-un-fan-de-foot-comme-les-autres.jpeg","contentUrl":"https:\/\/www.nettali.com\/wp-content\/uploads\/2025\/04\/le-pape-francois-un-fan-de-foot-comme-les-autres.jpeg","width":1200,"height":628},{"@type":"WebPage","@id":"https:\/\/www.nettali.com\/2025\/04\/22\/deces-du-pape-francois-le-pape-francois-un-fan-de-foot-comme-les-autres\/#webpage","url":"https:\/\/www.nettali.com\/2025\/04\/22\/deces-du-pape-francois-le-pape-francois-un-fan-de-foot-comme-les-autres\/","name":"D\u00c9C\u00c8S DU PAPE FRAN\u00c7OIS - Le pape Fran\u00e7ois, un fan de foot comme les autres | Nettali.com","isPartOf":{"@id":"https:\/\/www.nettali.com\/#website"},"primaryImageOfPage":{"@id":"https:\/\/www.nettali.com\/2025\/04\/22\/deces-du-pape-francois-le-pape-francois-un-fan-de-foot-comme-les-autres\/#primaryimage"},"datePublished":"2025-04-22T08:48:02+00:00","dateModified":"2025-04-23T08:37:19+00:00","author":{"@id":"https:\/\/www.nettali.com\/#\/schema\/person\/d8ac7b7e27ddad43f1c0d2ef090d7f71"},"breadcrumb":{"@id":"https:\/\/www.nettali.com\/2025\/04\/22\/deces-du-pape-francois-le-pape-francois-un-fan-de-foot-comme-les-autres\/#breadcrumb"},"inLanguage":"fr-FR","potentialAction":[{"@type":"ReadAction","target":["https:\/\/www.nettali.com\/2025\/04\/22\/deces-du-pape-francois-le-pape-francois-un-fan-de-foot-comme-les-autres\/"]}]},{"@type":"BreadcrumbList","@id":"https:\/\/www.nettali.com\/2025\/04\/22\/deces-du-pape-francois-le-pape-francois-un-fan-de-foot-comme-les-autres\/#breadcrumb","itemListElement":[{"@type":"ListItem","position":1,"name":"Accueil","item":"https:\/\/www.nettali.com\/"},{"@type":"ListItem","position":2,"name":"D\u00c9C\u00c8S DU PAPE FRAN\u00c7OIS - Le pape Fran\u00e7ois, un fan de foot comme les autres"}]},{"@type":"Person","@id":"https:\/\/www.nettali.com\/#\/schema\/person\/d8ac7b7e27ddad43f1c0d2ef090d7f71","name":"CK","image":{"@type":"ImageObject","@id":"https:\/\/www.nettali.com\/#personlogo","inLanguage":"fr-FR","url":"https:\/\/secure.gravatar.com\/avatar\/1d8d5118b9327d94da7cd4ce7f17fec2?s=96&d=mm&r=g","contentUrl":"https:\/\/secure.gravatar.com\/avatar\/1d8d5118b9327d94da7cd4ce7f17fec2?s=96&d=mm&r=g","caption":"CK"},"sameAs":["https:\/\/www.nettali.com"]}]}},"_links":{"self":[{"href":"https:\/\/www.nettali.com\/rest\/wp\/v2\/posts\/152845"}],"collection":[{"href":"https:\/\/www.nettali.com\/rest\/wp\/v2\/posts"}],"about":[{"href":"https:\/\/www.nettali.com\/rest\/wp\/v2\/types\/post"}],"author":[{"embeddable":true,"href":"https:\/\/www.nettali.com\/rest\/wp\/v2\/users\/2"}],"replies":[{"embeddable":true,"href":"https:\/\/www.nettali.com\/rest\/wp\/v2\/comments?post=152845"}],"version-history":[{"count":1,"href":"https:\/\/www.nettali.com\/rest\/wp\/v2\/posts\/152845\/revisions"}],"predecessor-version":[{"id":152847,"href":"https:\/\/www.nettali.com\/rest\/wp\/v2\/posts\/152845\/revisions\/152847"}],"wp:featuredmedia":[{"embeddable":true,"href":"https:\/\/www.nettali.com\/rest\/wp\/v2\/media\/152846"}],"wp:attachment":[{"href":"https:\/\/www.nettali.com\/rest\/wp\/v2\/media?parent=152845"}],"wp:term":[{"taxonomy":"category","embeddable":true,"href":"https:\/\/www.nettali.com\/rest\/wp\/v2\/categories?post=152845"},{"taxonomy":"post_tag","embeddable":true,"href":"https:\/\/www.nettali.com\/rest\/wp\/v2\/tags?post=152845"}],"curies":[{"name":"wp","href":"https:\/\/api.w.org\/{rel}","templated":true}]}}