{"id":152759,"date":"2025-04-19T20:11:06","date_gmt":"2025-04-19T20:11:06","guid":{"rendered":"https:\/\/www.nettali.com\/?p=152759"},"modified":"2025-04-19T20:11:06","modified_gmt":"2025-04-19T20:11:06","slug":"can-u17-le-maroc-decroche-sa-premiere-etoile","status":"publish","type":"post","link":"https:\/\/www.nettali.com\/2025\/04\/19\/can-u17-le-maroc-decroche-sa-premiere-etoile\/","title":{"rendered":"CAN U17 - Le Maroc d\u00e9croche sa premi\u00e8re \u00e9toile"},"content":{"rendered":"<p><strong>NETTALI.COM - Pays h\u00f4te de cette \u00e9dition 2025 de la Coupe d\u2019Afrique des Nations des moins de 17 ans (CAN U17), le Maroc a d\u00e9croch\u00e9 son tout premier titre dans la cat\u00e9gorie, ce samedi 19 avril en s\u2019imposant face au Mali \u00e0 l\u2019issue d\u2019une finale haletante conclue par une s\u00e9ance de tirs au but.<\/strong><\/p>\n<p>Apr\u00e8s un nul vierge (0-0) \u00e0 l\u2019issue du temps r\u00e9glementaire, la finale s\u2019est finalement jou\u00e9e lors de la redout\u00e9e s\u00e9ance de tirs au but. \u00c0 cet exercice, les \"Lionceaux\" de l\u2019Atlas se sont montr\u00e9s plus lucides, s\u2019imposant 4 tirs \u00e0 2.<\/p>\n<p>Ainsi, le Maroc, malheureux finaliste de la derni\u00e8re \u00e9dition face au S\u00e9n\u00e9gal, entre dans l'histoire en inscrivant pour la premi\u00e8re fois son nom au palmar\u00e8s de la CAN U17.<\/p>\n<div class='share-to-whatsapp-wrapper'><div class='share-on-whsp'>PARTAGER SUR : <\/div><a data-text='CAN U17 - Le Maroc d\u00e9croche sa premi\u00e8re \u00e9toile' data-link='https:\/\/www.nettali.com\/2025\/04\/19\/can-u17-le-maroc-decroche-sa-premiere-etoile\/' class='whatsapp-button whatsapp-share'>WhatsApp<\/a><div class='clear '><\/div><\/div>","protected":false},"excerpt":{"rendered":"<p>NETTALI.COM - Pays h\u00f4te de cette \u00e9dition 2025 de la Coupe d\u2019Afrique des Nations des moins de 17 ans (CAN U17), le Maroc a d\u00e9croch\u00e9 son tout premier titre dans la cat\u00e9gorie, ce samedi 19 avril en s\u2019imposant face au Mali \u00e0 l\u2019issue d\u2019une finale haletante conclue par une s\u00e9ance de tirs au but. Apr\u00e8s [&hellip;]<\/p>\n","protected":false},"author":5,"featured_media":152760,"comment_status":"open","ping_status":"open","sticky":false,"template":"","format":"standard","meta":{"_et_pb_use_builder":"","_et_pb_old_content":""},"categories":[6],"tags":[],"yoast_head":"<!-- This site is optimized with the Yoast SEO Premium plugin v17.8 (Yoast SEO v17.8) - https:\/\/yoast.com\/wordpress\/plugins\/seo\/ -->\n<title>CAN U17 - Le Maroc d\u00e9croche sa premi\u00e8re \u00e9toile | Nettali.com<\/title>\n<meta name=\"robots\" content=\"index, follow, max-snippet:-1, max-image-preview:large, max-video-preview:-1\" \/>\n<link rel=\"canonical\" href=\"https:\/\/www.nettali.com\/2025\/04\/19\/can-u17-le-maroc-decroche-sa-premiere-etoile\/\" \/>\n<meta property=\"og:locale\" content=\"fr_FR\" \/>\n<meta property=\"og:type\" content=\"article\" \/>\n<meta property=\"og:title\" content=\"CAN U17 - Le Maroc d\u00e9croche sa premi\u00e8re \u00e9toile\" \/>\n<meta property=\"og:description\" content=\"NETTALI.COM - Pays h\u00f4te de cette \u00e9dition 2025 de la Coupe d\u2019Afrique des Nations des moins de 17 ans (CAN U17), le Maroc a d\u00e9croch\u00e9 son tout premier titre dans la cat\u00e9gorie, ce samedi 19 avril en s\u2019imposant face au Mali \u00e0 l\u2019issue d\u2019une finale haletante conclue par une s\u00e9ance de tirs au but. Apr\u00e8s [&hellip;]\" \/>\n<meta property=\"og:url\" content=\"https:\/\/www.nettali.com\/2025\/04\/19\/can-u17-le-maroc-decroche-sa-premiere-etoile\/\" \/>\n<meta property=\"og:site_name\" content=\"Nettali.com\" \/>\n<meta property=\"article:publisher\" content=\"https:\/\/www.facebook.com\/nettalicom\" \/>\n<meta property=\"article:published_time\" content=\"2025-04-19T20:11:06+00:00\" \/>\n<meta property=\"og:image\" content=\"https:\/\/www.nettali.com\/wp-content\/uploads\/2025\/04\/c5addd7b14223e85e2b1eb6c64fe3a6cd60f104027459986578a4b361b2ac1ad-980-500.jpg\" \/>\n\t<meta property=\"og:image:width\" content=\"980\" \/>\n\t<meta property=\"og:image:height\" content=\"500\" \/>\n<meta name=\"twitter:card\" content=\"summary_large_image\" \/>\n<meta name=\"twitter:label1\" content=\"\u00c9crit par\" \/>\n\t<meta name=\"twitter:data1\" content=\"Ibrahima\" \/>\n\t<meta name=\"twitter:label2\" content=\"Dur\u00e9e de lecture estim\u00e9e\" \/>\n\t<meta name=\"twitter:data2\" content=\"1 minute\" \/>\n<script type=\"application\/ld+json\" class=\"yoast-schema-graph\">{\"@context\":\"https:\/\/schema.org\",\"@graph\":[{\"@type\":\"WebSite\",\"@id\":\"https:\/\/www.nettali.com\/#website\",\"url\":\"https:\/\/www.nettali.com\/\",\"name\":\"Nettali.com\",\"description\":\"Le rendez-vous critique du Net\",\"potentialAction\":[{\"@type\":\"SearchAction\",\"target\":{\"@type\":\"EntryPoint\",\"urlTemplate\":\"https:\/\/www.nettali.com\/?s={search_term_string}\"},\"query-input\":\"required name=search_term_string\"}],\"inLanguage\":\"fr-FR\"},{\"@type\":\"ImageObject\",\"@id\":\"https:\/\/www.nettali.com\/2025\/04\/19\/can-u17-le-maroc-decroche-sa-premiere-etoile\/#primaryimage\",\"inLanguage\":\"fr-FR\",\"url\":\"https:\/\/www.nettali.com\/wp-content\/uploads\/2025\/04\/c5addd7b14223e85e2b1eb6c64fe3a6cd60f104027459986578a4b361b2ac1ad-980-500.jpg\",\"contentUrl\":\"https:\/\/www.nettali.com\/wp-content\/uploads\/2025\/04\/c5addd7b14223e85e2b1eb6c64fe3a6cd60f104027459986578a4b361b2ac1ad-980-500.jpg\",\"width\":980,\"height\":500},{\"@type\":\"WebPage\",\"@id\":\"https:\/\/www.nettali.com\/2025\/04\/19\/can-u17-le-maroc-decroche-sa-premiere-etoile\/#webpage\",\"url\":\"https:\/\/www.nettali.com\/2025\/04\/19\/can-u17-le-maroc-decroche-sa-premiere-etoile\/\",\"name\":\"CAN U17 - Le Maroc d\\u00e9croche sa premi\\u00e8re \\u00e9toile | Nettali.com\",\"isPartOf\":{\"@id\":\"https:\/\/www.nettali.com\/#website\"},\"primaryImageOfPage\":{\"@id\":\"https:\/\/www.nettali.com\/2025\/04\/19\/can-u17-le-maroc-decroche-sa-premiere-etoile\/#primaryimage\"},\"datePublished\":\"2025-04-19T20:11:06+00:00\",\"dateModified\":\"2025-04-19T20:11:06+00:00\",\"author\":{\"@id\":\"https:\/\/www.nettali.com\/#\/schema\/person\/bb147657c2986240405a608162b9bb23\"},\"breadcrumb\":{\"@id\":\"https:\/\/www.nettali.com\/2025\/04\/19\/can-u17-le-maroc-decroche-sa-premiere-etoile\/#breadcrumb\"},\"inLanguage\":\"fr-FR\",\"potentialAction\":[{\"@type\":\"ReadAction\",\"target\":[\"https:\/\/www.nettali.com\/2025\/04\/19\/can-u17-le-maroc-decroche-sa-premiere-etoile\/\"]}]},{\"@type\":\"BreadcrumbList\",\"@id\":\"https:\/\/www.nettali.com\/2025\/04\/19\/can-u17-le-maroc-decroche-sa-premiere-etoile\/#breadcrumb\",\"itemListElement\":[{\"@type\":\"ListItem\",\"position\":1,\"name\":\"Accueil\",\"item\":\"https:\/\/www.nettali.com\/\"},{\"@type\":\"ListItem\",\"position\":2,\"name\":\"CAN U17 - Le Maroc d\\u00e9croche sa premi\\u00e8re \\u00e9toile\"}]},{\"@type\":\"Person\",\"@id\":\"https:\/\/www.nettali.com\/#\/schema\/person\/bb147657c2986240405a608162b9bb23\",\"name\":\"Ibrahima\",\"image\":{\"@type\":\"ImageObject\",\"@id\":\"https:\/\/www.nettali.com\/#personlogo\",\"inLanguage\":\"fr-FR\",\"url\":\"https:\/\/secure.gravatar.com\/avatar\/26a8a81f09f0dd7624c9d5c36c9ba3a2?s=96&d=mm&r=g\",\"contentUrl\":\"https:\/\/secure.gravatar.com\/avatar\/26a8a81f09f0dd7624c9d5c36c9ba3a2?s=96&d=mm&r=g\",\"caption\":\"Ibrahima\"},\"sameAs\":[\"https:\/\/www.nettali.com\"]}]}<\/script>\n<!-- \/ Yoast SEO Premium plugin. -->","yoast_head_json":{"title":"CAN U17 - Le Maroc d\u00e9croche sa premi\u00e8re \u00e9toile | Nettali.com","robots":{"index":"index","follow":"follow","max-snippet":"max-snippet:-1","max-image-preview":"max-image-preview:large","max-video-preview":"max-video-preview:-1"},"canonical":"https:\/\/www.nettali.com\/2025\/04\/19\/can-u17-le-maroc-decroche-sa-premiere-etoile\/","og_locale":"fr_FR","og_type":"article","og_title":"CAN U17 - Le Maroc d\u00e9croche sa premi\u00e8re \u00e9toile","og_description":"NETTALI.COM - Pays h\u00f4te de cette \u00e9dition 2025 de la Coupe d\u2019Afrique des Nations des moins de 17 ans (CAN U17), le Maroc a d\u00e9croch\u00e9 son tout premier titre dans la cat\u00e9gorie, ce samedi 19 avril en s\u2019imposant face au Mali \u00e0 l\u2019issue d\u2019une finale haletante conclue par une s\u00e9ance de tirs au but. Apr\u00e8s [&hellip;]","og_url":"https:\/\/www.nettali.com\/2025\/04\/19\/can-u17-le-maroc-decroche-sa-premiere-etoile\/","og_site_name":"Nettali.com","article_publisher":"https:\/\/www.facebook.com\/nettalicom","article_published_time":"2025-04-19T20:11:06+00:00","og_image":[{"width":980,"height":500,"url":"https:\/\/www.nettali.com\/wp-content\/uploads\/2025\/04\/c5addd7b14223e85e2b1eb6c64fe3a6cd60f104027459986578a4b361b2ac1ad-980-500.jpg","type":"image\/jpeg"}],"twitter_card":"summary_large_image","twitter_misc":{"\u00c9crit par":"Ibrahima","Dur\u00e9e de lecture estim\u00e9e":"1 minute"},"schema":{"@context":"https:\/\/schema.org","@graph":[{"@type":"WebSite","@id":"https:\/\/www.nettali.com\/#website","url":"https:\/\/www.nettali.com\/","name":"Nettali.com","description":"Le rendez-vous critique du Net","potentialAction":[{"@type":"SearchAction","target":{"@type":"EntryPoint","urlTemplate":"https:\/\/www.nettali.com\/?s={search_term_string}"},"query-input":"required name=search_term_string"}],"inLanguage":"fr-FR"},{"@type":"ImageObject","@id":"https:\/\/www.nettali.com\/2025\/04\/19\/can-u17-le-maroc-decroche-sa-premiere-etoile\/#primaryimage","inLanguage":"fr-FR","url":"https:\/\/www.nettali.com\/wp-content\/uploads\/2025\/04\/c5addd7b14223e85e2b1eb6c64fe3a6cd60f104027459986578a4b361b2ac1ad-980-500.jpg","contentUrl":"https:\/\/www.nettali.com\/wp-content\/uploads\/2025\/04\/c5addd7b14223e85e2b1eb6c64fe3a6cd60f104027459986578a4b361b2ac1ad-980-500.jpg","width":980,"height":500},{"@type":"WebPage","@id":"https:\/\/www.nettali.com\/2025\/04\/19\/can-u17-le-maroc-decroche-sa-premiere-etoile\/#webpage","url":"https:\/\/www.nettali.com\/2025\/04\/19\/can-u17-le-maroc-decroche-sa-premiere-etoile\/","name":"CAN U17 - Le Maroc d\u00e9croche sa premi\u00e8re \u00e9toile | Nettali.com","isPartOf":{"@id":"https:\/\/www.nettali.com\/#website"},"primaryImageOfPage":{"@id":"https:\/\/www.nettali.com\/2025\/04\/19\/can-u17-le-maroc-decroche-sa-premiere-etoile\/#primaryimage"},"datePublished":"2025-04-19T20:11:06+00:00","dateModified":"2025-04-19T20:11:06+00:00","author":{"@id":"https:\/\/www.nettali.com\/#\/schema\/person\/bb147657c2986240405a608162b9bb23"},"breadcrumb":{"@id":"https:\/\/www.nettali.com\/2025\/04\/19\/can-u17-le-maroc-decroche-sa-premiere-etoile\/#breadcrumb"},"inLanguage":"fr-FR","potentialAction":[{"@type":"ReadAction","target":["https:\/\/www.nettali.com\/2025\/04\/19\/can-u17-le-maroc-decroche-sa-premiere-etoile\/"]}]},{"@type":"BreadcrumbList","@id":"https:\/\/www.nettali.com\/2025\/04\/19\/can-u17-le-maroc-decroche-sa-premiere-etoile\/#breadcrumb","itemListElement":[{"@type":"ListItem","position":1,"name":"Accueil","item":"https:\/\/www.nettali.com\/"},{"@type":"ListItem","position":2,"name":"CAN U17 - Le Maroc d\u00e9croche sa premi\u00e8re \u00e9toile"}]},{"@type":"Person","@id":"https:\/\/www.nettali.com\/#\/schema\/person\/bb147657c2986240405a608162b9bb23","name":"Ibrahima","image":{"@type":"ImageObject","@id":"https:\/\/www.nettali.com\/#personlogo","inLanguage":"fr-FR","url":"https:\/\/secure.gravatar.com\/avatar\/26a8a81f09f0dd7624c9d5c36c9ba3a2?s=96&d=mm&r=g","contentUrl":"https:\/\/secure.gravatar.com\/avatar\/26a8a81f09f0dd7624c9d5c36c9ba3a2?s=96&d=mm&r=g","caption":"Ibrahima"},"sameAs":["https:\/\/www.nettali.com"]}]}},"_links":{"self":[{"href":"https:\/\/www.nettali.com\/rest\/wp\/v2\/posts\/152759"}],"collection":[{"href":"https:\/\/www.nettali.com\/rest\/wp\/v2\/posts"}],"about":[{"href":"https:\/\/www.nettali.com\/rest\/wp\/v2\/types\/post"}],"author":[{"embeddable":true,"href":"https:\/\/www.nettali.com\/rest\/wp\/v2\/users\/5"}],"replies":[{"embeddable":true,"href":"https:\/\/www.nettali.com\/rest\/wp\/v2\/comments?post=152759"}],"version-history":[{"count":1,"href":"https:\/\/www.nettali.com\/rest\/wp\/v2\/posts\/152759\/revisions"}],"predecessor-version":[{"id":152761,"href":"https:\/\/www.nettali.com\/rest\/wp\/v2\/posts\/152759\/revisions\/152761"}],"wp:featuredmedia":[{"embeddable":true,"href":"https:\/\/www.nettali.com\/rest\/wp\/v2\/media\/152760"}],"wp:attachment":[{"href":"https:\/\/www.nettali.com\/rest\/wp\/v2\/media?parent=152759"}],"wp:term":[{"taxonomy":"category","embeddable":true,"href":"https:\/\/www.nettali.com\/rest\/wp\/v2\/categories?post=152759"},{"taxonomy":"post_tag","embeddable":true,"href":"https:\/\/www.nettali.com\/rest\/wp\/v2\/tags?post=152759"}],"curies":[{"name":"wp","href":"https:\/\/api.w.org\/{rel}","templated":true}]}}