{"id":152574,"date":"2025-04-16T09:12:38","date_gmt":"2025-04-16T09:12:38","guid":{"rendered":"https:\/\/www.nettali.com\/?p=152574"},"modified":"2025-04-16T19:17:54","modified_gmt":"2025-04-16T19:17:54","slug":"pape-djibril-fall-la-justice-est-en-danger-le-peuple-doit-reagir","status":"publish","type":"post","link":"https:\/\/www.nettali.com\/2025\/04\/16\/pape-djibril-fall-la-justice-est-en-danger-le-peuple-doit-reagir\/","title":{"rendered":"PAPE DJIBRIL FALL : \"La justice est en danger, le peuple doit r\u00e9agir\""},"content":{"rendered":"<p><strong>NETTALI.COM - En conf\u00e9rence de presse ce mardi 15 avril, le d\u00e9put\u00e9 Pape Djibril Fall a vivement critiqu\u00e9 ce qu\u2019il qualifie d\u2019ing\u00e9rence politique dans le fonctionnement de la justice s\u00e9n\u00e9galaise. S\u2019insurgeant contre un suppos\u00e9 \"acharnement\" visant le ministre de la Justice, il a interpell\u00e9 l\u2019Union des magistrats du S\u00e9n\u00e9gal, l\u2019exhortant \u00e0 d\u00e9fendre l\u2019ind\u00e9pendance du pouvoir judiciaire.<\/strong><\/p>\n<p>\u00c0 ses yeux, c\u2019est au chef de l\u2019\u00c9tat, et non \u00e0 la justice, que la pression populaire doit \u00eatre dirig\u00e9e afin de garantir une magistrature libre de toute influence.<\/p>\n<p>Le leader du parti Les Serviteurs a \u00e9galement d\u00e9nonc\u00e9 des arrestations jug\u00e9es arbitraires, pointant du doigt une justice \"instrumentalis\u00e9e contre les opposants\". Il accuse le Premier ministre Ousmane Sonko de vouloir centraliser le contr\u00f4le du Conseil sup\u00e9rieur de la magistrature, en violation de la s\u00e9paration des pouvoirs. Selon lui, les affectations punitives de certains magistrats et l\u2019implication directe du pouvoir ex\u00e9cutif dans des dossiers judiciaires r\u00e9v\u00e8lent un climat de d\u00e9rive autoritaire incompatible avec les principes de l\u2019\u00c9tat de droit.<\/p>\n<div class='share-to-whatsapp-wrapper'><div class='share-on-whsp'>PARTAGER SUR : <\/div><a data-text='PAPE DJIBRIL FALL : \"La justice est en danger, le peuple doit r\u00e9agir\"' data-link='https:\/\/www.nettali.com\/2025\/04\/16\/pape-djibril-fall-la-justice-est-en-danger-le-peuple-doit-reagir\/' class='whatsapp-button whatsapp-share'>WhatsApp<\/a><div class='clear '><\/div><\/div>","protected":false},"excerpt":{"rendered":"<p>NETTALI.COM - En conf\u00e9rence de presse ce mardi 15 avril, le d\u00e9put\u00e9 Pape Djibril Fall a vivement critiqu\u00e9 ce qu\u2019il qualifie d\u2019ing\u00e9rence politique dans le fonctionnement de la justice s\u00e9n\u00e9galaise. S\u2019insurgeant contre un suppos\u00e9 \"acharnement\" visant le ministre de la Justice, il a interpell\u00e9 l\u2019Union des magistrats du S\u00e9n\u00e9gal, l\u2019exhortant \u00e0 d\u00e9fendre l\u2019ind\u00e9pendance du pouvoir [&hellip;]<\/p>\n","protected":false},"author":5,"featured_media":152577,"comment_status":"open","ping_status":"open","sticky":false,"template":"","format":"standard","meta":{"_et_pb_use_builder":"","_et_pb_old_content":""},"categories":[2],"tags":[],"yoast_head":"<!-- This site is optimized with the Yoast SEO Premium plugin v17.8 (Yoast SEO v17.8) - https:\/\/yoast.com\/wordpress\/plugins\/seo\/ -->\n<title>PAPE DJIBRIL FALL : &quot;La justice est en danger, le peuple doit r\u00e9agir&quot; | Nettali.com<\/title>\n<meta name=\"robots\" content=\"index, follow, max-snippet:-1, max-image-preview:large, max-video-preview:-1\" \/>\n<link rel=\"canonical\" href=\"https:\/\/www.nettali.com\/2025\/04\/16\/pape-djibril-fall-la-justice-est-en-danger-le-peuple-doit-reagir\/\" \/>\n<meta property=\"og:locale\" content=\"fr_FR\" \/>\n<meta property=\"og:type\" content=\"article\" \/>\n<meta property=\"og:title\" content=\"PAPE DJIBRIL FALL : &quot;La justice est en danger, le peuple doit r\u00e9agir&quot;\" \/>\n<meta property=\"og:description\" content=\"NETTALI.COM - En conf\u00e9rence de presse ce mardi 15 avril, le d\u00e9put\u00e9 Pape Djibril Fall a vivement critiqu\u00e9 ce qu\u2019il qualifie d\u2019ing\u00e9rence politique dans le fonctionnement de la justice s\u00e9n\u00e9galaise. S\u2019insurgeant contre un suppos\u00e9 &quot;acharnement&quot; visant le ministre de la Justice, il a interpell\u00e9 l\u2019Union des magistrats du S\u00e9n\u00e9gal, l\u2019exhortant \u00e0 d\u00e9fendre l\u2019ind\u00e9pendance du pouvoir [&hellip;]\" \/>\n<meta property=\"og:url\" content=\"https:\/\/www.nettali.com\/2025\/04\/16\/pape-djibril-fall-la-justice-est-en-danger-le-peuple-doit-reagir\/\" \/>\n<meta property=\"og:site_name\" content=\"Nettali.com\" \/>\n<meta property=\"article:publisher\" content=\"https:\/\/www.facebook.com\/nettalicom\" \/>\n<meta property=\"article:published_time\" content=\"2025-04-16T09:12:38+00:00\" \/>\n<meta property=\"article:modified_time\" content=\"2025-04-16T19:17:54+00:00\" \/>\n<meta property=\"og:image\" content=\"https:\/\/www.nettali.com\/wp-content\/uploads\/2025\/04\/hq720-5.jpg\" \/>\n\t<meta property=\"og:image:width\" content=\"686\" \/>\n\t<meta property=\"og:image:height\" content=\"386\" \/>\n<meta name=\"twitter:card\" content=\"summary_large_image\" \/>\n<meta name=\"twitter:label1\" content=\"\u00c9crit par\" \/>\n\t<meta name=\"twitter:data1\" content=\"Ibrahima\" \/>\n\t<meta name=\"twitter:label2\" content=\"Dur\u00e9e de lecture estim\u00e9e\" \/>\n\t<meta name=\"twitter:data2\" content=\"1 minute\" \/>\n<script type=\"application\/ld+json\" class=\"yoast-schema-graph\">{\"@context\":\"https:\/\/schema.org\",\"@graph\":[{\"@type\":\"WebSite\",\"@id\":\"https:\/\/www.nettali.com\/#website\",\"url\":\"https:\/\/www.nettali.com\/\",\"name\":\"Nettali.com\",\"description\":\"Le rendez-vous critique du Net\",\"potentialAction\":[{\"@type\":\"SearchAction\",\"target\":{\"@type\":\"EntryPoint\",\"urlTemplate\":\"https:\/\/www.nettali.com\/?s={search_term_string}\"},\"query-input\":\"required name=search_term_string\"}],\"inLanguage\":\"fr-FR\"},{\"@type\":\"ImageObject\",\"@id\":\"https:\/\/www.nettali.com\/2025\/04\/16\/pape-djibril-fall-la-justice-est-en-danger-le-peuple-doit-reagir\/#primaryimage\",\"inLanguage\":\"fr-FR\",\"url\":\"https:\/\/www.nettali.com\/wp-content\/uploads\/2025\/04\/hq720-5.jpg\",\"contentUrl\":\"https:\/\/www.nettali.com\/wp-content\/uploads\/2025\/04\/hq720-5.jpg\",\"width\":686,\"height\":386},{\"@type\":\"WebPage\",\"@id\":\"https:\/\/www.nettali.com\/2025\/04\/16\/pape-djibril-fall-la-justice-est-en-danger-le-peuple-doit-reagir\/#webpage\",\"url\":\"https:\/\/www.nettali.com\/2025\/04\/16\/pape-djibril-fall-la-justice-est-en-danger-le-peuple-doit-reagir\/\",\"name\":\"PAPE DJIBRIL FALL : \\\"La justice est en danger, le peuple doit r\\u00e9agir\\\" | Nettali.com\",\"isPartOf\":{\"@id\":\"https:\/\/www.nettali.com\/#website\"},\"primaryImageOfPage\":{\"@id\":\"https:\/\/www.nettali.com\/2025\/04\/16\/pape-djibril-fall-la-justice-est-en-danger-le-peuple-doit-reagir\/#primaryimage\"},\"datePublished\":\"2025-04-16T09:12:38+00:00\",\"dateModified\":\"2025-04-16T19:17:54+00:00\",\"author\":{\"@id\":\"https:\/\/www.nettali.com\/#\/schema\/person\/bb147657c2986240405a608162b9bb23\"},\"breadcrumb\":{\"@id\":\"https:\/\/www.nettali.com\/2025\/04\/16\/pape-djibril-fall-la-justice-est-en-danger-le-peuple-doit-reagir\/#breadcrumb\"},\"inLanguage\":\"fr-FR\",\"potentialAction\":[{\"@type\":\"ReadAction\",\"target\":[\"https:\/\/www.nettali.com\/2025\/04\/16\/pape-djibril-fall-la-justice-est-en-danger-le-peuple-doit-reagir\/\"]}]},{\"@type\":\"BreadcrumbList\",\"@id\":\"https:\/\/www.nettali.com\/2025\/04\/16\/pape-djibril-fall-la-justice-est-en-danger-le-peuple-doit-reagir\/#breadcrumb\",\"itemListElement\":[{\"@type\":\"ListItem\",\"position\":1,\"name\":\"Accueil\",\"item\":\"https:\/\/www.nettali.com\/\"},{\"@type\":\"ListItem\",\"position\":2,\"name\":\"PAPE DJIBRIL FALL : \\\"La justice est en danger, le peuple doit r\\u00e9agir\\\"\"}]},{\"@type\":\"Person\",\"@id\":\"https:\/\/www.nettali.com\/#\/schema\/person\/bb147657c2986240405a608162b9bb23\",\"name\":\"Ibrahima\",\"image\":{\"@type\":\"ImageObject\",\"@id\":\"https:\/\/www.nettali.com\/#personlogo\",\"inLanguage\":\"fr-FR\",\"url\":\"https:\/\/secure.gravatar.com\/avatar\/26a8a81f09f0dd7624c9d5c36c9ba3a2?s=96&d=mm&r=g\",\"contentUrl\":\"https:\/\/secure.gravatar.com\/avatar\/26a8a81f09f0dd7624c9d5c36c9ba3a2?s=96&d=mm&r=g\",\"caption\":\"Ibrahima\"},\"sameAs\":[\"https:\/\/www.nettali.com\"]}]}<\/script>\n<!-- \/ Yoast SEO Premium plugin. -->","yoast_head_json":{"title":"PAPE DJIBRIL FALL : \"La justice est en danger, le peuple doit r\u00e9agir\" | Nettali.com","robots":{"index":"index","follow":"follow","max-snippet":"max-snippet:-1","max-image-preview":"max-image-preview:large","max-video-preview":"max-video-preview:-1"},"canonical":"https:\/\/www.nettali.com\/2025\/04\/16\/pape-djibril-fall-la-justice-est-en-danger-le-peuple-doit-reagir\/","og_locale":"fr_FR","og_type":"article","og_title":"PAPE DJIBRIL FALL : \"La justice est en danger, le peuple doit r\u00e9agir\"","og_description":"NETTALI.COM - En conf\u00e9rence de presse ce mardi 15 avril, le d\u00e9put\u00e9 Pape Djibril Fall a vivement critiqu\u00e9 ce qu\u2019il qualifie d\u2019ing\u00e9rence politique dans le fonctionnement de la justice s\u00e9n\u00e9galaise. S\u2019insurgeant contre un suppos\u00e9 \"acharnement\" visant le ministre de la Justice, il a interpell\u00e9 l\u2019Union des magistrats du S\u00e9n\u00e9gal, l\u2019exhortant \u00e0 d\u00e9fendre l\u2019ind\u00e9pendance du pouvoir [&hellip;]","og_url":"https:\/\/www.nettali.com\/2025\/04\/16\/pape-djibril-fall-la-justice-est-en-danger-le-peuple-doit-reagir\/","og_site_name":"Nettali.com","article_publisher":"https:\/\/www.facebook.com\/nettalicom","article_published_time":"2025-04-16T09:12:38+00:00","article_modified_time":"2025-04-16T19:17:54+00:00","og_image":[{"width":686,"height":386,"url":"https:\/\/www.nettali.com\/wp-content\/uploads\/2025\/04\/hq720-5.jpg","type":"image\/jpeg"}],"twitter_card":"summary_large_image","twitter_misc":{"\u00c9crit par":"Ibrahima","Dur\u00e9e de lecture estim\u00e9e":"1 minute"},"schema":{"@context":"https:\/\/schema.org","@graph":[{"@type":"WebSite","@id":"https:\/\/www.nettali.com\/#website","url":"https:\/\/www.nettali.com\/","name":"Nettali.com","description":"Le rendez-vous critique du Net","potentialAction":[{"@type":"SearchAction","target":{"@type":"EntryPoint","urlTemplate":"https:\/\/www.nettali.com\/?s={search_term_string}"},"query-input":"required name=search_term_string"}],"inLanguage":"fr-FR"},{"@type":"ImageObject","@id":"https:\/\/www.nettali.com\/2025\/04\/16\/pape-djibril-fall-la-justice-est-en-danger-le-peuple-doit-reagir\/#primaryimage","inLanguage":"fr-FR","url":"https:\/\/www.nettali.com\/wp-content\/uploads\/2025\/04\/hq720-5.jpg","contentUrl":"https:\/\/www.nettali.com\/wp-content\/uploads\/2025\/04\/hq720-5.jpg","width":686,"height":386},{"@type":"WebPage","@id":"https:\/\/www.nettali.com\/2025\/04\/16\/pape-djibril-fall-la-justice-est-en-danger-le-peuple-doit-reagir\/#webpage","url":"https:\/\/www.nettali.com\/2025\/04\/16\/pape-djibril-fall-la-justice-est-en-danger-le-peuple-doit-reagir\/","name":"PAPE DJIBRIL FALL : \"La justice est en danger, le peuple doit r\u00e9agir\" | Nettali.com","isPartOf":{"@id":"https:\/\/www.nettali.com\/#website"},"primaryImageOfPage":{"@id":"https:\/\/www.nettali.com\/2025\/04\/16\/pape-djibril-fall-la-justice-est-en-danger-le-peuple-doit-reagir\/#primaryimage"},"datePublished":"2025-04-16T09:12:38+00:00","dateModified":"2025-04-16T19:17:54+00:00","author":{"@id":"https:\/\/www.nettali.com\/#\/schema\/person\/bb147657c2986240405a608162b9bb23"},"breadcrumb":{"@id":"https:\/\/www.nettali.com\/2025\/04\/16\/pape-djibril-fall-la-justice-est-en-danger-le-peuple-doit-reagir\/#breadcrumb"},"inLanguage":"fr-FR","potentialAction":[{"@type":"ReadAction","target":["https:\/\/www.nettali.com\/2025\/04\/16\/pape-djibril-fall-la-justice-est-en-danger-le-peuple-doit-reagir\/"]}]},{"@type":"BreadcrumbList","@id":"https:\/\/www.nettali.com\/2025\/04\/16\/pape-djibril-fall-la-justice-est-en-danger-le-peuple-doit-reagir\/#breadcrumb","itemListElement":[{"@type":"ListItem","position":1,"name":"Accueil","item":"https:\/\/www.nettali.com\/"},{"@type":"ListItem","position":2,"name":"PAPE DJIBRIL FALL : \"La justice est en danger, le peuple doit r\u00e9agir\""}]},{"@type":"Person","@id":"https:\/\/www.nettali.com\/#\/schema\/person\/bb147657c2986240405a608162b9bb23","name":"Ibrahima","image":{"@type":"ImageObject","@id":"https:\/\/www.nettali.com\/#personlogo","inLanguage":"fr-FR","url":"https:\/\/secure.gravatar.com\/avatar\/26a8a81f09f0dd7624c9d5c36c9ba3a2?s=96&d=mm&r=g","contentUrl":"https:\/\/secure.gravatar.com\/avatar\/26a8a81f09f0dd7624c9d5c36c9ba3a2?s=96&d=mm&r=g","caption":"Ibrahima"},"sameAs":["https:\/\/www.nettali.com"]}]}},"_links":{"self":[{"href":"https:\/\/www.nettali.com\/rest\/wp\/v2\/posts\/152574"}],"collection":[{"href":"https:\/\/www.nettali.com\/rest\/wp\/v2\/posts"}],"about":[{"href":"https:\/\/www.nettali.com\/rest\/wp\/v2\/types\/post"}],"author":[{"embeddable":true,"href":"https:\/\/www.nettali.com\/rest\/wp\/v2\/users\/5"}],"replies":[{"embeddable":true,"href":"https:\/\/www.nettali.com\/rest\/wp\/v2\/comments?post=152574"}],"version-history":[{"count":2,"href":"https:\/\/www.nettali.com\/rest\/wp\/v2\/posts\/152574\/revisions"}],"predecessor-version":[{"id":152619,"href":"https:\/\/www.nettali.com\/rest\/wp\/v2\/posts\/152574\/revisions\/152619"}],"wp:featuredmedia":[{"embeddable":true,"href":"https:\/\/www.nettali.com\/rest\/wp\/v2\/media\/152577"}],"wp:attachment":[{"href":"https:\/\/www.nettali.com\/rest\/wp\/v2\/media?parent=152574"}],"wp:term":[{"taxonomy":"category","embeddable":true,"href":"https:\/\/www.nettali.com\/rest\/wp\/v2\/categories?post=152574"},{"taxonomy":"post_tag","embeddable":true,"href":"https:\/\/www.nettali.com\/rest\/wp\/v2\/tags?post=152574"}],"curies":[{"name":"wp","href":"https:\/\/api.w.org\/{rel}","templated":true}]}}