{"id":152448,"date":"2025-04-14T23:20:54","date_gmt":"2025-04-14T23:20:54","guid":{"rendered":"https:\/\/www.nettali.com\/?p=152448"},"modified":"2025-04-14T23:20:54","modified_gmt":"2025-04-14T23:20:54","slug":"barthelemy-dias-repond-a-sonko-nos-egos-ne-pesent-rien-face-aux-urgences-du-peuple","status":"publish","type":"post","link":"https:\/\/www.nettali.com\/2025\/04\/14\/barthelemy-dias-repond-a-sonko-nos-egos-ne-pesent-rien-face-aux-urgences-du-peuple\/","title":{"rendered":"BARTH\u00c9L\u00c9MY DIAS R\u00c9POND \u00c0 SONKO - \"Nos \u00e9gos ne p\u00e8sent rien face aux urgences du peuple\""},"content":{"rendered":"<p><strong>NETTALI.COM - L\u2019ancien maire de Dakar, Barth\u00e9l\u00e9my Dias, n\u2019a pas mis de temps \u00e0 r\u00e9agir aux d\u00e9clarations du Premier ministre Ousmane Sonko tenues ce lundi 14 avril \u00e0 l\u2019assembl\u00e9e nationale. <\/strong><\/p>\n<p>Dans un court texte publi\u00e9 dans la foul\u00e9e, il a tenu \u00e0 r\u00e9pondre aux attaques du chef du gouvernement \u00e0 l\u2019endroit de l\u2019opposition.<\/p>\n<p>\"<em>Nos \u00e9gos ne p\u00e8sent rien face aux urgences du peuple<\/em>\", a \u00e9crit Barth sur Facebook.<\/p>\n<p>\"<em>Restons concentr\u00e9s et mobilis\u00e9s vers l\u2019essentiel. Cap sur 2029<\/em>\", a-t-il invit\u00e9.<\/p>\n<div class='share-to-whatsapp-wrapper'><div class='share-on-whsp'>PARTAGER SUR : <\/div><a data-text='BARTH\u00c9L\u00c9MY DIAS R\u00c9POND \u00c0 SONKO - \"Nos \u00e9gos ne p\u00e8sent rien face aux urgences du peuple\"' data-link='https:\/\/www.nettali.com\/2025\/04\/14\/barthelemy-dias-repond-a-sonko-nos-egos-ne-pesent-rien-face-aux-urgences-du-peuple\/' class='whatsapp-button whatsapp-share'>WhatsApp<\/a><div class='clear '><\/div><\/div>","protected":false},"excerpt":{"rendered":"<p>NETTALI.COM - L\u2019ancien maire de Dakar, Barth\u00e9l\u00e9my Dias, n\u2019a pas mis de temps \u00e0 r\u00e9agir aux d\u00e9clarations du Premier ministre Ousmane Sonko tenues ce lundi 14 avril \u00e0 l\u2019assembl\u00e9e nationale. Dans un court texte publi\u00e9 dans la foul\u00e9e, il a tenu \u00e0 r\u00e9pondre aux attaques du chef du gouvernement \u00e0 l\u2019endroit de l\u2019opposition. \"Nos \u00e9gos [&hellip;]<\/p>\n","protected":false},"author":5,"featured_media":152449,"comment_status":"open","ping_status":"open","sticky":false,"template":"","format":"standard","meta":{"_et_pb_use_builder":"","_et_pb_old_content":""},"categories":[2],"tags":[],"yoast_head":"<!-- This site is optimized with the Yoast SEO Premium plugin v17.8 (Yoast SEO v17.8) - https:\/\/yoast.com\/wordpress\/plugins\/seo\/ -->\n<title>BARTH\u00c9L\u00c9MY DIAS R\u00c9POND \u00c0 SONKO - &quot;Nos \u00e9gos ne p\u00e8sent rien face aux urgences du peuple&quot; | Nettali.com<\/title>\n<meta name=\"robots\" content=\"index, follow, max-snippet:-1, max-image-preview:large, max-video-preview:-1\" \/>\n<link rel=\"canonical\" href=\"https:\/\/www.nettali.com\/2025\/04\/14\/barthelemy-dias-repond-a-sonko-nos-egos-ne-pesent-rien-face-aux-urgences-du-peuple\/\" \/>\n<meta property=\"og:locale\" content=\"fr_FR\" \/>\n<meta property=\"og:type\" content=\"article\" \/>\n<meta property=\"og:title\" content=\"BARTH\u00c9L\u00c9MY DIAS R\u00c9POND \u00c0 SONKO - &quot;Nos \u00e9gos ne p\u00e8sent rien face aux urgences du peuple&quot;\" \/>\n<meta property=\"og:description\" content=\"NETTALI.COM - L\u2019ancien maire de Dakar, Barth\u00e9l\u00e9my Dias, n\u2019a pas mis de temps \u00e0 r\u00e9agir aux d\u00e9clarations du Premier ministre Ousmane Sonko tenues ce lundi 14 avril \u00e0 l\u2019assembl\u00e9e nationale. Dans un court texte publi\u00e9 dans la foul\u00e9e, il a tenu \u00e0 r\u00e9pondre aux attaques du chef du gouvernement \u00e0 l\u2019endroit de l\u2019opposition. &quot;Nos \u00e9gos [&hellip;]\" \/>\n<meta property=\"og:url\" content=\"https:\/\/www.nettali.com\/2025\/04\/14\/barthelemy-dias-repond-a-sonko-nos-egos-ne-pesent-rien-face-aux-urgences-du-peuple\/\" \/>\n<meta property=\"og:site_name\" content=\"Nettali.com\" \/>\n<meta property=\"article:publisher\" content=\"https:\/\/www.facebook.com\/nettalicom\" \/>\n<meta property=\"article:published_time\" content=\"2025-04-14T23:20:54+00:00\" \/>\n<meta property=\"og:image\" content=\"https:\/\/www.nettali.com\/wp-content\/uploads\/2025\/04\/72700833-50576274.jpg\" \/>\n\t<meta property=\"og:image:width\" content=\"768\" \/>\n\t<meta property=\"og:image:height\" content=\"512\" \/>\n<meta name=\"twitter:card\" content=\"summary_large_image\" \/>\n<meta name=\"twitter:label1\" content=\"\u00c9crit par\" \/>\n\t<meta name=\"twitter:data1\" content=\"Ibrahima\" \/>\n\t<meta name=\"twitter:label2\" content=\"Dur\u00e9e de lecture estim\u00e9e\" \/>\n\t<meta name=\"twitter:data2\" content=\"1 minute\" \/>\n<script type=\"application\/ld+json\" class=\"yoast-schema-graph\">{\"@context\":\"https:\/\/schema.org\",\"@graph\":[{\"@type\":\"WebSite\",\"@id\":\"https:\/\/www.nettali.com\/#website\",\"url\":\"https:\/\/www.nettali.com\/\",\"name\":\"Nettali.com\",\"description\":\"Le rendez-vous critique du Net\",\"potentialAction\":[{\"@type\":\"SearchAction\",\"target\":{\"@type\":\"EntryPoint\",\"urlTemplate\":\"https:\/\/www.nettali.com\/?s={search_term_string}\"},\"query-input\":\"required name=search_term_string\"}],\"inLanguage\":\"fr-FR\"},{\"@type\":\"ImageObject\",\"@id\":\"https:\/\/www.nettali.com\/2025\/04\/14\/barthelemy-dias-repond-a-sonko-nos-egos-ne-pesent-rien-face-aux-urgences-du-peuple\/#primaryimage\",\"inLanguage\":\"fr-FR\",\"url\":\"https:\/\/www.nettali.com\/wp-content\/uploads\/2025\/04\/72700833-50576274.jpg\",\"contentUrl\":\"https:\/\/www.nettali.com\/wp-content\/uploads\/2025\/04\/72700833-50576274.jpg\",\"width\":768,\"height\":512},{\"@type\":\"WebPage\",\"@id\":\"https:\/\/www.nettali.com\/2025\/04\/14\/barthelemy-dias-repond-a-sonko-nos-egos-ne-pesent-rien-face-aux-urgences-du-peuple\/#webpage\",\"url\":\"https:\/\/www.nettali.com\/2025\/04\/14\/barthelemy-dias-repond-a-sonko-nos-egos-ne-pesent-rien-face-aux-urgences-du-peuple\/\",\"name\":\"BARTH\\u00c9L\\u00c9MY DIAS R\\u00c9POND \\u00c0 SONKO - \\\"Nos \\u00e9gos ne p\\u00e8sent rien face aux urgences du peuple\\\" | Nettali.com\",\"isPartOf\":{\"@id\":\"https:\/\/www.nettali.com\/#website\"},\"primaryImageOfPage\":{\"@id\":\"https:\/\/www.nettali.com\/2025\/04\/14\/barthelemy-dias-repond-a-sonko-nos-egos-ne-pesent-rien-face-aux-urgences-du-peuple\/#primaryimage\"},\"datePublished\":\"2025-04-14T23:20:54+00:00\",\"dateModified\":\"2025-04-14T23:20:54+00:00\",\"author\":{\"@id\":\"https:\/\/www.nettali.com\/#\/schema\/person\/bb147657c2986240405a608162b9bb23\"},\"breadcrumb\":{\"@id\":\"https:\/\/www.nettali.com\/2025\/04\/14\/barthelemy-dias-repond-a-sonko-nos-egos-ne-pesent-rien-face-aux-urgences-du-peuple\/#breadcrumb\"},\"inLanguage\":\"fr-FR\",\"potentialAction\":[{\"@type\":\"ReadAction\",\"target\":[\"https:\/\/www.nettali.com\/2025\/04\/14\/barthelemy-dias-repond-a-sonko-nos-egos-ne-pesent-rien-face-aux-urgences-du-peuple\/\"]}]},{\"@type\":\"BreadcrumbList\",\"@id\":\"https:\/\/www.nettali.com\/2025\/04\/14\/barthelemy-dias-repond-a-sonko-nos-egos-ne-pesent-rien-face-aux-urgences-du-peuple\/#breadcrumb\",\"itemListElement\":[{\"@type\":\"ListItem\",\"position\":1,\"name\":\"Accueil\",\"item\":\"https:\/\/www.nettali.com\/\"},{\"@type\":\"ListItem\",\"position\":2,\"name\":\"BARTH\\u00c9L\\u00c9MY DIAS R\\u00c9POND \\u00c0 SONKO - \\\"Nos \\u00e9gos ne p\\u00e8sent rien face aux urgences du peuple\\\"\"}]},{\"@type\":\"Person\",\"@id\":\"https:\/\/www.nettali.com\/#\/schema\/person\/bb147657c2986240405a608162b9bb23\",\"name\":\"Ibrahima\",\"image\":{\"@type\":\"ImageObject\",\"@id\":\"https:\/\/www.nettali.com\/#personlogo\",\"inLanguage\":\"fr-FR\",\"url\":\"https:\/\/secure.gravatar.com\/avatar\/26a8a81f09f0dd7624c9d5c36c9ba3a2?s=96&d=mm&r=g\",\"contentUrl\":\"https:\/\/secure.gravatar.com\/avatar\/26a8a81f09f0dd7624c9d5c36c9ba3a2?s=96&d=mm&r=g\",\"caption\":\"Ibrahima\"},\"sameAs\":[\"https:\/\/www.nettali.com\"]}]}<\/script>\n<!-- \/ Yoast SEO Premium plugin. -->","yoast_head_json":{"title":"BARTH\u00c9L\u00c9MY DIAS R\u00c9POND \u00c0 SONKO - \"Nos \u00e9gos ne p\u00e8sent rien face aux urgences du peuple\" | Nettali.com","robots":{"index":"index","follow":"follow","max-snippet":"max-snippet:-1","max-image-preview":"max-image-preview:large","max-video-preview":"max-video-preview:-1"},"canonical":"https:\/\/www.nettali.com\/2025\/04\/14\/barthelemy-dias-repond-a-sonko-nos-egos-ne-pesent-rien-face-aux-urgences-du-peuple\/","og_locale":"fr_FR","og_type":"article","og_title":"BARTH\u00c9L\u00c9MY DIAS R\u00c9POND \u00c0 SONKO - \"Nos \u00e9gos ne p\u00e8sent rien face aux urgences du peuple\"","og_description":"NETTALI.COM - L\u2019ancien maire de Dakar, Barth\u00e9l\u00e9my Dias, n\u2019a pas mis de temps \u00e0 r\u00e9agir aux d\u00e9clarations du Premier ministre Ousmane Sonko tenues ce lundi 14 avril \u00e0 l\u2019assembl\u00e9e nationale. Dans un court texte publi\u00e9 dans la foul\u00e9e, il a tenu \u00e0 r\u00e9pondre aux attaques du chef du gouvernement \u00e0 l\u2019endroit de l\u2019opposition. \"Nos \u00e9gos [&hellip;]","og_url":"https:\/\/www.nettali.com\/2025\/04\/14\/barthelemy-dias-repond-a-sonko-nos-egos-ne-pesent-rien-face-aux-urgences-du-peuple\/","og_site_name":"Nettali.com","article_publisher":"https:\/\/www.facebook.com\/nettalicom","article_published_time":"2025-04-14T23:20:54+00:00","og_image":[{"width":768,"height":512,"url":"https:\/\/www.nettali.com\/wp-content\/uploads\/2025\/04\/72700833-50576274.jpg","type":"image\/jpeg"}],"twitter_card":"summary_large_image","twitter_misc":{"\u00c9crit par":"Ibrahima","Dur\u00e9e de lecture estim\u00e9e":"1 minute"},"schema":{"@context":"https:\/\/schema.org","@graph":[{"@type":"WebSite","@id":"https:\/\/www.nettali.com\/#website","url":"https:\/\/www.nettali.com\/","name":"Nettali.com","description":"Le rendez-vous critique du Net","potentialAction":[{"@type":"SearchAction","target":{"@type":"EntryPoint","urlTemplate":"https:\/\/www.nettali.com\/?s={search_term_string}"},"query-input":"required name=search_term_string"}],"inLanguage":"fr-FR"},{"@type":"ImageObject","@id":"https:\/\/www.nettali.com\/2025\/04\/14\/barthelemy-dias-repond-a-sonko-nos-egos-ne-pesent-rien-face-aux-urgences-du-peuple\/#primaryimage","inLanguage":"fr-FR","url":"https:\/\/www.nettali.com\/wp-content\/uploads\/2025\/04\/72700833-50576274.jpg","contentUrl":"https:\/\/www.nettali.com\/wp-content\/uploads\/2025\/04\/72700833-50576274.jpg","width":768,"height":512},{"@type":"WebPage","@id":"https:\/\/www.nettali.com\/2025\/04\/14\/barthelemy-dias-repond-a-sonko-nos-egos-ne-pesent-rien-face-aux-urgences-du-peuple\/#webpage","url":"https:\/\/www.nettali.com\/2025\/04\/14\/barthelemy-dias-repond-a-sonko-nos-egos-ne-pesent-rien-face-aux-urgences-du-peuple\/","name":"BARTH\u00c9L\u00c9MY DIAS R\u00c9POND \u00c0 SONKO - \"Nos \u00e9gos ne p\u00e8sent rien face aux urgences du peuple\" | Nettali.com","isPartOf":{"@id":"https:\/\/www.nettali.com\/#website"},"primaryImageOfPage":{"@id":"https:\/\/www.nettali.com\/2025\/04\/14\/barthelemy-dias-repond-a-sonko-nos-egos-ne-pesent-rien-face-aux-urgences-du-peuple\/#primaryimage"},"datePublished":"2025-04-14T23:20:54+00:00","dateModified":"2025-04-14T23:20:54+00:00","author":{"@id":"https:\/\/www.nettali.com\/#\/schema\/person\/bb147657c2986240405a608162b9bb23"},"breadcrumb":{"@id":"https:\/\/www.nettali.com\/2025\/04\/14\/barthelemy-dias-repond-a-sonko-nos-egos-ne-pesent-rien-face-aux-urgences-du-peuple\/#breadcrumb"},"inLanguage":"fr-FR","potentialAction":[{"@type":"ReadAction","target":["https:\/\/www.nettali.com\/2025\/04\/14\/barthelemy-dias-repond-a-sonko-nos-egos-ne-pesent-rien-face-aux-urgences-du-peuple\/"]}]},{"@type":"BreadcrumbList","@id":"https:\/\/www.nettali.com\/2025\/04\/14\/barthelemy-dias-repond-a-sonko-nos-egos-ne-pesent-rien-face-aux-urgences-du-peuple\/#breadcrumb","itemListElement":[{"@type":"ListItem","position":1,"name":"Accueil","item":"https:\/\/www.nettali.com\/"},{"@type":"ListItem","position":2,"name":"BARTH\u00c9L\u00c9MY DIAS R\u00c9POND \u00c0 SONKO - \"Nos \u00e9gos ne p\u00e8sent rien face aux urgences du peuple\""}]},{"@type":"Person","@id":"https:\/\/www.nettali.com\/#\/schema\/person\/bb147657c2986240405a608162b9bb23","name":"Ibrahima","image":{"@type":"ImageObject","@id":"https:\/\/www.nettali.com\/#personlogo","inLanguage":"fr-FR","url":"https:\/\/secure.gravatar.com\/avatar\/26a8a81f09f0dd7624c9d5c36c9ba3a2?s=96&d=mm&r=g","contentUrl":"https:\/\/secure.gravatar.com\/avatar\/26a8a81f09f0dd7624c9d5c36c9ba3a2?s=96&d=mm&r=g","caption":"Ibrahima"},"sameAs":["https:\/\/www.nettali.com"]}]}},"_links":{"self":[{"href":"https:\/\/www.nettali.com\/rest\/wp\/v2\/posts\/152448"}],"collection":[{"href":"https:\/\/www.nettali.com\/rest\/wp\/v2\/posts"}],"about":[{"href":"https:\/\/www.nettali.com\/rest\/wp\/v2\/types\/post"}],"author":[{"embeddable":true,"href":"https:\/\/www.nettali.com\/rest\/wp\/v2\/users\/5"}],"replies":[{"embeddable":true,"href":"https:\/\/www.nettali.com\/rest\/wp\/v2\/comments?post=152448"}],"version-history":[{"count":1,"href":"https:\/\/www.nettali.com\/rest\/wp\/v2\/posts\/152448\/revisions"}],"predecessor-version":[{"id":152450,"href":"https:\/\/www.nettali.com\/rest\/wp\/v2\/posts\/152448\/revisions\/152450"}],"wp:featuredmedia":[{"embeddable":true,"href":"https:\/\/www.nettali.com\/rest\/wp\/v2\/media\/152449"}],"wp:attachment":[{"href":"https:\/\/www.nettali.com\/rest\/wp\/v2\/media?parent=152448"}],"wp:term":[{"taxonomy":"category","embeddable":true,"href":"https:\/\/www.nettali.com\/rest\/wp\/v2\/categories?post=152448"},{"taxonomy":"post_tag","embeddable":true,"href":"https:\/\/www.nettali.com\/rest\/wp\/v2\/tags?post=152448"}],"curies":[{"name":"wp","href":"https:\/\/api.w.org\/{rel}","templated":true}]}}