{"id":152408,"date":"2025-04-14T16:38:49","date_gmt":"2025-04-14T16:38:49","guid":{"rendered":"https:\/\/www.nettali.com\/?p=152408"},"modified":"2025-04-14T18:30:30","modified_gmt":"2025-04-14T18:30:30","slug":"mouvement-dhumeur-les-travailleurs-de-lagence-de-presse-senegalaise-aps-annonce-une-mobilisation-ce-15-avril-pour-exiger-leurs-dus","status":"publish","type":"post","link":"https:\/\/www.nettali.com\/2025\/04\/14\/mouvement-dhumeur-les-travailleurs-de-lagence-de-presse-senegalaise-aps-annonce-une-mobilisation-ce-15-avril-pour-exiger-leurs-dus\/","title":{"rendered":"MOUVEMENT D\u2019HUMEUR - Les travailleurs de l\u2019Agence de presse s\u00e9n\u00e9galaise ( Aps) annonce une mobilisation ce 15 avril pour exiger leurs dus"},"content":{"rendered":"<p><strong>NETTALI.COM- Une tension plane \u00e0 l\u2019Agence de presse s\u00e9n\u00e9galaise o\u00f9 les agents annoncent une journ\u00e9e de mobilisation ce 15 avril 2025.<\/strong><\/p>\n<p>Les agents de l\u2019Agence de presse s\u00e9n\u00e9galaise (APS) d\u00e9noncent le non-paiement des fonds destin\u00e9s \u00e0 la couverture m\u00e9diatique de la campagne pour les \u00e9lections l\u00e9gislatives du 17 novembre 2024 et le non-respect des engagements pris pour am\u00e9liorer leurs conditions de travail. Face \u00e0 cette situation, ils annoncent une journ\u00e9e de mobilisation ce mardi 15 avril 2025.<\/p>\n<p>\u00c0 Dakar comme dans les r\u00e9gions, ils porteront des brassards rouges en signe de protestation pour r\u00e9clamer le versement imm\u00e9diat des fonds promis et une am\u00e9lioration concr\u00e8te de leurs conditions de travail.<\/p>\n<p>&nbsp;<\/p>\n<div class='share-to-whatsapp-wrapper'><div class='share-on-whsp'>PARTAGER SUR : <\/div><a data-text='MOUVEMENT D\u2019HUMEUR - Les travailleurs de l\u2019Agence de presse s\u00e9n\u00e9galaise ( Aps) annonce une mobilisation ce 15 avril pour exiger leurs dus' data-link='https:\/\/www.nettali.com\/2025\/04\/14\/mouvement-dhumeur-les-travailleurs-de-lagence-de-presse-senegalaise-aps-annonce-une-mobilisation-ce-15-avril-pour-exiger-leurs-dus\/' class='whatsapp-button whatsapp-share'>WhatsApp<\/a><div class='clear '><\/div><\/div>","protected":false},"excerpt":{"rendered":"<p>NETTALI.COM- Une tension plane \u00e0 l\u2019Agence de presse s\u00e9n\u00e9galaise o\u00f9 les agents annoncent une journ\u00e9e de mobilisation ce 15 avril 2025. Les agents de l\u2019Agence de presse s\u00e9n\u00e9galaise (APS) d\u00e9noncent le non-paiement des fonds destin\u00e9s \u00e0 la couverture m\u00e9diatique de la campagne pour les \u00e9lections l\u00e9gislatives du 17 novembre 2024 et le non-respect des engagements [&hellip;]<\/p>\n","protected":false},"author":6,"featured_media":152411,"comment_status":"open","ping_status":"open","sticky":false,"template":"","format":"standard","meta":{"_et_pb_use_builder":"","_et_pb_old_content":""},"categories":[3],"tags":[],"yoast_head":"<!-- This site is optimized with the Yoast SEO Premium plugin v17.8 (Yoast SEO v17.8) - https:\/\/yoast.com\/wordpress\/plugins\/seo\/ -->\n<title>MOUVEMENT D\u2019HUMEUR - Les travailleurs de l\u2019Agence de presse s\u00e9n\u00e9galaise ( Aps) annonce une mobilisation ce 15 avril pour exiger leurs dus | Nettali.com<\/title>\n<meta name=\"robots\" content=\"index, follow, max-snippet:-1, max-image-preview:large, max-video-preview:-1\" \/>\n<link rel=\"canonical\" href=\"https:\/\/www.nettali.com\/2025\/04\/14\/mouvement-dhumeur-les-travailleurs-de-lagence-de-presse-senegalaise-aps-annonce-une-mobilisation-ce-15-avril-pour-exiger-leurs-dus\/\" \/>\n<meta property=\"og:locale\" content=\"fr_FR\" \/>\n<meta property=\"og:type\" content=\"article\" \/>\n<meta property=\"og:title\" content=\"MOUVEMENT D\u2019HUMEUR - Les travailleurs de l\u2019Agence de presse s\u00e9n\u00e9galaise ( Aps) annonce une mobilisation ce 15 avril pour exiger leurs dus\" \/>\n<meta property=\"og:description\" content=\"NETTALI.COM- Une tension plane \u00e0 l\u2019Agence de presse s\u00e9n\u00e9galaise o\u00f9 les agents annoncent une journ\u00e9e de mobilisation ce 15 avril 2025. Les agents de l\u2019Agence de presse s\u00e9n\u00e9galaise (APS) d\u00e9noncent le non-paiement des fonds destin\u00e9s \u00e0 la couverture m\u00e9diatique de la campagne pour les \u00e9lections l\u00e9gislatives du 17 novembre 2024 et le non-respect des engagements [&hellip;]\" \/>\n<meta property=\"og:url\" content=\"https:\/\/www.nettali.com\/2025\/04\/14\/mouvement-dhumeur-les-travailleurs-de-lagence-de-presse-senegalaise-aps-annonce-une-mobilisation-ce-15-avril-pour-exiger-leurs-dus\/\" \/>\n<meta property=\"og:site_name\" content=\"Nettali.com\" \/>\n<meta property=\"article:publisher\" content=\"https:\/\/www.facebook.com\/nettalicom\" \/>\n<meta property=\"article:published_time\" content=\"2025-04-14T16:38:49+00:00\" \/>\n<meta property=\"article:modified_time\" content=\"2025-04-14T18:30:30+00:00\" \/>\n<meta property=\"og:image\" content=\"https:\/\/www.nettali.com\/wp-content\/uploads\/2025\/04\/images-5.jpeg\" \/>\n\t<meta property=\"og:image:width\" content=\"296\" \/>\n\t<meta property=\"og:image:height\" content=\"170\" \/>\n<meta name=\"twitter:card\" content=\"summary_large_image\" \/>\n<meta name=\"twitter:label1\" content=\"\u00c9crit par\" \/>\n\t<meta name=\"twitter:data1\" content=\"Fatou\" \/>\n\t<meta name=\"twitter:label2\" content=\"Dur\u00e9e de lecture estim\u00e9e\" \/>\n\t<meta name=\"twitter:data2\" content=\"1 minute\" \/>\n<script type=\"application\/ld+json\" class=\"yoast-schema-graph\">{\"@context\":\"https:\/\/schema.org\",\"@graph\":[{\"@type\":\"WebSite\",\"@id\":\"https:\/\/www.nettali.com\/#website\",\"url\":\"https:\/\/www.nettali.com\/\",\"name\":\"Nettali.com\",\"description\":\"Le rendez-vous critique du Net\",\"potentialAction\":[{\"@type\":\"SearchAction\",\"target\":{\"@type\":\"EntryPoint\",\"urlTemplate\":\"https:\/\/www.nettali.com\/?s={search_term_string}\"},\"query-input\":\"required name=search_term_string\"}],\"inLanguage\":\"fr-FR\"},{\"@type\":\"ImageObject\",\"@id\":\"https:\/\/www.nettali.com\/2025\/04\/14\/mouvement-dhumeur-les-travailleurs-de-lagence-de-presse-senegalaise-aps-annonce-une-mobilisation-ce-15-avril-pour-exiger-leurs-dus\/#primaryimage\",\"inLanguage\":\"fr-FR\",\"url\":\"https:\/\/www.nettali.com\/wp-content\/uploads\/2025\/04\/images-5.jpeg\",\"contentUrl\":\"https:\/\/www.nettali.com\/wp-content\/uploads\/2025\/04\/images-5.jpeg\",\"width\":296,\"height\":170},{\"@type\":\"WebPage\",\"@id\":\"https:\/\/www.nettali.com\/2025\/04\/14\/mouvement-dhumeur-les-travailleurs-de-lagence-de-presse-senegalaise-aps-annonce-une-mobilisation-ce-15-avril-pour-exiger-leurs-dus\/#webpage\",\"url\":\"https:\/\/www.nettali.com\/2025\/04\/14\/mouvement-dhumeur-les-travailleurs-de-lagence-de-presse-senegalaise-aps-annonce-une-mobilisation-ce-15-avril-pour-exiger-leurs-dus\/\",\"name\":\"MOUVEMENT D\\u2019HUMEUR - Les travailleurs de l\\u2019Agence de presse s\\u00e9n\\u00e9galaise ( Aps) annonce une mobilisation ce 15 avril pour exiger leurs dus | Nettali.com\",\"isPartOf\":{\"@id\":\"https:\/\/www.nettali.com\/#website\"},\"primaryImageOfPage\":{\"@id\":\"https:\/\/www.nettali.com\/2025\/04\/14\/mouvement-dhumeur-les-travailleurs-de-lagence-de-presse-senegalaise-aps-annonce-une-mobilisation-ce-15-avril-pour-exiger-leurs-dus\/#primaryimage\"},\"datePublished\":\"2025-04-14T16:38:49+00:00\",\"dateModified\":\"2025-04-14T18:30:30+00:00\",\"author\":{\"@id\":\"https:\/\/www.nettali.com\/#\/schema\/person\/418274a86bdf87caff7a3ef476bd0bbf\"},\"breadcrumb\":{\"@id\":\"https:\/\/www.nettali.com\/2025\/04\/14\/mouvement-dhumeur-les-travailleurs-de-lagence-de-presse-senegalaise-aps-annonce-une-mobilisation-ce-15-avril-pour-exiger-leurs-dus\/#breadcrumb\"},\"inLanguage\":\"fr-FR\",\"potentialAction\":[{\"@type\":\"ReadAction\",\"target\":[\"https:\/\/www.nettali.com\/2025\/04\/14\/mouvement-dhumeur-les-travailleurs-de-lagence-de-presse-senegalaise-aps-annonce-une-mobilisation-ce-15-avril-pour-exiger-leurs-dus\/\"]}]},{\"@type\":\"BreadcrumbList\",\"@id\":\"https:\/\/www.nettali.com\/2025\/04\/14\/mouvement-dhumeur-les-travailleurs-de-lagence-de-presse-senegalaise-aps-annonce-une-mobilisation-ce-15-avril-pour-exiger-leurs-dus\/#breadcrumb\",\"itemListElement\":[{\"@type\":\"ListItem\",\"position\":1,\"name\":\"Accueil\",\"item\":\"https:\/\/www.nettali.com\/\"},{\"@type\":\"ListItem\",\"position\":2,\"name\":\"MOUVEMENT D\\u2019HUMEUR - Les travailleurs de l\\u2019Agence de presse s\\u00e9n\\u00e9galaise ( Aps) annonce une mobilisation ce 15 avril pour exiger leurs dus\"}]},{\"@type\":\"Person\",\"@id\":\"https:\/\/www.nettali.com\/#\/schema\/person\/418274a86bdf87caff7a3ef476bd0bbf\",\"name\":\"Fatou\",\"image\":{\"@type\":\"ImageObject\",\"@id\":\"https:\/\/www.nettali.com\/#personlogo\",\"inLanguage\":\"fr-FR\",\"url\":\"https:\/\/secure.gravatar.com\/avatar\/5a9442a2bee7b4dcf167cab035858e9a?s=96&d=mm&r=g\",\"contentUrl\":\"https:\/\/secure.gravatar.com\/avatar\/5a9442a2bee7b4dcf167cab035858e9a?s=96&d=mm&r=g\",\"caption\":\"Fatou\"},\"sameAs\":[\"https:\/\/www.nettali.com\"]}]}<\/script>\n<!-- \/ Yoast SEO Premium plugin. -->","yoast_head_json":{"title":"MOUVEMENT D\u2019HUMEUR - Les travailleurs de l\u2019Agence de presse s\u00e9n\u00e9galaise ( Aps) annonce une mobilisation ce 15 avril pour exiger leurs dus | Nettali.com","robots":{"index":"index","follow":"follow","max-snippet":"max-snippet:-1","max-image-preview":"max-image-preview:large","max-video-preview":"max-video-preview:-1"},"canonical":"https:\/\/www.nettali.com\/2025\/04\/14\/mouvement-dhumeur-les-travailleurs-de-lagence-de-presse-senegalaise-aps-annonce-une-mobilisation-ce-15-avril-pour-exiger-leurs-dus\/","og_locale":"fr_FR","og_type":"article","og_title":"MOUVEMENT D\u2019HUMEUR - Les travailleurs de l\u2019Agence de presse s\u00e9n\u00e9galaise ( Aps) annonce une mobilisation ce 15 avril pour exiger leurs dus","og_description":"NETTALI.COM- Une tension plane \u00e0 l\u2019Agence de presse s\u00e9n\u00e9galaise o\u00f9 les agents annoncent une journ\u00e9e de mobilisation ce 15 avril 2025. Les agents de l\u2019Agence de presse s\u00e9n\u00e9galaise (APS) d\u00e9noncent le non-paiement des fonds destin\u00e9s \u00e0 la couverture m\u00e9diatique de la campagne pour les \u00e9lections l\u00e9gislatives du 17 novembre 2024 et le non-respect des engagements [&hellip;]","og_url":"https:\/\/www.nettali.com\/2025\/04\/14\/mouvement-dhumeur-les-travailleurs-de-lagence-de-presse-senegalaise-aps-annonce-une-mobilisation-ce-15-avril-pour-exiger-leurs-dus\/","og_site_name":"Nettali.com","article_publisher":"https:\/\/www.facebook.com\/nettalicom","article_published_time":"2025-04-14T16:38:49+00:00","article_modified_time":"2025-04-14T18:30:30+00:00","og_image":[{"width":296,"height":170,"url":"https:\/\/www.nettali.com\/wp-content\/uploads\/2025\/04\/images-5.jpeg","type":"image\/jpeg"}],"twitter_card":"summary_large_image","twitter_misc":{"\u00c9crit par":"Fatou","Dur\u00e9e de lecture estim\u00e9e":"1 minute"},"schema":{"@context":"https:\/\/schema.org","@graph":[{"@type":"WebSite","@id":"https:\/\/www.nettali.com\/#website","url":"https:\/\/www.nettali.com\/","name":"Nettali.com","description":"Le rendez-vous critique du Net","potentialAction":[{"@type":"SearchAction","target":{"@type":"EntryPoint","urlTemplate":"https:\/\/www.nettali.com\/?s={search_term_string}"},"query-input":"required name=search_term_string"}],"inLanguage":"fr-FR"},{"@type":"ImageObject","@id":"https:\/\/www.nettali.com\/2025\/04\/14\/mouvement-dhumeur-les-travailleurs-de-lagence-de-presse-senegalaise-aps-annonce-une-mobilisation-ce-15-avril-pour-exiger-leurs-dus\/#primaryimage","inLanguage":"fr-FR","url":"https:\/\/www.nettali.com\/wp-content\/uploads\/2025\/04\/images-5.jpeg","contentUrl":"https:\/\/www.nettali.com\/wp-content\/uploads\/2025\/04\/images-5.jpeg","width":296,"height":170},{"@type":"WebPage","@id":"https:\/\/www.nettali.com\/2025\/04\/14\/mouvement-dhumeur-les-travailleurs-de-lagence-de-presse-senegalaise-aps-annonce-une-mobilisation-ce-15-avril-pour-exiger-leurs-dus\/#webpage","url":"https:\/\/www.nettali.com\/2025\/04\/14\/mouvement-dhumeur-les-travailleurs-de-lagence-de-presse-senegalaise-aps-annonce-une-mobilisation-ce-15-avril-pour-exiger-leurs-dus\/","name":"MOUVEMENT D\u2019HUMEUR - Les travailleurs de l\u2019Agence de presse s\u00e9n\u00e9galaise ( Aps) annonce une mobilisation ce 15 avril pour exiger leurs dus | Nettali.com","isPartOf":{"@id":"https:\/\/www.nettali.com\/#website"},"primaryImageOfPage":{"@id":"https:\/\/www.nettali.com\/2025\/04\/14\/mouvement-dhumeur-les-travailleurs-de-lagence-de-presse-senegalaise-aps-annonce-une-mobilisation-ce-15-avril-pour-exiger-leurs-dus\/#primaryimage"},"datePublished":"2025-04-14T16:38:49+00:00","dateModified":"2025-04-14T18:30:30+00:00","author":{"@id":"https:\/\/www.nettali.com\/#\/schema\/person\/418274a86bdf87caff7a3ef476bd0bbf"},"breadcrumb":{"@id":"https:\/\/www.nettali.com\/2025\/04\/14\/mouvement-dhumeur-les-travailleurs-de-lagence-de-presse-senegalaise-aps-annonce-une-mobilisation-ce-15-avril-pour-exiger-leurs-dus\/#breadcrumb"},"inLanguage":"fr-FR","potentialAction":[{"@type":"ReadAction","target":["https:\/\/www.nettali.com\/2025\/04\/14\/mouvement-dhumeur-les-travailleurs-de-lagence-de-presse-senegalaise-aps-annonce-une-mobilisation-ce-15-avril-pour-exiger-leurs-dus\/"]}]},{"@type":"BreadcrumbList","@id":"https:\/\/www.nettali.com\/2025\/04\/14\/mouvement-dhumeur-les-travailleurs-de-lagence-de-presse-senegalaise-aps-annonce-une-mobilisation-ce-15-avril-pour-exiger-leurs-dus\/#breadcrumb","itemListElement":[{"@type":"ListItem","position":1,"name":"Accueil","item":"https:\/\/www.nettali.com\/"},{"@type":"ListItem","position":2,"name":"MOUVEMENT D\u2019HUMEUR - Les travailleurs de l\u2019Agence de presse s\u00e9n\u00e9galaise ( Aps) annonce une mobilisation ce 15 avril pour exiger leurs dus"}]},{"@type":"Person","@id":"https:\/\/www.nettali.com\/#\/schema\/person\/418274a86bdf87caff7a3ef476bd0bbf","name":"Fatou","image":{"@type":"ImageObject","@id":"https:\/\/www.nettali.com\/#personlogo","inLanguage":"fr-FR","url":"https:\/\/secure.gravatar.com\/avatar\/5a9442a2bee7b4dcf167cab035858e9a?s=96&d=mm&r=g","contentUrl":"https:\/\/secure.gravatar.com\/avatar\/5a9442a2bee7b4dcf167cab035858e9a?s=96&d=mm&r=g","caption":"Fatou"},"sameAs":["https:\/\/www.nettali.com"]}]}},"_links":{"self":[{"href":"https:\/\/www.nettali.com\/rest\/wp\/v2\/posts\/152408"}],"collection":[{"href":"https:\/\/www.nettali.com\/rest\/wp\/v2\/posts"}],"about":[{"href":"https:\/\/www.nettali.com\/rest\/wp\/v2\/types\/post"}],"author":[{"embeddable":true,"href":"https:\/\/www.nettali.com\/rest\/wp\/v2\/users\/6"}],"replies":[{"embeddable":true,"href":"https:\/\/www.nettali.com\/rest\/wp\/v2\/comments?post=152408"}],"version-history":[{"count":4,"href":"https:\/\/www.nettali.com\/rest\/wp\/v2\/posts\/152408\/revisions"}],"predecessor-version":[{"id":152429,"href":"https:\/\/www.nettali.com\/rest\/wp\/v2\/posts\/152408\/revisions\/152429"}],"wp:featuredmedia":[{"embeddable":true,"href":"https:\/\/www.nettali.com\/rest\/wp\/v2\/media\/152411"}],"wp:attachment":[{"href":"https:\/\/www.nettali.com\/rest\/wp\/v2\/media?parent=152408"}],"wp:term":[{"taxonomy":"category","embeddable":true,"href":"https:\/\/www.nettali.com\/rest\/wp\/v2\/categories?post=152408"},{"taxonomy":"post_tag","embeddable":true,"href":"https:\/\/www.nettali.com\/rest\/wp\/v2\/tags?post=152408"}],"curies":[{"name":"wp","href":"https:\/\/api.w.org\/{rel}","templated":true}]}}