{"id":152396,"date":"2025-04-14T14:47:23","date_gmt":"2025-04-14T14:47:23","guid":{"rendered":"https:\/\/www.nettali.com\/?p=152396"},"modified":"2025-04-14T18:32:13","modified_gmt":"2025-04-14T18:32:13","slug":"questions-dactualite-au-gouvernement-le-premier-ministre-insiste-sur-une-reforme-fiscale-pour-renforcer-la-souverainete-economique","status":"publish","type":"post","link":"https:\/\/www.nettali.com\/2025\/04\/14\/questions-dactualite-au-gouvernement-le-premier-ministre-insiste-sur-une-reforme-fiscale-pour-renforcer-la-souverainete-economique\/","title":{"rendered":"QUESTIONS D\u2019ACTUALIT\u00c9 AU GOUVERNEMENT \u2013 Le Premier ministre insiste sur une r\u00e9forme fiscale pour renforcer la souverainet\u00e9 \u00e9conomique"},"content":{"rendered":"<p><strong>NETTALI.COM- Lors de la s\u00e9ance de questions d\u2019actualit\u00e9 \u00e0 l\u2019Assembl\u00e9e nationale, le lundi 14 avril, le Premier ministre Ousmane Sonko a insist\u00e9 sur la n\u00e9cessit\u00e9 d\u2019une r\u00e9forme fiscale pour consolider la souverainet\u00e9 \u00e9conomique du S\u00e9n\u00e9gal. <\/strong><\/p>\n<p>\u00ab Le<em> S\u00e9n\u00e9galais doit se familiariser avec le fait de payer l\u2019imp\u00f4t<\/em> \u00bb, soutient-il, pr\u00e9cisant que les taux resteront acceptables, mais que l\u2019assiette fiscale sera \u00e9largie.<\/p>\n<p>Le chef du gouvernement a \u00e9galement expos\u00e9 sa vision d\u2019un syst\u00e8me fiscal plus \u00e9quitable : \u00ab <em>Notre vision est de r\u00e9duire les taux d\u2019imposition, tout en \u00e9largissant l\u2019assiette fiscale<\/em>. \u00bb<\/p>\n<p>Pour le chef du gouvernement, cette r\u00e9forme vise \u00e0 \u00e9largir la base contributive, int\u00e9grer le secteur informel, lutter contre l\u2019\u00e9vasion fiscale et renforcer les ressources propres de l\u2019\u00c9tat.<\/p>\n<p>&nbsp;<\/p>\n<p>&nbsp;<\/p>\n<p>&nbsp;<\/p>\n<p>&nbsp;<\/p>\n<p>&nbsp;<\/p>\n<p>&nbsp;<\/p>\n<div class='share-to-whatsapp-wrapper'><div class='share-on-whsp'>PARTAGER SUR : <\/div><a data-text='QUESTIONS D\u2019ACTUALIT\u00c9 AU GOUVERNEMENT \u2013 Le Premier ministre insiste sur une r\u00e9forme fiscale pour renforcer la souverainet\u00e9 \u00e9conomique' data-link='https:\/\/www.nettali.com\/2025\/04\/14\/questions-dactualite-au-gouvernement-le-premier-ministre-insiste-sur-une-reforme-fiscale-pour-renforcer-la-souverainete-economique\/' class='whatsapp-button whatsapp-share'>WhatsApp<\/a><div class='clear '><\/div><\/div>","protected":false},"excerpt":{"rendered":"<p>NETTALI.COM- Lors de la s\u00e9ance de questions d\u2019actualit\u00e9 \u00e0 l\u2019Assembl\u00e9e nationale, le lundi 14 avril, le Premier ministre Ousmane Sonko a insist\u00e9 sur la n\u00e9cessit\u00e9 d\u2019une r\u00e9forme fiscale pour consolider la souverainet\u00e9 \u00e9conomique du S\u00e9n\u00e9gal. \u00ab Le S\u00e9n\u00e9galais doit se familiariser avec le fait de payer l\u2019imp\u00f4t \u00bb, soutient-il, pr\u00e9cisant que les taux resteront acceptables, [&hellip;]<\/p>\n","protected":false},"author":6,"featured_media":146157,"comment_status":"open","ping_status":"open","sticky":false,"template":"","format":"standard","meta":{"_et_pb_use_builder":"","_et_pb_old_content":""},"categories":[34945],"tags":[],"yoast_head":"<!-- This site is optimized with the Yoast SEO Premium plugin v17.8 (Yoast SEO v17.8) - https:\/\/yoast.com\/wordpress\/plugins\/seo\/ -->\n<title>QUESTIONS D\u2019ACTUALIT\u00c9 AU GOUVERNEMENT \u2013 Le Premier ministre insiste sur une r\u00e9forme fiscale pour renforcer la souverainet\u00e9 \u00e9conomique | Nettali.com<\/title>\n<meta name=\"robots\" content=\"index, follow, max-snippet:-1, max-image-preview:large, max-video-preview:-1\" \/>\n<link rel=\"canonical\" href=\"https:\/\/www.nettali.com\/2025\/04\/14\/questions-dactualite-au-gouvernement-le-premier-ministre-insiste-sur-une-reforme-fiscale-pour-renforcer-la-souverainete-economique\/\" \/>\n<meta property=\"og:locale\" content=\"fr_FR\" \/>\n<meta property=\"og:type\" content=\"article\" \/>\n<meta property=\"og:title\" content=\"QUESTIONS D\u2019ACTUALIT\u00c9 AU GOUVERNEMENT \u2013 Le Premier ministre insiste sur une r\u00e9forme fiscale pour renforcer la souverainet\u00e9 \u00e9conomique\" \/>\n<meta property=\"og:description\" content=\"NETTALI.COM- Lors de la s\u00e9ance de questions d\u2019actualit\u00e9 \u00e0 l\u2019Assembl\u00e9e nationale, le lundi 14 avril, le Premier ministre Ousmane Sonko a insist\u00e9 sur la n\u00e9cessit\u00e9 d\u2019une r\u00e9forme fiscale pour consolider la souverainet\u00e9 \u00e9conomique du S\u00e9n\u00e9gal. \u00ab Le S\u00e9n\u00e9galais doit se familiariser avec le fait de payer l\u2019imp\u00f4t \u00bb, soutient-il, pr\u00e9cisant que les taux resteront acceptables, [&hellip;]\" \/>\n<meta property=\"og:url\" content=\"https:\/\/www.nettali.com\/2025\/04\/14\/questions-dactualite-au-gouvernement-le-premier-ministre-insiste-sur-une-reforme-fiscale-pour-renforcer-la-souverainete-economique\/\" \/>\n<meta property=\"og:site_name\" content=\"Nettali.com\" \/>\n<meta property=\"article:publisher\" content=\"https:\/\/www.facebook.com\/nettalicom\" \/>\n<meta property=\"article:published_time\" content=\"2025-04-14T14:47:23+00:00\" \/>\n<meta property=\"article:modified_time\" content=\"2025-04-14T18:32:13+00:00\" \/>\n<meta property=\"og:image\" content=\"https:\/\/www.nettali.com\/wp-content\/uploads\/2024\/12\/Sonko.jpg\" \/>\n\t<meta property=\"og:image:width\" content=\"819\" \/>\n\t<meta property=\"og:image:height\" content=\"546\" \/>\n<meta name=\"twitter:card\" content=\"summary_large_image\" \/>\n<meta name=\"twitter:label1\" content=\"\u00c9crit par\" \/>\n\t<meta name=\"twitter:data1\" content=\"Fatou\" \/>\n\t<meta name=\"twitter:label2\" content=\"Dur\u00e9e de lecture estim\u00e9e\" \/>\n\t<meta name=\"twitter:data2\" content=\"1 minute\" \/>\n<script type=\"application\/ld+json\" class=\"yoast-schema-graph\">{\"@context\":\"https:\/\/schema.org\",\"@graph\":[{\"@type\":\"WebSite\",\"@id\":\"https:\/\/www.nettali.com\/#website\",\"url\":\"https:\/\/www.nettali.com\/\",\"name\":\"Nettali.com\",\"description\":\"Le rendez-vous critique du Net\",\"potentialAction\":[{\"@type\":\"SearchAction\",\"target\":{\"@type\":\"EntryPoint\",\"urlTemplate\":\"https:\/\/www.nettali.com\/?s={search_term_string}\"},\"query-input\":\"required name=search_term_string\"}],\"inLanguage\":\"fr-FR\"},{\"@type\":\"ImageObject\",\"@id\":\"https:\/\/www.nettali.com\/2025\/04\/14\/questions-dactualite-au-gouvernement-le-premier-ministre-insiste-sur-une-reforme-fiscale-pour-renforcer-la-souverainete-economique\/#primaryimage\",\"inLanguage\":\"fr-FR\",\"url\":\"https:\/\/www.nettali.com\/wp-content\/uploads\/2024\/12\/Sonko.jpg\",\"contentUrl\":\"https:\/\/www.nettali.com\/wp-content\/uploads\/2024\/12\/Sonko.jpg\",\"width\":819,\"height\":546},{\"@type\":\"WebPage\",\"@id\":\"https:\/\/www.nettali.com\/2025\/04\/14\/questions-dactualite-au-gouvernement-le-premier-ministre-insiste-sur-une-reforme-fiscale-pour-renforcer-la-souverainete-economique\/#webpage\",\"url\":\"https:\/\/www.nettali.com\/2025\/04\/14\/questions-dactualite-au-gouvernement-le-premier-ministre-insiste-sur-une-reforme-fiscale-pour-renforcer-la-souverainete-economique\/\",\"name\":\"QUESTIONS D\\u2019ACTUALIT\\u00c9 AU GOUVERNEMENT \\u2013 Le Premier ministre insiste sur une r\\u00e9forme fiscale pour renforcer la souverainet\\u00e9 \\u00e9conomique | Nettali.com\",\"isPartOf\":{\"@id\":\"https:\/\/www.nettali.com\/#website\"},\"primaryImageOfPage\":{\"@id\":\"https:\/\/www.nettali.com\/2025\/04\/14\/questions-dactualite-au-gouvernement-le-premier-ministre-insiste-sur-une-reforme-fiscale-pour-renforcer-la-souverainete-economique\/#primaryimage\"},\"datePublished\":\"2025-04-14T14:47:23+00:00\",\"dateModified\":\"2025-04-14T18:32:13+00:00\",\"author\":{\"@id\":\"https:\/\/www.nettali.com\/#\/schema\/person\/418274a86bdf87caff7a3ef476bd0bbf\"},\"breadcrumb\":{\"@id\":\"https:\/\/www.nettali.com\/2025\/04\/14\/questions-dactualite-au-gouvernement-le-premier-ministre-insiste-sur-une-reforme-fiscale-pour-renforcer-la-souverainete-economique\/#breadcrumb\"},\"inLanguage\":\"fr-FR\",\"potentialAction\":[{\"@type\":\"ReadAction\",\"target\":[\"https:\/\/www.nettali.com\/2025\/04\/14\/questions-dactualite-au-gouvernement-le-premier-ministre-insiste-sur-une-reforme-fiscale-pour-renforcer-la-souverainete-economique\/\"]}]},{\"@type\":\"BreadcrumbList\",\"@id\":\"https:\/\/www.nettali.com\/2025\/04\/14\/questions-dactualite-au-gouvernement-le-premier-ministre-insiste-sur-une-reforme-fiscale-pour-renforcer-la-souverainete-economique\/#breadcrumb\",\"itemListElement\":[{\"@type\":\"ListItem\",\"position\":1,\"name\":\"Accueil\",\"item\":\"https:\/\/www.nettali.com\/\"},{\"@type\":\"ListItem\",\"position\":2,\"name\":\"QUESTIONS D\\u2019ACTUALIT\\u00c9 AU GOUVERNEMENT \\u2013 Le Premier ministre insiste sur une r\\u00e9forme fiscale pour renforcer la souverainet\\u00e9 \\u00e9conomique\"}]},{\"@type\":\"Person\",\"@id\":\"https:\/\/www.nettali.com\/#\/schema\/person\/418274a86bdf87caff7a3ef476bd0bbf\",\"name\":\"Fatou\",\"image\":{\"@type\":\"ImageObject\",\"@id\":\"https:\/\/www.nettali.com\/#personlogo\",\"inLanguage\":\"fr-FR\",\"url\":\"https:\/\/secure.gravatar.com\/avatar\/5a9442a2bee7b4dcf167cab035858e9a?s=96&d=mm&r=g\",\"contentUrl\":\"https:\/\/secure.gravatar.com\/avatar\/5a9442a2bee7b4dcf167cab035858e9a?s=96&d=mm&r=g\",\"caption\":\"Fatou\"},\"sameAs\":[\"https:\/\/www.nettali.com\"]}]}<\/script>\n<!-- \/ Yoast SEO Premium plugin. -->","yoast_head_json":{"title":"QUESTIONS D\u2019ACTUALIT\u00c9 AU GOUVERNEMENT \u2013 Le Premier ministre insiste sur une r\u00e9forme fiscale pour renforcer la souverainet\u00e9 \u00e9conomique | Nettali.com","robots":{"index":"index","follow":"follow","max-snippet":"max-snippet:-1","max-image-preview":"max-image-preview:large","max-video-preview":"max-video-preview:-1"},"canonical":"https:\/\/www.nettali.com\/2025\/04\/14\/questions-dactualite-au-gouvernement-le-premier-ministre-insiste-sur-une-reforme-fiscale-pour-renforcer-la-souverainete-economique\/","og_locale":"fr_FR","og_type":"article","og_title":"QUESTIONS D\u2019ACTUALIT\u00c9 AU GOUVERNEMENT \u2013 Le Premier ministre insiste sur une r\u00e9forme fiscale pour renforcer la souverainet\u00e9 \u00e9conomique","og_description":"NETTALI.COM- Lors de la s\u00e9ance de questions d\u2019actualit\u00e9 \u00e0 l\u2019Assembl\u00e9e nationale, le lundi 14 avril, le Premier ministre Ousmane Sonko a insist\u00e9 sur la n\u00e9cessit\u00e9 d\u2019une r\u00e9forme fiscale pour consolider la souverainet\u00e9 \u00e9conomique du S\u00e9n\u00e9gal. \u00ab Le S\u00e9n\u00e9galais doit se familiariser avec le fait de payer l\u2019imp\u00f4t \u00bb, soutient-il, pr\u00e9cisant que les taux resteront acceptables, [&hellip;]","og_url":"https:\/\/www.nettali.com\/2025\/04\/14\/questions-dactualite-au-gouvernement-le-premier-ministre-insiste-sur-une-reforme-fiscale-pour-renforcer-la-souverainete-economique\/","og_site_name":"Nettali.com","article_publisher":"https:\/\/www.facebook.com\/nettalicom","article_published_time":"2025-04-14T14:47:23+00:00","article_modified_time":"2025-04-14T18:32:13+00:00","og_image":[{"width":819,"height":546,"url":"https:\/\/www.nettali.com\/wp-content\/uploads\/2024\/12\/Sonko.jpg","type":"image\/jpeg"}],"twitter_card":"summary_large_image","twitter_misc":{"\u00c9crit par":"Fatou","Dur\u00e9e de lecture estim\u00e9e":"1 minute"},"schema":{"@context":"https:\/\/schema.org","@graph":[{"@type":"WebSite","@id":"https:\/\/www.nettali.com\/#website","url":"https:\/\/www.nettali.com\/","name":"Nettali.com","description":"Le rendez-vous critique du Net","potentialAction":[{"@type":"SearchAction","target":{"@type":"EntryPoint","urlTemplate":"https:\/\/www.nettali.com\/?s={search_term_string}"},"query-input":"required name=search_term_string"}],"inLanguage":"fr-FR"},{"@type":"ImageObject","@id":"https:\/\/www.nettali.com\/2025\/04\/14\/questions-dactualite-au-gouvernement-le-premier-ministre-insiste-sur-une-reforme-fiscale-pour-renforcer-la-souverainete-economique\/#primaryimage","inLanguage":"fr-FR","url":"https:\/\/www.nettali.com\/wp-content\/uploads\/2024\/12\/Sonko.jpg","contentUrl":"https:\/\/www.nettali.com\/wp-content\/uploads\/2024\/12\/Sonko.jpg","width":819,"height":546},{"@type":"WebPage","@id":"https:\/\/www.nettali.com\/2025\/04\/14\/questions-dactualite-au-gouvernement-le-premier-ministre-insiste-sur-une-reforme-fiscale-pour-renforcer-la-souverainete-economique\/#webpage","url":"https:\/\/www.nettali.com\/2025\/04\/14\/questions-dactualite-au-gouvernement-le-premier-ministre-insiste-sur-une-reforme-fiscale-pour-renforcer-la-souverainete-economique\/","name":"QUESTIONS D\u2019ACTUALIT\u00c9 AU GOUVERNEMENT \u2013 Le Premier ministre insiste sur une r\u00e9forme fiscale pour renforcer la souverainet\u00e9 \u00e9conomique | Nettali.com","isPartOf":{"@id":"https:\/\/www.nettali.com\/#website"},"primaryImageOfPage":{"@id":"https:\/\/www.nettali.com\/2025\/04\/14\/questions-dactualite-au-gouvernement-le-premier-ministre-insiste-sur-une-reforme-fiscale-pour-renforcer-la-souverainete-economique\/#primaryimage"},"datePublished":"2025-04-14T14:47:23+00:00","dateModified":"2025-04-14T18:32:13+00:00","author":{"@id":"https:\/\/www.nettali.com\/#\/schema\/person\/418274a86bdf87caff7a3ef476bd0bbf"},"breadcrumb":{"@id":"https:\/\/www.nettali.com\/2025\/04\/14\/questions-dactualite-au-gouvernement-le-premier-ministre-insiste-sur-une-reforme-fiscale-pour-renforcer-la-souverainete-economique\/#breadcrumb"},"inLanguage":"fr-FR","potentialAction":[{"@type":"ReadAction","target":["https:\/\/www.nettali.com\/2025\/04\/14\/questions-dactualite-au-gouvernement-le-premier-ministre-insiste-sur-une-reforme-fiscale-pour-renforcer-la-souverainete-economique\/"]}]},{"@type":"BreadcrumbList","@id":"https:\/\/www.nettali.com\/2025\/04\/14\/questions-dactualite-au-gouvernement-le-premier-ministre-insiste-sur-une-reforme-fiscale-pour-renforcer-la-souverainete-economique\/#breadcrumb","itemListElement":[{"@type":"ListItem","position":1,"name":"Accueil","item":"https:\/\/www.nettali.com\/"},{"@type":"ListItem","position":2,"name":"QUESTIONS D\u2019ACTUALIT\u00c9 AU GOUVERNEMENT \u2013 Le Premier ministre insiste sur une r\u00e9forme fiscale pour renforcer la souverainet\u00e9 \u00e9conomique"}]},{"@type":"Person","@id":"https:\/\/www.nettali.com\/#\/schema\/person\/418274a86bdf87caff7a3ef476bd0bbf","name":"Fatou","image":{"@type":"ImageObject","@id":"https:\/\/www.nettali.com\/#personlogo","inLanguage":"fr-FR","url":"https:\/\/secure.gravatar.com\/avatar\/5a9442a2bee7b4dcf167cab035858e9a?s=96&d=mm&r=g","contentUrl":"https:\/\/secure.gravatar.com\/avatar\/5a9442a2bee7b4dcf167cab035858e9a?s=96&d=mm&r=g","caption":"Fatou"},"sameAs":["https:\/\/www.nettali.com"]}]}},"_links":{"self":[{"href":"https:\/\/www.nettali.com\/rest\/wp\/v2\/posts\/152396"}],"collection":[{"href":"https:\/\/www.nettali.com\/rest\/wp\/v2\/posts"}],"about":[{"href":"https:\/\/www.nettali.com\/rest\/wp\/v2\/types\/post"}],"author":[{"embeddable":true,"href":"https:\/\/www.nettali.com\/rest\/wp\/v2\/users\/6"}],"replies":[{"embeddable":true,"href":"https:\/\/www.nettali.com\/rest\/wp\/v2\/comments?post=152396"}],"version-history":[{"count":4,"href":"https:\/\/www.nettali.com\/rest\/wp\/v2\/posts\/152396\/revisions"}],"predecessor-version":[{"id":152431,"href":"https:\/\/www.nettali.com\/rest\/wp\/v2\/posts\/152396\/revisions\/152431"}],"wp:featuredmedia":[{"embeddable":true,"href":"https:\/\/www.nettali.com\/rest\/wp\/v2\/media\/146157"}],"wp:attachment":[{"href":"https:\/\/www.nettali.com\/rest\/wp\/v2\/media?parent=152396"}],"wp:term":[{"taxonomy":"category","embeddable":true,"href":"https:\/\/www.nettali.com\/rest\/wp\/v2\/categories?post=152396"},{"taxonomy":"post_tag","embeddable":true,"href":"https:\/\/www.nettali.com\/rest\/wp\/v2\/tags?post=152396"}],"curies":[{"name":"wp","href":"https:\/\/api.w.org\/{rel}","templated":true}]}}