{"id":152388,"date":"2025-04-14T11:43:27","date_gmt":"2025-04-14T11:43:27","guid":{"rendered":"https:\/\/www.nettali.com\/?p=152388"},"modified":"2025-04-14T11:48:51","modified_gmt":"2025-04-14T11:48:51","slug":"fin-des-contrats-des-policiers-volontaires-les-precisions-du-premier-ministre","status":"publish","type":"post","link":"https:\/\/www.nettali.com\/2025\/04\/14\/fin-des-contrats-des-policiers-volontaires-les-precisions-du-premier-ministre\/","title":{"rendered":"FIN DE CONTRATS DES POLICIERS ADJOINTS VOLONTAIRES - Les pr\u00e9cisions du Premier ministre"},"content":{"rendered":"<p><strong>NETTALI.COM - L'affaire des policiers volontaires lib\u00e9r\u00e9s la semaine derni\u00e8re est revenue dans les d\u00e9bats \u00e0 l'Assembl\u00e9e nationale. Ousmane Sonko a pr\u00e9cis\u00e9 que la non-reconduction des contrats a \u00e9t\u00e9 demand\u00e9e par la hi\u00e9rarchie.\u00a0<\/strong><\/p>\n<p>\"<em>On en tout entendu sur le cas de ces policiers volontaires. Mais je dois dire que pour l'essentiel, c'\u00e9tait des cas de recrutements politiques<\/em>.\" Ces mots sont du Premier ministre Ousmane Sonko interpell\u00e9 par les d\u00e9put\u00e9s sur le cas des policiers volontaires dont les contrats n'ont pas \u00e9t\u00e9 reconduits. \"<em>Des gens qui n'ont aucun niveau d'\u00e9tudes ont \u00e9t\u00e9 int\u00e9gr\u00e9s dans la polic. Je ne dis pas que c'est tout le monde, mais il y en a. Quand le d\u00e9bat s'est pos\u00e9, nous avons \u00e9tudi\u00e9 les diff\u00e9rents cas. Et ce n'est pas l'autorit\u00e9 politique qui a d\u00e9cid\u00e9. C'est la hi\u00e9rarchie polici\u00e8re qui a fait la proposition. \u00c7a n'a rien de politique. C'est la hi\u00e9rarchie avait demand\u00e9 leur reconduction, on l'aurait fai<\/em>t\", pr\u00e9cise-t-il.<\/p>\n<p>Pour rappel, 312 policiers adjoints volontaires ont \u00e9t\u00e9 lib\u00e9r\u00e9s apr\u00e8s l'expiration de leurs contrats.<\/p>\n<div class='share-to-whatsapp-wrapper'><div class='share-on-whsp'>PARTAGER SUR : <\/div><a data-text='FIN DE CONTRATS DES POLICIERS ADJOINTS VOLONTAIRES - Les pr\u00e9cisions du Premier ministre' data-link='https:\/\/www.nettali.com\/2025\/04\/14\/fin-des-contrats-des-policiers-volontaires-les-precisions-du-premier-ministre\/' class='whatsapp-button whatsapp-share'>WhatsApp<\/a><div class='clear '><\/div><\/div>","protected":false},"excerpt":{"rendered":"<p>NETTALI.COM - L'affaire des policiers volontaires lib\u00e9r\u00e9s la semaine derni\u00e8re est revenue dans les d\u00e9bats \u00e0 l'Assembl\u00e9e nationale. Ousmane Sonko a pr\u00e9cis\u00e9 que la non-reconduction des contrats a \u00e9t\u00e9 demand\u00e9e par la hi\u00e9rarchie.\u00a0 \"On en tout entendu sur le cas de ces policiers volontaires. Mais je dois dire que pour l'essentiel, c'\u00e9tait des cas de [&hellip;]<\/p>\n","protected":false},"author":3,"featured_media":152390,"comment_status":"open","ping_status":"open","sticky":false,"template":"","format":"standard","meta":{"_et_pb_use_builder":"","_et_pb_old_content":""},"categories":[3],"tags":[],"yoast_head":"<!-- This site is optimized with the Yoast SEO Premium plugin v17.8 (Yoast SEO v17.8) - https:\/\/yoast.com\/wordpress\/plugins\/seo\/ -->\n<title>FIN DE CONTRATS DES POLICIERS ADJOINTS VOLONTAIRES - Les pr\u00e9cisions du Premier ministre | Nettali.com<\/title>\n<meta name=\"robots\" content=\"index, follow, max-snippet:-1, max-image-preview:large, max-video-preview:-1\" \/>\n<link rel=\"canonical\" href=\"https:\/\/www.nettali.com\/2025\/04\/14\/fin-des-contrats-des-policiers-volontaires-les-precisions-du-premier-ministre\/\" \/>\n<meta property=\"og:locale\" content=\"fr_FR\" \/>\n<meta property=\"og:type\" content=\"article\" \/>\n<meta property=\"og:title\" content=\"FIN DE CONTRATS DES POLICIERS ADJOINTS VOLONTAIRES - Les pr\u00e9cisions du Premier ministre\" \/>\n<meta property=\"og:description\" content=\"NETTALI.COM - L&#039;affaire des policiers volontaires lib\u00e9r\u00e9s la semaine derni\u00e8re est revenue dans les d\u00e9bats \u00e0 l&#039;Assembl\u00e9e nationale. Ousmane Sonko a pr\u00e9cis\u00e9 que la non-reconduction des contrats a \u00e9t\u00e9 demand\u00e9e par la hi\u00e9rarchie.\u00a0 &quot;On en tout entendu sur le cas de ces policiers volontaires. Mais je dois dire que pour l&#039;essentiel, c&#039;\u00e9tait des cas de [&hellip;]\" \/>\n<meta property=\"og:url\" content=\"https:\/\/www.nettali.com\/2025\/04\/14\/fin-des-contrats-des-policiers-volontaires-les-precisions-du-premier-ministre\/\" \/>\n<meta property=\"og:site_name\" content=\"Nettali.com\" \/>\n<meta property=\"article:publisher\" content=\"https:\/\/www.facebook.com\/nettalicom\" \/>\n<meta property=\"article:published_time\" content=\"2025-04-14T11:43:27+00:00\" \/>\n<meta property=\"article:modified_time\" content=\"2025-04-14T11:48:51+00:00\" \/>\n<meta property=\"og:image\" content=\"https:\/\/www.nettali.com\/wp-content\/uploads\/2025\/04\/46034416-36937377.jpeg\" \/>\n\t<meta property=\"og:image:width\" content=\"664\" \/>\n\t<meta property=\"og:image:height\" content=\"372\" \/>\n<meta name=\"twitter:card\" content=\"summary_large_image\" \/>\n<meta name=\"twitter:label1\" content=\"\u00c9crit par\" \/>\n\t<meta name=\"twitter:data1\" content=\"Moustapha\" \/>\n\t<meta name=\"twitter:label2\" content=\"Dur\u00e9e de lecture estim\u00e9e\" \/>\n\t<meta name=\"twitter:data2\" content=\"1 minute\" \/>\n<script type=\"application\/ld+json\" class=\"yoast-schema-graph\">{\"@context\":\"https:\/\/schema.org\",\"@graph\":[{\"@type\":\"WebSite\",\"@id\":\"https:\/\/www.nettali.com\/#website\",\"url\":\"https:\/\/www.nettali.com\/\",\"name\":\"Nettali.com\",\"description\":\"Le rendez-vous critique du Net\",\"potentialAction\":[{\"@type\":\"SearchAction\",\"target\":{\"@type\":\"EntryPoint\",\"urlTemplate\":\"https:\/\/www.nettali.com\/?s={search_term_string}\"},\"query-input\":\"required name=search_term_string\"}],\"inLanguage\":\"fr-FR\"},{\"@type\":\"ImageObject\",\"@id\":\"https:\/\/www.nettali.com\/2025\/04\/14\/fin-des-contrats-des-policiers-volontaires-les-precisions-du-premier-ministre\/#primaryimage\",\"inLanguage\":\"fr-FR\",\"url\":\"https:\/\/www.nettali.com\/wp-content\/uploads\/2025\/04\/46034416-36937377.jpeg\",\"contentUrl\":\"https:\/\/www.nettali.com\/wp-content\/uploads\/2025\/04\/46034416-36937377.jpeg\",\"width\":664,\"height\":372},{\"@type\":\"WebPage\",\"@id\":\"https:\/\/www.nettali.com\/2025\/04\/14\/fin-des-contrats-des-policiers-volontaires-les-precisions-du-premier-ministre\/#webpage\",\"url\":\"https:\/\/www.nettali.com\/2025\/04\/14\/fin-des-contrats-des-policiers-volontaires-les-precisions-du-premier-ministre\/\",\"name\":\"FIN DE CONTRATS DES POLICIERS ADJOINTS VOLONTAIRES - Les pr\\u00e9cisions du Premier ministre | Nettali.com\",\"isPartOf\":{\"@id\":\"https:\/\/www.nettali.com\/#website\"},\"primaryImageOfPage\":{\"@id\":\"https:\/\/www.nettali.com\/2025\/04\/14\/fin-des-contrats-des-policiers-volontaires-les-precisions-du-premier-ministre\/#primaryimage\"},\"datePublished\":\"2025-04-14T11:43:27+00:00\",\"dateModified\":\"2025-04-14T11:48:51+00:00\",\"author\":{\"@id\":\"https:\/\/www.nettali.com\/#\/schema\/person\/7962a12a6e0267f88f0ffa544c36469a\"},\"breadcrumb\":{\"@id\":\"https:\/\/www.nettali.com\/2025\/04\/14\/fin-des-contrats-des-policiers-volontaires-les-precisions-du-premier-ministre\/#breadcrumb\"},\"inLanguage\":\"fr-FR\",\"potentialAction\":[{\"@type\":\"ReadAction\",\"target\":[\"https:\/\/www.nettali.com\/2025\/04\/14\/fin-des-contrats-des-policiers-volontaires-les-precisions-du-premier-ministre\/\"]}]},{\"@type\":\"BreadcrumbList\",\"@id\":\"https:\/\/www.nettali.com\/2025\/04\/14\/fin-des-contrats-des-policiers-volontaires-les-precisions-du-premier-ministre\/#breadcrumb\",\"itemListElement\":[{\"@type\":\"ListItem\",\"position\":1,\"name\":\"Accueil\",\"item\":\"https:\/\/www.nettali.com\/\"},{\"@type\":\"ListItem\",\"position\":2,\"name\":\"FIN DE CONTRATS DES POLICIERS ADJOINTS VOLONTAIRES - Les pr\\u00e9cisions du Premier ministre\"}]},{\"@type\":\"Person\",\"@id\":\"https:\/\/www.nettali.com\/#\/schema\/person\/7962a12a6e0267f88f0ffa544c36469a\",\"name\":\"Moustapha\",\"image\":{\"@type\":\"ImageObject\",\"@id\":\"https:\/\/www.nettali.com\/#personlogo\",\"inLanguage\":\"fr-FR\",\"url\":\"https:\/\/secure.gravatar.com\/avatar\/10fdf6a071cccdcf374e3dbe45159590?s=96&d=mm&r=g\",\"contentUrl\":\"https:\/\/secure.gravatar.com\/avatar\/10fdf6a071cccdcf374e3dbe45159590?s=96&d=mm&r=g\",\"caption\":\"Moustapha\"},\"sameAs\":[\"https:\/\/www.nettali.com\"]}]}<\/script>\n<!-- \/ Yoast SEO Premium plugin. -->","yoast_head_json":{"title":"FIN DE CONTRATS DES POLICIERS ADJOINTS VOLONTAIRES - Les pr\u00e9cisions du Premier ministre | Nettali.com","robots":{"index":"index","follow":"follow","max-snippet":"max-snippet:-1","max-image-preview":"max-image-preview:large","max-video-preview":"max-video-preview:-1"},"canonical":"https:\/\/www.nettali.com\/2025\/04\/14\/fin-des-contrats-des-policiers-volontaires-les-precisions-du-premier-ministre\/","og_locale":"fr_FR","og_type":"article","og_title":"FIN DE CONTRATS DES POLICIERS ADJOINTS VOLONTAIRES - Les pr\u00e9cisions du Premier ministre","og_description":"NETTALI.COM - L'affaire des policiers volontaires lib\u00e9r\u00e9s la semaine derni\u00e8re est revenue dans les d\u00e9bats \u00e0 l'Assembl\u00e9e nationale. Ousmane Sonko a pr\u00e9cis\u00e9 que la non-reconduction des contrats a \u00e9t\u00e9 demand\u00e9e par la hi\u00e9rarchie.\u00a0 \"On en tout entendu sur le cas de ces policiers volontaires. Mais je dois dire que pour l'essentiel, c'\u00e9tait des cas de [&hellip;]","og_url":"https:\/\/www.nettali.com\/2025\/04\/14\/fin-des-contrats-des-policiers-volontaires-les-precisions-du-premier-ministre\/","og_site_name":"Nettali.com","article_publisher":"https:\/\/www.facebook.com\/nettalicom","article_published_time":"2025-04-14T11:43:27+00:00","article_modified_time":"2025-04-14T11:48:51+00:00","og_image":[{"width":664,"height":372,"url":"https:\/\/www.nettali.com\/wp-content\/uploads\/2025\/04\/46034416-36937377.jpeg","type":"image\/jpeg"}],"twitter_card":"summary_large_image","twitter_misc":{"\u00c9crit par":"Moustapha","Dur\u00e9e de lecture estim\u00e9e":"1 minute"},"schema":{"@context":"https:\/\/schema.org","@graph":[{"@type":"WebSite","@id":"https:\/\/www.nettali.com\/#website","url":"https:\/\/www.nettali.com\/","name":"Nettali.com","description":"Le rendez-vous critique du Net","potentialAction":[{"@type":"SearchAction","target":{"@type":"EntryPoint","urlTemplate":"https:\/\/www.nettali.com\/?s={search_term_string}"},"query-input":"required name=search_term_string"}],"inLanguage":"fr-FR"},{"@type":"ImageObject","@id":"https:\/\/www.nettali.com\/2025\/04\/14\/fin-des-contrats-des-policiers-volontaires-les-precisions-du-premier-ministre\/#primaryimage","inLanguage":"fr-FR","url":"https:\/\/www.nettali.com\/wp-content\/uploads\/2025\/04\/46034416-36937377.jpeg","contentUrl":"https:\/\/www.nettali.com\/wp-content\/uploads\/2025\/04\/46034416-36937377.jpeg","width":664,"height":372},{"@type":"WebPage","@id":"https:\/\/www.nettali.com\/2025\/04\/14\/fin-des-contrats-des-policiers-volontaires-les-precisions-du-premier-ministre\/#webpage","url":"https:\/\/www.nettali.com\/2025\/04\/14\/fin-des-contrats-des-policiers-volontaires-les-precisions-du-premier-ministre\/","name":"FIN DE CONTRATS DES POLICIERS ADJOINTS VOLONTAIRES - Les pr\u00e9cisions du Premier ministre | Nettali.com","isPartOf":{"@id":"https:\/\/www.nettali.com\/#website"},"primaryImageOfPage":{"@id":"https:\/\/www.nettali.com\/2025\/04\/14\/fin-des-contrats-des-policiers-volontaires-les-precisions-du-premier-ministre\/#primaryimage"},"datePublished":"2025-04-14T11:43:27+00:00","dateModified":"2025-04-14T11:48:51+00:00","author":{"@id":"https:\/\/www.nettali.com\/#\/schema\/person\/7962a12a6e0267f88f0ffa544c36469a"},"breadcrumb":{"@id":"https:\/\/www.nettali.com\/2025\/04\/14\/fin-des-contrats-des-policiers-volontaires-les-precisions-du-premier-ministre\/#breadcrumb"},"inLanguage":"fr-FR","potentialAction":[{"@type":"ReadAction","target":["https:\/\/www.nettali.com\/2025\/04\/14\/fin-des-contrats-des-policiers-volontaires-les-precisions-du-premier-ministre\/"]}]},{"@type":"BreadcrumbList","@id":"https:\/\/www.nettali.com\/2025\/04\/14\/fin-des-contrats-des-policiers-volontaires-les-precisions-du-premier-ministre\/#breadcrumb","itemListElement":[{"@type":"ListItem","position":1,"name":"Accueil","item":"https:\/\/www.nettali.com\/"},{"@type":"ListItem","position":2,"name":"FIN DE CONTRATS DES POLICIERS ADJOINTS VOLONTAIRES - Les pr\u00e9cisions du Premier ministre"}]},{"@type":"Person","@id":"https:\/\/www.nettali.com\/#\/schema\/person\/7962a12a6e0267f88f0ffa544c36469a","name":"Moustapha","image":{"@type":"ImageObject","@id":"https:\/\/www.nettali.com\/#personlogo","inLanguage":"fr-FR","url":"https:\/\/secure.gravatar.com\/avatar\/10fdf6a071cccdcf374e3dbe45159590?s=96&d=mm&r=g","contentUrl":"https:\/\/secure.gravatar.com\/avatar\/10fdf6a071cccdcf374e3dbe45159590?s=96&d=mm&r=g","caption":"Moustapha"},"sameAs":["https:\/\/www.nettali.com"]}]}},"_links":{"self":[{"href":"https:\/\/www.nettali.com\/rest\/wp\/v2\/posts\/152388"}],"collection":[{"href":"https:\/\/www.nettali.com\/rest\/wp\/v2\/posts"}],"about":[{"href":"https:\/\/www.nettali.com\/rest\/wp\/v2\/types\/post"}],"author":[{"embeddable":true,"href":"https:\/\/www.nettali.com\/rest\/wp\/v2\/users\/3"}],"replies":[{"embeddable":true,"href":"https:\/\/www.nettali.com\/rest\/wp\/v2\/comments?post=152388"}],"version-history":[{"count":2,"href":"https:\/\/www.nettali.com\/rest\/wp\/v2\/posts\/152388\/revisions"}],"predecessor-version":[{"id":152392,"href":"https:\/\/www.nettali.com\/rest\/wp\/v2\/posts\/152388\/revisions\/152392"}],"wp:featuredmedia":[{"embeddable":true,"href":"https:\/\/www.nettali.com\/rest\/wp\/v2\/media\/152390"}],"wp:attachment":[{"href":"https:\/\/www.nettali.com\/rest\/wp\/v2\/media?parent=152388"}],"wp:term":[{"taxonomy":"category","embeddable":true,"href":"https:\/\/www.nettali.com\/rest\/wp\/v2\/categories?post=152388"},{"taxonomy":"post_tag","embeddable":true,"href":"https:\/\/www.nettali.com\/rest\/wp\/v2\/tags?post=152388"}],"curies":[{"name":"wp","href":"https:\/\/api.w.org\/{rel}","templated":true}]}}