{"id":152329,"date":"2025-04-13T20:00:26","date_gmt":"2025-04-13T20:00:26","guid":{"rendered":"https:\/\/www.nettali.com\/?p=152329"},"modified":"2025-04-13T20:00:26","modified_gmt":"2025-04-13T20:00:26","slug":"necrologie-deces-du-comedien-moustapha-diop-de-daaray-kocc","status":"publish","type":"post","link":"https:\/\/www.nettali.com\/2025\/04\/13\/necrologie-deces-du-comedien-moustapha-diop-de-daaray-kocc\/","title":{"rendered":"NECROLOGIE - D\u00e9c\u00e8s du com\u00e9dien Moustapha Diop de Daaray Kocc"},"content":{"rendered":"<p><strong>NETTALI.COM - Le com\u00e9dien s\u00e9n\u00e9galais Moustapha Diop de la troupe th\u00e9\u00e2trale Daaray Kocc est d\u00e9c\u00e9d\u00e9, dimanche, \u00e0 Thi\u00e8s, a-t-on appris de Pape Faye, pr\u00e9sident de l\u2019Association des artistes com\u00e9diens du th\u00e9\u00e2tre s\u00e9n\u00e9galais (Arcots).<\/strong><\/p>\n<p>Le d\u00e9funt com\u00e9dien sera inhum\u00e9, lundi, au cimeti\u00e8re de Yoff \u00e0 Dakar, ajoute le pr\u00e9sident de l\u2019ARCOTS.<\/p>\n<p>Pape Faye, a rappel\u00e9 que Moustapha Diop a \u00e9t\u00e9 un des membres fondateurs du Daaray Kocc avec Cheikh Tidiane Diop, apr\u00e8s leur passage \u00e0 la troupe th\u00e9\u00e2trale Diamanoy Tey.<\/p>\n<p><em>\"Moustapha Diop a \u00e9t\u00e9 secr\u00e9taire g\u00e9n\u00e9ral l\u2019ARCOTS \u00e0 sa cr\u00e9ation avec comme pr\u00e9sident Mamadou Ndiaye Doss\"<\/em>, a-t-il ajout\u00e9, signalant avoir partag\u00e9 avec lui beaucoup de plateau.<\/p>\n<p><em>\"Le S\u00e9n\u00e9gal et l\u2019Afrique perd un artiste de valeur\"<\/em>, a dit le conteur Massamba Gu\u00e8ye qui estime que le d\u00e9funt a eu une \"immense\" carri\u00e8re.<\/p>\n<p>Moustapha Diop a \u00e9galement jou\u00e9 au cours de sa carri\u00e8re beaucoup de films de r\u00e9alisateurs s\u00e9n\u00e9galais et pi\u00e8ces th\u00e9\u00e2trales dont la plus c\u00e9l\u00e8bre est <em>\"Un DG peut en cacher un autre\"<\/em> o\u00f9 il tient le r\u00f4le d'un Directeur G\u00e9n\u00e9ral comp\u00e9tent et incorruptible.<\/p>\n<div class='share-to-whatsapp-wrapper'><div class='share-on-whsp'>PARTAGER SUR : <\/div><a data-text='NECROLOGIE - D\u00e9c\u00e8s du com\u00e9dien Moustapha Diop de Daaray Kocc' data-link='https:\/\/www.nettali.com\/2025\/04\/13\/necrologie-deces-du-comedien-moustapha-diop-de-daaray-kocc\/' class='whatsapp-button whatsapp-share'>WhatsApp<\/a><div class='clear '><\/div><\/div>","protected":false},"excerpt":{"rendered":"<p>NETTALI.COM - Le com\u00e9dien s\u00e9n\u00e9galais Moustapha Diop de la troupe th\u00e9\u00e2trale Daaray Kocc est d\u00e9c\u00e9d\u00e9, dimanche, \u00e0 Thi\u00e8s, a-t-on appris de Pape Faye, pr\u00e9sident de l\u2019Association des artistes com\u00e9diens du th\u00e9\u00e2tre s\u00e9n\u00e9galais (Arcots). Le d\u00e9funt com\u00e9dien sera inhum\u00e9, lundi, au cimeti\u00e8re de Yoff \u00e0 Dakar, ajoute le pr\u00e9sident de l\u2019ARCOTS. Pape Faye, a rappel\u00e9 que [&hellip;]<\/p>\n","protected":false},"author":4,"featured_media":152330,"comment_status":"open","ping_status":"open","sticky":false,"template":"","format":"standard","meta":{"_et_pb_use_builder":"","_et_pb_old_content":""},"categories":[3],"tags":[],"yoast_head":"<!-- This site is optimized with the Yoast SEO Premium plugin v17.8 (Yoast SEO v17.8) - https:\/\/yoast.com\/wordpress\/plugins\/seo\/ -->\n<title>NECROLOGIE - D\u00e9c\u00e8s du com\u00e9dien Moustapha Diop de Daaray Kocc | Nettali.com<\/title>\n<meta name=\"robots\" content=\"index, follow, max-snippet:-1, max-image-preview:large, max-video-preview:-1\" \/>\n<link rel=\"canonical\" href=\"https:\/\/www.nettali.com\/2025\/04\/13\/necrologie-deces-du-comedien-moustapha-diop-de-daaray-kocc\/\" \/>\n<meta property=\"og:locale\" content=\"fr_FR\" \/>\n<meta property=\"og:type\" content=\"article\" \/>\n<meta property=\"og:title\" content=\"NECROLOGIE - D\u00e9c\u00e8s du com\u00e9dien Moustapha Diop de Daaray Kocc\" \/>\n<meta property=\"og:description\" content=\"NETTALI.COM - Le com\u00e9dien s\u00e9n\u00e9galais Moustapha Diop de la troupe th\u00e9\u00e2trale Daaray Kocc est d\u00e9c\u00e9d\u00e9, dimanche, \u00e0 Thi\u00e8s, a-t-on appris de Pape Faye, pr\u00e9sident de l\u2019Association des artistes com\u00e9diens du th\u00e9\u00e2tre s\u00e9n\u00e9galais (Arcots). Le d\u00e9funt com\u00e9dien sera inhum\u00e9, lundi, au cimeti\u00e8re de Yoff \u00e0 Dakar, ajoute le pr\u00e9sident de l\u2019ARCOTS. Pape Faye, a rappel\u00e9 que [&hellip;]\" \/>\n<meta property=\"og:url\" content=\"https:\/\/www.nettali.com\/2025\/04\/13\/necrologie-deces-du-comedien-moustapha-diop-de-daaray-kocc\/\" \/>\n<meta property=\"og:site_name\" content=\"Nettali.com\" \/>\n<meta property=\"article:publisher\" content=\"https:\/\/www.facebook.com\/nettalicom\" \/>\n<meta property=\"article:published_time\" content=\"2025-04-13T20:00:26+00:00\" \/>\n<meta property=\"og:image\" content=\"https:\/\/www.nettali.com\/wp-content\/uploads\/2025\/04\/Capture-de\u0301cran-2025-04-13-a\u0300-19.57.13.png\" \/>\n\t<meta property=\"og:image:width\" content=\"735\" \/>\n\t<meta property=\"og:image:height\" content=\"356\" \/>\n<meta name=\"twitter:card\" content=\"summary_large_image\" \/>\n<meta name=\"twitter:label1\" content=\"\u00c9crit par\" \/>\n\t<meta name=\"twitter:data1\" content=\"Daouda\" \/>\n\t<meta name=\"twitter:label2\" content=\"Dur\u00e9e de lecture estim\u00e9e\" \/>\n\t<meta name=\"twitter:data2\" content=\"1 minute\" \/>\n<script type=\"application\/ld+json\" class=\"yoast-schema-graph\">{\"@context\":\"https:\/\/schema.org\",\"@graph\":[{\"@type\":\"WebSite\",\"@id\":\"https:\/\/www.nettali.com\/#website\",\"url\":\"https:\/\/www.nettali.com\/\",\"name\":\"Nettali.com\",\"description\":\"Le rendez-vous critique du Net\",\"potentialAction\":[{\"@type\":\"SearchAction\",\"target\":{\"@type\":\"EntryPoint\",\"urlTemplate\":\"https:\/\/www.nettali.com\/?s={search_term_string}\"},\"query-input\":\"required name=search_term_string\"}],\"inLanguage\":\"fr-FR\"},{\"@type\":\"ImageObject\",\"@id\":\"https:\/\/www.nettali.com\/2025\/04\/13\/necrologie-deces-du-comedien-moustapha-diop-de-daaray-kocc\/#primaryimage\",\"inLanguage\":\"fr-FR\",\"url\":\"https:\/\/www.nettali.com\/wp-content\/uploads\/2025\/04\/Capture-de\\u0301cran-2025-04-13-a\\u0300-19.57.13.png\",\"contentUrl\":\"https:\/\/www.nettali.com\/wp-content\/uploads\/2025\/04\/Capture-de\\u0301cran-2025-04-13-a\\u0300-19.57.13.png\",\"width\":735,\"height\":356},{\"@type\":\"WebPage\",\"@id\":\"https:\/\/www.nettali.com\/2025\/04\/13\/necrologie-deces-du-comedien-moustapha-diop-de-daaray-kocc\/#webpage\",\"url\":\"https:\/\/www.nettali.com\/2025\/04\/13\/necrologie-deces-du-comedien-moustapha-diop-de-daaray-kocc\/\",\"name\":\"NECROLOGIE - D\\u00e9c\\u00e8s du com\\u00e9dien Moustapha Diop de Daaray Kocc | Nettali.com\",\"isPartOf\":{\"@id\":\"https:\/\/www.nettali.com\/#website\"},\"primaryImageOfPage\":{\"@id\":\"https:\/\/www.nettali.com\/2025\/04\/13\/necrologie-deces-du-comedien-moustapha-diop-de-daaray-kocc\/#primaryimage\"},\"datePublished\":\"2025-04-13T20:00:26+00:00\",\"dateModified\":\"2025-04-13T20:00:26+00:00\",\"author\":{\"@id\":\"https:\/\/www.nettali.com\/#\/schema\/person\/3317e0bb3aa1da309fbf7b2780901bf4\"},\"breadcrumb\":{\"@id\":\"https:\/\/www.nettali.com\/2025\/04\/13\/necrologie-deces-du-comedien-moustapha-diop-de-daaray-kocc\/#breadcrumb\"},\"inLanguage\":\"fr-FR\",\"potentialAction\":[{\"@type\":\"ReadAction\",\"target\":[\"https:\/\/www.nettali.com\/2025\/04\/13\/necrologie-deces-du-comedien-moustapha-diop-de-daaray-kocc\/\"]}]},{\"@type\":\"BreadcrumbList\",\"@id\":\"https:\/\/www.nettali.com\/2025\/04\/13\/necrologie-deces-du-comedien-moustapha-diop-de-daaray-kocc\/#breadcrumb\",\"itemListElement\":[{\"@type\":\"ListItem\",\"position\":1,\"name\":\"Accueil\",\"item\":\"https:\/\/www.nettali.com\/\"},{\"@type\":\"ListItem\",\"position\":2,\"name\":\"NECROLOGIE - D\\u00e9c\\u00e8s du com\\u00e9dien Moustapha Diop de Daaray Kocc\"}]},{\"@type\":\"Person\",\"@id\":\"https:\/\/www.nettali.com\/#\/schema\/person\/3317e0bb3aa1da309fbf7b2780901bf4\",\"name\":\"Daouda\",\"image\":{\"@type\":\"ImageObject\",\"@id\":\"https:\/\/www.nettali.com\/#personlogo\",\"inLanguage\":\"fr-FR\",\"url\":\"https:\/\/secure.gravatar.com\/avatar\/8d143b5a49345098ddcfee1c49c2f47c?s=96&d=mm&r=g\",\"contentUrl\":\"https:\/\/secure.gravatar.com\/avatar\/8d143b5a49345098ddcfee1c49c2f47c?s=96&d=mm&r=g\",\"caption\":\"Daouda\"},\"sameAs\":[\"https:\/\/www.nettali.com\"]}]}<\/script>\n<!-- \/ Yoast SEO Premium plugin. -->","yoast_head_json":{"title":"NECROLOGIE - D\u00e9c\u00e8s du com\u00e9dien Moustapha Diop de Daaray Kocc | Nettali.com","robots":{"index":"index","follow":"follow","max-snippet":"max-snippet:-1","max-image-preview":"max-image-preview:large","max-video-preview":"max-video-preview:-1"},"canonical":"https:\/\/www.nettali.com\/2025\/04\/13\/necrologie-deces-du-comedien-moustapha-diop-de-daaray-kocc\/","og_locale":"fr_FR","og_type":"article","og_title":"NECROLOGIE - D\u00e9c\u00e8s du com\u00e9dien Moustapha Diop de Daaray Kocc","og_description":"NETTALI.COM - Le com\u00e9dien s\u00e9n\u00e9galais Moustapha Diop de la troupe th\u00e9\u00e2trale Daaray Kocc est d\u00e9c\u00e9d\u00e9, dimanche, \u00e0 Thi\u00e8s, a-t-on appris de Pape Faye, pr\u00e9sident de l\u2019Association des artistes com\u00e9diens du th\u00e9\u00e2tre s\u00e9n\u00e9galais (Arcots). Le d\u00e9funt com\u00e9dien sera inhum\u00e9, lundi, au cimeti\u00e8re de Yoff \u00e0 Dakar, ajoute le pr\u00e9sident de l\u2019ARCOTS. Pape Faye, a rappel\u00e9 que [&hellip;]","og_url":"https:\/\/www.nettali.com\/2025\/04\/13\/necrologie-deces-du-comedien-moustapha-diop-de-daaray-kocc\/","og_site_name":"Nettali.com","article_publisher":"https:\/\/www.facebook.com\/nettalicom","article_published_time":"2025-04-13T20:00:26+00:00","og_image":[{"width":735,"height":356,"url":"https:\/\/www.nettali.com\/wp-content\/uploads\/2025\/04\/Capture-de\u0301cran-2025-04-13-a\u0300-19.57.13.png","type":"image\/png"}],"twitter_card":"summary_large_image","twitter_misc":{"\u00c9crit par":"Daouda","Dur\u00e9e de lecture estim\u00e9e":"1 minute"},"schema":{"@context":"https:\/\/schema.org","@graph":[{"@type":"WebSite","@id":"https:\/\/www.nettali.com\/#website","url":"https:\/\/www.nettali.com\/","name":"Nettali.com","description":"Le rendez-vous critique du Net","potentialAction":[{"@type":"SearchAction","target":{"@type":"EntryPoint","urlTemplate":"https:\/\/www.nettali.com\/?s={search_term_string}"},"query-input":"required name=search_term_string"}],"inLanguage":"fr-FR"},{"@type":"ImageObject","@id":"https:\/\/www.nettali.com\/2025\/04\/13\/necrologie-deces-du-comedien-moustapha-diop-de-daaray-kocc\/#primaryimage","inLanguage":"fr-FR","url":"https:\/\/www.nettali.com\/wp-content\/uploads\/2025\/04\/Capture-de\u0301cran-2025-04-13-a\u0300-19.57.13.png","contentUrl":"https:\/\/www.nettali.com\/wp-content\/uploads\/2025\/04\/Capture-de\u0301cran-2025-04-13-a\u0300-19.57.13.png","width":735,"height":356},{"@type":"WebPage","@id":"https:\/\/www.nettali.com\/2025\/04\/13\/necrologie-deces-du-comedien-moustapha-diop-de-daaray-kocc\/#webpage","url":"https:\/\/www.nettali.com\/2025\/04\/13\/necrologie-deces-du-comedien-moustapha-diop-de-daaray-kocc\/","name":"NECROLOGIE - D\u00e9c\u00e8s du com\u00e9dien Moustapha Diop de Daaray Kocc | Nettali.com","isPartOf":{"@id":"https:\/\/www.nettali.com\/#website"},"primaryImageOfPage":{"@id":"https:\/\/www.nettali.com\/2025\/04\/13\/necrologie-deces-du-comedien-moustapha-diop-de-daaray-kocc\/#primaryimage"},"datePublished":"2025-04-13T20:00:26+00:00","dateModified":"2025-04-13T20:00:26+00:00","author":{"@id":"https:\/\/www.nettali.com\/#\/schema\/person\/3317e0bb3aa1da309fbf7b2780901bf4"},"breadcrumb":{"@id":"https:\/\/www.nettali.com\/2025\/04\/13\/necrologie-deces-du-comedien-moustapha-diop-de-daaray-kocc\/#breadcrumb"},"inLanguage":"fr-FR","potentialAction":[{"@type":"ReadAction","target":["https:\/\/www.nettali.com\/2025\/04\/13\/necrologie-deces-du-comedien-moustapha-diop-de-daaray-kocc\/"]}]},{"@type":"BreadcrumbList","@id":"https:\/\/www.nettali.com\/2025\/04\/13\/necrologie-deces-du-comedien-moustapha-diop-de-daaray-kocc\/#breadcrumb","itemListElement":[{"@type":"ListItem","position":1,"name":"Accueil","item":"https:\/\/www.nettali.com\/"},{"@type":"ListItem","position":2,"name":"NECROLOGIE - D\u00e9c\u00e8s du com\u00e9dien Moustapha Diop de Daaray Kocc"}]},{"@type":"Person","@id":"https:\/\/www.nettali.com\/#\/schema\/person\/3317e0bb3aa1da309fbf7b2780901bf4","name":"Daouda","image":{"@type":"ImageObject","@id":"https:\/\/www.nettali.com\/#personlogo","inLanguage":"fr-FR","url":"https:\/\/secure.gravatar.com\/avatar\/8d143b5a49345098ddcfee1c49c2f47c?s=96&d=mm&r=g","contentUrl":"https:\/\/secure.gravatar.com\/avatar\/8d143b5a49345098ddcfee1c49c2f47c?s=96&d=mm&r=g","caption":"Daouda"},"sameAs":["https:\/\/www.nettali.com"]}]}},"_links":{"self":[{"href":"https:\/\/www.nettali.com\/rest\/wp\/v2\/posts\/152329"}],"collection":[{"href":"https:\/\/www.nettali.com\/rest\/wp\/v2\/posts"}],"about":[{"href":"https:\/\/www.nettali.com\/rest\/wp\/v2\/types\/post"}],"author":[{"embeddable":true,"href":"https:\/\/www.nettali.com\/rest\/wp\/v2\/users\/4"}],"replies":[{"embeddable":true,"href":"https:\/\/www.nettali.com\/rest\/wp\/v2\/comments?post=152329"}],"version-history":[{"count":1,"href":"https:\/\/www.nettali.com\/rest\/wp\/v2\/posts\/152329\/revisions"}],"predecessor-version":[{"id":152331,"href":"https:\/\/www.nettali.com\/rest\/wp\/v2\/posts\/152329\/revisions\/152331"}],"wp:featuredmedia":[{"embeddable":true,"href":"https:\/\/www.nettali.com\/rest\/wp\/v2\/media\/152330"}],"wp:attachment":[{"href":"https:\/\/www.nettali.com\/rest\/wp\/v2\/media?parent=152329"}],"wp:term":[{"taxonomy":"category","embeddable":true,"href":"https:\/\/www.nettali.com\/rest\/wp\/v2\/categories?post=152329"},{"taxonomy":"post_tag","embeddable":true,"href":"https:\/\/www.nettali.com\/rest\/wp\/v2\/tags?post=152329"}],"curies":[{"name":"wp","href":"https:\/\/api.w.org\/{rel}","templated":true}]}}