{"id":152310,"date":"2025-04-13T12:41:12","date_gmt":"2025-04-13T12:41:12","guid":{"rendered":"https:\/\/www.nettali.com\/?p=152310"},"modified":"2025-04-13T14:44:26","modified_gmt":"2025-04-13T14:44:26","slug":"assemblee-generale-thiat-nouveau-coordonnateur-de-y-en-a-marre","status":"publish","type":"post","link":"https:\/\/www.nettali.com\/2025\/04\/13\/assemblee-generale-thiat-nouveau-coordonnateur-de-y-en-a-marre\/","title":{"rendered":"ASSEMBLEE G\u00c9N\u00c9RALE - Thiat, nouveau coordonnateur de \"Y en a marre\""},"content":{"rendered":"<p><strong>NETTALI.COM - Le Mouvement \"Y en a marre\" a un nouveau coordonnateur. A l'issue d'une assembl\u00e9e g\u00e9n\u00e9rale qui s'est termin\u00e9e ce samedi 12 avril 2025, Oumar Cyrille Tour\u00e9 alias Thiat\u00a0 a \u00e9t\u00e9 \u00e9lu coordonnateur du mouvement pour un mandat de 3 ans en remplacement d'Aliou San\u00e9.<\/strong><\/p>\n<p>Au terme d'une Assembl\u00e9e G\u00e9n\u00e9rale de trois jours tenue \u00e0 Warang, le mouvement Y en a marre a \u00e9lu ce samedi 12 avril 2025, un nouveau bureau avec Oumar Cyrille Tour\u00e9 alias Thiat comme coordonnateur et Abdou Khafor Kandji comme vice coordonnateur. La nouvelle \u00e9quipe a la responsabilit\u00e9 de porter et mener l\u2019action du mouvement pour les trois prochaines ann\u00e9es.<\/p>\n<p>Le mouvement Y en a marre adresse sa vive et profonde reconnaissance \u00e0 Aliou San\u00e9 , qui a assur\u00e9 la coordination pendant six ann\u00e9es.<em> \"Son leadership courageux , sa r\u00e9silience face aux temp\u00eates et sa fid\u00e9lit\u00e9 in\u00e9branlable aux valeurs de Y en a Marre ont donn\u00e9 de l\u2019\u00e9nergie et des r\u00e9sultats concrets dans les grandes luttes auxquelles le mouvement a particip\u00e9. Il a su tenir haut le flambeau du mouvement dans les moments les plus critiques, avec honneur et conviction\"<\/em>, t\u00e9moigne le mouvement dans un communiqu\u00e9.<\/p>\n<p>Place maintenant \u00e0 une nouvelle \u00e9quipe, pr\u00eate \u00e0 poursuivre la lutte, renforcer l'engagement citoyen et incarner l'espoir d'un avenir meilleur pour le Senegal et le continent.<\/p>\n<div class='share-to-whatsapp-wrapper'><div class='share-on-whsp'>PARTAGER SUR : <\/div><a data-text='ASSEMBLEE G\u00c9N\u00c9RALE - Thiat, nouveau coordonnateur de \"Y en a marre\"' data-link='https:\/\/www.nettali.com\/2025\/04\/13\/assemblee-generale-thiat-nouveau-coordonnateur-de-y-en-a-marre\/' class='whatsapp-button whatsapp-share'>WhatsApp<\/a><div class='clear '><\/div><\/div>","protected":false},"excerpt":{"rendered":"<p>NETTALI.COM - Le Mouvement \"Y en a marre\" a un nouveau coordonnateur. A l'issue d'une assembl\u00e9e g\u00e9n\u00e9rale qui s'est termin\u00e9e ce samedi 12 avril 2025, Oumar Cyrille Tour\u00e9 alias Thiat\u00a0 a \u00e9t\u00e9 \u00e9lu coordonnateur du mouvement pour un mandat de 3 ans en remplacement d'Aliou San\u00e9. Au terme d'une Assembl\u00e9e G\u00e9n\u00e9rale de trois jours tenue [&hellip;]<\/p>\n","protected":false},"author":4,"featured_media":152312,"comment_status":"open","ping_status":"open","sticky":false,"template":"","format":"standard","meta":{"_et_pb_use_builder":"","_et_pb_old_content":""},"categories":[3],"tags":[],"yoast_head":"<!-- This site is optimized with the Yoast SEO Premium plugin v17.8 (Yoast SEO v17.8) - https:\/\/yoast.com\/wordpress\/plugins\/seo\/ -->\n<title>ASSEMBLEE G\u00c9N\u00c9RALE - Thiat, nouveau coordonnateur de &quot;Y en a marre&quot; | Nettali.com<\/title>\n<meta name=\"robots\" content=\"index, follow, max-snippet:-1, max-image-preview:large, max-video-preview:-1\" \/>\n<link rel=\"canonical\" href=\"https:\/\/www.nettali.com\/2025\/04\/13\/assemblee-generale-thiat-nouveau-coordonnateur-de-y-en-a-marre\/\" \/>\n<meta property=\"og:locale\" content=\"fr_FR\" \/>\n<meta property=\"og:type\" content=\"article\" \/>\n<meta property=\"og:title\" content=\"ASSEMBLEE G\u00c9N\u00c9RALE - Thiat, nouveau coordonnateur de &quot;Y en a marre&quot;\" \/>\n<meta property=\"og:description\" content=\"NETTALI.COM - Le Mouvement &quot;Y en a marre&quot; a un nouveau coordonnateur. A l&#039;issue d&#039;une assembl\u00e9e g\u00e9n\u00e9rale qui s&#039;est termin\u00e9e ce samedi 12 avril 2025, Oumar Cyrille Tour\u00e9 alias Thiat\u00a0 a \u00e9t\u00e9 \u00e9lu coordonnateur du mouvement pour un mandat de 3 ans en remplacement d&#039;Aliou San\u00e9. Au terme d&#039;une Assembl\u00e9e G\u00e9n\u00e9rale de trois jours tenue [&hellip;]\" \/>\n<meta property=\"og:url\" content=\"https:\/\/www.nettali.com\/2025\/04\/13\/assemblee-generale-thiat-nouveau-coordonnateur-de-y-en-a-marre\/\" \/>\n<meta property=\"og:site_name\" content=\"Nettali.com\" \/>\n<meta property=\"article:publisher\" content=\"https:\/\/www.facebook.com\/nettalicom\" \/>\n<meta property=\"article:published_time\" content=\"2025-04-13T12:41:12+00:00\" \/>\n<meta property=\"article:modified_time\" content=\"2025-04-13T14:44:26+00:00\" \/>\n<meta property=\"og:image\" content=\"https:\/\/www.nettali.com\/wp-content\/uploads\/2025\/04\/Y-en-a-marre-e1744548062993.jpeg\" \/>\n\t<meta property=\"og:image:width\" content=\"1126\" \/>\n\t<meta property=\"og:image:height\" content=\"679\" \/>\n<meta name=\"twitter:card\" content=\"summary_large_image\" \/>\n<meta name=\"twitter:label1\" content=\"\u00c9crit par\" \/>\n\t<meta name=\"twitter:data1\" content=\"Daouda\" \/>\n\t<meta name=\"twitter:label2\" content=\"Dur\u00e9e de lecture estim\u00e9e\" \/>\n\t<meta name=\"twitter:data2\" content=\"1 minute\" \/>\n<script type=\"application\/ld+json\" class=\"yoast-schema-graph\">{\"@context\":\"https:\/\/schema.org\",\"@graph\":[{\"@type\":\"WebSite\",\"@id\":\"https:\/\/www.nettali.com\/#website\",\"url\":\"https:\/\/www.nettali.com\/\",\"name\":\"Nettali.com\",\"description\":\"Le rendez-vous critique du Net\",\"potentialAction\":[{\"@type\":\"SearchAction\",\"target\":{\"@type\":\"EntryPoint\",\"urlTemplate\":\"https:\/\/www.nettali.com\/?s={search_term_string}\"},\"query-input\":\"required name=search_term_string\"}],\"inLanguage\":\"fr-FR\"},{\"@type\":\"ImageObject\",\"@id\":\"https:\/\/www.nettali.com\/2025\/04\/13\/assemblee-generale-thiat-nouveau-coordonnateur-de-y-en-a-marre\/#primaryimage\",\"inLanguage\":\"fr-FR\",\"url\":\"https:\/\/www.nettali.com\/wp-content\/uploads\/2025\/04\/Y-en-a-marre-e1744548062993.jpeg\",\"contentUrl\":\"https:\/\/www.nettali.com\/wp-content\/uploads\/2025\/04\/Y-en-a-marre-e1744548062993.jpeg\",\"width\":1126,\"height\":679},{\"@type\":\"WebPage\",\"@id\":\"https:\/\/www.nettali.com\/2025\/04\/13\/assemblee-generale-thiat-nouveau-coordonnateur-de-y-en-a-marre\/#webpage\",\"url\":\"https:\/\/www.nettali.com\/2025\/04\/13\/assemblee-generale-thiat-nouveau-coordonnateur-de-y-en-a-marre\/\",\"name\":\"ASSEMBLEE G\\u00c9N\\u00c9RALE - Thiat, nouveau coordonnateur de \\\"Y en a marre\\\" | Nettali.com\",\"isPartOf\":{\"@id\":\"https:\/\/www.nettali.com\/#website\"},\"primaryImageOfPage\":{\"@id\":\"https:\/\/www.nettali.com\/2025\/04\/13\/assemblee-generale-thiat-nouveau-coordonnateur-de-y-en-a-marre\/#primaryimage\"},\"datePublished\":\"2025-04-13T12:41:12+00:00\",\"dateModified\":\"2025-04-13T14:44:26+00:00\",\"author\":{\"@id\":\"https:\/\/www.nettali.com\/#\/schema\/person\/3317e0bb3aa1da309fbf7b2780901bf4\"},\"breadcrumb\":{\"@id\":\"https:\/\/www.nettali.com\/2025\/04\/13\/assemblee-generale-thiat-nouveau-coordonnateur-de-y-en-a-marre\/#breadcrumb\"},\"inLanguage\":\"fr-FR\",\"potentialAction\":[{\"@type\":\"ReadAction\",\"target\":[\"https:\/\/www.nettali.com\/2025\/04\/13\/assemblee-generale-thiat-nouveau-coordonnateur-de-y-en-a-marre\/\"]}]},{\"@type\":\"BreadcrumbList\",\"@id\":\"https:\/\/www.nettali.com\/2025\/04\/13\/assemblee-generale-thiat-nouveau-coordonnateur-de-y-en-a-marre\/#breadcrumb\",\"itemListElement\":[{\"@type\":\"ListItem\",\"position\":1,\"name\":\"Accueil\",\"item\":\"https:\/\/www.nettali.com\/\"},{\"@type\":\"ListItem\",\"position\":2,\"name\":\"ASSEMBLEE G\\u00c9N\\u00c9RALE - Thiat, nouveau coordonnateur de \\\"Y en a marre\\\"\"}]},{\"@type\":\"Person\",\"@id\":\"https:\/\/www.nettali.com\/#\/schema\/person\/3317e0bb3aa1da309fbf7b2780901bf4\",\"name\":\"Daouda\",\"image\":{\"@type\":\"ImageObject\",\"@id\":\"https:\/\/www.nettali.com\/#personlogo\",\"inLanguage\":\"fr-FR\",\"url\":\"https:\/\/secure.gravatar.com\/avatar\/8d143b5a49345098ddcfee1c49c2f47c?s=96&d=mm&r=g\",\"contentUrl\":\"https:\/\/secure.gravatar.com\/avatar\/8d143b5a49345098ddcfee1c49c2f47c?s=96&d=mm&r=g\",\"caption\":\"Daouda\"},\"sameAs\":[\"https:\/\/www.nettali.com\"]}]}<\/script>\n<!-- \/ Yoast SEO Premium plugin. -->","yoast_head_json":{"title":"ASSEMBLEE G\u00c9N\u00c9RALE - Thiat, nouveau coordonnateur de \"Y en a marre\" | Nettali.com","robots":{"index":"index","follow":"follow","max-snippet":"max-snippet:-1","max-image-preview":"max-image-preview:large","max-video-preview":"max-video-preview:-1"},"canonical":"https:\/\/www.nettali.com\/2025\/04\/13\/assemblee-generale-thiat-nouveau-coordonnateur-de-y-en-a-marre\/","og_locale":"fr_FR","og_type":"article","og_title":"ASSEMBLEE G\u00c9N\u00c9RALE - Thiat, nouveau coordonnateur de \"Y en a marre\"","og_description":"NETTALI.COM - Le Mouvement \"Y en a marre\" a un nouveau coordonnateur. A l'issue d'une assembl\u00e9e g\u00e9n\u00e9rale qui s'est termin\u00e9e ce samedi 12 avril 2025, Oumar Cyrille Tour\u00e9 alias Thiat\u00a0 a \u00e9t\u00e9 \u00e9lu coordonnateur du mouvement pour un mandat de 3 ans en remplacement d'Aliou San\u00e9. Au terme d'une Assembl\u00e9e G\u00e9n\u00e9rale de trois jours tenue [&hellip;]","og_url":"https:\/\/www.nettali.com\/2025\/04\/13\/assemblee-generale-thiat-nouveau-coordonnateur-de-y-en-a-marre\/","og_site_name":"Nettali.com","article_publisher":"https:\/\/www.facebook.com\/nettalicom","article_published_time":"2025-04-13T12:41:12+00:00","article_modified_time":"2025-04-13T14:44:26+00:00","og_image":[{"width":1126,"height":679,"url":"https:\/\/www.nettali.com\/wp-content\/uploads\/2025\/04\/Y-en-a-marre-e1744548062993.jpeg","type":"image\/jpeg"}],"twitter_card":"summary_large_image","twitter_misc":{"\u00c9crit par":"Daouda","Dur\u00e9e de lecture estim\u00e9e":"1 minute"},"schema":{"@context":"https:\/\/schema.org","@graph":[{"@type":"WebSite","@id":"https:\/\/www.nettali.com\/#website","url":"https:\/\/www.nettali.com\/","name":"Nettali.com","description":"Le rendez-vous critique du Net","potentialAction":[{"@type":"SearchAction","target":{"@type":"EntryPoint","urlTemplate":"https:\/\/www.nettali.com\/?s={search_term_string}"},"query-input":"required name=search_term_string"}],"inLanguage":"fr-FR"},{"@type":"ImageObject","@id":"https:\/\/www.nettali.com\/2025\/04\/13\/assemblee-generale-thiat-nouveau-coordonnateur-de-y-en-a-marre\/#primaryimage","inLanguage":"fr-FR","url":"https:\/\/www.nettali.com\/wp-content\/uploads\/2025\/04\/Y-en-a-marre-e1744548062993.jpeg","contentUrl":"https:\/\/www.nettali.com\/wp-content\/uploads\/2025\/04\/Y-en-a-marre-e1744548062993.jpeg","width":1126,"height":679},{"@type":"WebPage","@id":"https:\/\/www.nettali.com\/2025\/04\/13\/assemblee-generale-thiat-nouveau-coordonnateur-de-y-en-a-marre\/#webpage","url":"https:\/\/www.nettali.com\/2025\/04\/13\/assemblee-generale-thiat-nouveau-coordonnateur-de-y-en-a-marre\/","name":"ASSEMBLEE G\u00c9N\u00c9RALE - Thiat, nouveau coordonnateur de \"Y en a marre\" | Nettali.com","isPartOf":{"@id":"https:\/\/www.nettali.com\/#website"},"primaryImageOfPage":{"@id":"https:\/\/www.nettali.com\/2025\/04\/13\/assemblee-generale-thiat-nouveau-coordonnateur-de-y-en-a-marre\/#primaryimage"},"datePublished":"2025-04-13T12:41:12+00:00","dateModified":"2025-04-13T14:44:26+00:00","author":{"@id":"https:\/\/www.nettali.com\/#\/schema\/person\/3317e0bb3aa1da309fbf7b2780901bf4"},"breadcrumb":{"@id":"https:\/\/www.nettali.com\/2025\/04\/13\/assemblee-generale-thiat-nouveau-coordonnateur-de-y-en-a-marre\/#breadcrumb"},"inLanguage":"fr-FR","potentialAction":[{"@type":"ReadAction","target":["https:\/\/www.nettali.com\/2025\/04\/13\/assemblee-generale-thiat-nouveau-coordonnateur-de-y-en-a-marre\/"]}]},{"@type":"BreadcrumbList","@id":"https:\/\/www.nettali.com\/2025\/04\/13\/assemblee-generale-thiat-nouveau-coordonnateur-de-y-en-a-marre\/#breadcrumb","itemListElement":[{"@type":"ListItem","position":1,"name":"Accueil","item":"https:\/\/www.nettali.com\/"},{"@type":"ListItem","position":2,"name":"ASSEMBLEE G\u00c9N\u00c9RALE - Thiat, nouveau coordonnateur de \"Y en a marre\""}]},{"@type":"Person","@id":"https:\/\/www.nettali.com\/#\/schema\/person\/3317e0bb3aa1da309fbf7b2780901bf4","name":"Daouda","image":{"@type":"ImageObject","@id":"https:\/\/www.nettali.com\/#personlogo","inLanguage":"fr-FR","url":"https:\/\/secure.gravatar.com\/avatar\/8d143b5a49345098ddcfee1c49c2f47c?s=96&d=mm&r=g","contentUrl":"https:\/\/secure.gravatar.com\/avatar\/8d143b5a49345098ddcfee1c49c2f47c?s=96&d=mm&r=g","caption":"Daouda"},"sameAs":["https:\/\/www.nettali.com"]}]}},"_links":{"self":[{"href":"https:\/\/www.nettali.com\/rest\/wp\/v2\/posts\/152310"}],"collection":[{"href":"https:\/\/www.nettali.com\/rest\/wp\/v2\/posts"}],"about":[{"href":"https:\/\/www.nettali.com\/rest\/wp\/v2\/types\/post"}],"author":[{"embeddable":true,"href":"https:\/\/www.nettali.com\/rest\/wp\/v2\/users\/4"}],"replies":[{"embeddable":true,"href":"https:\/\/www.nettali.com\/rest\/wp\/v2\/comments?post=152310"}],"version-history":[{"count":2,"href":"https:\/\/www.nettali.com\/rest\/wp\/v2\/posts\/152310\/revisions"}],"predecessor-version":[{"id":152315,"href":"https:\/\/www.nettali.com\/rest\/wp\/v2\/posts\/152310\/revisions\/152315"}],"wp:featuredmedia":[{"embeddable":true,"href":"https:\/\/www.nettali.com\/rest\/wp\/v2\/media\/152312"}],"wp:attachment":[{"href":"https:\/\/www.nettali.com\/rest\/wp\/v2\/media?parent=152310"}],"wp:term":[{"taxonomy":"category","embeddable":true,"href":"https:\/\/www.nettali.com\/rest\/wp\/v2\/categories?post=152310"},{"taxonomy":"post_tag","embeddable":true,"href":"https:\/\/www.nettali.com\/rest\/wp\/v2\/tags?post=152310"}],"curies":[{"name":"wp","href":"https:\/\/api.w.org\/{rel}","templated":true}]}}