{"id":152187,"date":"2025-04-11T09:06:35","date_gmt":"2025-04-11T09:06:35","guid":{"rendered":"https:\/\/www.nettali.com\/?p=152187"},"modified":"2025-04-11T09:06:35","modified_gmt":"2025-04-11T09:06:35","slug":"real-vinicius-les-saoudiens-bien-recales","status":"publish","type":"post","link":"https:\/\/www.nettali.com\/2025\/04\/11\/real-vinicius-les-saoudiens-bien-recales\/","title":{"rendered":"REAL - Vinicius, les Saoudiens bien recal\u00e9s ?"},"content":{"rendered":"<p><strong>NETTALI.COM -<\/strong> Bient\u00f4t la fin d\u00e9finitive du feuilleton entre l'ailier du Real Madrid Vinicius Junior (24 ans, 44 matchs et 20 buts toutes comp\u00e9titions cette saison) et l'Arabie saoudite ?<\/p>\n<p>Courtis\u00e9 par le pays du Golfe, pr\u00eat \u00e0 lui offrir un contrat d'un milliard d'euros sur cinq ans, le Br\u00e9silien se trouve, comme pressenti, sur le point de repousser cette approche, d'apr\u00e8s la radio Cadena SER. Le num\u00e9ro 7 des Merengue aurait pr\u00e9f\u00e9r\u00e9 un bail plus court, d'une ou deux saisons, mais les Saoudiens ne sont pas enclins \u00e0 consentir des efforts financiers aussi importants sur une p\u00e9riode aussi courte. Puisque les n\u00e9gociations ont \u00e9t\u00e9 bloqu\u00e9es, Vinicius discute d\u00e9sormais avec le Real pour prolonger son contrat actuel, qui expire en juin 2027.<\/p>\n<p>Et un accord pour une extension de deux ou trois saisons semble en bonne voie !<\/p>\n<div class='share-to-whatsapp-wrapper'><div class='share-on-whsp'>PARTAGER SUR : <\/div><a data-text='REAL - Vinicius, les Saoudiens bien recal\u00e9s ?' data-link='https:\/\/www.nettali.com\/2025\/04\/11\/real-vinicius-les-saoudiens-bien-recales\/' class='whatsapp-button whatsapp-share'>WhatsApp<\/a><div class='clear '><\/div><\/div>","protected":false},"excerpt":{"rendered":"<p>NETTALI.COM - Bient\u00f4t la fin d\u00e9finitive du feuilleton entre l'ailier du Real Madrid Vinicius Junior (24 ans, 44 matchs et 20 buts toutes comp\u00e9titions cette saison) et l'Arabie saoudite ? Courtis\u00e9 par le pays du Golfe, pr\u00eat \u00e0 lui offrir un contrat d'un milliard d'euros sur cinq ans, le Br\u00e9silien se trouve, comme pressenti, sur [&hellip;]<\/p>\n","protected":false},"author":2,"featured_media":151443,"comment_status":"open","ping_status":"open","sticky":false,"template":"","format":"standard","meta":{"_et_pb_use_builder":"","_et_pb_old_content":""},"categories":[6],"tags":[],"yoast_head":"<!-- This site is optimized with the Yoast SEO Premium plugin v17.8 (Yoast SEO v17.8) - https:\/\/yoast.com\/wordpress\/plugins\/seo\/ -->\n<title>REAL - Vinicius, les Saoudiens bien recal\u00e9s ? | Nettali.com<\/title>\n<meta name=\"robots\" content=\"index, follow, max-snippet:-1, max-image-preview:large, max-video-preview:-1\" \/>\n<link rel=\"canonical\" href=\"https:\/\/www.nettali.com\/2025\/04\/11\/real-vinicius-les-saoudiens-bien-recales\/\" \/>\n<meta property=\"og:locale\" content=\"fr_FR\" \/>\n<meta property=\"og:type\" content=\"article\" \/>\n<meta property=\"og:title\" content=\"REAL - Vinicius, les Saoudiens bien recal\u00e9s ?\" \/>\n<meta property=\"og:description\" content=\"NETTALI.COM - Bient\u00f4t la fin d\u00e9finitive du feuilleton entre l&#039;ailier du Real Madrid Vinicius Junior (24 ans, 44 matchs et 20 buts toutes comp\u00e9titions cette saison) et l&#039;Arabie saoudite ? Courtis\u00e9 par le pays du Golfe, pr\u00eat \u00e0 lui offrir un contrat d&#039;un milliard d&#039;euros sur cinq ans, le Br\u00e9silien se trouve, comme pressenti, sur [&hellip;]\" \/>\n<meta property=\"og:url\" content=\"https:\/\/www.nettali.com\/2025\/04\/11\/real-vinicius-les-saoudiens-bien-recales\/\" \/>\n<meta property=\"og:site_name\" content=\"Nettali.com\" \/>\n<meta property=\"article:publisher\" content=\"https:\/\/www.facebook.com\/nettalicom\" \/>\n<meta property=\"article:published_time\" content=\"2025-04-11T09:06:35+00:00\" \/>\n<meta property=\"og:image\" content=\"https:\/\/www.nettali.com\/wp-content\/uploads\/2025\/03\/vinicius-junior-real-madrid-2024-2025-1728562846-150927.jpg\" \/>\n\t<meta property=\"og:image:width\" content=\"1002\" \/>\n\t<meta property=\"og:image:height\" content=\"560\" \/>\n<meta name=\"twitter:card\" content=\"summary_large_image\" \/>\n<meta name=\"twitter:label1\" content=\"\u00c9crit par\" \/>\n\t<meta name=\"twitter:data1\" content=\"CK\" \/>\n\t<meta name=\"twitter:label2\" content=\"Dur\u00e9e de lecture estim\u00e9e\" \/>\n\t<meta name=\"twitter:data2\" content=\"1 minute\" \/>\n<script type=\"application\/ld+json\" class=\"yoast-schema-graph\">{\"@context\":\"https:\/\/schema.org\",\"@graph\":[{\"@type\":\"WebSite\",\"@id\":\"https:\/\/www.nettali.com\/#website\",\"url\":\"https:\/\/www.nettali.com\/\",\"name\":\"Nettali.com\",\"description\":\"Le rendez-vous critique du Net\",\"potentialAction\":[{\"@type\":\"SearchAction\",\"target\":{\"@type\":\"EntryPoint\",\"urlTemplate\":\"https:\/\/www.nettali.com\/?s={search_term_string}\"},\"query-input\":\"required name=search_term_string\"}],\"inLanguage\":\"fr-FR\"},{\"@type\":\"ImageObject\",\"@id\":\"https:\/\/www.nettali.com\/2025\/04\/11\/real-vinicius-les-saoudiens-bien-recales\/#primaryimage\",\"inLanguage\":\"fr-FR\",\"url\":\"https:\/\/www.nettali.com\/wp-content\/uploads\/2025\/03\/vinicius-junior-real-madrid-2024-2025-1728562846-150927.jpg\",\"contentUrl\":\"https:\/\/www.nettali.com\/wp-content\/uploads\/2025\/03\/vinicius-junior-real-madrid-2024-2025-1728562846-150927.jpg\",\"width\":1002,\"height\":560},{\"@type\":\"WebPage\",\"@id\":\"https:\/\/www.nettali.com\/2025\/04\/11\/real-vinicius-les-saoudiens-bien-recales\/#webpage\",\"url\":\"https:\/\/www.nettali.com\/2025\/04\/11\/real-vinicius-les-saoudiens-bien-recales\/\",\"name\":\"REAL - Vinicius, les Saoudiens bien recal\\u00e9s ? | Nettali.com\",\"isPartOf\":{\"@id\":\"https:\/\/www.nettali.com\/#website\"},\"primaryImageOfPage\":{\"@id\":\"https:\/\/www.nettali.com\/2025\/04\/11\/real-vinicius-les-saoudiens-bien-recales\/#primaryimage\"},\"datePublished\":\"2025-04-11T09:06:35+00:00\",\"dateModified\":\"2025-04-11T09:06:35+00:00\",\"author\":{\"@id\":\"https:\/\/www.nettali.com\/#\/schema\/person\/d8ac7b7e27ddad43f1c0d2ef090d7f71\"},\"breadcrumb\":{\"@id\":\"https:\/\/www.nettali.com\/2025\/04\/11\/real-vinicius-les-saoudiens-bien-recales\/#breadcrumb\"},\"inLanguage\":\"fr-FR\",\"potentialAction\":[{\"@type\":\"ReadAction\",\"target\":[\"https:\/\/www.nettali.com\/2025\/04\/11\/real-vinicius-les-saoudiens-bien-recales\/\"]}]},{\"@type\":\"BreadcrumbList\",\"@id\":\"https:\/\/www.nettali.com\/2025\/04\/11\/real-vinicius-les-saoudiens-bien-recales\/#breadcrumb\",\"itemListElement\":[{\"@type\":\"ListItem\",\"position\":1,\"name\":\"Accueil\",\"item\":\"https:\/\/www.nettali.com\/\"},{\"@type\":\"ListItem\",\"position\":2,\"name\":\"REAL - Vinicius, les Saoudiens bien recal\\u00e9s ?\"}]},{\"@type\":\"Person\",\"@id\":\"https:\/\/www.nettali.com\/#\/schema\/person\/d8ac7b7e27ddad43f1c0d2ef090d7f71\",\"name\":\"CK\",\"image\":{\"@type\":\"ImageObject\",\"@id\":\"https:\/\/www.nettali.com\/#personlogo\",\"inLanguage\":\"fr-FR\",\"url\":\"https:\/\/secure.gravatar.com\/avatar\/1d8d5118b9327d94da7cd4ce7f17fec2?s=96&d=mm&r=g\",\"contentUrl\":\"https:\/\/secure.gravatar.com\/avatar\/1d8d5118b9327d94da7cd4ce7f17fec2?s=96&d=mm&r=g\",\"caption\":\"CK\"},\"sameAs\":[\"https:\/\/www.nettali.com\"]}]}<\/script>\n<!-- \/ Yoast SEO Premium plugin. -->","yoast_head_json":{"title":"REAL - Vinicius, les Saoudiens bien recal\u00e9s ? | Nettali.com","robots":{"index":"index","follow":"follow","max-snippet":"max-snippet:-1","max-image-preview":"max-image-preview:large","max-video-preview":"max-video-preview:-1"},"canonical":"https:\/\/www.nettali.com\/2025\/04\/11\/real-vinicius-les-saoudiens-bien-recales\/","og_locale":"fr_FR","og_type":"article","og_title":"REAL - Vinicius, les Saoudiens bien recal\u00e9s ?","og_description":"NETTALI.COM - Bient\u00f4t la fin d\u00e9finitive du feuilleton entre l'ailier du Real Madrid Vinicius Junior (24 ans, 44 matchs et 20 buts toutes comp\u00e9titions cette saison) et l'Arabie saoudite ? Courtis\u00e9 par le pays du Golfe, pr\u00eat \u00e0 lui offrir un contrat d'un milliard d'euros sur cinq ans, le Br\u00e9silien se trouve, comme pressenti, sur [&hellip;]","og_url":"https:\/\/www.nettali.com\/2025\/04\/11\/real-vinicius-les-saoudiens-bien-recales\/","og_site_name":"Nettali.com","article_publisher":"https:\/\/www.facebook.com\/nettalicom","article_published_time":"2025-04-11T09:06:35+00:00","og_image":[{"width":1002,"height":560,"url":"https:\/\/www.nettali.com\/wp-content\/uploads\/2025\/03\/vinicius-junior-real-madrid-2024-2025-1728562846-150927.jpg","type":"image\/jpeg"}],"twitter_card":"summary_large_image","twitter_misc":{"\u00c9crit par":"CK","Dur\u00e9e de lecture estim\u00e9e":"1 minute"},"schema":{"@context":"https:\/\/schema.org","@graph":[{"@type":"WebSite","@id":"https:\/\/www.nettali.com\/#website","url":"https:\/\/www.nettali.com\/","name":"Nettali.com","description":"Le rendez-vous critique du Net","potentialAction":[{"@type":"SearchAction","target":{"@type":"EntryPoint","urlTemplate":"https:\/\/www.nettali.com\/?s={search_term_string}"},"query-input":"required name=search_term_string"}],"inLanguage":"fr-FR"},{"@type":"ImageObject","@id":"https:\/\/www.nettali.com\/2025\/04\/11\/real-vinicius-les-saoudiens-bien-recales\/#primaryimage","inLanguage":"fr-FR","url":"https:\/\/www.nettali.com\/wp-content\/uploads\/2025\/03\/vinicius-junior-real-madrid-2024-2025-1728562846-150927.jpg","contentUrl":"https:\/\/www.nettali.com\/wp-content\/uploads\/2025\/03\/vinicius-junior-real-madrid-2024-2025-1728562846-150927.jpg","width":1002,"height":560},{"@type":"WebPage","@id":"https:\/\/www.nettali.com\/2025\/04\/11\/real-vinicius-les-saoudiens-bien-recales\/#webpage","url":"https:\/\/www.nettali.com\/2025\/04\/11\/real-vinicius-les-saoudiens-bien-recales\/","name":"REAL - Vinicius, les Saoudiens bien recal\u00e9s ? | Nettali.com","isPartOf":{"@id":"https:\/\/www.nettali.com\/#website"},"primaryImageOfPage":{"@id":"https:\/\/www.nettali.com\/2025\/04\/11\/real-vinicius-les-saoudiens-bien-recales\/#primaryimage"},"datePublished":"2025-04-11T09:06:35+00:00","dateModified":"2025-04-11T09:06:35+00:00","author":{"@id":"https:\/\/www.nettali.com\/#\/schema\/person\/d8ac7b7e27ddad43f1c0d2ef090d7f71"},"breadcrumb":{"@id":"https:\/\/www.nettali.com\/2025\/04\/11\/real-vinicius-les-saoudiens-bien-recales\/#breadcrumb"},"inLanguage":"fr-FR","potentialAction":[{"@type":"ReadAction","target":["https:\/\/www.nettali.com\/2025\/04\/11\/real-vinicius-les-saoudiens-bien-recales\/"]}]},{"@type":"BreadcrumbList","@id":"https:\/\/www.nettali.com\/2025\/04\/11\/real-vinicius-les-saoudiens-bien-recales\/#breadcrumb","itemListElement":[{"@type":"ListItem","position":1,"name":"Accueil","item":"https:\/\/www.nettali.com\/"},{"@type":"ListItem","position":2,"name":"REAL - Vinicius, les Saoudiens bien recal\u00e9s ?"}]},{"@type":"Person","@id":"https:\/\/www.nettali.com\/#\/schema\/person\/d8ac7b7e27ddad43f1c0d2ef090d7f71","name":"CK","image":{"@type":"ImageObject","@id":"https:\/\/www.nettali.com\/#personlogo","inLanguage":"fr-FR","url":"https:\/\/secure.gravatar.com\/avatar\/1d8d5118b9327d94da7cd4ce7f17fec2?s=96&d=mm&r=g","contentUrl":"https:\/\/secure.gravatar.com\/avatar\/1d8d5118b9327d94da7cd4ce7f17fec2?s=96&d=mm&r=g","caption":"CK"},"sameAs":["https:\/\/www.nettali.com"]}]}},"_links":{"self":[{"href":"https:\/\/www.nettali.com\/rest\/wp\/v2\/posts\/152187"}],"collection":[{"href":"https:\/\/www.nettali.com\/rest\/wp\/v2\/posts"}],"about":[{"href":"https:\/\/www.nettali.com\/rest\/wp\/v2\/types\/post"}],"author":[{"embeddable":true,"href":"https:\/\/www.nettali.com\/rest\/wp\/v2\/users\/2"}],"replies":[{"embeddable":true,"href":"https:\/\/www.nettali.com\/rest\/wp\/v2\/comments?post=152187"}],"version-history":[{"count":1,"href":"https:\/\/www.nettali.com\/rest\/wp\/v2\/posts\/152187\/revisions"}],"predecessor-version":[{"id":152188,"href":"https:\/\/www.nettali.com\/rest\/wp\/v2\/posts\/152187\/revisions\/152188"}],"wp:featuredmedia":[{"embeddable":true,"href":"https:\/\/www.nettali.com\/rest\/wp\/v2\/media\/151443"}],"wp:attachment":[{"href":"https:\/\/www.nettali.com\/rest\/wp\/v2\/media?parent=152187"}],"wp:term":[{"taxonomy":"category","embeddable":true,"href":"https:\/\/www.nettali.com\/rest\/wp\/v2\/categories?post=152187"},{"taxonomy":"post_tag","embeddable":true,"href":"https:\/\/www.nettali.com\/rest\/wp\/v2\/tags?post=152187"}],"curies":[{"name":"wp","href":"https:\/\/api.w.org\/{rel}","templated":true}]}}