{"id":152182,"date":"2025-04-11T08:58:53","date_gmt":"2025-04-11T08:58:53","guid":{"rendered":"https:\/\/www.nettali.com\/?p=152182"},"modified":"2025-04-11T08:58:53","modified_gmt":"2025-04-11T08:58:53","slug":"pour-une-simple-remarque-le-chef-cuisinier-yoro-balde-tabasse-sa-collegue","status":"publish","type":"post","link":"https:\/\/www.nettali.com\/2025\/04\/11\/pour-une-simple-remarque-le-chef-cuisinier-yoro-balde-tabasse-sa-collegue\/","title":{"rendered":"POUR UNE SIMPLE REMARQUE - Le chef cuisinier Yoro Bald\u00e9 tabasse sa coll\u00e8gue"},"content":{"rendered":"<p><strong>NETTALI.COM -\u00a0Yoro Bald\u00e9 s\u2019est laiss\u00e9 emporter par son \u00e9go. Le chef cuisinier n\u2019a pas support\u00e9 qu\u2019une coll\u00e8gue lui fasse une remarque. Une r\u00e9action de trop, des gestes violents et le voil\u00e0 devant la barre du tribunal d\u2019instance de Dakar, poursuivi pour coups et blessures volontaires ayant entra\u00een\u00e9 une incapacit\u00e9 de travail de sept jours.<\/strong><\/p>\n<p>Mari\u00e9 et p\u00e8re de quatre enfants, Yoro Bald\u00e9 n\u2019a pas cherch\u00e9 \u00e0 nier les accusations contre lui. Devant la barre du tribunal d\u2019instance de Dakar, il a assum\u00e9 : \u201c<em>En ouvrant le frigo, je lui ai demand\u00e9 de se d\u00e9placer. Elle n\u2019a pas r\u00e9pondu, alors je l\u2019ai bouscul\u00e9e de mani\u00e8re violente. Je regrette de l\u2019avoir bless\u00e9e<\/em>\u201d, a dit le pr\u00e9venu.<\/p>\n<p>La sc\u00e8ne s\u2019est d\u00e9roul\u00e9e dans les cuisines d\u2019un restaurant chinois. Diari\u00e9tou Mballo, sa coll\u00e8gue, est visiblement encore marqu\u00e9e. \u201c<em>Je suis plus ancienne que lui. Notre patron m\u2019a demand\u00e9 de le coacher. Il a mal pris une remarque que je lui ai faite pendant le service. Depuis, il me faisait la t\u00eate<\/em>\u201d, a-t-elle expliqu\u00e9.<\/p>\n<p>Le lendemain, selon Diari\u00e9tou Mballo, l\u2019ambiance est devenue glaciale. D\u2019apr\u00e8s Mme Mballo, elle l\u2019a salu\u00e9 plusieurs fois sans r\u00e9ponse. Un autre de leurs coll\u00e8gues a demand\u00e9 \u00e0 Yoro de sortir un ingr\u00e9dient du frigo. \u201c<em>Il a ouvert la porti\u00e8re avec une telle violence qu\u2019elle m\u2019a heurt\u00e9e. Quand je lui ai demand\u00e9 pourquoi, il s\u2019est jet\u00e9 sur moi. Il m\u2019a \u00e9trangl\u00e9e. Sans l\u2019intervention de mes coll\u00e8gues, il m\u2019aurait tu\u00e9e<\/em>\u201d, a racont\u00e9 la plaignante.<\/p>\n<p>La d\u00e9l\u00e9gu\u00e9e du procureur de la R\u00e9publique a estim\u00e9 que les faits sont clairs et a demand\u00e9 l\u2019application stricte de la loi. La plaignante a r\u00e9clam\u00e9 400 000 F CFA de dommages et int\u00e9r\u00eats. Du c\u00f4t\u00e9 de la d\u00e9fense, l\u2019avocat a insist\u00e9 sur les remords de son client. \u201c<em>Il a regrett\u00e9 profond\u00e9ment. Il sait qu\u2019il s\u2019est mal comport\u00e9. Ce n\u2019est pas dans ses habitudes. Il a pr\u00e9sent\u00e9 ses excuses. Il esp\u00e8re une indulgence du tribunal et une r\u00e9duction du montant demand\u00e9<\/em>\u201d, a plaid\u00e9 Me Bald\u00e9.<\/p>\n<p>Le verdict sera rendu le 14 avril.<\/p>\n<div class='share-to-whatsapp-wrapper'><div class='share-on-whsp'>PARTAGER SUR : <\/div><a data-text='POUR UNE SIMPLE REMARQUE - Le chef cuisinier Yoro Bald\u00e9 tabasse sa coll\u00e8gue' data-link='https:\/\/www.nettali.com\/2025\/04\/11\/pour-une-simple-remarque-le-chef-cuisinier-yoro-balde-tabasse-sa-collegue\/' class='whatsapp-button whatsapp-share'>WhatsApp<\/a><div class='clear '><\/div><\/div>","protected":false},"excerpt":{"rendered":"<p>NETTALI.COM -\u00a0Yoro Bald\u00e9 s\u2019est laiss\u00e9 emporter par son \u00e9go. Le chef cuisinier n\u2019a pas support\u00e9 qu\u2019une coll\u00e8gue lui fasse une remarque. Une r\u00e9action de trop, des gestes violents et le voil\u00e0 devant la barre du tribunal d\u2019instance de Dakar, poursuivi pour coups et blessures volontaires ayant entra\u00een\u00e9 une incapacit\u00e9 de travail de sept jours. Mari\u00e9 [&hellip;]<\/p>\n","protected":false},"author":2,"featured_media":151453,"comment_status":"open","ping_status":"open","sticky":false,"template":"","format":"standard","meta":{"_et_pb_use_builder":"","_et_pb_old_content":""},"categories":[3],"tags":[],"yoast_head":"<!-- This site is optimized with the Yoast SEO Premium plugin v17.8 (Yoast SEO v17.8) - https:\/\/yoast.com\/wordpress\/plugins\/seo\/ -->\n<title>POUR UNE SIMPLE REMARQUE - Le chef cuisinier Yoro Bald\u00e9 tabasse sa coll\u00e8gue | Nettali.com<\/title>\n<meta name=\"robots\" content=\"index, follow, max-snippet:-1, max-image-preview:large, max-video-preview:-1\" \/>\n<link rel=\"canonical\" href=\"https:\/\/www.nettali.com\/2025\/04\/11\/pour-une-simple-remarque-le-chef-cuisinier-yoro-balde-tabasse-sa-collegue\/\" \/>\n<meta property=\"og:locale\" content=\"fr_FR\" \/>\n<meta property=\"og:type\" content=\"article\" \/>\n<meta property=\"og:title\" content=\"POUR UNE SIMPLE REMARQUE - Le chef cuisinier Yoro Bald\u00e9 tabasse sa coll\u00e8gue\" \/>\n<meta property=\"og:description\" content=\"NETTALI.COM -\u00a0Yoro Bald\u00e9 s\u2019est laiss\u00e9 emporter par son \u00e9go. Le chef cuisinier n\u2019a pas support\u00e9 qu\u2019une coll\u00e8gue lui fasse une remarque. Une r\u00e9action de trop, des gestes violents et le voil\u00e0 devant la barre du tribunal d\u2019instance de Dakar, poursuivi pour coups et blessures volontaires ayant entra\u00een\u00e9 une incapacit\u00e9 de travail de sept jours. Mari\u00e9 [&hellip;]\" \/>\n<meta property=\"og:url\" content=\"https:\/\/www.nettali.com\/2025\/04\/11\/pour-une-simple-remarque-le-chef-cuisinier-yoro-balde-tabasse-sa-collegue\/\" \/>\n<meta property=\"og:site_name\" content=\"Nettali.com\" \/>\n<meta property=\"article:publisher\" content=\"https:\/\/www.facebook.com\/nettalicom\" \/>\n<meta property=\"article:published_time\" content=\"2025-04-11T08:58:53+00:00\" \/>\n<meta property=\"og:image\" content=\"https:\/\/www.nettali.com\/wp-content\/uploads\/2025\/03\/92100100_senegaljustice-1.jpg\" \/>\n\t<meta property=\"og:image:width\" content=\"976\" \/>\n\t<meta property=\"og:image:height\" content=\"549\" \/>\n<meta name=\"twitter:card\" content=\"summary_large_image\" \/>\n<meta name=\"twitter:label1\" content=\"\u00c9crit par\" \/>\n\t<meta name=\"twitter:data1\" content=\"CK\" \/>\n\t<meta name=\"twitter:label2\" content=\"Dur\u00e9e de lecture estim\u00e9e\" \/>\n\t<meta name=\"twitter:data2\" content=\"2 minutes\" \/>\n<script type=\"application\/ld+json\" class=\"yoast-schema-graph\">{\"@context\":\"https:\/\/schema.org\",\"@graph\":[{\"@type\":\"WebSite\",\"@id\":\"https:\/\/www.nettali.com\/#website\",\"url\":\"https:\/\/www.nettali.com\/\",\"name\":\"Nettali.com\",\"description\":\"Le rendez-vous critique du Net\",\"potentialAction\":[{\"@type\":\"SearchAction\",\"target\":{\"@type\":\"EntryPoint\",\"urlTemplate\":\"https:\/\/www.nettali.com\/?s={search_term_string}\"},\"query-input\":\"required name=search_term_string\"}],\"inLanguage\":\"fr-FR\"},{\"@type\":\"ImageObject\",\"@id\":\"https:\/\/www.nettali.com\/2025\/04\/11\/pour-une-simple-remarque-le-chef-cuisinier-yoro-balde-tabasse-sa-collegue\/#primaryimage\",\"inLanguage\":\"fr-FR\",\"url\":\"https:\/\/www.nettali.com\/wp-content\/uploads\/2025\/03\/92100100_senegaljustice-1.jpg\",\"contentUrl\":\"https:\/\/www.nettali.com\/wp-content\/uploads\/2025\/03\/92100100_senegaljustice-1.jpg\",\"width\":976,\"height\":549},{\"@type\":\"WebPage\",\"@id\":\"https:\/\/www.nettali.com\/2025\/04\/11\/pour-une-simple-remarque-le-chef-cuisinier-yoro-balde-tabasse-sa-collegue\/#webpage\",\"url\":\"https:\/\/www.nettali.com\/2025\/04\/11\/pour-une-simple-remarque-le-chef-cuisinier-yoro-balde-tabasse-sa-collegue\/\",\"name\":\"POUR UNE SIMPLE REMARQUE - Le chef cuisinier Yoro Bald\\u00e9 tabasse sa coll\\u00e8gue | Nettali.com\",\"isPartOf\":{\"@id\":\"https:\/\/www.nettali.com\/#website\"},\"primaryImageOfPage\":{\"@id\":\"https:\/\/www.nettali.com\/2025\/04\/11\/pour-une-simple-remarque-le-chef-cuisinier-yoro-balde-tabasse-sa-collegue\/#primaryimage\"},\"datePublished\":\"2025-04-11T08:58:53+00:00\",\"dateModified\":\"2025-04-11T08:58:53+00:00\",\"author\":{\"@id\":\"https:\/\/www.nettali.com\/#\/schema\/person\/d8ac7b7e27ddad43f1c0d2ef090d7f71\"},\"breadcrumb\":{\"@id\":\"https:\/\/www.nettali.com\/2025\/04\/11\/pour-une-simple-remarque-le-chef-cuisinier-yoro-balde-tabasse-sa-collegue\/#breadcrumb\"},\"inLanguage\":\"fr-FR\",\"potentialAction\":[{\"@type\":\"ReadAction\",\"target\":[\"https:\/\/www.nettali.com\/2025\/04\/11\/pour-une-simple-remarque-le-chef-cuisinier-yoro-balde-tabasse-sa-collegue\/\"]}]},{\"@type\":\"BreadcrumbList\",\"@id\":\"https:\/\/www.nettali.com\/2025\/04\/11\/pour-une-simple-remarque-le-chef-cuisinier-yoro-balde-tabasse-sa-collegue\/#breadcrumb\",\"itemListElement\":[{\"@type\":\"ListItem\",\"position\":1,\"name\":\"Accueil\",\"item\":\"https:\/\/www.nettali.com\/\"},{\"@type\":\"ListItem\",\"position\":2,\"name\":\"POUR UNE SIMPLE REMARQUE - Le chef cuisinier Yoro Bald\\u00e9 tabasse sa coll\\u00e8gue\"}]},{\"@type\":\"Person\",\"@id\":\"https:\/\/www.nettali.com\/#\/schema\/person\/d8ac7b7e27ddad43f1c0d2ef090d7f71\",\"name\":\"CK\",\"image\":{\"@type\":\"ImageObject\",\"@id\":\"https:\/\/www.nettali.com\/#personlogo\",\"inLanguage\":\"fr-FR\",\"url\":\"https:\/\/secure.gravatar.com\/avatar\/1d8d5118b9327d94da7cd4ce7f17fec2?s=96&d=mm&r=g\",\"contentUrl\":\"https:\/\/secure.gravatar.com\/avatar\/1d8d5118b9327d94da7cd4ce7f17fec2?s=96&d=mm&r=g\",\"caption\":\"CK\"},\"sameAs\":[\"https:\/\/www.nettali.com\"]}]}<\/script>\n<!-- \/ Yoast SEO Premium plugin. -->","yoast_head_json":{"title":"POUR UNE SIMPLE REMARQUE - Le chef cuisinier Yoro Bald\u00e9 tabasse sa coll\u00e8gue | Nettali.com","robots":{"index":"index","follow":"follow","max-snippet":"max-snippet:-1","max-image-preview":"max-image-preview:large","max-video-preview":"max-video-preview:-1"},"canonical":"https:\/\/www.nettali.com\/2025\/04\/11\/pour-une-simple-remarque-le-chef-cuisinier-yoro-balde-tabasse-sa-collegue\/","og_locale":"fr_FR","og_type":"article","og_title":"POUR UNE SIMPLE REMARQUE - Le chef cuisinier Yoro Bald\u00e9 tabasse sa coll\u00e8gue","og_description":"NETTALI.COM -\u00a0Yoro Bald\u00e9 s\u2019est laiss\u00e9 emporter par son \u00e9go. Le chef cuisinier n\u2019a pas support\u00e9 qu\u2019une coll\u00e8gue lui fasse une remarque. Une r\u00e9action de trop, des gestes violents et le voil\u00e0 devant la barre du tribunal d\u2019instance de Dakar, poursuivi pour coups et blessures volontaires ayant entra\u00een\u00e9 une incapacit\u00e9 de travail de sept jours. Mari\u00e9 [&hellip;]","og_url":"https:\/\/www.nettali.com\/2025\/04\/11\/pour-une-simple-remarque-le-chef-cuisinier-yoro-balde-tabasse-sa-collegue\/","og_site_name":"Nettali.com","article_publisher":"https:\/\/www.facebook.com\/nettalicom","article_published_time":"2025-04-11T08:58:53+00:00","og_image":[{"width":976,"height":549,"url":"https:\/\/www.nettali.com\/wp-content\/uploads\/2025\/03\/92100100_senegaljustice-1.jpg","type":"image\/jpeg"}],"twitter_card":"summary_large_image","twitter_misc":{"\u00c9crit par":"CK","Dur\u00e9e de lecture estim\u00e9e":"2 minutes"},"schema":{"@context":"https:\/\/schema.org","@graph":[{"@type":"WebSite","@id":"https:\/\/www.nettali.com\/#website","url":"https:\/\/www.nettali.com\/","name":"Nettali.com","description":"Le rendez-vous critique du Net","potentialAction":[{"@type":"SearchAction","target":{"@type":"EntryPoint","urlTemplate":"https:\/\/www.nettali.com\/?s={search_term_string}"},"query-input":"required name=search_term_string"}],"inLanguage":"fr-FR"},{"@type":"ImageObject","@id":"https:\/\/www.nettali.com\/2025\/04\/11\/pour-une-simple-remarque-le-chef-cuisinier-yoro-balde-tabasse-sa-collegue\/#primaryimage","inLanguage":"fr-FR","url":"https:\/\/www.nettali.com\/wp-content\/uploads\/2025\/03\/92100100_senegaljustice-1.jpg","contentUrl":"https:\/\/www.nettali.com\/wp-content\/uploads\/2025\/03\/92100100_senegaljustice-1.jpg","width":976,"height":549},{"@type":"WebPage","@id":"https:\/\/www.nettali.com\/2025\/04\/11\/pour-une-simple-remarque-le-chef-cuisinier-yoro-balde-tabasse-sa-collegue\/#webpage","url":"https:\/\/www.nettali.com\/2025\/04\/11\/pour-une-simple-remarque-le-chef-cuisinier-yoro-balde-tabasse-sa-collegue\/","name":"POUR UNE SIMPLE REMARQUE - Le chef cuisinier Yoro Bald\u00e9 tabasse sa coll\u00e8gue | Nettali.com","isPartOf":{"@id":"https:\/\/www.nettali.com\/#website"},"primaryImageOfPage":{"@id":"https:\/\/www.nettali.com\/2025\/04\/11\/pour-une-simple-remarque-le-chef-cuisinier-yoro-balde-tabasse-sa-collegue\/#primaryimage"},"datePublished":"2025-04-11T08:58:53+00:00","dateModified":"2025-04-11T08:58:53+00:00","author":{"@id":"https:\/\/www.nettali.com\/#\/schema\/person\/d8ac7b7e27ddad43f1c0d2ef090d7f71"},"breadcrumb":{"@id":"https:\/\/www.nettali.com\/2025\/04\/11\/pour-une-simple-remarque-le-chef-cuisinier-yoro-balde-tabasse-sa-collegue\/#breadcrumb"},"inLanguage":"fr-FR","potentialAction":[{"@type":"ReadAction","target":["https:\/\/www.nettali.com\/2025\/04\/11\/pour-une-simple-remarque-le-chef-cuisinier-yoro-balde-tabasse-sa-collegue\/"]}]},{"@type":"BreadcrumbList","@id":"https:\/\/www.nettali.com\/2025\/04\/11\/pour-une-simple-remarque-le-chef-cuisinier-yoro-balde-tabasse-sa-collegue\/#breadcrumb","itemListElement":[{"@type":"ListItem","position":1,"name":"Accueil","item":"https:\/\/www.nettali.com\/"},{"@type":"ListItem","position":2,"name":"POUR UNE SIMPLE REMARQUE - Le chef cuisinier Yoro Bald\u00e9 tabasse sa coll\u00e8gue"}]},{"@type":"Person","@id":"https:\/\/www.nettali.com\/#\/schema\/person\/d8ac7b7e27ddad43f1c0d2ef090d7f71","name":"CK","image":{"@type":"ImageObject","@id":"https:\/\/www.nettali.com\/#personlogo","inLanguage":"fr-FR","url":"https:\/\/secure.gravatar.com\/avatar\/1d8d5118b9327d94da7cd4ce7f17fec2?s=96&d=mm&r=g","contentUrl":"https:\/\/secure.gravatar.com\/avatar\/1d8d5118b9327d94da7cd4ce7f17fec2?s=96&d=mm&r=g","caption":"CK"},"sameAs":["https:\/\/www.nettali.com"]}]}},"_links":{"self":[{"href":"https:\/\/www.nettali.com\/rest\/wp\/v2\/posts\/152182"}],"collection":[{"href":"https:\/\/www.nettali.com\/rest\/wp\/v2\/posts"}],"about":[{"href":"https:\/\/www.nettali.com\/rest\/wp\/v2\/types\/post"}],"author":[{"embeddable":true,"href":"https:\/\/www.nettali.com\/rest\/wp\/v2\/users\/2"}],"replies":[{"embeddable":true,"href":"https:\/\/www.nettali.com\/rest\/wp\/v2\/comments?post=152182"}],"version-history":[{"count":1,"href":"https:\/\/www.nettali.com\/rest\/wp\/v2\/posts\/152182\/revisions"}],"predecessor-version":[{"id":152183,"href":"https:\/\/www.nettali.com\/rest\/wp\/v2\/posts\/152182\/revisions\/152183"}],"wp:featuredmedia":[{"embeddable":true,"href":"https:\/\/www.nettali.com\/rest\/wp\/v2\/media\/151453"}],"wp:attachment":[{"href":"https:\/\/www.nettali.com\/rest\/wp\/v2\/media?parent=152182"}],"wp:term":[{"taxonomy":"category","embeddable":true,"href":"https:\/\/www.nettali.com\/rest\/wp\/v2\/categories?post=152182"},{"taxonomy":"post_tag","embeddable":true,"href":"https:\/\/www.nettali.com\/rest\/wp\/v2\/tags?post=152182"}],"curies":[{"name":"wp","href":"https:\/\/api.w.org\/{rel}","templated":true}]}}