{"id":152166,"date":"2025-04-11T08:26:09","date_gmt":"2025-04-11T08:26:09","guid":{"rendered":"https:\/\/www.nettali.com\/?p=152166"},"modified":"2025-04-11T08:26:09","modified_gmt":"2025-04-11T08:26:09","slug":"drame-a-la-cite-keur-goor-gui-un-mois-ferme-pour-le-patron-et-le-courtier-des-trois-ouvriers-decedes","status":"publish","type":"post","link":"https:\/\/www.nettali.com\/2025\/04\/11\/drame-a-la-cite-keur-goor-gui-un-mois-ferme-pour-le-patron-et-le-courtier-des-trois-ouvriers-decedes\/","title":{"rendered":"DRAME A LA CITE KEUR GOOR GUI - Un mois ferme pour le patron et le courtier des trois ouvriers d\u00e9c\u00e9d\u00e9s"},"content":{"rendered":"<p><strong>NETTALI.COM - Le tribunal des flagrants d\u00e9lits de Dakar a rendu son verdict dans l\u2019affaire de la chute mortelle de trois ouvriers \u00e0 la Cit\u00e9 Keur Gorgui. <\/strong><\/p>\n<p>Le juge a relax\u00e9 Lamine Kane, propri\u00e9taire de la nacelle, de toutes les charges retenues contre lui. Amar Fall Diakhoumpa, dit Eumeu, courtier, et Ousmane Diouf, peintre, ont \u00e9t\u00e9 relax\u00e9 du d\u00e9lit de mise en danger de la vie d\u2019autrui, mais sont reconnus coupables d\u2019homicide involontaire.<\/p>\n<p>Ils ont \u00e9t\u00e9 condamn\u00e9s \u00e0 un mois de prison ferme chacun, assorti pour Amar Fall d\u2019une amende d\u2019un million de FCFA.<\/p>\n<p>Les int\u00e9r\u00eats civils r\u00e9clam\u00e9s par les familles des victimes lors du proc\u00e8s, ont \u00e9t\u00e9 r\u00e9serv\u00e9s, et la contrainte par corps fix\u00e9e au maximum.<\/p>\n<p>Lors de l\u2019audience du 3 avril, le procureur de la R\u00e9publique avait requis deux ans de prison ferme et une amende d\u2019un million de FCFA contre les trois pr\u00e9venus, poursuivis pour homicide involontaire et mise en danger de la vie d\u2019autrui.<\/p>\n<p>Pour rappel, les pr\u00e9venus ont \u00e9t\u00e9 arr\u00eat\u00e9s, suite \u00e0 la mort de trois ouvriers, le 11 mars 2025 apr\u00e8s une chute accidentelle depuis un b\u00e2timent R+10-1 en construction \u00e0 la cit\u00e9 Keur Gorgui, situ\u00e9e derri\u00e8re la Sonatel sur la VDN.<\/p>\n<p>Deux ouvriers \u00e9taient d\u00e9c\u00e9d\u00e9s sur le coup, tandis que le troisi\u00e8me a succomb\u00e9 \u00e0 ses blessures lors de son \u00e9vacuation.<\/p>\n<div class='share-to-whatsapp-wrapper'><div class='share-on-whsp'>PARTAGER SUR : <\/div><a data-text='DRAME A LA CITE KEUR GOOR GUI - Un mois ferme pour le patron et le courtier des trois ouvriers d\u00e9c\u00e9d\u00e9s' data-link='https:\/\/www.nettali.com\/2025\/04\/11\/drame-a-la-cite-keur-goor-gui-un-mois-ferme-pour-le-patron-et-le-courtier-des-trois-ouvriers-decedes\/' class='whatsapp-button whatsapp-share'>WhatsApp<\/a><div class='clear '><\/div><\/div>","protected":false},"excerpt":{"rendered":"<p>NETTALI.COM - Le tribunal des flagrants d\u00e9lits de Dakar a rendu son verdict dans l\u2019affaire de la chute mortelle de trois ouvriers \u00e0 la Cit\u00e9 Keur Gorgui. Le juge a relax\u00e9 Lamine Kane, propri\u00e9taire de la nacelle, de toutes les charges retenues contre lui. Amar Fall Diakhoumpa, dit Eumeu, courtier, et Ousmane Diouf, peintre, ont [&hellip;]<\/p>\n","protected":false},"author":6,"featured_media":142213,"comment_status":"open","ping_status":"open","sticky":false,"template":"","format":"standard","meta":{"_et_pb_use_builder":"","_et_pb_old_content":""},"categories":[3],"tags":[],"yoast_head":"<!-- This site is optimized with the Yoast SEO Premium plugin v17.8 (Yoast SEO v17.8) - https:\/\/yoast.com\/wordpress\/plugins\/seo\/ -->\n<title>DRAME A LA CITE KEUR GOOR GUI - Un mois ferme pour le patron et le courtier des trois ouvriers d\u00e9c\u00e9d\u00e9s | Nettali.com<\/title>\n<meta name=\"robots\" content=\"index, follow, max-snippet:-1, max-image-preview:large, max-video-preview:-1\" \/>\n<link rel=\"canonical\" href=\"https:\/\/www.nettali.com\/2025\/04\/11\/drame-a-la-cite-keur-goor-gui-un-mois-ferme-pour-le-patron-et-le-courtier-des-trois-ouvriers-decedes\/\" \/>\n<meta property=\"og:locale\" content=\"fr_FR\" \/>\n<meta property=\"og:type\" content=\"article\" \/>\n<meta property=\"og:title\" content=\"DRAME A LA CITE KEUR GOOR GUI - Un mois ferme pour le patron et le courtier des trois ouvriers d\u00e9c\u00e9d\u00e9s\" \/>\n<meta property=\"og:description\" content=\"NETTALI.COM - Le tribunal des flagrants d\u00e9lits de Dakar a rendu son verdict dans l\u2019affaire de la chute mortelle de trois ouvriers \u00e0 la Cit\u00e9 Keur Gorgui. Le juge a relax\u00e9 Lamine Kane, propri\u00e9taire de la nacelle, de toutes les charges retenues contre lui. Amar Fall Diakhoumpa, dit Eumeu, courtier, et Ousmane Diouf, peintre, ont [&hellip;]\" \/>\n<meta property=\"og:url\" content=\"https:\/\/www.nettali.com\/2025\/04\/11\/drame-a-la-cite-keur-goor-gui-un-mois-ferme-pour-le-patron-et-le-courtier-des-trois-ouvriers-decedes\/\" \/>\n<meta property=\"og:site_name\" content=\"Nettali.com\" \/>\n<meta property=\"article:publisher\" content=\"https:\/\/www.facebook.com\/nettalicom\" \/>\n<meta property=\"article:published_time\" content=\"2025-04-11T08:26:09+00:00\" \/>\n<meta property=\"og:image\" content=\"https:\/\/www.nettali.com\/wp-content\/uploads\/2024\/10\/Tribunal-de-Dakar-Senega.jpg\" \/>\n\t<meta property=\"og:image:width\" content=\"700\" \/>\n\t<meta property=\"og:image:height\" content=\"467\" \/>\n<meta name=\"twitter:card\" content=\"summary_large_image\" \/>\n<meta name=\"twitter:label1\" content=\"\u00c9crit par\" \/>\n\t<meta name=\"twitter:data1\" content=\"Fatou\" \/>\n\t<meta name=\"twitter:label2\" content=\"Dur\u00e9e de lecture estim\u00e9e\" \/>\n\t<meta name=\"twitter:data2\" content=\"2 minutes\" \/>\n<script type=\"application\/ld+json\" class=\"yoast-schema-graph\">{\"@context\":\"https:\/\/schema.org\",\"@graph\":[{\"@type\":\"WebSite\",\"@id\":\"https:\/\/www.nettali.com\/#website\",\"url\":\"https:\/\/www.nettali.com\/\",\"name\":\"Nettali.com\",\"description\":\"Le rendez-vous critique du Net\",\"potentialAction\":[{\"@type\":\"SearchAction\",\"target\":{\"@type\":\"EntryPoint\",\"urlTemplate\":\"https:\/\/www.nettali.com\/?s={search_term_string}\"},\"query-input\":\"required name=search_term_string\"}],\"inLanguage\":\"fr-FR\"},{\"@type\":\"ImageObject\",\"@id\":\"https:\/\/www.nettali.com\/2025\/04\/11\/drame-a-la-cite-keur-goor-gui-un-mois-ferme-pour-le-patron-et-le-courtier-des-trois-ouvriers-decedes\/#primaryimage\",\"inLanguage\":\"fr-FR\",\"url\":\"https:\/\/www.nettali.com\/wp-content\/uploads\/2024\/10\/Tribunal-de-Dakar-Senega.jpg\",\"contentUrl\":\"https:\/\/www.nettali.com\/wp-content\/uploads\/2024\/10\/Tribunal-de-Dakar-Senega.jpg\",\"width\":700,\"height\":467},{\"@type\":\"WebPage\",\"@id\":\"https:\/\/www.nettali.com\/2025\/04\/11\/drame-a-la-cite-keur-goor-gui-un-mois-ferme-pour-le-patron-et-le-courtier-des-trois-ouvriers-decedes\/#webpage\",\"url\":\"https:\/\/www.nettali.com\/2025\/04\/11\/drame-a-la-cite-keur-goor-gui-un-mois-ferme-pour-le-patron-et-le-courtier-des-trois-ouvriers-decedes\/\",\"name\":\"DRAME A LA CITE KEUR GOOR GUI - Un mois ferme pour le patron et le courtier des trois ouvriers d\\u00e9c\\u00e9d\\u00e9s | Nettali.com\",\"isPartOf\":{\"@id\":\"https:\/\/www.nettali.com\/#website\"},\"primaryImageOfPage\":{\"@id\":\"https:\/\/www.nettali.com\/2025\/04\/11\/drame-a-la-cite-keur-goor-gui-un-mois-ferme-pour-le-patron-et-le-courtier-des-trois-ouvriers-decedes\/#primaryimage\"},\"datePublished\":\"2025-04-11T08:26:09+00:00\",\"dateModified\":\"2025-04-11T08:26:09+00:00\",\"author\":{\"@id\":\"https:\/\/www.nettali.com\/#\/schema\/person\/418274a86bdf87caff7a3ef476bd0bbf\"},\"breadcrumb\":{\"@id\":\"https:\/\/www.nettali.com\/2025\/04\/11\/drame-a-la-cite-keur-goor-gui-un-mois-ferme-pour-le-patron-et-le-courtier-des-trois-ouvriers-decedes\/#breadcrumb\"},\"inLanguage\":\"fr-FR\",\"potentialAction\":[{\"@type\":\"ReadAction\",\"target\":[\"https:\/\/www.nettali.com\/2025\/04\/11\/drame-a-la-cite-keur-goor-gui-un-mois-ferme-pour-le-patron-et-le-courtier-des-trois-ouvriers-decedes\/\"]}]},{\"@type\":\"BreadcrumbList\",\"@id\":\"https:\/\/www.nettali.com\/2025\/04\/11\/drame-a-la-cite-keur-goor-gui-un-mois-ferme-pour-le-patron-et-le-courtier-des-trois-ouvriers-decedes\/#breadcrumb\",\"itemListElement\":[{\"@type\":\"ListItem\",\"position\":1,\"name\":\"Accueil\",\"item\":\"https:\/\/www.nettali.com\/\"},{\"@type\":\"ListItem\",\"position\":2,\"name\":\"DRAME A LA CITE KEUR GOOR GUI - Un mois ferme pour le patron et le courtier des trois ouvriers d\\u00e9c\\u00e9d\\u00e9s\"}]},{\"@type\":\"Person\",\"@id\":\"https:\/\/www.nettali.com\/#\/schema\/person\/418274a86bdf87caff7a3ef476bd0bbf\",\"name\":\"Fatou\",\"image\":{\"@type\":\"ImageObject\",\"@id\":\"https:\/\/www.nettali.com\/#personlogo\",\"inLanguage\":\"fr-FR\",\"url\":\"https:\/\/secure.gravatar.com\/avatar\/5a9442a2bee7b4dcf167cab035858e9a?s=96&d=mm&r=g\",\"contentUrl\":\"https:\/\/secure.gravatar.com\/avatar\/5a9442a2bee7b4dcf167cab035858e9a?s=96&d=mm&r=g\",\"caption\":\"Fatou\"},\"sameAs\":[\"https:\/\/www.nettali.com\"]}]}<\/script>\n<!-- \/ Yoast SEO Premium plugin. -->","yoast_head_json":{"title":"DRAME A LA CITE KEUR GOOR GUI - Un mois ferme pour le patron et le courtier des trois ouvriers d\u00e9c\u00e9d\u00e9s | Nettali.com","robots":{"index":"index","follow":"follow","max-snippet":"max-snippet:-1","max-image-preview":"max-image-preview:large","max-video-preview":"max-video-preview:-1"},"canonical":"https:\/\/www.nettali.com\/2025\/04\/11\/drame-a-la-cite-keur-goor-gui-un-mois-ferme-pour-le-patron-et-le-courtier-des-trois-ouvriers-decedes\/","og_locale":"fr_FR","og_type":"article","og_title":"DRAME A LA CITE KEUR GOOR GUI - Un mois ferme pour le patron et le courtier des trois ouvriers d\u00e9c\u00e9d\u00e9s","og_description":"NETTALI.COM - Le tribunal des flagrants d\u00e9lits de Dakar a rendu son verdict dans l\u2019affaire de la chute mortelle de trois ouvriers \u00e0 la Cit\u00e9 Keur Gorgui. Le juge a relax\u00e9 Lamine Kane, propri\u00e9taire de la nacelle, de toutes les charges retenues contre lui. Amar Fall Diakhoumpa, dit Eumeu, courtier, et Ousmane Diouf, peintre, ont [&hellip;]","og_url":"https:\/\/www.nettali.com\/2025\/04\/11\/drame-a-la-cite-keur-goor-gui-un-mois-ferme-pour-le-patron-et-le-courtier-des-trois-ouvriers-decedes\/","og_site_name":"Nettali.com","article_publisher":"https:\/\/www.facebook.com\/nettalicom","article_published_time":"2025-04-11T08:26:09+00:00","og_image":[{"width":700,"height":467,"url":"https:\/\/www.nettali.com\/wp-content\/uploads\/2024\/10\/Tribunal-de-Dakar-Senega.jpg","type":"image\/jpeg"}],"twitter_card":"summary_large_image","twitter_misc":{"\u00c9crit par":"Fatou","Dur\u00e9e de lecture estim\u00e9e":"2 minutes"},"schema":{"@context":"https:\/\/schema.org","@graph":[{"@type":"WebSite","@id":"https:\/\/www.nettali.com\/#website","url":"https:\/\/www.nettali.com\/","name":"Nettali.com","description":"Le rendez-vous critique du Net","potentialAction":[{"@type":"SearchAction","target":{"@type":"EntryPoint","urlTemplate":"https:\/\/www.nettali.com\/?s={search_term_string}"},"query-input":"required name=search_term_string"}],"inLanguage":"fr-FR"},{"@type":"ImageObject","@id":"https:\/\/www.nettali.com\/2025\/04\/11\/drame-a-la-cite-keur-goor-gui-un-mois-ferme-pour-le-patron-et-le-courtier-des-trois-ouvriers-decedes\/#primaryimage","inLanguage":"fr-FR","url":"https:\/\/www.nettali.com\/wp-content\/uploads\/2024\/10\/Tribunal-de-Dakar-Senega.jpg","contentUrl":"https:\/\/www.nettali.com\/wp-content\/uploads\/2024\/10\/Tribunal-de-Dakar-Senega.jpg","width":700,"height":467},{"@type":"WebPage","@id":"https:\/\/www.nettali.com\/2025\/04\/11\/drame-a-la-cite-keur-goor-gui-un-mois-ferme-pour-le-patron-et-le-courtier-des-trois-ouvriers-decedes\/#webpage","url":"https:\/\/www.nettali.com\/2025\/04\/11\/drame-a-la-cite-keur-goor-gui-un-mois-ferme-pour-le-patron-et-le-courtier-des-trois-ouvriers-decedes\/","name":"DRAME A LA CITE KEUR GOOR GUI - Un mois ferme pour le patron et le courtier des trois ouvriers d\u00e9c\u00e9d\u00e9s | Nettali.com","isPartOf":{"@id":"https:\/\/www.nettali.com\/#website"},"primaryImageOfPage":{"@id":"https:\/\/www.nettali.com\/2025\/04\/11\/drame-a-la-cite-keur-goor-gui-un-mois-ferme-pour-le-patron-et-le-courtier-des-trois-ouvriers-decedes\/#primaryimage"},"datePublished":"2025-04-11T08:26:09+00:00","dateModified":"2025-04-11T08:26:09+00:00","author":{"@id":"https:\/\/www.nettali.com\/#\/schema\/person\/418274a86bdf87caff7a3ef476bd0bbf"},"breadcrumb":{"@id":"https:\/\/www.nettali.com\/2025\/04\/11\/drame-a-la-cite-keur-goor-gui-un-mois-ferme-pour-le-patron-et-le-courtier-des-trois-ouvriers-decedes\/#breadcrumb"},"inLanguage":"fr-FR","potentialAction":[{"@type":"ReadAction","target":["https:\/\/www.nettali.com\/2025\/04\/11\/drame-a-la-cite-keur-goor-gui-un-mois-ferme-pour-le-patron-et-le-courtier-des-trois-ouvriers-decedes\/"]}]},{"@type":"BreadcrumbList","@id":"https:\/\/www.nettali.com\/2025\/04\/11\/drame-a-la-cite-keur-goor-gui-un-mois-ferme-pour-le-patron-et-le-courtier-des-trois-ouvriers-decedes\/#breadcrumb","itemListElement":[{"@type":"ListItem","position":1,"name":"Accueil","item":"https:\/\/www.nettali.com\/"},{"@type":"ListItem","position":2,"name":"DRAME A LA CITE KEUR GOOR GUI - Un mois ferme pour le patron et le courtier des trois ouvriers d\u00e9c\u00e9d\u00e9s"}]},{"@type":"Person","@id":"https:\/\/www.nettali.com\/#\/schema\/person\/418274a86bdf87caff7a3ef476bd0bbf","name":"Fatou","image":{"@type":"ImageObject","@id":"https:\/\/www.nettali.com\/#personlogo","inLanguage":"fr-FR","url":"https:\/\/secure.gravatar.com\/avatar\/5a9442a2bee7b4dcf167cab035858e9a?s=96&d=mm&r=g","contentUrl":"https:\/\/secure.gravatar.com\/avatar\/5a9442a2bee7b4dcf167cab035858e9a?s=96&d=mm&r=g","caption":"Fatou"},"sameAs":["https:\/\/www.nettali.com"]}]}},"_links":{"self":[{"href":"https:\/\/www.nettali.com\/rest\/wp\/v2\/posts\/152166"}],"collection":[{"href":"https:\/\/www.nettali.com\/rest\/wp\/v2\/posts"}],"about":[{"href":"https:\/\/www.nettali.com\/rest\/wp\/v2\/types\/post"}],"author":[{"embeddable":true,"href":"https:\/\/www.nettali.com\/rest\/wp\/v2\/users\/6"}],"replies":[{"embeddable":true,"href":"https:\/\/www.nettali.com\/rest\/wp\/v2\/comments?post=152166"}],"version-history":[{"count":3,"href":"https:\/\/www.nettali.com\/rest\/wp\/v2\/posts\/152166\/revisions"}],"predecessor-version":[{"id":152169,"href":"https:\/\/www.nettali.com\/rest\/wp\/v2\/posts\/152166\/revisions\/152169"}],"wp:featuredmedia":[{"embeddable":true,"href":"https:\/\/www.nettali.com\/rest\/wp\/v2\/media\/142213"}],"wp:attachment":[{"href":"https:\/\/www.nettali.com\/rest\/wp\/v2\/media?parent=152166"}],"wp:term":[{"taxonomy":"category","embeddable":true,"href":"https:\/\/www.nettali.com\/rest\/wp\/v2\/categories?post=152166"},{"taxonomy":"post_tag","embeddable":true,"href":"https:\/\/www.nettali.com\/rest\/wp\/v2\/tags?post=152166"}],"curies":[{"name":"wp","href":"https:\/\/api.w.org\/{rel}","templated":true}]}}