{"id":152097,"date":"2025-04-09T17:08:19","date_gmt":"2025-04-09T17:08:19","guid":{"rendered":"https:\/\/www.nettali.com\/?p=152097"},"modified":"2025-04-10T23:34:05","modified_gmt":"2025-04-10T23:34:05","slug":"loi-interpretative-de-lamnistie-un-recours-en-inconstitutionnalite-depose-au-conseil-constitutionnel","status":"publish","type":"post","link":"https:\/\/www.nettali.com\/2025\/04\/09\/loi-interpretative-de-lamnistie-un-recours-en-inconstitutionnalite-depose-au-conseil-constitutionnel\/","title":{"rendered":"LOI INTERPRETATIVE DE L'AMNISTIE - Un recours en inconstitutionnalit\u00e9 d\u00e9pos\u00e9 au Conseil constitutionnel"},"content":{"rendered":"<p><strong>NETTALI.COM - Vingt-trois d\u00e9put\u00e9s membres du groupe de l\u2019opposition et de celui des non inscrits ont introduit, mercredi, aupr\u00e8s du Conseil constitutionnel, un recours en inconstitutionnalit\u00e9 contre la loi interpr\u00e9tative de la loi d\u2019amnistie du 13 mars 2024.<\/strong><\/p>\n<p>Le document, largement relay\u00e9 dans les r\u00e9seaux sociaux, porte la mention : \u201dRecours en inconstitutionnalit\u00e9 contre la loi N\u00b0 08\/25 de l\u2019Assembl\u00e9e nationale du 02\/04\/2025 portant interpr\u00e9tation de la loi N\u00b02024-09 du 13 mars 2024 portant amnistie\u201d.<\/p>\n<p>Les d\u00e9put\u00e9s du groupe parlementaire Takku Wallu (opposition), \u00e0 l\u2019origine de la requ\u00eate, ont, entretemps, re\u00e7u le soutien de leurs coll\u00e8gues non-inscrits Anta Babacar Ngom (Samm sa kaddu), Thierno Alassane Sall (Senegal kese), Amadou Ba (ancien Premier ministre) et Mbaye Dione, tous deux \u00e9lus sur la liste Jamm ak njarin\u00f1.<\/p>\n<p>L\u2019Alliance pour la R\u00e9publique (Apr), la formation de l\u2019ancien pr\u00e9sident Macky Sall, avait annonc\u00e9 sa d\u00e9cision d\u2019attaquer devant le Conseil constitutionnel la loi d\u2019interpr\u00e9tation de la loi d\u2019amnistie adopt\u00e9e le 2 avril dernier par l\u2019Assembl\u00e9e nationale.<\/p>\n<p>L\u2019ancien parti au pouvoir avait soutenu que son groupe parlementaire d\u00e9nomm\u00e9 Takku Wallu allait saisir les sept Sages pour qu\u2019ils d\u00e9clarent <em>\u00ab cette loi contraire \u00e0 la Constitution au regard de son caract\u00e8re partiel, s\u00e9lectif et contraire au principe d\u2019\u00e9galit\u00e9 des citoyens devant la loi \u00bb<\/em>.<\/p>\n<p>La loi interpr\u00e9tative de la loi d\u2019amnistie de mars 2024, port\u00e9e par le d\u00e9put\u00e9 Amadou Ba du parti Pastef (pouvoir), vise, selon son auteur, \u00e0 <em>\u201dclarifier le champ d\u2019application de la loi d\u2019amnistie\u201d<\/em>.<\/p>\n<p>Il soutient qu\u2019avec cette loi d\u2019interpr\u00e9tation, <em>\u201dtous les auteurs d\u2019actes d\u2019assassinat, d\u2019actes de tortures et de meurtres, quel que soit le bord politique auquel ils appartiennent, ne seront pas couverts par l\u2019amnistie\u201d<\/em>.<\/p>\n<p>Une position que conteste l\u2019Apr qui juge dangereuse cette loi, estimant qu\u2019elle <em>\u201drouvre les plaies d\u2019une p\u00e9riode de troubles, promeut un retour en arri\u00e8re funeste et consacre une rupture d\u2019\u00e9galit\u00e9 entre les citoyens s\u00e9n\u00e9galais\u201d<\/em>.<\/p>\n<p>La loi d\u2019amnistie, vot\u00e9e le 13 mars 2024, porte sur des faits susceptibles de qualification criminelle ou correctionnelle commis en rapport avec les manifestations politiques enregistr\u00e9es au S\u00e9n\u00e9gal, de mars 2021 \u00e0 mars 2024.<\/p>\n<div class='share-to-whatsapp-wrapper'><div class='share-on-whsp'>PARTAGER SUR : <\/div><a data-text='LOI INTERPRETATIVE DE L'AMNISTIE - Un recours en inconstitutionnalit\u00e9 d\u00e9pos\u00e9 au Conseil constitutionnel' data-link='https:\/\/www.nettali.com\/2025\/04\/09\/loi-interpretative-de-lamnistie-un-recours-en-inconstitutionnalite-depose-au-conseil-constitutionnel\/' class='whatsapp-button whatsapp-share'>WhatsApp<\/a><div class='clear '><\/div><\/div>","protected":false},"excerpt":{"rendered":"<p>NETTALI.COM - Vingt-trois d\u00e9put\u00e9s membres du groupe de l\u2019opposition et de celui des non inscrits ont introduit, mercredi, aupr\u00e8s du Conseil constitutionnel, un recours en inconstitutionnalit\u00e9 contre la loi interpr\u00e9tative de la loi d\u2019amnistie du 13 mars 2024. Le document, largement relay\u00e9 dans les r\u00e9seaux sociaux, porte la mention : \u201dRecours en inconstitutionnalit\u00e9 contre la [&hellip;]<\/p>\n","protected":false},"author":4,"featured_media":150628,"comment_status":"open","ping_status":"open","sticky":false,"template":"","format":"standard","meta":{"_et_pb_use_builder":"","_et_pb_old_content":""},"categories":[2],"tags":[],"yoast_head":"<!-- This site is optimized with the Yoast SEO Premium plugin v17.8 (Yoast SEO v17.8) - https:\/\/yoast.com\/wordpress\/plugins\/seo\/ -->\n<title>LOI INTERPRETATIVE DE L&#039;AMNISTIE - Un recours en inconstitutionnalit\u00e9 d\u00e9pos\u00e9 au Conseil constitutionnel | Nettali.com<\/title>\n<meta name=\"robots\" content=\"index, follow, max-snippet:-1, max-image-preview:large, max-video-preview:-1\" \/>\n<link rel=\"canonical\" href=\"https:\/\/www.nettali.com\/2025\/04\/09\/loi-interpretative-de-lamnistie-un-recours-en-inconstitutionnalite-depose-au-conseil-constitutionnel\/\" \/>\n<meta property=\"og:locale\" content=\"fr_FR\" \/>\n<meta property=\"og:type\" content=\"article\" \/>\n<meta property=\"og:title\" content=\"LOI INTERPRETATIVE DE L&#039;AMNISTIE - Un recours en inconstitutionnalit\u00e9 d\u00e9pos\u00e9 au Conseil constitutionnel\" \/>\n<meta property=\"og:description\" content=\"NETTALI.COM - Vingt-trois d\u00e9put\u00e9s membres du groupe de l\u2019opposition et de celui des non inscrits ont introduit, mercredi, aupr\u00e8s du Conseil constitutionnel, un recours en inconstitutionnalit\u00e9 contre la loi interpr\u00e9tative de la loi d\u2019amnistie du 13 mars 2024. Le document, largement relay\u00e9 dans les r\u00e9seaux sociaux, porte la mention : \u201dRecours en inconstitutionnalit\u00e9 contre la [&hellip;]\" \/>\n<meta property=\"og:url\" content=\"https:\/\/www.nettali.com\/2025\/04\/09\/loi-interpretative-de-lamnistie-un-recours-en-inconstitutionnalite-depose-au-conseil-constitutionnel\/\" \/>\n<meta property=\"og:site_name\" content=\"Nettali.com\" \/>\n<meta property=\"article:publisher\" content=\"https:\/\/www.facebook.com\/nettalicom\" \/>\n<meta property=\"article:published_time\" content=\"2025-04-09T17:08:19+00:00\" \/>\n<meta property=\"article:modified_time\" content=\"2025-04-10T23:34:05+00:00\" \/>\n<meta property=\"og:image\" content=\"https:\/\/www.nettali.com\/wp-content\/uploads\/2025\/03\/amadou-ba.jpeg\" \/>\n\t<meta property=\"og:image:width\" content=\"720\" \/>\n\t<meta property=\"og:image:height\" content=\"600\" \/>\n<meta name=\"twitter:card\" content=\"summary_large_image\" \/>\n<meta name=\"twitter:label1\" content=\"\u00c9crit par\" \/>\n\t<meta name=\"twitter:data1\" content=\"Daouda\" \/>\n\t<meta name=\"twitter:label2\" content=\"Dur\u00e9e de lecture estim\u00e9e\" \/>\n\t<meta name=\"twitter:data2\" content=\"2 minutes\" \/>\n<script type=\"application\/ld+json\" class=\"yoast-schema-graph\">{\"@context\":\"https:\/\/schema.org\",\"@graph\":[{\"@type\":\"WebSite\",\"@id\":\"https:\/\/www.nettali.com\/#website\",\"url\":\"https:\/\/www.nettali.com\/\",\"name\":\"Nettali.com\",\"description\":\"Le rendez-vous critique du Net\",\"potentialAction\":[{\"@type\":\"SearchAction\",\"target\":{\"@type\":\"EntryPoint\",\"urlTemplate\":\"https:\/\/www.nettali.com\/?s={search_term_string}\"},\"query-input\":\"required name=search_term_string\"}],\"inLanguage\":\"fr-FR\"},{\"@type\":\"ImageObject\",\"@id\":\"https:\/\/www.nettali.com\/2025\/04\/09\/loi-interpretative-de-lamnistie-un-recours-en-inconstitutionnalite-depose-au-conseil-constitutionnel\/#primaryimage\",\"inLanguage\":\"fr-FR\",\"url\":\"https:\/\/www.nettali.com\/wp-content\/uploads\/2025\/03\/amadou-ba.jpeg\",\"contentUrl\":\"https:\/\/www.nettali.com\/wp-content\/uploads\/2025\/03\/amadou-ba.jpeg\",\"width\":720,\"height\":600},{\"@type\":\"WebPage\",\"@id\":\"https:\/\/www.nettali.com\/2025\/04\/09\/loi-interpretative-de-lamnistie-un-recours-en-inconstitutionnalite-depose-au-conseil-constitutionnel\/#webpage\",\"url\":\"https:\/\/www.nettali.com\/2025\/04\/09\/loi-interpretative-de-lamnistie-un-recours-en-inconstitutionnalite-depose-au-conseil-constitutionnel\/\",\"name\":\"LOI INTERPRETATIVE DE L'AMNISTIE - Un recours en inconstitutionnalit\\u00e9 d\\u00e9pos\\u00e9 au Conseil constitutionnel | Nettali.com\",\"isPartOf\":{\"@id\":\"https:\/\/www.nettali.com\/#website\"},\"primaryImageOfPage\":{\"@id\":\"https:\/\/www.nettali.com\/2025\/04\/09\/loi-interpretative-de-lamnistie-un-recours-en-inconstitutionnalite-depose-au-conseil-constitutionnel\/#primaryimage\"},\"datePublished\":\"2025-04-09T17:08:19+00:00\",\"dateModified\":\"2025-04-10T23:34:05+00:00\",\"author\":{\"@id\":\"https:\/\/www.nettali.com\/#\/schema\/person\/3317e0bb3aa1da309fbf7b2780901bf4\"},\"breadcrumb\":{\"@id\":\"https:\/\/www.nettali.com\/2025\/04\/09\/loi-interpretative-de-lamnistie-un-recours-en-inconstitutionnalite-depose-au-conseil-constitutionnel\/#breadcrumb\"},\"inLanguage\":\"fr-FR\",\"potentialAction\":[{\"@type\":\"ReadAction\",\"target\":[\"https:\/\/www.nettali.com\/2025\/04\/09\/loi-interpretative-de-lamnistie-un-recours-en-inconstitutionnalite-depose-au-conseil-constitutionnel\/\"]}]},{\"@type\":\"BreadcrumbList\",\"@id\":\"https:\/\/www.nettali.com\/2025\/04\/09\/loi-interpretative-de-lamnistie-un-recours-en-inconstitutionnalite-depose-au-conseil-constitutionnel\/#breadcrumb\",\"itemListElement\":[{\"@type\":\"ListItem\",\"position\":1,\"name\":\"Accueil\",\"item\":\"https:\/\/www.nettali.com\/\"},{\"@type\":\"ListItem\",\"position\":2,\"name\":\"LOI INTERPRETATIVE DE L'AMNISTIE - Un recours en inconstitutionnalit\\u00e9 d\\u00e9pos\\u00e9 au Conseil constitutionnel\"}]},{\"@type\":\"Person\",\"@id\":\"https:\/\/www.nettali.com\/#\/schema\/person\/3317e0bb3aa1da309fbf7b2780901bf4\",\"name\":\"Daouda\",\"image\":{\"@type\":\"ImageObject\",\"@id\":\"https:\/\/www.nettali.com\/#personlogo\",\"inLanguage\":\"fr-FR\",\"url\":\"https:\/\/secure.gravatar.com\/avatar\/8d143b5a49345098ddcfee1c49c2f47c?s=96&d=mm&r=g\",\"contentUrl\":\"https:\/\/secure.gravatar.com\/avatar\/8d143b5a49345098ddcfee1c49c2f47c?s=96&d=mm&r=g\",\"caption\":\"Daouda\"},\"sameAs\":[\"https:\/\/www.nettali.com\"]}]}<\/script>\n<!-- \/ Yoast SEO Premium plugin. -->","yoast_head_json":{"title":"LOI INTERPRETATIVE DE L'AMNISTIE - Un recours en inconstitutionnalit\u00e9 d\u00e9pos\u00e9 au Conseil constitutionnel | Nettali.com","robots":{"index":"index","follow":"follow","max-snippet":"max-snippet:-1","max-image-preview":"max-image-preview:large","max-video-preview":"max-video-preview:-1"},"canonical":"https:\/\/www.nettali.com\/2025\/04\/09\/loi-interpretative-de-lamnistie-un-recours-en-inconstitutionnalite-depose-au-conseil-constitutionnel\/","og_locale":"fr_FR","og_type":"article","og_title":"LOI INTERPRETATIVE DE L'AMNISTIE - Un recours en inconstitutionnalit\u00e9 d\u00e9pos\u00e9 au Conseil constitutionnel","og_description":"NETTALI.COM - Vingt-trois d\u00e9put\u00e9s membres du groupe de l\u2019opposition et de celui des non inscrits ont introduit, mercredi, aupr\u00e8s du Conseil constitutionnel, un recours en inconstitutionnalit\u00e9 contre la loi interpr\u00e9tative de la loi d\u2019amnistie du 13 mars 2024. Le document, largement relay\u00e9 dans les r\u00e9seaux sociaux, porte la mention : \u201dRecours en inconstitutionnalit\u00e9 contre la [&hellip;]","og_url":"https:\/\/www.nettali.com\/2025\/04\/09\/loi-interpretative-de-lamnistie-un-recours-en-inconstitutionnalite-depose-au-conseil-constitutionnel\/","og_site_name":"Nettali.com","article_publisher":"https:\/\/www.facebook.com\/nettalicom","article_published_time":"2025-04-09T17:08:19+00:00","article_modified_time":"2025-04-10T23:34:05+00:00","og_image":[{"width":720,"height":600,"url":"https:\/\/www.nettali.com\/wp-content\/uploads\/2025\/03\/amadou-ba.jpeg","type":"image\/jpeg"}],"twitter_card":"summary_large_image","twitter_misc":{"\u00c9crit par":"Daouda","Dur\u00e9e de lecture estim\u00e9e":"2 minutes"},"schema":{"@context":"https:\/\/schema.org","@graph":[{"@type":"WebSite","@id":"https:\/\/www.nettali.com\/#website","url":"https:\/\/www.nettali.com\/","name":"Nettali.com","description":"Le rendez-vous critique du Net","potentialAction":[{"@type":"SearchAction","target":{"@type":"EntryPoint","urlTemplate":"https:\/\/www.nettali.com\/?s={search_term_string}"},"query-input":"required name=search_term_string"}],"inLanguage":"fr-FR"},{"@type":"ImageObject","@id":"https:\/\/www.nettali.com\/2025\/04\/09\/loi-interpretative-de-lamnistie-un-recours-en-inconstitutionnalite-depose-au-conseil-constitutionnel\/#primaryimage","inLanguage":"fr-FR","url":"https:\/\/www.nettali.com\/wp-content\/uploads\/2025\/03\/amadou-ba.jpeg","contentUrl":"https:\/\/www.nettali.com\/wp-content\/uploads\/2025\/03\/amadou-ba.jpeg","width":720,"height":600},{"@type":"WebPage","@id":"https:\/\/www.nettali.com\/2025\/04\/09\/loi-interpretative-de-lamnistie-un-recours-en-inconstitutionnalite-depose-au-conseil-constitutionnel\/#webpage","url":"https:\/\/www.nettali.com\/2025\/04\/09\/loi-interpretative-de-lamnistie-un-recours-en-inconstitutionnalite-depose-au-conseil-constitutionnel\/","name":"LOI INTERPRETATIVE DE L'AMNISTIE - Un recours en inconstitutionnalit\u00e9 d\u00e9pos\u00e9 au Conseil constitutionnel | Nettali.com","isPartOf":{"@id":"https:\/\/www.nettali.com\/#website"},"primaryImageOfPage":{"@id":"https:\/\/www.nettali.com\/2025\/04\/09\/loi-interpretative-de-lamnistie-un-recours-en-inconstitutionnalite-depose-au-conseil-constitutionnel\/#primaryimage"},"datePublished":"2025-04-09T17:08:19+00:00","dateModified":"2025-04-10T23:34:05+00:00","author":{"@id":"https:\/\/www.nettali.com\/#\/schema\/person\/3317e0bb3aa1da309fbf7b2780901bf4"},"breadcrumb":{"@id":"https:\/\/www.nettali.com\/2025\/04\/09\/loi-interpretative-de-lamnistie-un-recours-en-inconstitutionnalite-depose-au-conseil-constitutionnel\/#breadcrumb"},"inLanguage":"fr-FR","potentialAction":[{"@type":"ReadAction","target":["https:\/\/www.nettali.com\/2025\/04\/09\/loi-interpretative-de-lamnistie-un-recours-en-inconstitutionnalite-depose-au-conseil-constitutionnel\/"]}]},{"@type":"BreadcrumbList","@id":"https:\/\/www.nettali.com\/2025\/04\/09\/loi-interpretative-de-lamnistie-un-recours-en-inconstitutionnalite-depose-au-conseil-constitutionnel\/#breadcrumb","itemListElement":[{"@type":"ListItem","position":1,"name":"Accueil","item":"https:\/\/www.nettali.com\/"},{"@type":"ListItem","position":2,"name":"LOI INTERPRETATIVE DE L'AMNISTIE - Un recours en inconstitutionnalit\u00e9 d\u00e9pos\u00e9 au Conseil constitutionnel"}]},{"@type":"Person","@id":"https:\/\/www.nettali.com\/#\/schema\/person\/3317e0bb3aa1da309fbf7b2780901bf4","name":"Daouda","image":{"@type":"ImageObject","@id":"https:\/\/www.nettali.com\/#personlogo","inLanguage":"fr-FR","url":"https:\/\/secure.gravatar.com\/avatar\/8d143b5a49345098ddcfee1c49c2f47c?s=96&d=mm&r=g","contentUrl":"https:\/\/secure.gravatar.com\/avatar\/8d143b5a49345098ddcfee1c49c2f47c?s=96&d=mm&r=g","caption":"Daouda"},"sameAs":["https:\/\/www.nettali.com"]}]}},"_links":{"self":[{"href":"https:\/\/www.nettali.com\/rest\/wp\/v2\/posts\/152097"}],"collection":[{"href":"https:\/\/www.nettali.com\/rest\/wp\/v2\/posts"}],"about":[{"href":"https:\/\/www.nettali.com\/rest\/wp\/v2\/types\/post"}],"author":[{"embeddable":true,"href":"https:\/\/www.nettali.com\/rest\/wp\/v2\/users\/4"}],"replies":[{"embeddable":true,"href":"https:\/\/www.nettali.com\/rest\/wp\/v2\/comments?post=152097"}],"version-history":[{"count":3,"href":"https:\/\/www.nettali.com\/rest\/wp\/v2\/posts\/152097\/revisions"}],"predecessor-version":[{"id":152101,"href":"https:\/\/www.nettali.com\/rest\/wp\/v2\/posts\/152097\/revisions\/152101"}],"wp:featuredmedia":[{"embeddable":true,"href":"https:\/\/www.nettali.com\/rest\/wp\/v2\/media\/150628"}],"wp:attachment":[{"href":"https:\/\/www.nettali.com\/rest\/wp\/v2\/media?parent=152097"}],"wp:term":[{"taxonomy":"category","embeddable":true,"href":"https:\/\/www.nettali.com\/rest\/wp\/v2\/categories?post=152097"},{"taxonomy":"post_tag","embeddable":true,"href":"https:\/\/www.nettali.com\/rest\/wp\/v2\/tags?post=152097"}],"curies":[{"name":"wp","href":"https:\/\/api.w.org\/{rel}","templated":true}]}}