{"id":152074,"date":"2025-04-09T09:11:09","date_gmt":"2025-04-09T09:11:09","guid":{"rendered":"https:\/\/www.nettali.com\/?p=152074"},"modified":"2025-04-09T09:11:09","modified_gmt":"2025-04-09T09:11:09","slug":"financement-le-burkina-et-le-fmi-trouvent-un-accord","status":"publish","type":"post","link":"https:\/\/www.nettali.com\/2025\/04\/09\/financement-le-burkina-et-le-fmi-trouvent-un-accord\/","title":{"rendered":"FINANCEMENT - Le Burkina et le FMI trouvent un accord"},"content":{"rendered":"<p><strong>NETTALI.COM -<\/strong> Pendant que le S\u00e9n\u00e9gal peine \u00e0 trouver des financements aussi bien sur le march\u00e9 qu'avec le Fonds mon\u00e9taire international, les autres pays de l'Union \u00e9conomique et mon\u00e9taire ouest-africaine continuent d'avancer.<\/p>\n<p>Dans un communiqu\u00e9 rendu public le mardi 8 avril, l'institution rapporte ces d\u00e9clarations du chef de la mission d\u00e9p\u00each\u00e9e derni\u00e8rement \u00e0 Ouagadougou. \u201c<em>J\u2019ai le plaisir d'annoncer que les autorit\u00e9s burkinab\u00e9 et l\u2019\u00e9quipe du FMI sont parvenues \u00e0 un accord au niveau des services sur les politiques \u00e9conomiques et financi\u00e8res qui pourraient soutenir l'approbation de la troisi\u00e8me revue du programme soutenu par la FEC. La conclusion de cette revue par le Conseil d'administration du FMI permettrait le d\u00e9caissement d'environ 32 millions de dollars am\u00e9ricains (24,1 millions de DTS), portant le total du soutien financier du FMI d\u00e9caiss\u00e9 dans le cadre dudit programme \u00e0 environ 128 millions de dollars am\u00e9ricains (96,3 millions de DTS). La r\u00e9union du Conseil d'administration du FMI est provisoirement pr\u00e9vue pour juin 2025<\/em>\u201d, souligne le communiqu\u00e9.<\/p>\n<p>L'accord FEC, selon le FMI, vise \u00e0 garantir un espace budg\u00e9taire pour les d\u00e9penses prioritaires, r\u00e9duire la vuln\u00e9rabilit\u00e9 de la dette, renforcer la r\u00e9silience face aux chocs, r\u00e9duire la pauvret\u00e9 et les in\u00e9galit\u00e9s, et am\u00e9liorer la discipline budg\u00e9taire et la gouvernance.<\/p>\n<div class='share-to-whatsapp-wrapper'><div class='share-on-whsp'>PARTAGER SUR : <\/div><a data-text='FINANCEMENT - Le Burkina et le FMI trouvent un accord' data-link='https:\/\/www.nettali.com\/2025\/04\/09\/financement-le-burkina-et-le-fmi-trouvent-un-accord\/' class='whatsapp-button whatsapp-share'>WhatsApp<\/a><div class='clear '><\/div><\/div>","protected":false},"excerpt":{"rendered":"<p>NETTALI.COM - Pendant que le S\u00e9n\u00e9gal peine \u00e0 trouver des financements aussi bien sur le march\u00e9 qu'avec le Fonds mon\u00e9taire international, les autres pays de l'Union \u00e9conomique et mon\u00e9taire ouest-africaine continuent d'avancer. Dans un communiqu\u00e9 rendu public le mardi 8 avril, l'institution rapporte ces d\u00e9clarations du chef de la mission d\u00e9p\u00each\u00e9e derni\u00e8rement \u00e0 Ouagadougou. \u201cJ\u2019ai [&hellip;]<\/p>\n","protected":false},"author":2,"featured_media":152075,"comment_status":"open","ping_status":"open","sticky":false,"template":"","format":"standard","meta":{"_et_pb_use_builder":"","_et_pb_old_content":""},"categories":[8],"tags":[],"yoast_head":"<!-- This site is optimized with the Yoast SEO Premium plugin v17.8 (Yoast SEO v17.8) - https:\/\/yoast.com\/wordpress\/plugins\/seo\/ -->\n<title>FINANCEMENT - Le Burkina et le FMI trouvent un accord | Nettali.com<\/title>\n<meta name=\"robots\" content=\"index, follow, max-snippet:-1, max-image-preview:large, max-video-preview:-1\" \/>\n<link rel=\"canonical\" href=\"https:\/\/www.nettali.com\/2025\/04\/09\/financement-le-burkina-et-le-fmi-trouvent-un-accord\/\" \/>\n<meta property=\"og:locale\" content=\"fr_FR\" \/>\n<meta property=\"og:type\" content=\"article\" \/>\n<meta property=\"og:title\" content=\"FINANCEMENT - Le Burkina et le FMI trouvent un accord\" \/>\n<meta property=\"og:description\" content=\"NETTALI.COM - Pendant que le S\u00e9n\u00e9gal peine \u00e0 trouver des financements aussi bien sur le march\u00e9 qu&#039;avec le Fonds mon\u00e9taire international, les autres pays de l&#039;Union \u00e9conomique et mon\u00e9taire ouest-africaine continuent d&#039;avancer. Dans un communiqu\u00e9 rendu public le mardi 8 avril, l&#039;institution rapporte ces d\u00e9clarations du chef de la mission d\u00e9p\u00each\u00e9e derni\u00e8rement \u00e0 Ouagadougou. \u201cJ\u2019ai [&hellip;]\" \/>\n<meta property=\"og:url\" content=\"https:\/\/www.nettali.com\/2025\/04\/09\/financement-le-burkina-et-le-fmi-trouvent-un-accord\/\" \/>\n<meta property=\"og:site_name\" content=\"Nettali.com\" \/>\n<meta property=\"article:publisher\" content=\"https:\/\/www.facebook.com\/nettalicom\" \/>\n<meta property=\"article:published_time\" content=\"2025-04-09T09:11:09+00:00\" \/>\n<meta property=\"og:image\" content=\"https:\/\/www.nettali.com\/wp-content\/uploads\/2025\/04\/Le-chef-adjoint-du-departement-Afrique-du-FMI-Martin-Schindler-recu-en-audience-par-le-president-du-Faso-640x440-1.jpg\" \/>\n\t<meta property=\"og:image:width\" content=\"640\" \/>\n\t<meta property=\"og:image:height\" content=\"440\" \/>\n<meta name=\"twitter:card\" content=\"summary_large_image\" \/>\n<meta name=\"twitter:label1\" content=\"\u00c9crit par\" \/>\n\t<meta name=\"twitter:data1\" content=\"CK\" \/>\n\t<meta name=\"twitter:label2\" content=\"Dur\u00e9e de lecture estim\u00e9e\" \/>\n\t<meta name=\"twitter:data2\" content=\"2 minutes\" \/>\n<script type=\"application\/ld+json\" class=\"yoast-schema-graph\">{\"@context\":\"https:\/\/schema.org\",\"@graph\":[{\"@type\":\"WebSite\",\"@id\":\"https:\/\/www.nettali.com\/#website\",\"url\":\"https:\/\/www.nettali.com\/\",\"name\":\"Nettali.com\",\"description\":\"Le rendez-vous critique du Net\",\"potentialAction\":[{\"@type\":\"SearchAction\",\"target\":{\"@type\":\"EntryPoint\",\"urlTemplate\":\"https:\/\/www.nettali.com\/?s={search_term_string}\"},\"query-input\":\"required name=search_term_string\"}],\"inLanguage\":\"fr-FR\"},{\"@type\":\"ImageObject\",\"@id\":\"https:\/\/www.nettali.com\/2025\/04\/09\/financement-le-burkina-et-le-fmi-trouvent-un-accord\/#primaryimage\",\"inLanguage\":\"fr-FR\",\"url\":\"https:\/\/www.nettali.com\/wp-content\/uploads\/2025\/04\/Le-chef-adjoint-du-departement-Afrique-du-FMI-Martin-Schindler-recu-en-audience-par-le-president-du-Faso-640x440-1.jpg\",\"contentUrl\":\"https:\/\/www.nettali.com\/wp-content\/uploads\/2025\/04\/Le-chef-adjoint-du-departement-Afrique-du-FMI-Martin-Schindler-recu-en-audience-par-le-president-du-Faso-640x440-1.jpg\",\"width\":640,\"height\":440},{\"@type\":\"WebPage\",\"@id\":\"https:\/\/www.nettali.com\/2025\/04\/09\/financement-le-burkina-et-le-fmi-trouvent-un-accord\/#webpage\",\"url\":\"https:\/\/www.nettali.com\/2025\/04\/09\/financement-le-burkina-et-le-fmi-trouvent-un-accord\/\",\"name\":\"FINANCEMENT - Le Burkina et le FMI trouvent un accord | Nettali.com\",\"isPartOf\":{\"@id\":\"https:\/\/www.nettali.com\/#website\"},\"primaryImageOfPage\":{\"@id\":\"https:\/\/www.nettali.com\/2025\/04\/09\/financement-le-burkina-et-le-fmi-trouvent-un-accord\/#primaryimage\"},\"datePublished\":\"2025-04-09T09:11:09+00:00\",\"dateModified\":\"2025-04-09T09:11:09+00:00\",\"author\":{\"@id\":\"https:\/\/www.nettali.com\/#\/schema\/person\/d8ac7b7e27ddad43f1c0d2ef090d7f71\"},\"breadcrumb\":{\"@id\":\"https:\/\/www.nettali.com\/2025\/04\/09\/financement-le-burkina-et-le-fmi-trouvent-un-accord\/#breadcrumb\"},\"inLanguage\":\"fr-FR\",\"potentialAction\":[{\"@type\":\"ReadAction\",\"target\":[\"https:\/\/www.nettali.com\/2025\/04\/09\/financement-le-burkina-et-le-fmi-trouvent-un-accord\/\"]}]},{\"@type\":\"BreadcrumbList\",\"@id\":\"https:\/\/www.nettali.com\/2025\/04\/09\/financement-le-burkina-et-le-fmi-trouvent-un-accord\/#breadcrumb\",\"itemListElement\":[{\"@type\":\"ListItem\",\"position\":1,\"name\":\"Accueil\",\"item\":\"https:\/\/www.nettali.com\/\"},{\"@type\":\"ListItem\",\"position\":2,\"name\":\"FINANCEMENT - Le Burkina et le FMI trouvent un accord\"}]},{\"@type\":\"Person\",\"@id\":\"https:\/\/www.nettali.com\/#\/schema\/person\/d8ac7b7e27ddad43f1c0d2ef090d7f71\",\"name\":\"CK\",\"image\":{\"@type\":\"ImageObject\",\"@id\":\"https:\/\/www.nettali.com\/#personlogo\",\"inLanguage\":\"fr-FR\",\"url\":\"https:\/\/secure.gravatar.com\/avatar\/1d8d5118b9327d94da7cd4ce7f17fec2?s=96&d=mm&r=g\",\"contentUrl\":\"https:\/\/secure.gravatar.com\/avatar\/1d8d5118b9327d94da7cd4ce7f17fec2?s=96&d=mm&r=g\",\"caption\":\"CK\"},\"sameAs\":[\"https:\/\/www.nettali.com\"]}]}<\/script>\n<!-- \/ Yoast SEO Premium plugin. -->","yoast_head_json":{"title":"FINANCEMENT - Le Burkina et le FMI trouvent un accord | Nettali.com","robots":{"index":"index","follow":"follow","max-snippet":"max-snippet:-1","max-image-preview":"max-image-preview:large","max-video-preview":"max-video-preview:-1"},"canonical":"https:\/\/www.nettali.com\/2025\/04\/09\/financement-le-burkina-et-le-fmi-trouvent-un-accord\/","og_locale":"fr_FR","og_type":"article","og_title":"FINANCEMENT - Le Burkina et le FMI trouvent un accord","og_description":"NETTALI.COM - Pendant que le S\u00e9n\u00e9gal peine \u00e0 trouver des financements aussi bien sur le march\u00e9 qu'avec le Fonds mon\u00e9taire international, les autres pays de l'Union \u00e9conomique et mon\u00e9taire ouest-africaine continuent d'avancer. Dans un communiqu\u00e9 rendu public le mardi 8 avril, l'institution rapporte ces d\u00e9clarations du chef de la mission d\u00e9p\u00each\u00e9e derni\u00e8rement \u00e0 Ouagadougou. \u201cJ\u2019ai [&hellip;]","og_url":"https:\/\/www.nettali.com\/2025\/04\/09\/financement-le-burkina-et-le-fmi-trouvent-un-accord\/","og_site_name":"Nettali.com","article_publisher":"https:\/\/www.facebook.com\/nettalicom","article_published_time":"2025-04-09T09:11:09+00:00","og_image":[{"width":640,"height":440,"url":"https:\/\/www.nettali.com\/wp-content\/uploads\/2025\/04\/Le-chef-adjoint-du-departement-Afrique-du-FMI-Martin-Schindler-recu-en-audience-par-le-president-du-Faso-640x440-1.jpg","type":"image\/jpeg"}],"twitter_card":"summary_large_image","twitter_misc":{"\u00c9crit par":"CK","Dur\u00e9e de lecture estim\u00e9e":"2 minutes"},"schema":{"@context":"https:\/\/schema.org","@graph":[{"@type":"WebSite","@id":"https:\/\/www.nettali.com\/#website","url":"https:\/\/www.nettali.com\/","name":"Nettali.com","description":"Le rendez-vous critique du Net","potentialAction":[{"@type":"SearchAction","target":{"@type":"EntryPoint","urlTemplate":"https:\/\/www.nettali.com\/?s={search_term_string}"},"query-input":"required name=search_term_string"}],"inLanguage":"fr-FR"},{"@type":"ImageObject","@id":"https:\/\/www.nettali.com\/2025\/04\/09\/financement-le-burkina-et-le-fmi-trouvent-un-accord\/#primaryimage","inLanguage":"fr-FR","url":"https:\/\/www.nettali.com\/wp-content\/uploads\/2025\/04\/Le-chef-adjoint-du-departement-Afrique-du-FMI-Martin-Schindler-recu-en-audience-par-le-president-du-Faso-640x440-1.jpg","contentUrl":"https:\/\/www.nettali.com\/wp-content\/uploads\/2025\/04\/Le-chef-adjoint-du-departement-Afrique-du-FMI-Martin-Schindler-recu-en-audience-par-le-president-du-Faso-640x440-1.jpg","width":640,"height":440},{"@type":"WebPage","@id":"https:\/\/www.nettali.com\/2025\/04\/09\/financement-le-burkina-et-le-fmi-trouvent-un-accord\/#webpage","url":"https:\/\/www.nettali.com\/2025\/04\/09\/financement-le-burkina-et-le-fmi-trouvent-un-accord\/","name":"FINANCEMENT - Le Burkina et le FMI trouvent un accord | Nettali.com","isPartOf":{"@id":"https:\/\/www.nettali.com\/#website"},"primaryImageOfPage":{"@id":"https:\/\/www.nettali.com\/2025\/04\/09\/financement-le-burkina-et-le-fmi-trouvent-un-accord\/#primaryimage"},"datePublished":"2025-04-09T09:11:09+00:00","dateModified":"2025-04-09T09:11:09+00:00","author":{"@id":"https:\/\/www.nettali.com\/#\/schema\/person\/d8ac7b7e27ddad43f1c0d2ef090d7f71"},"breadcrumb":{"@id":"https:\/\/www.nettali.com\/2025\/04\/09\/financement-le-burkina-et-le-fmi-trouvent-un-accord\/#breadcrumb"},"inLanguage":"fr-FR","potentialAction":[{"@type":"ReadAction","target":["https:\/\/www.nettali.com\/2025\/04\/09\/financement-le-burkina-et-le-fmi-trouvent-un-accord\/"]}]},{"@type":"BreadcrumbList","@id":"https:\/\/www.nettali.com\/2025\/04\/09\/financement-le-burkina-et-le-fmi-trouvent-un-accord\/#breadcrumb","itemListElement":[{"@type":"ListItem","position":1,"name":"Accueil","item":"https:\/\/www.nettali.com\/"},{"@type":"ListItem","position":2,"name":"FINANCEMENT - Le Burkina et le FMI trouvent un accord"}]},{"@type":"Person","@id":"https:\/\/www.nettali.com\/#\/schema\/person\/d8ac7b7e27ddad43f1c0d2ef090d7f71","name":"CK","image":{"@type":"ImageObject","@id":"https:\/\/www.nettali.com\/#personlogo","inLanguage":"fr-FR","url":"https:\/\/secure.gravatar.com\/avatar\/1d8d5118b9327d94da7cd4ce7f17fec2?s=96&d=mm&r=g","contentUrl":"https:\/\/secure.gravatar.com\/avatar\/1d8d5118b9327d94da7cd4ce7f17fec2?s=96&d=mm&r=g","caption":"CK"},"sameAs":["https:\/\/www.nettali.com"]}]}},"_links":{"self":[{"href":"https:\/\/www.nettali.com\/rest\/wp\/v2\/posts\/152074"}],"collection":[{"href":"https:\/\/www.nettali.com\/rest\/wp\/v2\/posts"}],"about":[{"href":"https:\/\/www.nettali.com\/rest\/wp\/v2\/types\/post"}],"author":[{"embeddable":true,"href":"https:\/\/www.nettali.com\/rest\/wp\/v2\/users\/2"}],"replies":[{"embeddable":true,"href":"https:\/\/www.nettali.com\/rest\/wp\/v2\/comments?post=152074"}],"version-history":[{"count":1,"href":"https:\/\/www.nettali.com\/rest\/wp\/v2\/posts\/152074\/revisions"}],"predecessor-version":[{"id":152076,"href":"https:\/\/www.nettali.com\/rest\/wp\/v2\/posts\/152074\/revisions\/152076"}],"wp:featuredmedia":[{"embeddable":true,"href":"https:\/\/www.nettali.com\/rest\/wp\/v2\/media\/152075"}],"wp:attachment":[{"href":"https:\/\/www.nettali.com\/rest\/wp\/v2\/media?parent=152074"}],"wp:term":[{"taxonomy":"category","embeddable":true,"href":"https:\/\/www.nettali.com\/rest\/wp\/v2\/categories?post=152074"},{"taxonomy":"post_tag","embeddable":true,"href":"https:\/\/www.nettali.com\/rest\/wp\/v2\/tags?post=152074"}],"curies":[{"name":"wp","href":"https:\/\/api.w.org\/{rel}","templated":true}]}}