{"id":152060,"date":"2025-04-09T09:32:01","date_gmt":"2025-04-09T09:32:01","guid":{"rendered":"https:\/\/www.nettali.com\/?p=152060"},"modified":"2025-04-09T11:41:18","modified_gmt":"2025-04-09T11:41:18","slug":"necrologie-le-khalife-general-des-layenes-rappele-a-dieu","status":"publish","type":"post","link":"https:\/\/www.nettali.com\/2025\/04\/09\/necrologie-le-khalife-general-des-layenes-rappele-a-dieu\/","title":{"rendered":"N\u00c9CROLOGIE - Le Khalife g\u00e9n\u00e9ral des Lay\u00e8nes, rappel\u00e9 \u00e0 Dieu"},"content":{"rendered":"<p><strong>NETTALI.COM - Le Khalife g\u00e9n\u00e9ral Mamadou Makhtar Thiaw Laye, sixi\u00e8me guide spirituel des Lay\u00e8nes, a tir\u00e9 sa r\u00e9v\u00e9rence dans la soir\u00e9e de ce mardi 8 avril. Il a \u00e9t\u00e9 inhum\u00e9 dans la nuit du mardi au mercredi.<\/strong><\/p>\n<p>Fils de Seydina Mandione Laye, deuxi\u00e8me Khalife du Mahdi, et de Ya Faty Niang, le Khalife Mamadou Makhtar Thiaw Laye \u00e9tait unanimement reconnu pour sa sagesse, son humilit\u00e9 et sa profonde spiritualit\u00e9.<\/p>\n<p>Petit-fils de Seydina Limamou Laye, il fit ses \u00e9tudes secondaires au lyc\u00e9e Blaise Diagne de Dakar, avant de poursuivre son parcours acad\u00e9mique au Maroc, puis en France, o\u00f9 il s\u00e9journa de 1977 \u00e0 1987. Ce long s\u00e9jour entre le royaume ch\u00e9rifien et le pays de De Gaulle t\u00e9moigne d\u2019un itin\u00e9raire intellectuel riche et exigeant. \u00c0 son retour au pays, il servit durant quelques ann\u00e9es \u00e0 l\u2019Office national des postes et des t\u00e9l\u00e9communications, aujourd\u2019hui connu sous le nom de Sonatel.<\/p>\n<p>La r\u00e9daction de Nettali.com pr\u00e9sente ses sinc\u00e8res condol\u00e9ances \u00e0 la communaut\u00e9 Lay\u00e8ne et la Ummah islamique.<\/p>\n<div class='share-to-whatsapp-wrapper'><div class='share-on-whsp'>PARTAGER SUR : <\/div><a data-text='N\u00c9CROLOGIE - Le Khalife g\u00e9n\u00e9ral des Lay\u00e8nes, rappel\u00e9 \u00e0 Dieu' data-link='https:\/\/www.nettali.com\/2025\/04\/09\/necrologie-le-khalife-general-des-layenes-rappele-a-dieu\/' class='whatsapp-button whatsapp-share'>WhatsApp<\/a><div class='clear '><\/div><\/div>","protected":false},"excerpt":{"rendered":"<p>NETTALI.COM - Le Khalife g\u00e9n\u00e9ral Mamadou Makhtar Thiaw Laye, sixi\u00e8me guide spirituel des Lay\u00e8nes, a tir\u00e9 sa r\u00e9v\u00e9rence dans la soir\u00e9e de ce mardi 8 avril. Il a \u00e9t\u00e9 inhum\u00e9 dans la nuit du mardi au mercredi. Fils de Seydina Mandione Laye, deuxi\u00e8me Khalife du Mahdi, et de Ya Faty Niang, le Khalife Mamadou Makhtar [&hellip;]<\/p>\n","protected":false},"author":5,"featured_media":152061,"comment_status":"open","ping_status":"open","sticky":false,"template":"","format":"standard","meta":{"_et_pb_use_builder":"","_et_pb_old_content":""},"categories":[3],"tags":[],"yoast_head":"<!-- This site is optimized with the Yoast SEO Premium plugin v17.8 (Yoast SEO v17.8) - https:\/\/yoast.com\/wordpress\/plugins\/seo\/ -->\n<title>N\u00c9CROLOGIE - Le Khalife g\u00e9n\u00e9ral des Lay\u00e8nes, rappel\u00e9 \u00e0 Dieu | Nettali.com<\/title>\n<meta name=\"robots\" content=\"index, follow, max-snippet:-1, max-image-preview:large, max-video-preview:-1\" \/>\n<link rel=\"canonical\" href=\"https:\/\/www.nettali.com\/2025\/04\/09\/necrologie-le-khalife-general-des-layenes-rappele-a-dieu\/\" \/>\n<meta property=\"og:locale\" content=\"fr_FR\" \/>\n<meta property=\"og:type\" content=\"article\" \/>\n<meta property=\"og:title\" content=\"N\u00c9CROLOGIE - Le Khalife g\u00e9n\u00e9ral des Lay\u00e8nes, rappel\u00e9 \u00e0 Dieu\" \/>\n<meta property=\"og:description\" content=\"NETTALI.COM - Le Khalife g\u00e9n\u00e9ral Mamadou Makhtar Thiaw Laye, sixi\u00e8me guide spirituel des Lay\u00e8nes, a tir\u00e9 sa r\u00e9v\u00e9rence dans la soir\u00e9e de ce mardi 8 avril. Il a \u00e9t\u00e9 inhum\u00e9 dans la nuit du mardi au mercredi. Fils de Seydina Mandione Laye, deuxi\u00e8me Khalife du Mahdi, et de Ya Faty Niang, le Khalife Mamadou Makhtar [&hellip;]\" \/>\n<meta property=\"og:url\" content=\"https:\/\/www.nettali.com\/2025\/04\/09\/necrologie-le-khalife-general-des-layenes-rappele-a-dieu\/\" \/>\n<meta property=\"og:site_name\" content=\"Nettali.com\" \/>\n<meta property=\"article:publisher\" content=\"https:\/\/www.facebook.com\/nettalicom\" \/>\n<meta property=\"article:published_time\" content=\"2025-04-09T09:32:01+00:00\" \/>\n<meta property=\"article:modified_time\" content=\"2025-04-09T11:41:18+00:00\" \/>\n<meta property=\"og:image\" content=\"https:\/\/www.nettali.com\/wp-content\/uploads\/2025\/04\/KHALIF.jpg\" \/>\n\t<meta property=\"og:image:width\" content=\"252\" \/>\n\t<meta property=\"og:image:height\" content=\"168\" \/>\n<meta name=\"twitter:card\" content=\"summary_large_image\" \/>\n<meta name=\"twitter:label1\" content=\"\u00c9crit par\" \/>\n\t<meta name=\"twitter:data1\" content=\"Ibrahima\" \/>\n\t<meta name=\"twitter:label2\" content=\"Dur\u00e9e de lecture estim\u00e9e\" \/>\n\t<meta name=\"twitter:data2\" content=\"1 minute\" \/>\n<script type=\"application\/ld+json\" class=\"yoast-schema-graph\">{\"@context\":\"https:\/\/schema.org\",\"@graph\":[{\"@type\":\"WebSite\",\"@id\":\"https:\/\/www.nettali.com\/#website\",\"url\":\"https:\/\/www.nettali.com\/\",\"name\":\"Nettali.com\",\"description\":\"Le rendez-vous critique du Net\",\"potentialAction\":[{\"@type\":\"SearchAction\",\"target\":{\"@type\":\"EntryPoint\",\"urlTemplate\":\"https:\/\/www.nettali.com\/?s={search_term_string}\"},\"query-input\":\"required name=search_term_string\"}],\"inLanguage\":\"fr-FR\"},{\"@type\":\"ImageObject\",\"@id\":\"https:\/\/www.nettali.com\/2025\/04\/09\/necrologie-le-khalife-general-des-layenes-rappele-a-dieu\/#primaryimage\",\"inLanguage\":\"fr-FR\",\"url\":\"https:\/\/www.nettali.com\/wp-content\/uploads\/2025\/04\/KHALIF.jpg\",\"contentUrl\":\"https:\/\/www.nettali.com\/wp-content\/uploads\/2025\/04\/KHALIF.jpg\",\"width\":252,\"height\":168},{\"@type\":\"WebPage\",\"@id\":\"https:\/\/www.nettali.com\/2025\/04\/09\/necrologie-le-khalife-general-des-layenes-rappele-a-dieu\/#webpage\",\"url\":\"https:\/\/www.nettali.com\/2025\/04\/09\/necrologie-le-khalife-general-des-layenes-rappele-a-dieu\/\",\"name\":\"N\\u00c9CROLOGIE - Le Khalife g\\u00e9n\\u00e9ral des Lay\\u00e8nes, rappel\\u00e9 \\u00e0 Dieu | Nettali.com\",\"isPartOf\":{\"@id\":\"https:\/\/www.nettali.com\/#website\"},\"primaryImageOfPage\":{\"@id\":\"https:\/\/www.nettali.com\/2025\/04\/09\/necrologie-le-khalife-general-des-layenes-rappele-a-dieu\/#primaryimage\"},\"datePublished\":\"2025-04-09T09:32:01+00:00\",\"dateModified\":\"2025-04-09T11:41:18+00:00\",\"author\":{\"@id\":\"https:\/\/www.nettali.com\/#\/schema\/person\/bb147657c2986240405a608162b9bb23\"},\"breadcrumb\":{\"@id\":\"https:\/\/www.nettali.com\/2025\/04\/09\/necrologie-le-khalife-general-des-layenes-rappele-a-dieu\/#breadcrumb\"},\"inLanguage\":\"fr-FR\",\"potentialAction\":[{\"@type\":\"ReadAction\",\"target\":[\"https:\/\/www.nettali.com\/2025\/04\/09\/necrologie-le-khalife-general-des-layenes-rappele-a-dieu\/\"]}]},{\"@type\":\"BreadcrumbList\",\"@id\":\"https:\/\/www.nettali.com\/2025\/04\/09\/necrologie-le-khalife-general-des-layenes-rappele-a-dieu\/#breadcrumb\",\"itemListElement\":[{\"@type\":\"ListItem\",\"position\":1,\"name\":\"Accueil\",\"item\":\"https:\/\/www.nettali.com\/\"},{\"@type\":\"ListItem\",\"position\":2,\"name\":\"N\\u00c9CROLOGIE - Le Khalife g\\u00e9n\\u00e9ral des Lay\\u00e8nes, rappel\\u00e9 \\u00e0 Dieu\"}]},{\"@type\":\"Person\",\"@id\":\"https:\/\/www.nettali.com\/#\/schema\/person\/bb147657c2986240405a608162b9bb23\",\"name\":\"Ibrahima\",\"image\":{\"@type\":\"ImageObject\",\"@id\":\"https:\/\/www.nettali.com\/#personlogo\",\"inLanguage\":\"fr-FR\",\"url\":\"https:\/\/secure.gravatar.com\/avatar\/26a8a81f09f0dd7624c9d5c36c9ba3a2?s=96&d=mm&r=g\",\"contentUrl\":\"https:\/\/secure.gravatar.com\/avatar\/26a8a81f09f0dd7624c9d5c36c9ba3a2?s=96&d=mm&r=g\",\"caption\":\"Ibrahima\"},\"sameAs\":[\"https:\/\/www.nettali.com\"]}]}<\/script>\n<!-- \/ Yoast SEO Premium plugin. -->","yoast_head_json":{"title":"N\u00c9CROLOGIE - Le Khalife g\u00e9n\u00e9ral des Lay\u00e8nes, rappel\u00e9 \u00e0 Dieu | Nettali.com","robots":{"index":"index","follow":"follow","max-snippet":"max-snippet:-1","max-image-preview":"max-image-preview:large","max-video-preview":"max-video-preview:-1"},"canonical":"https:\/\/www.nettali.com\/2025\/04\/09\/necrologie-le-khalife-general-des-layenes-rappele-a-dieu\/","og_locale":"fr_FR","og_type":"article","og_title":"N\u00c9CROLOGIE - Le Khalife g\u00e9n\u00e9ral des Lay\u00e8nes, rappel\u00e9 \u00e0 Dieu","og_description":"NETTALI.COM - Le Khalife g\u00e9n\u00e9ral Mamadou Makhtar Thiaw Laye, sixi\u00e8me guide spirituel des Lay\u00e8nes, a tir\u00e9 sa r\u00e9v\u00e9rence dans la soir\u00e9e de ce mardi 8 avril. Il a \u00e9t\u00e9 inhum\u00e9 dans la nuit du mardi au mercredi. Fils de Seydina Mandione Laye, deuxi\u00e8me Khalife du Mahdi, et de Ya Faty Niang, le Khalife Mamadou Makhtar [&hellip;]","og_url":"https:\/\/www.nettali.com\/2025\/04\/09\/necrologie-le-khalife-general-des-layenes-rappele-a-dieu\/","og_site_name":"Nettali.com","article_publisher":"https:\/\/www.facebook.com\/nettalicom","article_published_time":"2025-04-09T09:32:01+00:00","article_modified_time":"2025-04-09T11:41:18+00:00","og_image":[{"width":252,"height":168,"url":"https:\/\/www.nettali.com\/wp-content\/uploads\/2025\/04\/KHALIF.jpg","type":"image\/jpeg"}],"twitter_card":"summary_large_image","twitter_misc":{"\u00c9crit par":"Ibrahima","Dur\u00e9e de lecture estim\u00e9e":"1 minute"},"schema":{"@context":"https:\/\/schema.org","@graph":[{"@type":"WebSite","@id":"https:\/\/www.nettali.com\/#website","url":"https:\/\/www.nettali.com\/","name":"Nettali.com","description":"Le rendez-vous critique du Net","potentialAction":[{"@type":"SearchAction","target":{"@type":"EntryPoint","urlTemplate":"https:\/\/www.nettali.com\/?s={search_term_string}"},"query-input":"required name=search_term_string"}],"inLanguage":"fr-FR"},{"@type":"ImageObject","@id":"https:\/\/www.nettali.com\/2025\/04\/09\/necrologie-le-khalife-general-des-layenes-rappele-a-dieu\/#primaryimage","inLanguage":"fr-FR","url":"https:\/\/www.nettali.com\/wp-content\/uploads\/2025\/04\/KHALIF.jpg","contentUrl":"https:\/\/www.nettali.com\/wp-content\/uploads\/2025\/04\/KHALIF.jpg","width":252,"height":168},{"@type":"WebPage","@id":"https:\/\/www.nettali.com\/2025\/04\/09\/necrologie-le-khalife-general-des-layenes-rappele-a-dieu\/#webpage","url":"https:\/\/www.nettali.com\/2025\/04\/09\/necrologie-le-khalife-general-des-layenes-rappele-a-dieu\/","name":"N\u00c9CROLOGIE - Le Khalife g\u00e9n\u00e9ral des Lay\u00e8nes, rappel\u00e9 \u00e0 Dieu | Nettali.com","isPartOf":{"@id":"https:\/\/www.nettali.com\/#website"},"primaryImageOfPage":{"@id":"https:\/\/www.nettali.com\/2025\/04\/09\/necrologie-le-khalife-general-des-layenes-rappele-a-dieu\/#primaryimage"},"datePublished":"2025-04-09T09:32:01+00:00","dateModified":"2025-04-09T11:41:18+00:00","author":{"@id":"https:\/\/www.nettali.com\/#\/schema\/person\/bb147657c2986240405a608162b9bb23"},"breadcrumb":{"@id":"https:\/\/www.nettali.com\/2025\/04\/09\/necrologie-le-khalife-general-des-layenes-rappele-a-dieu\/#breadcrumb"},"inLanguage":"fr-FR","potentialAction":[{"@type":"ReadAction","target":["https:\/\/www.nettali.com\/2025\/04\/09\/necrologie-le-khalife-general-des-layenes-rappele-a-dieu\/"]}]},{"@type":"BreadcrumbList","@id":"https:\/\/www.nettali.com\/2025\/04\/09\/necrologie-le-khalife-general-des-layenes-rappele-a-dieu\/#breadcrumb","itemListElement":[{"@type":"ListItem","position":1,"name":"Accueil","item":"https:\/\/www.nettali.com\/"},{"@type":"ListItem","position":2,"name":"N\u00c9CROLOGIE - Le Khalife g\u00e9n\u00e9ral des Lay\u00e8nes, rappel\u00e9 \u00e0 Dieu"}]},{"@type":"Person","@id":"https:\/\/www.nettali.com\/#\/schema\/person\/bb147657c2986240405a608162b9bb23","name":"Ibrahima","image":{"@type":"ImageObject","@id":"https:\/\/www.nettali.com\/#personlogo","inLanguage":"fr-FR","url":"https:\/\/secure.gravatar.com\/avatar\/26a8a81f09f0dd7624c9d5c36c9ba3a2?s=96&d=mm&r=g","contentUrl":"https:\/\/secure.gravatar.com\/avatar\/26a8a81f09f0dd7624c9d5c36c9ba3a2?s=96&d=mm&r=g","caption":"Ibrahima"},"sameAs":["https:\/\/www.nettali.com"]}]}},"_links":{"self":[{"href":"https:\/\/www.nettali.com\/rest\/wp\/v2\/posts\/152060"}],"collection":[{"href":"https:\/\/www.nettali.com\/rest\/wp\/v2\/posts"}],"about":[{"href":"https:\/\/www.nettali.com\/rest\/wp\/v2\/types\/post"}],"author":[{"embeddable":true,"href":"https:\/\/www.nettali.com\/rest\/wp\/v2\/users\/5"}],"replies":[{"embeddable":true,"href":"https:\/\/www.nettali.com\/rest\/wp\/v2\/comments?post=152060"}],"version-history":[{"count":2,"href":"https:\/\/www.nettali.com\/rest\/wp\/v2\/posts\/152060\/revisions"}],"predecessor-version":[{"id":152081,"href":"https:\/\/www.nettali.com\/rest\/wp\/v2\/posts\/152060\/revisions\/152081"}],"wp:featuredmedia":[{"embeddable":true,"href":"https:\/\/www.nettali.com\/rest\/wp\/v2\/media\/152061"}],"wp:attachment":[{"href":"https:\/\/www.nettali.com\/rest\/wp\/v2\/media?parent=152060"}],"wp:term":[{"taxonomy":"category","embeddable":true,"href":"https:\/\/www.nettali.com\/rest\/wp\/v2\/categories?post=152060"},{"taxonomy":"post_tag","embeddable":true,"href":"https:\/\/www.nettali.com\/rest\/wp\/v2\/tags?post=152060"}],"curies":[{"name":"wp","href":"https:\/\/api.w.org\/{rel}","templated":true}]}}