{"id":152019,"date":"2025-04-08T20:40:36","date_gmt":"2025-04-08T20:40:36","guid":{"rendered":"https:\/\/www.nettali.com\/?p=152019"},"modified":"2025-04-08T20:40:36","modified_gmt":"2025-04-08T20:40:36","slug":"abou-sy-psychiatre-la-prise-en-charge-des-malades-mentaux-au-senegal-est-globalement-tres-mediocre","status":"publish","type":"post","link":"https:\/\/www.nettali.com\/2025\/04\/08\/abou-sy-psychiatre-la-prise-en-charge-des-malades-mentaux-au-senegal-est-globalement-tres-mediocre\/","title":{"rendered":"ABOU SY PSYCHIATRE - \u00ab La prise en charge des malades mentaux au S\u00e9n\u00e9gal est globalement tr\u00e8s m\u00e9diocre \u00bb"},"content":{"rendered":"<p><strong>NETTALI.COM - Le Professeur Abou Sy juge tr\u00e8s m\u00e9diocre la prise en charge des malades mentaux au S\u00e9n\u00e9gal. Le psychiatre d\u00e9plore des probl\u00e8mes d\u2019accessibilit\u00e9, de disponibilit\u00e9 des m\u00e9dicaments ainsi que d\u2019approche<\/strong><strong>.<\/strong><\/p>\n<p>\u00ab<em> La prise en charge des malades mentaux au S\u00e9n\u00e9gal est globalement tr\u00e8s m\u00e9diocre. Si nous voyons les diff\u00e9rentes approches sur le mod\u00e8le biopsychosocial, biologique, il y a \u00e9norm\u00e9ment de gaps<\/em> \u00bb, a dit le professeur en psychiatrie dans un entretien avec l\u2019APS.<\/p>\n<p>Selon lui, \u00ab <em>il y a des probl\u00e8mes de rupture, des probl\u00e8mes de disponibilit\u00e9, d\u2019accessibilit\u00e9 des m\u00e9dicaments, autant au niveau financier qu\u2019au niveau g\u00e9ographique. Les m\u00e9dicaments ne sont pas disponibles, la plupart du temps, il y a des ruptures<\/em> \u00bb.<\/p>\n<p><em>Le psychiatre d\u00e9clare que lorsque les m\u00e9dicaments sont disponibles, ils peuvent co\u00fbter \u00ab chers \u00bb.<\/em><\/p>\n<p>Il a aussi soulign\u00e9 que les pathologies mentales sont invalidantes et vont \u00e9voluer vers la d\u00e9socialisation ou bien la perte du travail du fait de la stigmatisation.<\/p>\n<p>Un trouble mental est d\u00e9fini par l\u2019Organisation mondiale de la sant\u00e9 (OMS) comme un ensemble de cognitions ou comportements qui pr\u00e9sentent des anomalies et causent une souffrance et un dysfonctionnement dans la vie quotidienne. Les maladies mentales affectent la mani\u00e8re dont une personne pense, se comporte, ressent et per\u00e7oit son environnement.<\/p>\n<p>Selon Abou Sy, \u00ab<em> le patient devient un fardeau pour la soci\u00e9t\u00e9 et, \u00e0 partir du moment o\u00f9 les m\u00e9dicaments co\u00fbtent chers, cela peut \u00eatre un obstacle pour la prise en charge<\/em> \u00bb.<\/p>\n<p>Sur le plan psychologique, il a relev\u00e9 que \u00ab l\u2019<em>Universit\u00e9 de Dakar a souffert de la fermeture, de l\u2019absence d\u2019une facult\u00e9 de psychologie capable de former des gens pendant des ann\u00e9es<\/em> \u00bb.<\/p>\n<p>Cette facult\u00e9 a \u00e9t\u00e9 r\u00e9ouverte r\u00e9cemment, a-t-il salu\u00e9, notant que \u201ddes jeunes s\u2019engagent dans cette fili\u00e8re\u2019\u2019.<\/p>\n<p><strong>Encore beaucoup de choses \u00e0 faire<\/strong><\/p>\n<p>Pour le psychiatre, il reste encore beaucoup de choses \u00e0 faire en termes d\u2019acquisition de connaissances et de comp\u00e9tences.<\/p>\n<p>Dans son analyse, le praticien estime que l\u2019accompagnement sur le plan social est \u00ab catastrophique \u00bb. \u00ab <em>Nous avons l\u2019impression que les autorit\u00e9s ne font pas de la sant\u00e9 mentale une priorit\u00e9, alors qu\u2019on ne peut pas se d\u00e9velopper en l\u2019absence d\u2019une sant\u00e9 mentale, d\u2019une sant\u00e9 globalement. Le moteur du d\u00e9veloppement, c\u2019est l\u2019\u00eatre humain. Donc, il faudrait pouvoir \u00eatre en bonne sant\u00e9 pour pouvoir d\u00e9velopper sa soci\u00e9t\u00e9<\/em> \u00bb, a-t-il soutenu.<\/p>\n<div class='share-to-whatsapp-wrapper'><div class='share-on-whsp'>PARTAGER SUR : <\/div><a data-text='ABOU SY PSYCHIATRE - \u00ab La prise en charge des malades mentaux au S\u00e9n\u00e9gal est globalement tr\u00e8s m\u00e9diocre \u00bb' data-link='https:\/\/www.nettali.com\/2025\/04\/08\/abou-sy-psychiatre-la-prise-en-charge-des-malades-mentaux-au-senegal-est-globalement-tres-mediocre\/' class='whatsapp-button whatsapp-share'>WhatsApp<\/a><div class='clear '><\/div><\/div>","protected":false},"excerpt":{"rendered":"<p>NETTALI.COM - Le Professeur Abou Sy juge tr\u00e8s m\u00e9diocre la prise en charge des malades mentaux au S\u00e9n\u00e9gal. Le psychiatre d\u00e9plore des probl\u00e8mes d\u2019accessibilit\u00e9, de disponibilit\u00e9 des m\u00e9dicaments ainsi que d\u2019approche. \u00ab La prise en charge des malades mentaux au S\u00e9n\u00e9gal est globalement tr\u00e8s m\u00e9diocre. Si nous voyons les diff\u00e9rentes approches sur le mod\u00e8le biopsychosocial, [&hellip;]<\/p>\n","protected":false},"author":6,"featured_media":152030,"comment_status":"open","ping_status":"open","sticky":false,"template":"","format":"standard","meta":{"_et_pb_use_builder":"","_et_pb_old_content":""},"categories":[22],"tags":[],"yoast_head":"<!-- This site is optimized with the Yoast SEO Premium plugin v17.8 (Yoast SEO v17.8) - https:\/\/yoast.com\/wordpress\/plugins\/seo\/ -->\n<title>ABOU SY PSYCHIATRE - \u00ab La prise en charge des malades mentaux au S\u00e9n\u00e9gal est globalement tr\u00e8s m\u00e9diocre \u00bb | Nettali.com<\/title>\n<meta name=\"robots\" content=\"index, follow, max-snippet:-1, max-image-preview:large, max-video-preview:-1\" \/>\n<link rel=\"canonical\" href=\"https:\/\/www.nettali.com\/2025\/04\/08\/abou-sy-psychiatre-la-prise-en-charge-des-malades-mentaux-au-senegal-est-globalement-tres-mediocre\/\" \/>\n<meta property=\"og:locale\" content=\"fr_FR\" \/>\n<meta property=\"og:type\" content=\"article\" \/>\n<meta property=\"og:title\" content=\"ABOU SY PSYCHIATRE - \u00ab La prise en charge des malades mentaux au S\u00e9n\u00e9gal est globalement tr\u00e8s m\u00e9diocre \u00bb\" \/>\n<meta property=\"og:description\" content=\"NETTALI.COM - Le Professeur Abou Sy juge tr\u00e8s m\u00e9diocre la prise en charge des malades mentaux au S\u00e9n\u00e9gal. Le psychiatre d\u00e9plore des probl\u00e8mes d\u2019accessibilit\u00e9, de disponibilit\u00e9 des m\u00e9dicaments ainsi que d\u2019approche. \u00ab La prise en charge des malades mentaux au S\u00e9n\u00e9gal est globalement tr\u00e8s m\u00e9diocre. Si nous voyons les diff\u00e9rentes approches sur le mod\u00e8le biopsychosocial, [&hellip;]\" \/>\n<meta property=\"og:url\" content=\"https:\/\/www.nettali.com\/2025\/04\/08\/abou-sy-psychiatre-la-prise-en-charge-des-malades-mentaux-au-senegal-est-globalement-tres-mediocre\/\" \/>\n<meta property=\"og:site_name\" content=\"Nettali.com\" \/>\n<meta property=\"article:publisher\" content=\"https:\/\/www.facebook.com\/nettalicom\" \/>\n<meta property=\"article:published_time\" content=\"2025-04-08T20:40:36+00:00\" \/>\n<meta property=\"og:image\" content=\"https:\/\/www.nettali.com\/wp-content\/uploads\/2025\/04\/maxresdefault.jpg\" \/>\n\t<meta property=\"og:image:width\" content=\"1280\" \/>\n\t<meta property=\"og:image:height\" content=\"720\" \/>\n<meta name=\"twitter:card\" content=\"summary_large_image\" \/>\n<meta name=\"twitter:label1\" content=\"\u00c9crit par\" \/>\n\t<meta name=\"twitter:data1\" content=\"Fatou\" \/>\n\t<meta name=\"twitter:label2\" content=\"Dur\u00e9e de lecture estim\u00e9e\" \/>\n\t<meta name=\"twitter:data2\" content=\"2 minutes\" \/>\n<script type=\"application\/ld+json\" class=\"yoast-schema-graph\">{\"@context\":\"https:\/\/schema.org\",\"@graph\":[{\"@type\":\"WebSite\",\"@id\":\"https:\/\/www.nettali.com\/#website\",\"url\":\"https:\/\/www.nettali.com\/\",\"name\":\"Nettali.com\",\"description\":\"Le rendez-vous critique du Net\",\"potentialAction\":[{\"@type\":\"SearchAction\",\"target\":{\"@type\":\"EntryPoint\",\"urlTemplate\":\"https:\/\/www.nettali.com\/?s={search_term_string}\"},\"query-input\":\"required name=search_term_string\"}],\"inLanguage\":\"fr-FR\"},{\"@type\":\"ImageObject\",\"@id\":\"https:\/\/www.nettali.com\/2025\/04\/08\/abou-sy-psychiatre-la-prise-en-charge-des-malades-mentaux-au-senegal-est-globalement-tres-mediocre\/#primaryimage\",\"inLanguage\":\"fr-FR\",\"url\":\"https:\/\/www.nettali.com\/wp-content\/uploads\/2025\/04\/maxresdefault.jpg\",\"contentUrl\":\"https:\/\/www.nettali.com\/wp-content\/uploads\/2025\/04\/maxresdefault.jpg\",\"width\":1280,\"height\":720},{\"@type\":\"WebPage\",\"@id\":\"https:\/\/www.nettali.com\/2025\/04\/08\/abou-sy-psychiatre-la-prise-en-charge-des-malades-mentaux-au-senegal-est-globalement-tres-mediocre\/#webpage\",\"url\":\"https:\/\/www.nettali.com\/2025\/04\/08\/abou-sy-psychiatre-la-prise-en-charge-des-malades-mentaux-au-senegal-est-globalement-tres-mediocre\/\",\"name\":\"ABOU SY PSYCHIATRE - \\u00ab La prise en charge des malades mentaux au S\\u00e9n\\u00e9gal est globalement tr\\u00e8s m\\u00e9diocre \\u00bb | Nettali.com\",\"isPartOf\":{\"@id\":\"https:\/\/www.nettali.com\/#website\"},\"primaryImageOfPage\":{\"@id\":\"https:\/\/www.nettali.com\/2025\/04\/08\/abou-sy-psychiatre-la-prise-en-charge-des-malades-mentaux-au-senegal-est-globalement-tres-mediocre\/#primaryimage\"},\"datePublished\":\"2025-04-08T20:40:36+00:00\",\"dateModified\":\"2025-04-08T20:40:36+00:00\",\"author\":{\"@id\":\"https:\/\/www.nettali.com\/#\/schema\/person\/418274a86bdf87caff7a3ef476bd0bbf\"},\"breadcrumb\":{\"@id\":\"https:\/\/www.nettali.com\/2025\/04\/08\/abou-sy-psychiatre-la-prise-en-charge-des-malades-mentaux-au-senegal-est-globalement-tres-mediocre\/#breadcrumb\"},\"inLanguage\":\"fr-FR\",\"potentialAction\":[{\"@type\":\"ReadAction\",\"target\":[\"https:\/\/www.nettali.com\/2025\/04\/08\/abou-sy-psychiatre-la-prise-en-charge-des-malades-mentaux-au-senegal-est-globalement-tres-mediocre\/\"]}]},{\"@type\":\"BreadcrumbList\",\"@id\":\"https:\/\/www.nettali.com\/2025\/04\/08\/abou-sy-psychiatre-la-prise-en-charge-des-malades-mentaux-au-senegal-est-globalement-tres-mediocre\/#breadcrumb\",\"itemListElement\":[{\"@type\":\"ListItem\",\"position\":1,\"name\":\"Accueil\",\"item\":\"https:\/\/www.nettali.com\/\"},{\"@type\":\"ListItem\",\"position\":2,\"name\":\"ABOU SY PSYCHIATRE - \\u00ab La prise en charge des malades mentaux au S\\u00e9n\\u00e9gal est globalement tr\\u00e8s m\\u00e9diocre \\u00bb\"}]},{\"@type\":\"Person\",\"@id\":\"https:\/\/www.nettali.com\/#\/schema\/person\/418274a86bdf87caff7a3ef476bd0bbf\",\"name\":\"Fatou\",\"image\":{\"@type\":\"ImageObject\",\"@id\":\"https:\/\/www.nettali.com\/#personlogo\",\"inLanguage\":\"fr-FR\",\"url\":\"https:\/\/secure.gravatar.com\/avatar\/5a9442a2bee7b4dcf167cab035858e9a?s=96&d=mm&r=g\",\"contentUrl\":\"https:\/\/secure.gravatar.com\/avatar\/5a9442a2bee7b4dcf167cab035858e9a?s=96&d=mm&r=g\",\"caption\":\"Fatou\"},\"sameAs\":[\"https:\/\/www.nettali.com\"]}]}<\/script>\n<!-- \/ Yoast SEO Premium plugin. -->","yoast_head_json":{"title":"ABOU SY PSYCHIATRE - \u00ab La prise en charge des malades mentaux au S\u00e9n\u00e9gal est globalement tr\u00e8s m\u00e9diocre \u00bb | Nettali.com","robots":{"index":"index","follow":"follow","max-snippet":"max-snippet:-1","max-image-preview":"max-image-preview:large","max-video-preview":"max-video-preview:-1"},"canonical":"https:\/\/www.nettali.com\/2025\/04\/08\/abou-sy-psychiatre-la-prise-en-charge-des-malades-mentaux-au-senegal-est-globalement-tres-mediocre\/","og_locale":"fr_FR","og_type":"article","og_title":"ABOU SY PSYCHIATRE - \u00ab La prise en charge des malades mentaux au S\u00e9n\u00e9gal est globalement tr\u00e8s m\u00e9diocre \u00bb","og_description":"NETTALI.COM - Le Professeur Abou Sy juge tr\u00e8s m\u00e9diocre la prise en charge des malades mentaux au S\u00e9n\u00e9gal. Le psychiatre d\u00e9plore des probl\u00e8mes d\u2019accessibilit\u00e9, de disponibilit\u00e9 des m\u00e9dicaments ainsi que d\u2019approche. \u00ab La prise en charge des malades mentaux au S\u00e9n\u00e9gal est globalement tr\u00e8s m\u00e9diocre. Si nous voyons les diff\u00e9rentes approches sur le mod\u00e8le biopsychosocial, [&hellip;]","og_url":"https:\/\/www.nettali.com\/2025\/04\/08\/abou-sy-psychiatre-la-prise-en-charge-des-malades-mentaux-au-senegal-est-globalement-tres-mediocre\/","og_site_name":"Nettali.com","article_publisher":"https:\/\/www.facebook.com\/nettalicom","article_published_time":"2025-04-08T20:40:36+00:00","og_image":[{"width":1280,"height":720,"url":"https:\/\/www.nettali.com\/wp-content\/uploads\/2025\/04\/maxresdefault.jpg","type":"image\/jpeg"}],"twitter_card":"summary_large_image","twitter_misc":{"\u00c9crit par":"Fatou","Dur\u00e9e de lecture estim\u00e9e":"2 minutes"},"schema":{"@context":"https:\/\/schema.org","@graph":[{"@type":"WebSite","@id":"https:\/\/www.nettali.com\/#website","url":"https:\/\/www.nettali.com\/","name":"Nettali.com","description":"Le rendez-vous critique du Net","potentialAction":[{"@type":"SearchAction","target":{"@type":"EntryPoint","urlTemplate":"https:\/\/www.nettali.com\/?s={search_term_string}"},"query-input":"required name=search_term_string"}],"inLanguage":"fr-FR"},{"@type":"ImageObject","@id":"https:\/\/www.nettali.com\/2025\/04\/08\/abou-sy-psychiatre-la-prise-en-charge-des-malades-mentaux-au-senegal-est-globalement-tres-mediocre\/#primaryimage","inLanguage":"fr-FR","url":"https:\/\/www.nettali.com\/wp-content\/uploads\/2025\/04\/maxresdefault.jpg","contentUrl":"https:\/\/www.nettali.com\/wp-content\/uploads\/2025\/04\/maxresdefault.jpg","width":1280,"height":720},{"@type":"WebPage","@id":"https:\/\/www.nettali.com\/2025\/04\/08\/abou-sy-psychiatre-la-prise-en-charge-des-malades-mentaux-au-senegal-est-globalement-tres-mediocre\/#webpage","url":"https:\/\/www.nettali.com\/2025\/04\/08\/abou-sy-psychiatre-la-prise-en-charge-des-malades-mentaux-au-senegal-est-globalement-tres-mediocre\/","name":"ABOU SY PSYCHIATRE - \u00ab La prise en charge des malades mentaux au S\u00e9n\u00e9gal est globalement tr\u00e8s m\u00e9diocre \u00bb | Nettali.com","isPartOf":{"@id":"https:\/\/www.nettali.com\/#website"},"primaryImageOfPage":{"@id":"https:\/\/www.nettali.com\/2025\/04\/08\/abou-sy-psychiatre-la-prise-en-charge-des-malades-mentaux-au-senegal-est-globalement-tres-mediocre\/#primaryimage"},"datePublished":"2025-04-08T20:40:36+00:00","dateModified":"2025-04-08T20:40:36+00:00","author":{"@id":"https:\/\/www.nettali.com\/#\/schema\/person\/418274a86bdf87caff7a3ef476bd0bbf"},"breadcrumb":{"@id":"https:\/\/www.nettali.com\/2025\/04\/08\/abou-sy-psychiatre-la-prise-en-charge-des-malades-mentaux-au-senegal-est-globalement-tres-mediocre\/#breadcrumb"},"inLanguage":"fr-FR","potentialAction":[{"@type":"ReadAction","target":["https:\/\/www.nettali.com\/2025\/04\/08\/abou-sy-psychiatre-la-prise-en-charge-des-malades-mentaux-au-senegal-est-globalement-tres-mediocre\/"]}]},{"@type":"BreadcrumbList","@id":"https:\/\/www.nettali.com\/2025\/04\/08\/abou-sy-psychiatre-la-prise-en-charge-des-malades-mentaux-au-senegal-est-globalement-tres-mediocre\/#breadcrumb","itemListElement":[{"@type":"ListItem","position":1,"name":"Accueil","item":"https:\/\/www.nettali.com\/"},{"@type":"ListItem","position":2,"name":"ABOU SY PSYCHIATRE - \u00ab La prise en charge des malades mentaux au S\u00e9n\u00e9gal est globalement tr\u00e8s m\u00e9diocre \u00bb"}]},{"@type":"Person","@id":"https:\/\/www.nettali.com\/#\/schema\/person\/418274a86bdf87caff7a3ef476bd0bbf","name":"Fatou","image":{"@type":"ImageObject","@id":"https:\/\/www.nettali.com\/#personlogo","inLanguage":"fr-FR","url":"https:\/\/secure.gravatar.com\/avatar\/5a9442a2bee7b4dcf167cab035858e9a?s=96&d=mm&r=g","contentUrl":"https:\/\/secure.gravatar.com\/avatar\/5a9442a2bee7b4dcf167cab035858e9a?s=96&d=mm&r=g","caption":"Fatou"},"sameAs":["https:\/\/www.nettali.com"]}]}},"_links":{"self":[{"href":"https:\/\/www.nettali.com\/rest\/wp\/v2\/posts\/152019"}],"collection":[{"href":"https:\/\/www.nettali.com\/rest\/wp\/v2\/posts"}],"about":[{"href":"https:\/\/www.nettali.com\/rest\/wp\/v2\/types\/post"}],"author":[{"embeddable":true,"href":"https:\/\/www.nettali.com\/rest\/wp\/v2\/users\/6"}],"replies":[{"embeddable":true,"href":"https:\/\/www.nettali.com\/rest\/wp\/v2\/comments?post=152019"}],"version-history":[{"count":3,"href":"https:\/\/www.nettali.com\/rest\/wp\/v2\/posts\/152019\/revisions"}],"predecessor-version":[{"id":152031,"href":"https:\/\/www.nettali.com\/rest\/wp\/v2\/posts\/152019\/revisions\/152031"}],"wp:featuredmedia":[{"embeddable":true,"href":"https:\/\/www.nettali.com\/rest\/wp\/v2\/media\/152030"}],"wp:attachment":[{"href":"https:\/\/www.nettali.com\/rest\/wp\/v2\/media?parent=152019"}],"wp:term":[{"taxonomy":"category","embeddable":true,"href":"https:\/\/www.nettali.com\/rest\/wp\/v2\/categories?post=152019"},{"taxonomy":"post_tag","embeddable":true,"href":"https:\/\/www.nettali.com\/rest\/wp\/v2\/tags?post=152019"}],"curies":[{"name":"wp","href":"https:\/\/api.w.org\/{rel}","templated":true}]}}