{"id":151981,"date":"2025-04-08T01:04:46","date_gmt":"2025-04-08T01:04:46","guid":{"rendered":"https:\/\/www.nettali.com\/?p=151981"},"modified":"2025-04-08T01:04:46","modified_gmt":"2025-04-08T01:04:46","slug":"arsenal-saka-reve-du-ballon-dor","status":"publish","type":"post","link":"https:\/\/www.nettali.com\/2025\/04\/08\/arsenal-saka-reve-du-ballon-dor\/","title":{"rendered":"ARSENAL - Saka r\u00eave du Ballon d'Or"},"content":{"rendered":"<p><strong>NETTALI.COM -<\/strong> Bukayo Saka (23 ans, 5 matchs et 4 buts en LdC cette saison) est un jeune homme rempli d'ambition. Sa conf\u00e9rence de presse avant le quart de finale aller de Ligue des Champions face au Real Madrid, programm\u00e9 ce mardi (21h), le prouve. L'ailier d'Arsenal a m\u00eame abord\u00e9 le sujet du Ballon d'Or.<\/p>\n<p>\u201c<em>C'est un r\u00eave, bien s\u00fbr. Mais c'est aussi le r\u00eave de beaucoup d'autres joueurs, a soulign\u00e9 l'international anglais en conf\u00e9rence de presse ce lundi. Moi, je travaille dur et je donne mon maximum pour l'\u00e9quipe. Si une r\u00e9compense individuelle arrive gr\u00e2ce \u00e0 \u00e7a, tant mieux. Je pense toujours \u00e0 gagner des matchs et des troph\u00e9es avant de penser aux r\u00e9compenses individuelles.<\/em>\u201d<\/p>\n<p>Un discours similaire \u00e0 celui de son futur adversaire Kylian Mbapp\u00e9, qui pr\u00e9f\u00e8re remporter la C1 plut\u00f4t que succ\u00e9der \u00e0 Rodri<\/p>\n<div class='share-to-whatsapp-wrapper'><div class='share-on-whsp'>PARTAGER SUR : <\/div><a data-text='ARSENAL - Saka r\u00eave du Ballon d'Or' data-link='https:\/\/www.nettali.com\/2025\/04\/08\/arsenal-saka-reve-du-ballon-dor\/' class='whatsapp-button whatsapp-share'>WhatsApp<\/a><div class='clear '><\/div><\/div>","protected":false},"excerpt":{"rendered":"<p>NETTALI.COM - Bukayo Saka (23 ans, 5 matchs et 4 buts en LdC cette saison) est un jeune homme rempli d'ambition. Sa conf\u00e9rence de presse avant le quart de finale aller de Ligue des Champions face au Real Madrid, programm\u00e9 ce mardi (21h), le prouve. L'ailier d'Arsenal a m\u00eame abord\u00e9 le sujet du Ballon d'Or. [&hellip;]<\/p>\n","protected":false},"author":2,"featured_media":151982,"comment_status":"open","ping_status":"open","sticky":false,"template":"","format":"standard","meta":{"_et_pb_use_builder":"","_et_pb_old_content":""},"categories":[6],"tags":[],"yoast_head":"<!-- This site is optimized with the Yoast SEO Premium plugin v17.8 (Yoast SEO v17.8) - https:\/\/yoast.com\/wordpress\/plugins\/seo\/ -->\n<title>ARSENAL - Saka r\u00eave du Ballon d&#039;Or | Nettali.com<\/title>\n<meta name=\"robots\" content=\"index, follow, max-snippet:-1, max-image-preview:large, max-video-preview:-1\" \/>\n<link rel=\"canonical\" href=\"https:\/\/www.nettali.com\/2025\/04\/08\/arsenal-saka-reve-du-ballon-dor\/\" \/>\n<meta property=\"og:locale\" content=\"fr_FR\" \/>\n<meta property=\"og:type\" content=\"article\" \/>\n<meta property=\"og:title\" content=\"ARSENAL - Saka r\u00eave du Ballon d&#039;Or\" \/>\n<meta property=\"og:description\" content=\"NETTALI.COM - Bukayo Saka (23 ans, 5 matchs et 4 buts en LdC cette saison) est un jeune homme rempli d&#039;ambition. Sa conf\u00e9rence de presse avant le quart de finale aller de Ligue des Champions face au Real Madrid, programm\u00e9 ce mardi (21h), le prouve. L&#039;ailier d&#039;Arsenal a m\u00eame abord\u00e9 le sujet du Ballon d&#039;Or. [&hellip;]\" \/>\n<meta property=\"og:url\" content=\"https:\/\/www.nettali.com\/2025\/04\/08\/arsenal-saka-reve-du-ballon-dor\/\" \/>\n<meta property=\"og:site_name\" content=\"Nettali.com\" \/>\n<meta property=\"article:publisher\" content=\"https:\/\/www.facebook.com\/nettalicom\" \/>\n<meta property=\"article:published_time\" content=\"2025-04-08T01:04:46+00:00\" \/>\n<meta property=\"og:image\" content=\"https:\/\/www.nettali.com\/wp-content\/uploads\/2025\/04\/images-1.jpeg\" \/>\n\t<meta property=\"og:image:width\" content=\"275\" \/>\n\t<meta property=\"og:image:height\" content=\"183\" \/>\n<meta name=\"twitter:card\" content=\"summary_large_image\" \/>\n<meta name=\"twitter:label1\" content=\"\u00c9crit par\" \/>\n\t<meta name=\"twitter:data1\" content=\"CK\" \/>\n\t<meta name=\"twitter:label2\" content=\"Dur\u00e9e de lecture estim\u00e9e\" \/>\n\t<meta name=\"twitter:data2\" content=\"1 minute\" \/>\n<script type=\"application\/ld+json\" class=\"yoast-schema-graph\">{\"@context\":\"https:\/\/schema.org\",\"@graph\":[{\"@type\":\"WebSite\",\"@id\":\"https:\/\/www.nettali.com\/#website\",\"url\":\"https:\/\/www.nettali.com\/\",\"name\":\"Nettali.com\",\"description\":\"Le rendez-vous critique du Net\",\"potentialAction\":[{\"@type\":\"SearchAction\",\"target\":{\"@type\":\"EntryPoint\",\"urlTemplate\":\"https:\/\/www.nettali.com\/?s={search_term_string}\"},\"query-input\":\"required name=search_term_string\"}],\"inLanguage\":\"fr-FR\"},{\"@type\":\"ImageObject\",\"@id\":\"https:\/\/www.nettali.com\/2025\/04\/08\/arsenal-saka-reve-du-ballon-dor\/#primaryimage\",\"inLanguage\":\"fr-FR\",\"url\":\"https:\/\/www.nettali.com\/wp-content\/uploads\/2025\/04\/images-1.jpeg\",\"contentUrl\":\"https:\/\/www.nettali.com\/wp-content\/uploads\/2025\/04\/images-1.jpeg\",\"width\":275,\"height\":183},{\"@type\":\"WebPage\",\"@id\":\"https:\/\/www.nettali.com\/2025\/04\/08\/arsenal-saka-reve-du-ballon-dor\/#webpage\",\"url\":\"https:\/\/www.nettali.com\/2025\/04\/08\/arsenal-saka-reve-du-ballon-dor\/\",\"name\":\"ARSENAL - Saka r\\u00eave du Ballon d'Or | Nettali.com\",\"isPartOf\":{\"@id\":\"https:\/\/www.nettali.com\/#website\"},\"primaryImageOfPage\":{\"@id\":\"https:\/\/www.nettali.com\/2025\/04\/08\/arsenal-saka-reve-du-ballon-dor\/#primaryimage\"},\"datePublished\":\"2025-04-08T01:04:46+00:00\",\"dateModified\":\"2025-04-08T01:04:46+00:00\",\"author\":{\"@id\":\"https:\/\/www.nettali.com\/#\/schema\/person\/d8ac7b7e27ddad43f1c0d2ef090d7f71\"},\"breadcrumb\":{\"@id\":\"https:\/\/www.nettali.com\/2025\/04\/08\/arsenal-saka-reve-du-ballon-dor\/#breadcrumb\"},\"inLanguage\":\"fr-FR\",\"potentialAction\":[{\"@type\":\"ReadAction\",\"target\":[\"https:\/\/www.nettali.com\/2025\/04\/08\/arsenal-saka-reve-du-ballon-dor\/\"]}]},{\"@type\":\"BreadcrumbList\",\"@id\":\"https:\/\/www.nettali.com\/2025\/04\/08\/arsenal-saka-reve-du-ballon-dor\/#breadcrumb\",\"itemListElement\":[{\"@type\":\"ListItem\",\"position\":1,\"name\":\"Accueil\",\"item\":\"https:\/\/www.nettali.com\/\"},{\"@type\":\"ListItem\",\"position\":2,\"name\":\"ARSENAL - Saka r\\u00eave du Ballon d'Or\"}]},{\"@type\":\"Person\",\"@id\":\"https:\/\/www.nettali.com\/#\/schema\/person\/d8ac7b7e27ddad43f1c0d2ef090d7f71\",\"name\":\"CK\",\"image\":{\"@type\":\"ImageObject\",\"@id\":\"https:\/\/www.nettali.com\/#personlogo\",\"inLanguage\":\"fr-FR\",\"url\":\"https:\/\/secure.gravatar.com\/avatar\/1d8d5118b9327d94da7cd4ce7f17fec2?s=96&d=mm&r=g\",\"contentUrl\":\"https:\/\/secure.gravatar.com\/avatar\/1d8d5118b9327d94da7cd4ce7f17fec2?s=96&d=mm&r=g\",\"caption\":\"CK\"},\"sameAs\":[\"https:\/\/www.nettali.com\"]}]}<\/script>\n<!-- \/ Yoast SEO Premium plugin. -->","yoast_head_json":{"title":"ARSENAL - Saka r\u00eave du Ballon d'Or | Nettali.com","robots":{"index":"index","follow":"follow","max-snippet":"max-snippet:-1","max-image-preview":"max-image-preview:large","max-video-preview":"max-video-preview:-1"},"canonical":"https:\/\/www.nettali.com\/2025\/04\/08\/arsenal-saka-reve-du-ballon-dor\/","og_locale":"fr_FR","og_type":"article","og_title":"ARSENAL - Saka r\u00eave du Ballon d'Or","og_description":"NETTALI.COM - Bukayo Saka (23 ans, 5 matchs et 4 buts en LdC cette saison) est un jeune homme rempli d'ambition. Sa conf\u00e9rence de presse avant le quart de finale aller de Ligue des Champions face au Real Madrid, programm\u00e9 ce mardi (21h), le prouve. L'ailier d'Arsenal a m\u00eame abord\u00e9 le sujet du Ballon d'Or. [&hellip;]","og_url":"https:\/\/www.nettali.com\/2025\/04\/08\/arsenal-saka-reve-du-ballon-dor\/","og_site_name":"Nettali.com","article_publisher":"https:\/\/www.facebook.com\/nettalicom","article_published_time":"2025-04-08T01:04:46+00:00","og_image":[{"width":275,"height":183,"url":"https:\/\/www.nettali.com\/wp-content\/uploads\/2025\/04\/images-1.jpeg","type":"image\/jpeg"}],"twitter_card":"summary_large_image","twitter_misc":{"\u00c9crit par":"CK","Dur\u00e9e de lecture estim\u00e9e":"1 minute"},"schema":{"@context":"https:\/\/schema.org","@graph":[{"@type":"WebSite","@id":"https:\/\/www.nettali.com\/#website","url":"https:\/\/www.nettali.com\/","name":"Nettali.com","description":"Le rendez-vous critique du Net","potentialAction":[{"@type":"SearchAction","target":{"@type":"EntryPoint","urlTemplate":"https:\/\/www.nettali.com\/?s={search_term_string}"},"query-input":"required name=search_term_string"}],"inLanguage":"fr-FR"},{"@type":"ImageObject","@id":"https:\/\/www.nettali.com\/2025\/04\/08\/arsenal-saka-reve-du-ballon-dor\/#primaryimage","inLanguage":"fr-FR","url":"https:\/\/www.nettali.com\/wp-content\/uploads\/2025\/04\/images-1.jpeg","contentUrl":"https:\/\/www.nettali.com\/wp-content\/uploads\/2025\/04\/images-1.jpeg","width":275,"height":183},{"@type":"WebPage","@id":"https:\/\/www.nettali.com\/2025\/04\/08\/arsenal-saka-reve-du-ballon-dor\/#webpage","url":"https:\/\/www.nettali.com\/2025\/04\/08\/arsenal-saka-reve-du-ballon-dor\/","name":"ARSENAL - Saka r\u00eave du Ballon d'Or | Nettali.com","isPartOf":{"@id":"https:\/\/www.nettali.com\/#website"},"primaryImageOfPage":{"@id":"https:\/\/www.nettali.com\/2025\/04\/08\/arsenal-saka-reve-du-ballon-dor\/#primaryimage"},"datePublished":"2025-04-08T01:04:46+00:00","dateModified":"2025-04-08T01:04:46+00:00","author":{"@id":"https:\/\/www.nettali.com\/#\/schema\/person\/d8ac7b7e27ddad43f1c0d2ef090d7f71"},"breadcrumb":{"@id":"https:\/\/www.nettali.com\/2025\/04\/08\/arsenal-saka-reve-du-ballon-dor\/#breadcrumb"},"inLanguage":"fr-FR","potentialAction":[{"@type":"ReadAction","target":["https:\/\/www.nettali.com\/2025\/04\/08\/arsenal-saka-reve-du-ballon-dor\/"]}]},{"@type":"BreadcrumbList","@id":"https:\/\/www.nettali.com\/2025\/04\/08\/arsenal-saka-reve-du-ballon-dor\/#breadcrumb","itemListElement":[{"@type":"ListItem","position":1,"name":"Accueil","item":"https:\/\/www.nettali.com\/"},{"@type":"ListItem","position":2,"name":"ARSENAL - Saka r\u00eave du Ballon d'Or"}]},{"@type":"Person","@id":"https:\/\/www.nettali.com\/#\/schema\/person\/d8ac7b7e27ddad43f1c0d2ef090d7f71","name":"CK","image":{"@type":"ImageObject","@id":"https:\/\/www.nettali.com\/#personlogo","inLanguage":"fr-FR","url":"https:\/\/secure.gravatar.com\/avatar\/1d8d5118b9327d94da7cd4ce7f17fec2?s=96&d=mm&r=g","contentUrl":"https:\/\/secure.gravatar.com\/avatar\/1d8d5118b9327d94da7cd4ce7f17fec2?s=96&d=mm&r=g","caption":"CK"},"sameAs":["https:\/\/www.nettali.com"]}]}},"_links":{"self":[{"href":"https:\/\/www.nettali.com\/rest\/wp\/v2\/posts\/151981"}],"collection":[{"href":"https:\/\/www.nettali.com\/rest\/wp\/v2\/posts"}],"about":[{"href":"https:\/\/www.nettali.com\/rest\/wp\/v2\/types\/post"}],"author":[{"embeddable":true,"href":"https:\/\/www.nettali.com\/rest\/wp\/v2\/users\/2"}],"replies":[{"embeddable":true,"href":"https:\/\/www.nettali.com\/rest\/wp\/v2\/comments?post=151981"}],"version-history":[{"count":1,"href":"https:\/\/www.nettali.com\/rest\/wp\/v2\/posts\/151981\/revisions"}],"predecessor-version":[{"id":151983,"href":"https:\/\/www.nettali.com\/rest\/wp\/v2\/posts\/151981\/revisions\/151983"}],"wp:featuredmedia":[{"embeddable":true,"href":"https:\/\/www.nettali.com\/rest\/wp\/v2\/media\/151982"}],"wp:attachment":[{"href":"https:\/\/www.nettali.com\/rest\/wp\/v2\/media?parent=151981"}],"wp:term":[{"taxonomy":"category","embeddable":true,"href":"https:\/\/www.nettali.com\/rest\/wp\/v2\/categories?post=151981"},{"taxonomy":"post_tag","embeddable":true,"href":"https:\/\/www.nettali.com\/rest\/wp\/v2\/tags?post=151981"}],"curies":[{"name":"wp","href":"https:\/\/api.w.org\/{rel}","templated":true}]}}