{"id":151961,"date":"2025-04-07T23:06:26","date_gmt":"2025-04-07T23:06:26","guid":{"rendered":"https:\/\/www.nettali.com\/?p=151961"},"modified":"2025-04-07T23:06:26","modified_gmt":"2025-04-07T23:06:26","slug":"journee-mondiale-de-la-sante-un-objectif-de-94-deces-maternels-pour-1000-naissances-vivantes-vise-dici-i-2028","status":"publish","type":"post","link":"https:\/\/www.nettali.com\/2025\/04\/07\/journee-mondiale-de-la-sante-un-objectif-de-94-deces-maternels-pour-1000-naissances-vivantes-vise-dici-i-2028\/","title":{"rendered":"JOURN\u00c9E MONDIALE DE LA SANT\u00c9 \u2013 Un objectif de 94 d\u00e9c\u00e8s maternels pour 1000 naissances vivantes vis\u00e9 d\u2019ici i 2028"},"content":{"rendered":"<p><strong>NETTALI.COM - La journ\u00e9e mondiale de la sant\u00e9 est c\u00e9l\u00e9br\u00e9e ce lundi 07 avril 2025, sous le th\u00e8me \" une bonne sant\u00e9 \u00e0 la naissance pour un avenir plein d'espoir\". Le S\u00e9n\u00e9gal vise un objectif de 94 d\u00e9c\u00e8s maternels pour 1000 naissances vivantes d'ici 2028. Le Chef de l'Etat a pour sa part r\u00e9affirm\u00e9 son ambition de garantir \u00e0 chaque S\u00e9n\u00e9galais un acc\u00e8s \u00e9quitable \u00e0 des soins de qualit\u00e9, dans la dignit\u00e9 et la s\u00e9curit\u00e9.<\/strong><\/p>\n<p>La situation de la morbidit\u00e9 et de la mortalit\u00e9 maternelle n\u00e9onatale infantile demeure une pr\u00e9occupation de premier ordre pour le S\u00e9n\u00e9gal. Selon le communiqu\u00e9 du minist\u00e8re de la Sant\u00e9 publi\u00e9 \u00e0 l\u2019occasion de la journ\u00e9e mondiale de la sant\u00e9, d'importants progr\u00e8s ont \u00e9t\u00e9 enregistr\u00e9s.<\/p>\n<p>\u00ab <em>Un ratio de mortalit\u00e9 maternelle qui passe de 396 \u00e0 153 pour 100 000 naissances vivantes, entre 2010 et 2023. La mortalit\u00e9 n\u00e9onatale qui est pass\u00e9e de 38\u2030 \u00e0 23\u2030 naissances vivantes entre 1997 et 2023. Pour la m\u00eame p\u00e9riode, la mortalit\u00e9 infanto juv\u00e9nile a enregistr\u00e9 une chute tr\u00e8s importante en passant de 139\u2030 \u00e0 40\u2030<\/em> \u00bb indique le communiqu\u00e9.<\/p>\n<p>Le S\u00e9n\u00e9gal ambitionne d'atteindre les objectifs de d\u00e9veloppement durable de 2030, mais il reste confront\u00e9 \u00e0 des d\u00e9fis de plusieurs ordres \u00e0 savoir : \u00ab <em>le renforcement du syst\u00e8me de sant\u00e9 \u00e0 travers le rel\u00e8vement du plateau technique, des structures sanitaires, l'offre de services adapt\u00e9s aux jeunes et aux adolescents, la redynamisation des soins de sant\u00e9 primaire et une r\u00e9orientation de la sant\u00e9 communautaire<\/em> \u00bb.<\/p>\n<p>Selon toujours le minist\u00e8re, l'espoir est permis avec l\u2019ouverture des p\u00f4les m\u00e8re-enfant du centre hospitalier national de Diamniadio de Tambacounda et celui de Pikine avec une capacit\u00e9 liti\u00e8re de 150 lits, le d\u00e9ploiement des innovations en mati\u00e8re de sant\u00e9 reproductive, maternelle, n\u00e9onatale, infantile pour la r\u00e9duction de la mortalit\u00e9 maternelle et n\u00e9onatale avec un focus sur la prise en charge de l'h\u00e9morragie du postpartum et de l'\u00e9clampsie.<\/p>\n<p>Le communiqu\u00e9 rappelle que la pr\u00e9maturit\u00e9 et l'asphyxie constituent les premi\u00e8res causes de mortalit\u00e9 n\u00e9onatale au S\u00e9n\u00e9gal.<\/p>\n<p><strong>Diomaye Faye:\u00ab Notre ambition est de garantir \u00e0 chaque S\u00e9n\u00e9galais un acc\u00e8s \u00e9quitable \u00e0 des soins de qualit\u00e9, dans la dignit\u00e9 et la s\u00e9curit\u00e9<em>\u00bb<\/em>.<\/strong><\/p>\n<p>Par ailleurs, le pr\u00e9sident de la R\u00e9publique a r\u00e9agi \u00e0 l'occasion de cette journ\u00e9e internationale. Dans un post, il a exprim\u00e9 \u00ab <em>la gratitude de la Nation \u00e0 nos vaillants professionnels de sant\u00e9<\/em> \u00bb. \u00ab <em>Notre ambition est claire : garantir \u00e0 chaque S\u00e9n\u00e9galais un acc\u00e8s \u00e9quitable \u00e0 des soins de qualit\u00e9, dans la dignit\u00e9 et la s\u00e9curit\u00e9 \u00bb, <\/em>\u00e9crit le Pr\u00e9sident Bassirou Diomaye Faye.<\/p>\n<div class=\"x11i5rnm xat24cr x1mh8g0r x1vvkbs xtlvy1s x126k92a\">\n<div dir=\"auto\">Il ajoute pour conclure : \u00ab<em> le S\u00e9n\u00e9gal avance r\u00e9solument : Niveau 3 de maturit\u00e9 atteint pour notre agence de r\u00e9gulation pharmaceutique \u2014 un pas d\u00e9cisif vers la souverainet\u00e9 sanitaire ; Progr\u00e8s remarquables en mati\u00e8re de greffes r\u00e9nales et de moelle osseuse ;\u00a0 Renforcement soutenu du plateau technique, y compris dans les zones les plus recul\u00e9es. <\/em><em>B\u00e2tir un syst\u00e8me de sant\u00e9 solide, c\u2019est renforcer la r\u00e9silience, l\u2019unit\u00e9 et la grandeur de notre Nation<\/em>\u00bb.<\/div>\n<\/div>\n<p>&nbsp;<\/p>\n<p>&nbsp;<\/p>\n<p>&nbsp;<\/p>\n<p>&nbsp;<\/p>\n<p>&nbsp;<\/p>\n<p>&nbsp;<\/p>\n<p>&nbsp;<\/p>\n<p>&nbsp;<\/p>\n<div class='share-to-whatsapp-wrapper'><div class='share-on-whsp'>PARTAGER SUR : <\/div><a data-text='JOURN\u00c9E MONDIALE DE LA SANT\u00c9 \u2013 Un objectif de 94 d\u00e9c\u00e8s maternels pour 1000 naissances vivantes vis\u00e9 d\u2019ici i 2028' data-link='https:\/\/www.nettali.com\/2025\/04\/07\/journee-mondiale-de-la-sante-un-objectif-de-94-deces-maternels-pour-1000-naissances-vivantes-vise-dici-i-2028\/' class='whatsapp-button whatsapp-share'>WhatsApp<\/a><div class='clear '><\/div><\/div>","protected":false},"excerpt":{"rendered":"<p>NETTALI.COM - La journ\u00e9e mondiale de la sant\u00e9 est c\u00e9l\u00e9br\u00e9e ce lundi 07 avril 2025, sous le th\u00e8me \" une bonne sant\u00e9 \u00e0 la naissance pour un avenir plein d'espoir\". Le S\u00e9n\u00e9gal vise un objectif de 94 d\u00e9c\u00e8s maternels pour 1000 naissances vivantes d'ici 2028. Le Chef de l'Etat a pour sa part r\u00e9affirm\u00e9 son [&hellip;]<\/p>\n","protected":false},"author":6,"featured_media":151962,"comment_status":"open","ping_status":"open","sticky":false,"template":"","format":"standard","meta":{"_et_pb_use_builder":"","_et_pb_old_content":""},"categories":[22],"tags":[],"yoast_head":"<!-- This site is optimized with the Yoast SEO Premium plugin v17.8 (Yoast SEO v17.8) - https:\/\/yoast.com\/wordpress\/plugins\/seo\/ -->\n<title>JOURN\u00c9E MONDIALE DE LA SANT\u00c9 \u2013 Un objectif de 94 d\u00e9c\u00e8s maternels pour 1000 naissances vivantes vis\u00e9 d\u2019ici i 2028 | Nettali.com<\/title>\n<meta name=\"robots\" content=\"index, follow, max-snippet:-1, max-image-preview:large, max-video-preview:-1\" \/>\n<link rel=\"canonical\" href=\"https:\/\/www.nettali.com\/2025\/04\/07\/journee-mondiale-de-la-sante-un-objectif-de-94-deces-maternels-pour-1000-naissances-vivantes-vise-dici-i-2028\/\" \/>\n<meta property=\"og:locale\" content=\"fr_FR\" \/>\n<meta property=\"og:type\" content=\"article\" \/>\n<meta property=\"og:title\" content=\"JOURN\u00c9E MONDIALE DE LA SANT\u00c9 \u2013 Un objectif de 94 d\u00e9c\u00e8s maternels pour 1000 naissances vivantes vis\u00e9 d\u2019ici i 2028\" \/>\n<meta property=\"og:description\" content=\"NETTALI.COM - La journ\u00e9e mondiale de la sant\u00e9 est c\u00e9l\u00e9br\u00e9e ce lundi 07 avril 2025, sous le th\u00e8me &quot; une bonne sant\u00e9 \u00e0 la naissance pour un avenir plein d&#039;espoir&quot;. Le S\u00e9n\u00e9gal vise un objectif de 94 d\u00e9c\u00e8s maternels pour 1000 naissances vivantes d&#039;ici 2028. Le Chef de l&#039;Etat a pour sa part r\u00e9affirm\u00e9 son [&hellip;]\" \/>\n<meta property=\"og:url\" content=\"https:\/\/www.nettali.com\/2025\/04\/07\/journee-mondiale-de-la-sante-un-objectif-de-94-deces-maternels-pour-1000-naissances-vivantes-vise-dici-i-2028\/\" \/>\n<meta property=\"og:site_name\" content=\"Nettali.com\" \/>\n<meta property=\"article:publisher\" content=\"https:\/\/www.facebook.com\/nettalicom\" \/>\n<meta property=\"article:published_time\" content=\"2025-04-07T23:06:26+00:00\" \/>\n<meta property=\"og:image\" content=\"https:\/\/www.nettali.com\/wp-content\/uploads\/2025\/04\/Visuel-JM-Sante.jpeg\" \/>\n\t<meta property=\"og:image:width\" content=\"1984\" \/>\n\t<meta property=\"og:image:height\" content=\"2560\" \/>\n<meta name=\"twitter:card\" content=\"summary_large_image\" \/>\n<meta name=\"twitter:label1\" content=\"\u00c9crit par\" \/>\n\t<meta name=\"twitter:data1\" content=\"Fatou\" \/>\n\t<meta name=\"twitter:label2\" content=\"Dur\u00e9e de lecture estim\u00e9e\" \/>\n\t<meta name=\"twitter:data2\" content=\"3 minutes\" \/>\n<script type=\"application\/ld+json\" class=\"yoast-schema-graph\">{\"@context\":\"https:\/\/schema.org\",\"@graph\":[{\"@type\":\"WebSite\",\"@id\":\"https:\/\/www.nettali.com\/#website\",\"url\":\"https:\/\/www.nettali.com\/\",\"name\":\"Nettali.com\",\"description\":\"Le rendez-vous critique du Net\",\"potentialAction\":[{\"@type\":\"SearchAction\",\"target\":{\"@type\":\"EntryPoint\",\"urlTemplate\":\"https:\/\/www.nettali.com\/?s={search_term_string}\"},\"query-input\":\"required name=search_term_string\"}],\"inLanguage\":\"fr-FR\"},{\"@type\":\"ImageObject\",\"@id\":\"https:\/\/www.nettali.com\/2025\/04\/07\/journee-mondiale-de-la-sante-un-objectif-de-94-deces-maternels-pour-1000-naissances-vivantes-vise-dici-i-2028\/#primaryimage\",\"inLanguage\":\"fr-FR\",\"url\":\"https:\/\/www.nettali.com\/wp-content\/uploads\/2025\/04\/Visuel-JM-Sante.jpeg\",\"contentUrl\":\"https:\/\/www.nettali.com\/wp-content\/uploads\/2025\/04\/Visuel-JM-Sante.jpeg\",\"width\":1984,\"height\":2560},{\"@type\":\"WebPage\",\"@id\":\"https:\/\/www.nettali.com\/2025\/04\/07\/journee-mondiale-de-la-sante-un-objectif-de-94-deces-maternels-pour-1000-naissances-vivantes-vise-dici-i-2028\/#webpage\",\"url\":\"https:\/\/www.nettali.com\/2025\/04\/07\/journee-mondiale-de-la-sante-un-objectif-de-94-deces-maternels-pour-1000-naissances-vivantes-vise-dici-i-2028\/\",\"name\":\"JOURN\\u00c9E MONDIALE DE LA SANT\\u00c9 \\u2013 Un objectif de 94 d\\u00e9c\\u00e8s maternels pour 1000 naissances vivantes vis\\u00e9 d\\u2019ici i 2028 | Nettali.com\",\"isPartOf\":{\"@id\":\"https:\/\/www.nettali.com\/#website\"},\"primaryImageOfPage\":{\"@id\":\"https:\/\/www.nettali.com\/2025\/04\/07\/journee-mondiale-de-la-sante-un-objectif-de-94-deces-maternels-pour-1000-naissances-vivantes-vise-dici-i-2028\/#primaryimage\"},\"datePublished\":\"2025-04-07T23:06:26+00:00\",\"dateModified\":\"2025-04-07T23:06:26+00:00\",\"author\":{\"@id\":\"https:\/\/www.nettali.com\/#\/schema\/person\/418274a86bdf87caff7a3ef476bd0bbf\"},\"breadcrumb\":{\"@id\":\"https:\/\/www.nettali.com\/2025\/04\/07\/journee-mondiale-de-la-sante-un-objectif-de-94-deces-maternels-pour-1000-naissances-vivantes-vise-dici-i-2028\/#breadcrumb\"},\"inLanguage\":\"fr-FR\",\"potentialAction\":[{\"@type\":\"ReadAction\",\"target\":[\"https:\/\/www.nettali.com\/2025\/04\/07\/journee-mondiale-de-la-sante-un-objectif-de-94-deces-maternels-pour-1000-naissances-vivantes-vise-dici-i-2028\/\"]}]},{\"@type\":\"BreadcrumbList\",\"@id\":\"https:\/\/www.nettali.com\/2025\/04\/07\/journee-mondiale-de-la-sante-un-objectif-de-94-deces-maternels-pour-1000-naissances-vivantes-vise-dici-i-2028\/#breadcrumb\",\"itemListElement\":[{\"@type\":\"ListItem\",\"position\":1,\"name\":\"Accueil\",\"item\":\"https:\/\/www.nettali.com\/\"},{\"@type\":\"ListItem\",\"position\":2,\"name\":\"JOURN\\u00c9E MONDIALE DE LA SANT\\u00c9 \\u2013 Un objectif de 94 d\\u00e9c\\u00e8s maternels pour 1000 naissances vivantes vis\\u00e9 d\\u2019ici i 2028\"}]},{\"@type\":\"Person\",\"@id\":\"https:\/\/www.nettali.com\/#\/schema\/person\/418274a86bdf87caff7a3ef476bd0bbf\",\"name\":\"Fatou\",\"image\":{\"@type\":\"ImageObject\",\"@id\":\"https:\/\/www.nettali.com\/#personlogo\",\"inLanguage\":\"fr-FR\",\"url\":\"https:\/\/secure.gravatar.com\/avatar\/5a9442a2bee7b4dcf167cab035858e9a?s=96&d=mm&r=g\",\"contentUrl\":\"https:\/\/secure.gravatar.com\/avatar\/5a9442a2bee7b4dcf167cab035858e9a?s=96&d=mm&r=g\",\"caption\":\"Fatou\"},\"sameAs\":[\"https:\/\/www.nettali.com\"]}]}<\/script>\n<!-- \/ Yoast SEO Premium plugin. -->","yoast_head_json":{"title":"JOURN\u00c9E MONDIALE DE LA SANT\u00c9 \u2013 Un objectif de 94 d\u00e9c\u00e8s maternels pour 1000 naissances vivantes vis\u00e9 d\u2019ici i 2028 | Nettali.com","robots":{"index":"index","follow":"follow","max-snippet":"max-snippet:-1","max-image-preview":"max-image-preview:large","max-video-preview":"max-video-preview:-1"},"canonical":"https:\/\/www.nettali.com\/2025\/04\/07\/journee-mondiale-de-la-sante-un-objectif-de-94-deces-maternels-pour-1000-naissances-vivantes-vise-dici-i-2028\/","og_locale":"fr_FR","og_type":"article","og_title":"JOURN\u00c9E MONDIALE DE LA SANT\u00c9 \u2013 Un objectif de 94 d\u00e9c\u00e8s maternels pour 1000 naissances vivantes vis\u00e9 d\u2019ici i 2028","og_description":"NETTALI.COM - La journ\u00e9e mondiale de la sant\u00e9 est c\u00e9l\u00e9br\u00e9e ce lundi 07 avril 2025, sous le th\u00e8me \" une bonne sant\u00e9 \u00e0 la naissance pour un avenir plein d'espoir\". Le S\u00e9n\u00e9gal vise un objectif de 94 d\u00e9c\u00e8s maternels pour 1000 naissances vivantes d'ici 2028. Le Chef de l'Etat a pour sa part r\u00e9affirm\u00e9 son [&hellip;]","og_url":"https:\/\/www.nettali.com\/2025\/04\/07\/journee-mondiale-de-la-sante-un-objectif-de-94-deces-maternels-pour-1000-naissances-vivantes-vise-dici-i-2028\/","og_site_name":"Nettali.com","article_publisher":"https:\/\/www.facebook.com\/nettalicom","article_published_time":"2025-04-07T23:06:26+00:00","og_image":[{"width":1984,"height":2560,"url":"https:\/\/www.nettali.com\/wp-content\/uploads\/2025\/04\/Visuel-JM-Sante.jpeg","type":"image\/jpeg"}],"twitter_card":"summary_large_image","twitter_misc":{"\u00c9crit par":"Fatou","Dur\u00e9e de lecture estim\u00e9e":"3 minutes"},"schema":{"@context":"https:\/\/schema.org","@graph":[{"@type":"WebSite","@id":"https:\/\/www.nettali.com\/#website","url":"https:\/\/www.nettali.com\/","name":"Nettali.com","description":"Le rendez-vous critique du Net","potentialAction":[{"@type":"SearchAction","target":{"@type":"EntryPoint","urlTemplate":"https:\/\/www.nettali.com\/?s={search_term_string}"},"query-input":"required name=search_term_string"}],"inLanguage":"fr-FR"},{"@type":"ImageObject","@id":"https:\/\/www.nettali.com\/2025\/04\/07\/journee-mondiale-de-la-sante-un-objectif-de-94-deces-maternels-pour-1000-naissances-vivantes-vise-dici-i-2028\/#primaryimage","inLanguage":"fr-FR","url":"https:\/\/www.nettali.com\/wp-content\/uploads\/2025\/04\/Visuel-JM-Sante.jpeg","contentUrl":"https:\/\/www.nettali.com\/wp-content\/uploads\/2025\/04\/Visuel-JM-Sante.jpeg","width":1984,"height":2560},{"@type":"WebPage","@id":"https:\/\/www.nettali.com\/2025\/04\/07\/journee-mondiale-de-la-sante-un-objectif-de-94-deces-maternels-pour-1000-naissances-vivantes-vise-dici-i-2028\/#webpage","url":"https:\/\/www.nettali.com\/2025\/04\/07\/journee-mondiale-de-la-sante-un-objectif-de-94-deces-maternels-pour-1000-naissances-vivantes-vise-dici-i-2028\/","name":"JOURN\u00c9E MONDIALE DE LA SANT\u00c9 \u2013 Un objectif de 94 d\u00e9c\u00e8s maternels pour 1000 naissances vivantes vis\u00e9 d\u2019ici i 2028 | Nettali.com","isPartOf":{"@id":"https:\/\/www.nettali.com\/#website"},"primaryImageOfPage":{"@id":"https:\/\/www.nettali.com\/2025\/04\/07\/journee-mondiale-de-la-sante-un-objectif-de-94-deces-maternels-pour-1000-naissances-vivantes-vise-dici-i-2028\/#primaryimage"},"datePublished":"2025-04-07T23:06:26+00:00","dateModified":"2025-04-07T23:06:26+00:00","author":{"@id":"https:\/\/www.nettali.com\/#\/schema\/person\/418274a86bdf87caff7a3ef476bd0bbf"},"breadcrumb":{"@id":"https:\/\/www.nettali.com\/2025\/04\/07\/journee-mondiale-de-la-sante-un-objectif-de-94-deces-maternels-pour-1000-naissances-vivantes-vise-dici-i-2028\/#breadcrumb"},"inLanguage":"fr-FR","potentialAction":[{"@type":"ReadAction","target":["https:\/\/www.nettali.com\/2025\/04\/07\/journee-mondiale-de-la-sante-un-objectif-de-94-deces-maternels-pour-1000-naissances-vivantes-vise-dici-i-2028\/"]}]},{"@type":"BreadcrumbList","@id":"https:\/\/www.nettali.com\/2025\/04\/07\/journee-mondiale-de-la-sante-un-objectif-de-94-deces-maternels-pour-1000-naissances-vivantes-vise-dici-i-2028\/#breadcrumb","itemListElement":[{"@type":"ListItem","position":1,"name":"Accueil","item":"https:\/\/www.nettali.com\/"},{"@type":"ListItem","position":2,"name":"JOURN\u00c9E MONDIALE DE LA SANT\u00c9 \u2013 Un objectif de 94 d\u00e9c\u00e8s maternels pour 1000 naissances vivantes vis\u00e9 d\u2019ici i 2028"}]},{"@type":"Person","@id":"https:\/\/www.nettali.com\/#\/schema\/person\/418274a86bdf87caff7a3ef476bd0bbf","name":"Fatou","image":{"@type":"ImageObject","@id":"https:\/\/www.nettali.com\/#personlogo","inLanguage":"fr-FR","url":"https:\/\/secure.gravatar.com\/avatar\/5a9442a2bee7b4dcf167cab035858e9a?s=96&d=mm&r=g","contentUrl":"https:\/\/secure.gravatar.com\/avatar\/5a9442a2bee7b4dcf167cab035858e9a?s=96&d=mm&r=g","caption":"Fatou"},"sameAs":["https:\/\/www.nettali.com"]}]}},"_links":{"self":[{"href":"https:\/\/www.nettali.com\/rest\/wp\/v2\/posts\/151961"}],"collection":[{"href":"https:\/\/www.nettali.com\/rest\/wp\/v2\/posts"}],"about":[{"href":"https:\/\/www.nettali.com\/rest\/wp\/v2\/types\/post"}],"author":[{"embeddable":true,"href":"https:\/\/www.nettali.com\/rest\/wp\/v2\/users\/6"}],"replies":[{"embeddable":true,"href":"https:\/\/www.nettali.com\/rest\/wp\/v2\/comments?post=151961"}],"version-history":[{"count":5,"href":"https:\/\/www.nettali.com\/rest\/wp\/v2\/posts\/151961\/revisions"}],"predecessor-version":[{"id":151969,"href":"https:\/\/www.nettali.com\/rest\/wp\/v2\/posts\/151961\/revisions\/151969"}],"wp:featuredmedia":[{"embeddable":true,"href":"https:\/\/www.nettali.com\/rest\/wp\/v2\/media\/151962"}],"wp:attachment":[{"href":"https:\/\/www.nettali.com\/rest\/wp\/v2\/media?parent=151961"}],"wp:term":[{"taxonomy":"category","embeddable":true,"href":"https:\/\/www.nettali.com\/rest\/wp\/v2\/categories?post=151961"},{"taxonomy":"post_tag","embeddable":true,"href":"https:\/\/www.nettali.com\/rest\/wp\/v2\/tags?post=151961"}],"curies":[{"name":"wp","href":"https:\/\/api.w.org\/{rel}","templated":true}]}}