{"id":151894,"date":"2025-04-06T21:29:17","date_gmt":"2025-04-06T21:29:17","guid":{"rendered":"https:\/\/www.nettali.com\/?p=151894"},"modified":"2025-04-08T00:35:58","modified_gmt":"2025-04-08T00:35:58","slug":"audit-des-finances-publiques-les-revelations-dun-membre-de-la-cour-des-comptes","status":"publish","type":"post","link":"https:\/\/www.nettali.com\/2025\/04\/06\/audit-des-finances-publiques-les-revelations-dun-membre-de-la-cour-des-comptes\/","title":{"rendered":"AUDIT DES FINANCES PUBLIQUES - Les r\u00e9v\u00e9lations d'un membre de la Cour des comptes"},"content":{"rendered":"<p><strong>NETTALI.COM - Tout ce que fait la Cour des comptes est bas\u00e9 sur le contradictoire. Pr\u00e9cision du magistrat Aliou Niane. Le pr\u00e9sident de la chambre de discipline financi\u00e8re de la Cour des comptes l'a dit samedi en marge de la c\u00e9r\u00e9monie de pr\u00e9sentation du livre \"Le march\u00e9 commun de l'Union europ\u00e9enne et de l'Uemoa\" du professeur Abdourahmane Diokhan\u00e9.\u00a0<\/strong><\/p>\n<p>Au centre des critiques apr\u00e8s la publication de son rapport sur l'audit des finances publiques, la Cour des comptes r\u00e9pond et apporte des pr\u00e9cisions. C'est du moins ce qu'a fait le magistrat Aliou Niane, pr\u00e9sident de la Chambre de discipline financi\u00e8re de ladite cour. Prenant part ce samedi \u00e0 une c\u00e9r\u00e9monie de pr\u00e9sentation de livre, le magistrat mart\u00e8le : \"<em>On a dit que nous n'avons pas respect\u00e9 le principe du contradictoire. La loi organique sur la Cour des comptes dit que toutes les proc\u00e9dures de la Cour sont \u00e9crites et contradictoires. Cela veut dire que tout ce que nous faisons, c'est \u00e0 partir du contradictoire<\/em>.\" Et c'est pour ensuite expliquer : \"m<em>aintenant, lorsqu'on parle de l'audit sur la situation des finances publiques, ce n'est pas un audit qui s'int\u00e9resse \u00e0 tel ou tel ministre. Il s'agit, pour cet audit, de mettre le curseur sur la situation des finances publiques en un temps T. Donc, on ne s'int\u00e9ressait pas aux ministres qui se sont succ\u00e9d\u00e9s au minist\u00e8re des Finances ou de l'Economie. Ce qui nous int\u00e9resse, ce sont les administrations qui ont produit les donn\u00e9es. Et le contradictoire a \u00e9t\u00e9 respect\u00e9 avec ces administrations.<\/em>\"<\/p>\n<p>Pourtant, certains accusent la Cour de s'\u00eatre d\u00e9dit pour avoir, elle-m\u00eame, certifi\u00e9 les finances publiques de ces derni\u00e8res ann\u00e9es. Aliou Niane r\u00e9torque : \"<em>On a dit que la Cour s'est d\u00e9dit parce que tout simplement nous avons certifi\u00e9 toutes les gestions jusqu'en 2024. J'aimerais attirer votre attention sur un aspect. Il n'existe pas de certification de comptes au niveau de la Cour des comptes. Ce qui existe, c'est ce que nous appelons le rapport sur l'ex\u00e9cution des lois des finances et la d\u00e9claration g\u00e9n\u00e9rale de conformit\u00e9. Et si vous regardez les diff\u00e9rents rapports sur l'ex\u00e9cution des lois des finances, vous verrez que ces rapports sont tr\u00e8s critiques par rapport \u00e0 la gestion des deniers publics. Dans ces rapports, nous relevons les irr\u00e9gularit\u00e9s et nous faisons des recommandations. M\u00eame chose pour la d\u00e9claration g\u00e9n\u00e9rale de conformit\u00e9 dont l'objectif est de comparer la comptabilit\u00e9 des comptables et celle des ordonnateurs et de d\u00e9clarer que les deux sont conformes.<\/em>\" \"<em>Vous verrez que sur certains comptes, on dira que c'est conforme et sur d'autres, ce n'est pas conforme. Et pendant une dizaine d'ann\u00e9es, la Cour a d\u00e9clar\u00e9 qu'elle n'\u00e9tait pas en mesure de faire cette d\u00e9claration de conformit\u00e9 parce que les \u00e9l\u00e9ments qu'on avait ne nous permettaient pas de le faire. Pourtant, toutes ces lois de r\u00e8glement ont \u00e9t\u00e9 vot\u00e9es par le Parlement<\/em>\", souligne-t-il.<\/p>\n<p>En outre, Aliou Niane rassure que \"<em>la Cour est une institution ind\u00e9pendante<\/em>\". <em>\"Elle<\/em> (la Cour des comptes, <strong>ndlr<\/strong>) <em>ne d\u00e9pend d'aucun pouvoir. Nous ne d\u00e9pendons pas du pouvoir ex\u00e9cutif. Et nous tenons \u00e0 notre ind\u00e9pendance. On ne permettra pas \u00e0 un seul pouvoir dans ce pays de s'immiscer dans le travail de la Cour des comptes. Ce que nous faisons, nous le faisons parce que nous sommes la sentinelle des finances publiques dans ce pays et nous continuerons \u00e0 l'\u00eatre. Un pr\u00e9sident de la R\u00e9publique a failli dissoudre la Cour des comptes \u00e0 cause de son ind\u00e9pendance<\/em>\", soutient le pr\u00e9sident de la chambre de discipline financi\u00e8re de la Cour des comptes.<\/p>\n<div class='share-to-whatsapp-wrapper'><div class='share-on-whsp'>PARTAGER SUR : <\/div><a data-text='AUDIT DES FINANCES PUBLIQUES - Les r\u00e9v\u00e9lations d'un membre de la Cour des comptes' data-link='https:\/\/www.nettali.com\/2025\/04\/06\/audit-des-finances-publiques-les-revelations-dun-membre-de-la-cour-des-comptes\/' class='whatsapp-button whatsapp-share'>WhatsApp<\/a><div class='clear '><\/div><\/div>","protected":false},"excerpt":{"rendered":"<p>NETTALI.COM - Tout ce que fait la Cour des comptes est bas\u00e9 sur le contradictoire. Pr\u00e9cision du magistrat Aliou Niane. Le pr\u00e9sident de la chambre de discipline financi\u00e8re de la Cour des comptes l'a dit samedi en marge de la c\u00e9r\u00e9monie de pr\u00e9sentation du livre \"Le march\u00e9 commun de l'Union europ\u00e9enne et de l'Uemoa\" du [&hellip;]<\/p>\n","protected":false},"author":3,"featured_media":151896,"comment_status":"open","ping_status":"open","sticky":false,"template":"","format":"standard","meta":{"_et_pb_use_builder":"","_et_pb_old_content":""},"categories":[2],"tags":[],"yoast_head":"<!-- This site is optimized with the Yoast SEO Premium plugin v17.8 (Yoast SEO v17.8) - https:\/\/yoast.com\/wordpress\/plugins\/seo\/ -->\n<title>AUDIT DES FINANCES PUBLIQUES - Les r\u00e9v\u00e9lations d&#039;un membre de la Cour des comptes | Nettali.com<\/title>\n<meta name=\"robots\" content=\"index, follow, max-snippet:-1, max-image-preview:large, max-video-preview:-1\" \/>\n<link rel=\"canonical\" href=\"https:\/\/www.nettali.com\/2025\/04\/06\/audit-des-finances-publiques-les-revelations-dun-membre-de-la-cour-des-comptes\/\" \/>\n<meta property=\"og:locale\" content=\"fr_FR\" \/>\n<meta property=\"og:type\" content=\"article\" \/>\n<meta property=\"og:title\" content=\"AUDIT DES FINANCES PUBLIQUES - Les r\u00e9v\u00e9lations d&#039;un membre de la Cour des comptes\" \/>\n<meta property=\"og:description\" content=\"NETTALI.COM - Tout ce que fait la Cour des comptes est bas\u00e9 sur le contradictoire. Pr\u00e9cision du magistrat Aliou Niane. Le pr\u00e9sident de la chambre de discipline financi\u00e8re de la Cour des comptes l&#039;a dit samedi en marge de la c\u00e9r\u00e9monie de pr\u00e9sentation du livre &quot;Le march\u00e9 commun de l&#039;Union europ\u00e9enne et de l&#039;Uemoa&quot; du [&hellip;]\" \/>\n<meta property=\"og:url\" content=\"https:\/\/www.nettali.com\/2025\/04\/06\/audit-des-finances-publiques-les-revelations-dun-membre-de-la-cour-des-comptes\/\" \/>\n<meta property=\"og:site_name\" content=\"Nettali.com\" \/>\n<meta property=\"article:publisher\" content=\"https:\/\/www.facebook.com\/nettalicom\" \/>\n<meta property=\"article:published_time\" content=\"2025-04-06T21:29:17+00:00\" \/>\n<meta property=\"article:modified_time\" content=\"2025-04-08T00:35:58+00:00\" \/>\n<meta property=\"og:image\" content=\"https:\/\/www.nettali.com\/wp-content\/uploads\/2025\/04\/niane-aliou_6625.jpg\" \/>\n\t<meta property=\"og:image:width\" content=\"1600\" \/>\n\t<meta property=\"og:image:height\" content=\"1066\" \/>\n<meta name=\"twitter:card\" content=\"summary_large_image\" \/>\n<meta name=\"twitter:label1\" content=\"\u00c9crit par\" \/>\n\t<meta name=\"twitter:data1\" content=\"Moustapha\" \/>\n\t<meta name=\"twitter:label2\" content=\"Dur\u00e9e de lecture estim\u00e9e\" \/>\n\t<meta name=\"twitter:data2\" content=\"3 minutes\" \/>\n<script type=\"application\/ld+json\" class=\"yoast-schema-graph\">{\"@context\":\"https:\/\/schema.org\",\"@graph\":[{\"@type\":\"WebSite\",\"@id\":\"https:\/\/www.nettali.com\/#website\",\"url\":\"https:\/\/www.nettali.com\/\",\"name\":\"Nettali.com\",\"description\":\"Le rendez-vous critique du Net\",\"potentialAction\":[{\"@type\":\"SearchAction\",\"target\":{\"@type\":\"EntryPoint\",\"urlTemplate\":\"https:\/\/www.nettali.com\/?s={search_term_string}\"},\"query-input\":\"required name=search_term_string\"}],\"inLanguage\":\"fr-FR\"},{\"@type\":\"ImageObject\",\"@id\":\"https:\/\/www.nettali.com\/2025\/04\/06\/audit-des-finances-publiques-les-revelations-dun-membre-de-la-cour-des-comptes\/#primaryimage\",\"inLanguage\":\"fr-FR\",\"url\":\"https:\/\/www.nettali.com\/wp-content\/uploads\/2025\/04\/niane-aliou_6625.jpg\",\"contentUrl\":\"https:\/\/www.nettali.com\/wp-content\/uploads\/2025\/04\/niane-aliou_6625.jpg\",\"width\":1600,\"height\":1066},{\"@type\":\"WebPage\",\"@id\":\"https:\/\/www.nettali.com\/2025\/04\/06\/audit-des-finances-publiques-les-revelations-dun-membre-de-la-cour-des-comptes\/#webpage\",\"url\":\"https:\/\/www.nettali.com\/2025\/04\/06\/audit-des-finances-publiques-les-revelations-dun-membre-de-la-cour-des-comptes\/\",\"name\":\"AUDIT DES FINANCES PUBLIQUES - Les r\\u00e9v\\u00e9lations d'un membre de la Cour des comptes | Nettali.com\",\"isPartOf\":{\"@id\":\"https:\/\/www.nettali.com\/#website\"},\"primaryImageOfPage\":{\"@id\":\"https:\/\/www.nettali.com\/2025\/04\/06\/audit-des-finances-publiques-les-revelations-dun-membre-de-la-cour-des-comptes\/#primaryimage\"},\"datePublished\":\"2025-04-06T21:29:17+00:00\",\"dateModified\":\"2025-04-08T00:35:58+00:00\",\"author\":{\"@id\":\"https:\/\/www.nettali.com\/#\/schema\/person\/7962a12a6e0267f88f0ffa544c36469a\"},\"breadcrumb\":{\"@id\":\"https:\/\/www.nettali.com\/2025\/04\/06\/audit-des-finances-publiques-les-revelations-dun-membre-de-la-cour-des-comptes\/#breadcrumb\"},\"inLanguage\":\"fr-FR\",\"potentialAction\":[{\"@type\":\"ReadAction\",\"target\":[\"https:\/\/www.nettali.com\/2025\/04\/06\/audit-des-finances-publiques-les-revelations-dun-membre-de-la-cour-des-comptes\/\"]}]},{\"@type\":\"BreadcrumbList\",\"@id\":\"https:\/\/www.nettali.com\/2025\/04\/06\/audit-des-finances-publiques-les-revelations-dun-membre-de-la-cour-des-comptes\/#breadcrumb\",\"itemListElement\":[{\"@type\":\"ListItem\",\"position\":1,\"name\":\"Accueil\",\"item\":\"https:\/\/www.nettali.com\/\"},{\"@type\":\"ListItem\",\"position\":2,\"name\":\"AUDIT DES FINANCES PUBLIQUES - Les r\\u00e9v\\u00e9lations d'un membre de la Cour des comptes\"}]},{\"@type\":\"Person\",\"@id\":\"https:\/\/www.nettali.com\/#\/schema\/person\/7962a12a6e0267f88f0ffa544c36469a\",\"name\":\"Moustapha\",\"image\":{\"@type\":\"ImageObject\",\"@id\":\"https:\/\/www.nettali.com\/#personlogo\",\"inLanguage\":\"fr-FR\",\"url\":\"https:\/\/secure.gravatar.com\/avatar\/10fdf6a071cccdcf374e3dbe45159590?s=96&d=mm&r=g\",\"contentUrl\":\"https:\/\/secure.gravatar.com\/avatar\/10fdf6a071cccdcf374e3dbe45159590?s=96&d=mm&r=g\",\"caption\":\"Moustapha\"},\"sameAs\":[\"https:\/\/www.nettali.com\"]}]}<\/script>\n<!-- \/ Yoast SEO Premium plugin. -->","yoast_head_json":{"title":"AUDIT DES FINANCES PUBLIQUES - Les r\u00e9v\u00e9lations d'un membre de la Cour des comptes | Nettali.com","robots":{"index":"index","follow":"follow","max-snippet":"max-snippet:-1","max-image-preview":"max-image-preview:large","max-video-preview":"max-video-preview:-1"},"canonical":"https:\/\/www.nettali.com\/2025\/04\/06\/audit-des-finances-publiques-les-revelations-dun-membre-de-la-cour-des-comptes\/","og_locale":"fr_FR","og_type":"article","og_title":"AUDIT DES FINANCES PUBLIQUES - Les r\u00e9v\u00e9lations d'un membre de la Cour des comptes","og_description":"NETTALI.COM - Tout ce que fait la Cour des comptes est bas\u00e9 sur le contradictoire. Pr\u00e9cision du magistrat Aliou Niane. Le pr\u00e9sident de la chambre de discipline financi\u00e8re de la Cour des comptes l'a dit samedi en marge de la c\u00e9r\u00e9monie de pr\u00e9sentation du livre \"Le march\u00e9 commun de l'Union europ\u00e9enne et de l'Uemoa\" du [&hellip;]","og_url":"https:\/\/www.nettali.com\/2025\/04\/06\/audit-des-finances-publiques-les-revelations-dun-membre-de-la-cour-des-comptes\/","og_site_name":"Nettali.com","article_publisher":"https:\/\/www.facebook.com\/nettalicom","article_published_time":"2025-04-06T21:29:17+00:00","article_modified_time":"2025-04-08T00:35:58+00:00","og_image":[{"width":1600,"height":1066,"url":"https:\/\/www.nettali.com\/wp-content\/uploads\/2025\/04\/niane-aliou_6625.jpg","type":"image\/jpeg"}],"twitter_card":"summary_large_image","twitter_misc":{"\u00c9crit par":"Moustapha","Dur\u00e9e de lecture estim\u00e9e":"3 minutes"},"schema":{"@context":"https:\/\/schema.org","@graph":[{"@type":"WebSite","@id":"https:\/\/www.nettali.com\/#website","url":"https:\/\/www.nettali.com\/","name":"Nettali.com","description":"Le rendez-vous critique du Net","potentialAction":[{"@type":"SearchAction","target":{"@type":"EntryPoint","urlTemplate":"https:\/\/www.nettali.com\/?s={search_term_string}"},"query-input":"required name=search_term_string"}],"inLanguage":"fr-FR"},{"@type":"ImageObject","@id":"https:\/\/www.nettali.com\/2025\/04\/06\/audit-des-finances-publiques-les-revelations-dun-membre-de-la-cour-des-comptes\/#primaryimage","inLanguage":"fr-FR","url":"https:\/\/www.nettali.com\/wp-content\/uploads\/2025\/04\/niane-aliou_6625.jpg","contentUrl":"https:\/\/www.nettali.com\/wp-content\/uploads\/2025\/04\/niane-aliou_6625.jpg","width":1600,"height":1066},{"@type":"WebPage","@id":"https:\/\/www.nettali.com\/2025\/04\/06\/audit-des-finances-publiques-les-revelations-dun-membre-de-la-cour-des-comptes\/#webpage","url":"https:\/\/www.nettali.com\/2025\/04\/06\/audit-des-finances-publiques-les-revelations-dun-membre-de-la-cour-des-comptes\/","name":"AUDIT DES FINANCES PUBLIQUES - Les r\u00e9v\u00e9lations d'un membre de la Cour des comptes | Nettali.com","isPartOf":{"@id":"https:\/\/www.nettali.com\/#website"},"primaryImageOfPage":{"@id":"https:\/\/www.nettali.com\/2025\/04\/06\/audit-des-finances-publiques-les-revelations-dun-membre-de-la-cour-des-comptes\/#primaryimage"},"datePublished":"2025-04-06T21:29:17+00:00","dateModified":"2025-04-08T00:35:58+00:00","author":{"@id":"https:\/\/www.nettali.com\/#\/schema\/person\/7962a12a6e0267f88f0ffa544c36469a"},"breadcrumb":{"@id":"https:\/\/www.nettali.com\/2025\/04\/06\/audit-des-finances-publiques-les-revelations-dun-membre-de-la-cour-des-comptes\/#breadcrumb"},"inLanguage":"fr-FR","potentialAction":[{"@type":"ReadAction","target":["https:\/\/www.nettali.com\/2025\/04\/06\/audit-des-finances-publiques-les-revelations-dun-membre-de-la-cour-des-comptes\/"]}]},{"@type":"BreadcrumbList","@id":"https:\/\/www.nettali.com\/2025\/04\/06\/audit-des-finances-publiques-les-revelations-dun-membre-de-la-cour-des-comptes\/#breadcrumb","itemListElement":[{"@type":"ListItem","position":1,"name":"Accueil","item":"https:\/\/www.nettali.com\/"},{"@type":"ListItem","position":2,"name":"AUDIT DES FINANCES PUBLIQUES - Les r\u00e9v\u00e9lations d'un membre de la Cour des comptes"}]},{"@type":"Person","@id":"https:\/\/www.nettali.com\/#\/schema\/person\/7962a12a6e0267f88f0ffa544c36469a","name":"Moustapha","image":{"@type":"ImageObject","@id":"https:\/\/www.nettali.com\/#personlogo","inLanguage":"fr-FR","url":"https:\/\/secure.gravatar.com\/avatar\/10fdf6a071cccdcf374e3dbe45159590?s=96&d=mm&r=g","contentUrl":"https:\/\/secure.gravatar.com\/avatar\/10fdf6a071cccdcf374e3dbe45159590?s=96&d=mm&r=g","caption":"Moustapha"},"sameAs":["https:\/\/www.nettali.com"]}]}},"_links":{"self":[{"href":"https:\/\/www.nettali.com\/rest\/wp\/v2\/posts\/151894"}],"collection":[{"href":"https:\/\/www.nettali.com\/rest\/wp\/v2\/posts"}],"about":[{"href":"https:\/\/www.nettali.com\/rest\/wp\/v2\/types\/post"}],"author":[{"embeddable":true,"href":"https:\/\/www.nettali.com\/rest\/wp\/v2\/users\/3"}],"replies":[{"embeddable":true,"href":"https:\/\/www.nettali.com\/rest\/wp\/v2\/comments?post=151894"}],"version-history":[{"count":4,"href":"https:\/\/www.nettali.com\/rest\/wp\/v2\/posts\/151894\/revisions"}],"predecessor-version":[{"id":151921,"href":"https:\/\/www.nettali.com\/rest\/wp\/v2\/posts\/151894\/revisions\/151921"}],"wp:featuredmedia":[{"embeddable":true,"href":"https:\/\/www.nettali.com\/rest\/wp\/v2\/media\/151896"}],"wp:attachment":[{"href":"https:\/\/www.nettali.com\/rest\/wp\/v2\/media?parent=151894"}],"wp:term":[{"taxonomy":"category","embeddable":true,"href":"https:\/\/www.nettali.com\/rest\/wp\/v2\/categories?post=151894"},{"taxonomy":"post_tag","embeddable":true,"href":"https:\/\/www.nettali.com\/rest\/wp\/v2\/tags?post=151894"}],"curies":[{"name":"wp","href":"https:\/\/api.w.org\/{rel}","templated":true}]}}