{"id":151886,"date":"2025-04-06T21:45:16","date_gmt":"2025-04-06T21:45:16","guid":{"rendered":"https:\/\/www.nettali.com\/?p=151886"},"modified":"2025-04-09T08:42:47","modified_gmt":"2025-04-09T08:42:47","slug":"bakary-sega-bathily-dg-de-lapix-s-a-notre-objectif-est-de-voir-ousmane-sonko-a-la-tete-du-senegal","status":"publish","type":"post","link":"https:\/\/www.nettali.com\/2025\/04\/06\/bakary-sega-bathily-dg-de-lapix-s-a-notre-objectif-est-de-voir-ousmane-sonko-a-la-tete-du-senegal\/","title":{"rendered":"BAKARY SEGA BATHILY, DG DE L\u2019APIX S.A : \"Notre objectif est de voir Ousmane Sonko \u00e0 la t\u00eate du S\u00e9n\u00e9gal\""},"content":{"rendered":"<p><strong>NETTALI.COM - Le Pastef est toujours d\u00e9termin\u00e9 \u00e0 \u00a0faire acc\u00e9der Ousmane Sonko \u00e0 la pr\u00e9sidence de la R\u00e9publique. Le Directeur g\u00e9n\u00e9ral de l\u2019Apix l\u2019a fait savoir sur iRadio et ITV.\u00a0 Bakary S\u00e9ga Bathily \u00e9tait l'invit\u00e9 de l\u2019\u00e9mission \"Jury du Dimanche\".\u00a0<\/strong><\/p>\n<p>Ousmane Sonko, pr\u00e9sident de la R\u00e9publique. Une ambition qui reste intacte dans les rangs de Pastef. C'est du moins ce que soutient Bakary S\u00e9ga Bathily. Sur iRadio ce dimanche, le Directeur g\u00e9n\u00e9ral de l\u2019Apix a toutefois soulign\u00e9 que la route vers le pouvoir d\u00e9pendra du moment que Dieu choisira.<\/p>\n<p>\"<em>Tous les membres du parti et les S\u00e9n\u00e9galais aspirent \u00e0 voir Sonko \u00e0 la t\u00eate de l\u2019\u00c9tat. Nous<\/em><em> poursuivons notre travail avec cet objectif en t\u00eate depuis la cr\u00e9ation du parti, et c\u2019est pourquoi Ousmane Sonko reste le pr\u00e9sident du parti<\/em>\", explique Bakary S\u00e9ga Bathily. Qui\u00a0a \u00e9galement abord\u00e9 la question du retrait strat\u00e9gique de Bassirou Diomaye Faye des affaires politiques. Selon lui, cette d\u00e9cision ouvre la voie \u00e0 Ousmane Sonko pour tracer son propre chemin vers la pr\u00e9sidence. \"<em>Aujourd\u2019hui, le Pr\u00e9sident Bassirou Diomaye Faye occupe pleinement ses fonctions, mais il a \u00e9t\u00e9 le premier \u00e0 installer Ousmane Sonko comme pr\u00e9sident du parti. Le pr\u00e9sident est d\u00e9sormais dans un r\u00f4le plus \u00e9lev\u00e9. Et il se concentre sur son engagement vis-\u00e0-vis des S\u00e9n\u00e9galais, tout en restant fid\u00e8le \u00e0 sa mission<\/em>\", dit-il.<\/p>\n<p>Bakary S\u00e9ga Bathily souligne que le Pastef poursuivra son travail, qu\u2019il s\u2019agisse des \u00e9lections \u00e0 venir dans cinq, dix ou vingt ans, et que la r\u00e9ussite de cette ambition d\u00e9pendra aussi de la volont\u00e9 divine. \"<em>Nous prions pour que Dieu r\u00e9alise ce v\u0153u, car si nous en sommes arriv\u00e9s l\u00e0, c\u2019est, en grande partie, gr\u00e2ce \u00e0 lui<\/em>\", a-t-il ajout\u00e9.<\/p>\n<div class='share-to-whatsapp-wrapper'><div class='share-on-whsp'>PARTAGER SUR : <\/div><a data-text='BAKARY SEGA BATHILY, DG DE L\u2019APIX S.A : \"Notre objectif est de voir Ousmane Sonko \u00e0 la t\u00eate du S\u00e9n\u00e9gal\"' data-link='https:\/\/www.nettali.com\/2025\/04\/06\/bakary-sega-bathily-dg-de-lapix-s-a-notre-objectif-est-de-voir-ousmane-sonko-a-la-tete-du-senegal\/' class='whatsapp-button whatsapp-share'>WhatsApp<\/a><div class='clear '><\/div><\/div>","protected":false},"excerpt":{"rendered":"<p>NETTALI.COM - Le Pastef est toujours d\u00e9termin\u00e9 \u00e0 \u00a0faire acc\u00e9der Ousmane Sonko \u00e0 la pr\u00e9sidence de la R\u00e9publique. Le Directeur g\u00e9n\u00e9ral de l\u2019Apix l\u2019a fait savoir sur iRadio et ITV.\u00a0 Bakary S\u00e9ga Bathily \u00e9tait l'invit\u00e9 de l\u2019\u00e9mission \"Jury du Dimanche\".\u00a0 Ousmane Sonko, pr\u00e9sident de la R\u00e9publique. Une ambition qui reste intacte dans les rangs de [&hellip;]<\/p>\n","protected":false},"author":6,"featured_media":151887,"comment_status":"open","ping_status":"open","sticky":false,"template":"","format":"standard","meta":{"_et_pb_use_builder":"","_et_pb_old_content":""},"categories":[2],"tags":[],"yoast_head":"<!-- This site is optimized with the Yoast SEO Premium plugin v17.8 (Yoast SEO v17.8) - https:\/\/yoast.com\/wordpress\/plugins\/seo\/ -->\n<title>BAKARY SEGA BATHILY, DG DE L\u2019APIX S.A : &quot;Notre objectif est de voir Ousmane Sonko \u00e0 la t\u00eate du S\u00e9n\u00e9gal&quot; | Nettali.com<\/title>\n<meta name=\"robots\" content=\"index, follow, max-snippet:-1, max-image-preview:large, max-video-preview:-1\" \/>\n<link rel=\"canonical\" href=\"https:\/\/www.nettali.com\/2025\/04\/06\/bakary-sega-bathily-dg-de-lapix-s-a-notre-objectif-est-de-voir-ousmane-sonko-a-la-tete-du-senegal\/\" \/>\n<meta property=\"og:locale\" content=\"fr_FR\" \/>\n<meta property=\"og:type\" content=\"article\" \/>\n<meta property=\"og:title\" content=\"BAKARY SEGA BATHILY, DG DE L\u2019APIX S.A : &quot;Notre objectif est de voir Ousmane Sonko \u00e0 la t\u00eate du S\u00e9n\u00e9gal&quot;\" \/>\n<meta property=\"og:description\" content=\"NETTALI.COM - Le Pastef est toujours d\u00e9termin\u00e9 \u00e0 \u00a0faire acc\u00e9der Ousmane Sonko \u00e0 la pr\u00e9sidence de la R\u00e9publique. Le Directeur g\u00e9n\u00e9ral de l\u2019Apix l\u2019a fait savoir sur iRadio et ITV.\u00a0 Bakary S\u00e9ga Bathily \u00e9tait l&#039;invit\u00e9 de l\u2019\u00e9mission &quot;Jury du Dimanche&quot;.\u00a0 Ousmane Sonko, pr\u00e9sident de la R\u00e9publique. Une ambition qui reste intacte dans les rangs de [&hellip;]\" \/>\n<meta property=\"og:url\" content=\"https:\/\/www.nettali.com\/2025\/04\/06\/bakary-sega-bathily-dg-de-lapix-s-a-notre-objectif-est-de-voir-ousmane-sonko-a-la-tete-du-senegal\/\" \/>\n<meta property=\"og:site_name\" content=\"Nettali.com\" \/>\n<meta property=\"article:publisher\" content=\"https:\/\/www.facebook.com\/nettalicom\" \/>\n<meta property=\"article:published_time\" content=\"2025-04-06T21:45:16+00:00\" \/>\n<meta property=\"article:modified_time\" content=\"2025-04-09T08:42:47+00:00\" \/>\n<meta property=\"og:image\" content=\"https:\/\/www.nettali.com\/wp-content\/uploads\/2025\/04\/Bakary-Bathily2.jpeg\" \/>\n\t<meta property=\"og:image:width\" content=\"1280\" \/>\n\t<meta property=\"og:image:height\" content=\"1111\" \/>\n<meta name=\"twitter:card\" content=\"summary_large_image\" \/>\n<meta name=\"twitter:label1\" content=\"\u00c9crit par\" \/>\n\t<meta name=\"twitter:data1\" content=\"Fatou\" \/>\n\t<meta name=\"twitter:label2\" content=\"Dur\u00e9e de lecture estim\u00e9e\" \/>\n\t<meta name=\"twitter:data2\" content=\"2 minutes\" \/>\n<script type=\"application\/ld+json\" class=\"yoast-schema-graph\">{\"@context\":\"https:\/\/schema.org\",\"@graph\":[{\"@type\":\"WebSite\",\"@id\":\"https:\/\/www.nettali.com\/#website\",\"url\":\"https:\/\/www.nettali.com\/\",\"name\":\"Nettali.com\",\"description\":\"Le rendez-vous critique du Net\",\"potentialAction\":[{\"@type\":\"SearchAction\",\"target\":{\"@type\":\"EntryPoint\",\"urlTemplate\":\"https:\/\/www.nettali.com\/?s={search_term_string}\"},\"query-input\":\"required name=search_term_string\"}],\"inLanguage\":\"fr-FR\"},{\"@type\":\"ImageObject\",\"@id\":\"https:\/\/www.nettali.com\/2025\/04\/06\/bakary-sega-bathily-dg-de-lapix-s-a-notre-objectif-est-de-voir-ousmane-sonko-a-la-tete-du-senegal\/#primaryimage\",\"inLanguage\":\"fr-FR\",\"url\":\"https:\/\/www.nettali.com\/wp-content\/uploads\/2025\/04\/Bakary-Bathily2.jpeg\",\"contentUrl\":\"https:\/\/www.nettali.com\/wp-content\/uploads\/2025\/04\/Bakary-Bathily2.jpeg\",\"width\":1280,\"height\":1111},{\"@type\":\"WebPage\",\"@id\":\"https:\/\/www.nettali.com\/2025\/04\/06\/bakary-sega-bathily-dg-de-lapix-s-a-notre-objectif-est-de-voir-ousmane-sonko-a-la-tete-du-senegal\/#webpage\",\"url\":\"https:\/\/www.nettali.com\/2025\/04\/06\/bakary-sega-bathily-dg-de-lapix-s-a-notre-objectif-est-de-voir-ousmane-sonko-a-la-tete-du-senegal\/\",\"name\":\"BAKARY SEGA BATHILY, DG DE L\\u2019APIX S.A : \\\"Notre objectif est de voir Ousmane Sonko \\u00e0 la t\\u00eate du S\\u00e9n\\u00e9gal\\\" | Nettali.com\",\"isPartOf\":{\"@id\":\"https:\/\/www.nettali.com\/#website\"},\"primaryImageOfPage\":{\"@id\":\"https:\/\/www.nettali.com\/2025\/04\/06\/bakary-sega-bathily-dg-de-lapix-s-a-notre-objectif-est-de-voir-ousmane-sonko-a-la-tete-du-senegal\/#primaryimage\"},\"datePublished\":\"2025-04-06T21:45:16+00:00\",\"dateModified\":\"2025-04-09T08:42:47+00:00\",\"author\":{\"@id\":\"https:\/\/www.nettali.com\/#\/schema\/person\/418274a86bdf87caff7a3ef476bd0bbf\"},\"breadcrumb\":{\"@id\":\"https:\/\/www.nettali.com\/2025\/04\/06\/bakary-sega-bathily-dg-de-lapix-s-a-notre-objectif-est-de-voir-ousmane-sonko-a-la-tete-du-senegal\/#breadcrumb\"},\"inLanguage\":\"fr-FR\",\"potentialAction\":[{\"@type\":\"ReadAction\",\"target\":[\"https:\/\/www.nettali.com\/2025\/04\/06\/bakary-sega-bathily-dg-de-lapix-s-a-notre-objectif-est-de-voir-ousmane-sonko-a-la-tete-du-senegal\/\"]}]},{\"@type\":\"BreadcrumbList\",\"@id\":\"https:\/\/www.nettali.com\/2025\/04\/06\/bakary-sega-bathily-dg-de-lapix-s-a-notre-objectif-est-de-voir-ousmane-sonko-a-la-tete-du-senegal\/#breadcrumb\",\"itemListElement\":[{\"@type\":\"ListItem\",\"position\":1,\"name\":\"Accueil\",\"item\":\"https:\/\/www.nettali.com\/\"},{\"@type\":\"ListItem\",\"position\":2,\"name\":\"BAKARY SEGA BATHILY, DG DE L\\u2019APIX S.A : \\\"Notre objectif est de voir Ousmane Sonko \\u00e0 la t\\u00eate du S\\u00e9n\\u00e9gal\\\"\"}]},{\"@type\":\"Person\",\"@id\":\"https:\/\/www.nettali.com\/#\/schema\/person\/418274a86bdf87caff7a3ef476bd0bbf\",\"name\":\"Fatou\",\"image\":{\"@type\":\"ImageObject\",\"@id\":\"https:\/\/www.nettali.com\/#personlogo\",\"inLanguage\":\"fr-FR\",\"url\":\"https:\/\/secure.gravatar.com\/avatar\/5a9442a2bee7b4dcf167cab035858e9a?s=96&d=mm&r=g\",\"contentUrl\":\"https:\/\/secure.gravatar.com\/avatar\/5a9442a2bee7b4dcf167cab035858e9a?s=96&d=mm&r=g\",\"caption\":\"Fatou\"},\"sameAs\":[\"https:\/\/www.nettali.com\"]}]}<\/script>\n<!-- \/ Yoast SEO Premium plugin. -->","yoast_head_json":{"title":"BAKARY SEGA BATHILY, DG DE L\u2019APIX S.A : \"Notre objectif est de voir Ousmane Sonko \u00e0 la t\u00eate du S\u00e9n\u00e9gal\" | Nettali.com","robots":{"index":"index","follow":"follow","max-snippet":"max-snippet:-1","max-image-preview":"max-image-preview:large","max-video-preview":"max-video-preview:-1"},"canonical":"https:\/\/www.nettali.com\/2025\/04\/06\/bakary-sega-bathily-dg-de-lapix-s-a-notre-objectif-est-de-voir-ousmane-sonko-a-la-tete-du-senegal\/","og_locale":"fr_FR","og_type":"article","og_title":"BAKARY SEGA BATHILY, DG DE L\u2019APIX S.A : \"Notre objectif est de voir Ousmane Sonko \u00e0 la t\u00eate du S\u00e9n\u00e9gal\"","og_description":"NETTALI.COM - Le Pastef est toujours d\u00e9termin\u00e9 \u00e0 \u00a0faire acc\u00e9der Ousmane Sonko \u00e0 la pr\u00e9sidence de la R\u00e9publique. Le Directeur g\u00e9n\u00e9ral de l\u2019Apix l\u2019a fait savoir sur iRadio et ITV.\u00a0 Bakary S\u00e9ga Bathily \u00e9tait l'invit\u00e9 de l\u2019\u00e9mission \"Jury du Dimanche\".\u00a0 Ousmane Sonko, pr\u00e9sident de la R\u00e9publique. Une ambition qui reste intacte dans les rangs de [&hellip;]","og_url":"https:\/\/www.nettali.com\/2025\/04\/06\/bakary-sega-bathily-dg-de-lapix-s-a-notre-objectif-est-de-voir-ousmane-sonko-a-la-tete-du-senegal\/","og_site_name":"Nettali.com","article_publisher":"https:\/\/www.facebook.com\/nettalicom","article_published_time":"2025-04-06T21:45:16+00:00","article_modified_time":"2025-04-09T08:42:47+00:00","og_image":[{"width":1280,"height":1111,"url":"https:\/\/www.nettali.com\/wp-content\/uploads\/2025\/04\/Bakary-Bathily2.jpeg","type":"image\/jpeg"}],"twitter_card":"summary_large_image","twitter_misc":{"\u00c9crit par":"Fatou","Dur\u00e9e de lecture estim\u00e9e":"2 minutes"},"schema":{"@context":"https:\/\/schema.org","@graph":[{"@type":"WebSite","@id":"https:\/\/www.nettali.com\/#website","url":"https:\/\/www.nettali.com\/","name":"Nettali.com","description":"Le rendez-vous critique du Net","potentialAction":[{"@type":"SearchAction","target":{"@type":"EntryPoint","urlTemplate":"https:\/\/www.nettali.com\/?s={search_term_string}"},"query-input":"required name=search_term_string"}],"inLanguage":"fr-FR"},{"@type":"ImageObject","@id":"https:\/\/www.nettali.com\/2025\/04\/06\/bakary-sega-bathily-dg-de-lapix-s-a-notre-objectif-est-de-voir-ousmane-sonko-a-la-tete-du-senegal\/#primaryimage","inLanguage":"fr-FR","url":"https:\/\/www.nettali.com\/wp-content\/uploads\/2025\/04\/Bakary-Bathily2.jpeg","contentUrl":"https:\/\/www.nettali.com\/wp-content\/uploads\/2025\/04\/Bakary-Bathily2.jpeg","width":1280,"height":1111},{"@type":"WebPage","@id":"https:\/\/www.nettali.com\/2025\/04\/06\/bakary-sega-bathily-dg-de-lapix-s-a-notre-objectif-est-de-voir-ousmane-sonko-a-la-tete-du-senegal\/#webpage","url":"https:\/\/www.nettali.com\/2025\/04\/06\/bakary-sega-bathily-dg-de-lapix-s-a-notre-objectif-est-de-voir-ousmane-sonko-a-la-tete-du-senegal\/","name":"BAKARY SEGA BATHILY, DG DE L\u2019APIX S.A : \"Notre objectif est de voir Ousmane Sonko \u00e0 la t\u00eate du S\u00e9n\u00e9gal\" | Nettali.com","isPartOf":{"@id":"https:\/\/www.nettali.com\/#website"},"primaryImageOfPage":{"@id":"https:\/\/www.nettali.com\/2025\/04\/06\/bakary-sega-bathily-dg-de-lapix-s-a-notre-objectif-est-de-voir-ousmane-sonko-a-la-tete-du-senegal\/#primaryimage"},"datePublished":"2025-04-06T21:45:16+00:00","dateModified":"2025-04-09T08:42:47+00:00","author":{"@id":"https:\/\/www.nettali.com\/#\/schema\/person\/418274a86bdf87caff7a3ef476bd0bbf"},"breadcrumb":{"@id":"https:\/\/www.nettali.com\/2025\/04\/06\/bakary-sega-bathily-dg-de-lapix-s-a-notre-objectif-est-de-voir-ousmane-sonko-a-la-tete-du-senegal\/#breadcrumb"},"inLanguage":"fr-FR","potentialAction":[{"@type":"ReadAction","target":["https:\/\/www.nettali.com\/2025\/04\/06\/bakary-sega-bathily-dg-de-lapix-s-a-notre-objectif-est-de-voir-ousmane-sonko-a-la-tete-du-senegal\/"]}]},{"@type":"BreadcrumbList","@id":"https:\/\/www.nettali.com\/2025\/04\/06\/bakary-sega-bathily-dg-de-lapix-s-a-notre-objectif-est-de-voir-ousmane-sonko-a-la-tete-du-senegal\/#breadcrumb","itemListElement":[{"@type":"ListItem","position":1,"name":"Accueil","item":"https:\/\/www.nettali.com\/"},{"@type":"ListItem","position":2,"name":"BAKARY SEGA BATHILY, DG DE L\u2019APIX S.A : \"Notre objectif est de voir Ousmane Sonko \u00e0 la t\u00eate du S\u00e9n\u00e9gal\""}]},{"@type":"Person","@id":"https:\/\/www.nettali.com\/#\/schema\/person\/418274a86bdf87caff7a3ef476bd0bbf","name":"Fatou","image":{"@type":"ImageObject","@id":"https:\/\/www.nettali.com\/#personlogo","inLanguage":"fr-FR","url":"https:\/\/secure.gravatar.com\/avatar\/5a9442a2bee7b4dcf167cab035858e9a?s=96&d=mm&r=g","contentUrl":"https:\/\/secure.gravatar.com\/avatar\/5a9442a2bee7b4dcf167cab035858e9a?s=96&d=mm&r=g","caption":"Fatou"},"sameAs":["https:\/\/www.nettali.com"]}]}},"_links":{"self":[{"href":"https:\/\/www.nettali.com\/rest\/wp\/v2\/posts\/151886"}],"collection":[{"href":"https:\/\/www.nettali.com\/rest\/wp\/v2\/posts"}],"about":[{"href":"https:\/\/www.nettali.com\/rest\/wp\/v2\/types\/post"}],"author":[{"embeddable":true,"href":"https:\/\/www.nettali.com\/rest\/wp\/v2\/users\/6"}],"replies":[{"embeddable":true,"href":"https:\/\/www.nettali.com\/rest\/wp\/v2\/comments?post=151886"}],"version-history":[{"count":3,"href":"https:\/\/www.nettali.com\/rest\/wp\/v2\/posts\/151886\/revisions"}],"predecessor-version":[{"id":151898,"href":"https:\/\/www.nettali.com\/rest\/wp\/v2\/posts\/151886\/revisions\/151898"}],"wp:featuredmedia":[{"embeddable":true,"href":"https:\/\/www.nettali.com\/rest\/wp\/v2\/media\/151887"}],"wp:attachment":[{"href":"https:\/\/www.nettali.com\/rest\/wp\/v2\/media?parent=151886"}],"wp:term":[{"taxonomy":"category","embeddable":true,"href":"https:\/\/www.nettali.com\/rest\/wp\/v2\/categories?post=151886"},{"taxonomy":"post_tag","embeddable":true,"href":"https:\/\/www.nettali.com\/rest\/wp\/v2\/tags?post=151886"}],"curies":[{"name":"wp","href":"https:\/\/api.w.org\/{rel}","templated":true}]}}