{"id":151883,"date":"2025-04-06T21:55:14","date_gmt":"2025-04-06T21:55:14","guid":{"rendered":"https:\/\/www.nettali.com\/?p=151883"},"modified":"2025-04-07T01:47:09","modified_gmt":"2025-04-07T01:47:09","slug":"defile-4-avril-le-prytanee-militaire-maintient-haut-la-flamme","status":"publish","type":"post","link":"https:\/\/www.nettali.com\/2025\/04\/06\/defile-4-avril-le-prytanee-militaire-maintient-haut-la-flamme\/","title":{"rendered":"DEFILE 4 AVRIL - Le Prytan\u00e9e militaire maintient haut la flamme"},"content":{"rendered":"<p><strong>NETTALI.COM - Le S\u00e9n\u00e9gal a c\u00e9l\u00e9br\u00e9, le 65e anniversaire de son accession \u00e0 l\u2019ind\u00e9pendance ce vendredi 4 avril 2025. Une f\u00eate marqu\u00e9e par un d\u00e9fil\u00e9 civil et militaire tout en couleurs, qui a encore permis au Prytan\u00e9e militaire de Saint-Louis de montrer tout son savoir-faire. <\/strong><\/p>\n<p>Les enfants de troupe ont \u00e9merveill\u00e9 l\u2019assistance \u00e0 travers leur prestance, leur belle harmonie. Cette belle prestation est le r\u00e9sultat d\u2019un travail acharn\u00e9 men\u00e9 par les autorit\u00e9s de l\u2019\u00e9cole, mais aussi une tradition qui perdure, car dans cet \u00e9tablissement, le d\u00e9fil\u00e9 du 4 avril est plus qu\u2019un simple d\u00e9fil\u00e9. C\u2019est une machine bien rod\u00e9e, qui, depuis plus d\u2019un si\u00e8cle, mobilise des centaines d\u2019enfants de troupe pour garantir une belle partition. Au Prytan\u00e9e militaire de Saint-Louis, participer au d\u00e9fil\u00e9 du 4 avril est une tradition bien ancr\u00e9e ; une tradition qui perdure et continue d\u2019\u00e9veiller les passions, selon le commandant d\u2019\u00e9cole, le colonel Abdoulaye Mbengue lui-m\u00eame issu de cette \u00e9cole militaire.<\/p>\n<p>Et cette ann\u00e9e, les enfants de troupe ont \u00e9t\u00e9 sur deux fronts, respectivement \u00e0 Dakar o\u00f9 le Pms, selon son commandant d\u2019\u00e9cole, a d\u00e9ploy\u00e9 plus de 200 \u00e9l\u00e9ments et \u00e0 Saint-Louis, avec l\u2019\u00e9quivalent d\u2019une compagnie de trois pelotons.<\/p>\n<p>La clique du Prytan\u00e9e militaire a \u00e9galement \u00e9t\u00e9 \u00e0 l\u2019honneur. Elle a anim\u00e9 le d\u00e9fil\u00e9 des \u00e9coles militaires. Le d\u00e9fil\u00e9 du 4 avril est un moment charg\u00e9 d\u2019histoire et de symboles et pour avoir l\u2019insigne honneur de prendre part \u00e0 cette parade qui fait battre le c\u0153ur de tout un pays, les enfants de troupe doivent r\u00e9pondre \u00e0 un certain nombre de crit\u00e8res parmi lesquels figure l\u2019exemplarit\u00e9. \u00ab<em> C\u2019est ce qui est exig\u00e9 de nos \u00e9l\u00e8ves, mais nous n\u2019avons pas de probl\u00e8me \u00e0 ce niveau parce qu\u2019il y a l\u2019encadrement, surtout la discipline militaire. Il y a ensuite les r\u00e9sultats scolaires. Les \u00e9l\u00e8ves qui ne satisfont pas \u00e0 un certain niveau d'excellence restent \u00e0 l\u2019\u00e9cole pour faire cours. Sur ce point-l\u00e0 \u00e9galement, il n\u2019y a pas de probl\u00e8me<\/em> \u00bb, a expliqu\u00e9 le colonel Mbengue dans les colonnes du quotidien nationale Le Soleil.<\/p>\n<p>La coh\u00e9sion est aussi essentielle, selon le commandant d\u2019\u00e9cole. C\u2019est pour cette raison d\u2019ailleurs, a-t-il fait savoir, que le choix est souvent port\u00e9 sur des enfants de troupe d\u2019une m\u00eame promotion. \u00ab <em>Nous pr\u00e9f\u00e9rons souvent prendre les promotions des sixi\u00e8mes, cinqui\u00e8mes et quatri\u00e8mes qui sont ensemble et qui ont d\u00e9j\u00e0 cette coh\u00e9sion et laisser les autres comme les \u00e9l\u00e8ves de terminale pour qu\u2019ils puissent r\u00e9viser. C\u2019est le cas \u00e9galement des \u00e9l\u00e8ves de troisi\u00e8me, mais qui vont d\u00e9filer cette ann\u00e9e \u00e0 Saint-Louis<\/em> \u00bb, a renseign\u00e9 le colonel Abdoulaye Mbengue.<\/p>\n<p>Au Prytan\u00e9e militaire de Saint-Louis, une importance primordiale est accord\u00e9e \u00e0 la bonne tenue, \u00e0 la discipline et aux bonnes mani\u00e8res. Les pensionnaires arborent fi\u00e8rement leurs uniformes et font bonne figure \u00e0 chaque d\u00e9fil\u00e9. Pour le commandant Amoul Assine, c\u2019est quand on a la coh\u00e9sion, qu\u2019on obtient le r\u00e9sultat vis\u00e9. \u00ab<em> Quand on choisit des promotions qui se connaissent d\u00e9j\u00e0, qui ont toujours \u00e9t\u00e9 ensemble, la discipline et l\u2019encadrement de proximit\u00e9 font le reste. Tout cela r\u00e9uni, permet d\u2019avoir d\u00e9j\u00e0 un bloc homog\u00e8ne et les r\u00e9sultats escompt\u00e9s<\/em> \u00bb, a-t-il indiqu\u00e9.<\/p>\n<p>Et ce 4 avril 2025, comme depuis plus d\u2019un si\u00e8cle, la coh\u00e9sion \u00e9tait encore au rendez-vous. Les enfants de troupe ont \u00e9t\u00e9 exemplaires et ont maintenu haut la flamme allum\u00e9e par leurs anciens.<\/p>\n<div class='share-to-whatsapp-wrapper'><div class='share-on-whsp'>PARTAGER SUR : <\/div><a data-text='DEFILE 4 AVRIL - Le Prytan\u00e9e militaire maintient haut la flamme' data-link='https:\/\/www.nettali.com\/2025\/04\/06\/defile-4-avril-le-prytanee-militaire-maintient-haut-la-flamme\/' class='whatsapp-button whatsapp-share'>WhatsApp<\/a><div class='clear '><\/div><\/div>","protected":false},"excerpt":{"rendered":"<p>NETTALI.COM - Le S\u00e9n\u00e9gal a c\u00e9l\u00e9br\u00e9, le 65e anniversaire de son accession \u00e0 l\u2019ind\u00e9pendance ce vendredi 4 avril 2025. Une f\u00eate marqu\u00e9e par un d\u00e9fil\u00e9 civil et militaire tout en couleurs, qui a encore permis au Prytan\u00e9e militaire de Saint-Louis de montrer tout son savoir-faire. Les enfants de troupe ont \u00e9merveill\u00e9 l\u2019assistance \u00e0 travers leur [&hellip;]<\/p>\n","protected":false},"author":6,"featured_media":151884,"comment_status":"open","ping_status":"open","sticky":false,"template":"","format":"standard","meta":{"_et_pb_use_builder":"","_et_pb_old_content":""},"categories":[3],"tags":[],"yoast_head":"<!-- This site is optimized with the Yoast SEO Premium plugin v17.8 (Yoast SEO v17.8) - https:\/\/yoast.com\/wordpress\/plugins\/seo\/ -->\n<title>DEFILE 4 AVRIL - Le Prytan\u00e9e militaire maintient haut la flamme | Nettali.com<\/title>\n<meta name=\"robots\" content=\"index, follow, max-snippet:-1, max-image-preview:large, max-video-preview:-1\" \/>\n<link rel=\"canonical\" href=\"https:\/\/www.nettali.com\/2025\/04\/06\/defile-4-avril-le-prytanee-militaire-maintient-haut-la-flamme\/\" \/>\n<meta property=\"og:locale\" content=\"fr_FR\" \/>\n<meta property=\"og:type\" content=\"article\" \/>\n<meta property=\"og:title\" content=\"DEFILE 4 AVRIL - Le Prytan\u00e9e militaire maintient haut la flamme\" \/>\n<meta property=\"og:description\" content=\"NETTALI.COM - Le S\u00e9n\u00e9gal a c\u00e9l\u00e9br\u00e9, le 65e anniversaire de son accession \u00e0 l\u2019ind\u00e9pendance ce vendredi 4 avril 2025. Une f\u00eate marqu\u00e9e par un d\u00e9fil\u00e9 civil et militaire tout en couleurs, qui a encore permis au Prytan\u00e9e militaire de Saint-Louis de montrer tout son savoir-faire. Les enfants de troupe ont \u00e9merveill\u00e9 l\u2019assistance \u00e0 travers leur [&hellip;]\" \/>\n<meta property=\"og:url\" content=\"https:\/\/www.nettali.com\/2025\/04\/06\/defile-4-avril-le-prytanee-militaire-maintient-haut-la-flamme\/\" \/>\n<meta property=\"og:site_name\" content=\"Nettali.com\" \/>\n<meta property=\"article:publisher\" content=\"https:\/\/www.facebook.com\/nettalicom\" \/>\n<meta property=\"article:published_time\" content=\"2025-04-06T21:55:14+00:00\" \/>\n<meta property=\"article:modified_time\" content=\"2025-04-07T01:47:09+00:00\" \/>\n<meta property=\"og:image\" content=\"https:\/\/www.nettali.com\/wp-content\/uploads\/2025\/04\/PMS.jpg\" \/>\n\t<meta property=\"og:image:width\" content=\"370\" \/>\n\t<meta property=\"og:image:height\" content=\"240\" \/>\n<meta name=\"twitter:card\" content=\"summary_large_image\" \/>\n<meta name=\"twitter:label1\" content=\"\u00c9crit par\" \/>\n\t<meta name=\"twitter:data1\" content=\"Fatou\" \/>\n\t<meta name=\"twitter:label2\" content=\"Dur\u00e9e de lecture estim\u00e9e\" \/>\n\t<meta name=\"twitter:data2\" content=\"3 minutes\" \/>\n<script type=\"application\/ld+json\" class=\"yoast-schema-graph\">{\"@context\":\"https:\/\/schema.org\",\"@graph\":[{\"@type\":\"WebSite\",\"@id\":\"https:\/\/www.nettali.com\/#website\",\"url\":\"https:\/\/www.nettali.com\/\",\"name\":\"Nettali.com\",\"description\":\"Le rendez-vous critique du Net\",\"potentialAction\":[{\"@type\":\"SearchAction\",\"target\":{\"@type\":\"EntryPoint\",\"urlTemplate\":\"https:\/\/www.nettali.com\/?s={search_term_string}\"},\"query-input\":\"required name=search_term_string\"}],\"inLanguage\":\"fr-FR\"},{\"@type\":\"ImageObject\",\"@id\":\"https:\/\/www.nettali.com\/2025\/04\/06\/defile-4-avril-le-prytanee-militaire-maintient-haut-la-flamme\/#primaryimage\",\"inLanguage\":\"fr-FR\",\"url\":\"https:\/\/www.nettali.com\/wp-content\/uploads\/2025\/04\/PMS.jpg\",\"contentUrl\":\"https:\/\/www.nettali.com\/wp-content\/uploads\/2025\/04\/PMS.jpg\",\"width\":370,\"height\":240},{\"@type\":\"WebPage\",\"@id\":\"https:\/\/www.nettali.com\/2025\/04\/06\/defile-4-avril-le-prytanee-militaire-maintient-haut-la-flamme\/#webpage\",\"url\":\"https:\/\/www.nettali.com\/2025\/04\/06\/defile-4-avril-le-prytanee-militaire-maintient-haut-la-flamme\/\",\"name\":\"DEFILE 4 AVRIL - Le Prytan\\u00e9e militaire maintient haut la flamme | Nettali.com\",\"isPartOf\":{\"@id\":\"https:\/\/www.nettali.com\/#website\"},\"primaryImageOfPage\":{\"@id\":\"https:\/\/www.nettali.com\/2025\/04\/06\/defile-4-avril-le-prytanee-militaire-maintient-haut-la-flamme\/#primaryimage\"},\"datePublished\":\"2025-04-06T21:55:14+00:00\",\"dateModified\":\"2025-04-07T01:47:09+00:00\",\"author\":{\"@id\":\"https:\/\/www.nettali.com\/#\/schema\/person\/418274a86bdf87caff7a3ef476bd0bbf\"},\"breadcrumb\":{\"@id\":\"https:\/\/www.nettali.com\/2025\/04\/06\/defile-4-avril-le-prytanee-militaire-maintient-haut-la-flamme\/#breadcrumb\"},\"inLanguage\":\"fr-FR\",\"potentialAction\":[{\"@type\":\"ReadAction\",\"target\":[\"https:\/\/www.nettali.com\/2025\/04\/06\/defile-4-avril-le-prytanee-militaire-maintient-haut-la-flamme\/\"]}]},{\"@type\":\"BreadcrumbList\",\"@id\":\"https:\/\/www.nettali.com\/2025\/04\/06\/defile-4-avril-le-prytanee-militaire-maintient-haut-la-flamme\/#breadcrumb\",\"itemListElement\":[{\"@type\":\"ListItem\",\"position\":1,\"name\":\"Accueil\",\"item\":\"https:\/\/www.nettali.com\/\"},{\"@type\":\"ListItem\",\"position\":2,\"name\":\"DEFILE 4 AVRIL - Le Prytan\\u00e9e militaire maintient haut la flamme\"}]},{\"@type\":\"Person\",\"@id\":\"https:\/\/www.nettali.com\/#\/schema\/person\/418274a86bdf87caff7a3ef476bd0bbf\",\"name\":\"Fatou\",\"image\":{\"@type\":\"ImageObject\",\"@id\":\"https:\/\/www.nettali.com\/#personlogo\",\"inLanguage\":\"fr-FR\",\"url\":\"https:\/\/secure.gravatar.com\/avatar\/5a9442a2bee7b4dcf167cab035858e9a?s=96&d=mm&r=g\",\"contentUrl\":\"https:\/\/secure.gravatar.com\/avatar\/5a9442a2bee7b4dcf167cab035858e9a?s=96&d=mm&r=g\",\"caption\":\"Fatou\"},\"sameAs\":[\"https:\/\/www.nettali.com\"]}]}<\/script>\n<!-- \/ Yoast SEO Premium plugin. -->","yoast_head_json":{"title":"DEFILE 4 AVRIL - Le Prytan\u00e9e militaire maintient haut la flamme | Nettali.com","robots":{"index":"index","follow":"follow","max-snippet":"max-snippet:-1","max-image-preview":"max-image-preview:large","max-video-preview":"max-video-preview:-1"},"canonical":"https:\/\/www.nettali.com\/2025\/04\/06\/defile-4-avril-le-prytanee-militaire-maintient-haut-la-flamme\/","og_locale":"fr_FR","og_type":"article","og_title":"DEFILE 4 AVRIL - Le Prytan\u00e9e militaire maintient haut la flamme","og_description":"NETTALI.COM - Le S\u00e9n\u00e9gal a c\u00e9l\u00e9br\u00e9, le 65e anniversaire de son accession \u00e0 l\u2019ind\u00e9pendance ce vendredi 4 avril 2025. Une f\u00eate marqu\u00e9e par un d\u00e9fil\u00e9 civil et militaire tout en couleurs, qui a encore permis au Prytan\u00e9e militaire de Saint-Louis de montrer tout son savoir-faire. Les enfants de troupe ont \u00e9merveill\u00e9 l\u2019assistance \u00e0 travers leur [&hellip;]","og_url":"https:\/\/www.nettali.com\/2025\/04\/06\/defile-4-avril-le-prytanee-militaire-maintient-haut-la-flamme\/","og_site_name":"Nettali.com","article_publisher":"https:\/\/www.facebook.com\/nettalicom","article_published_time":"2025-04-06T21:55:14+00:00","article_modified_time":"2025-04-07T01:47:09+00:00","og_image":[{"width":370,"height":240,"url":"https:\/\/www.nettali.com\/wp-content\/uploads\/2025\/04\/PMS.jpg","type":"image\/jpeg"}],"twitter_card":"summary_large_image","twitter_misc":{"\u00c9crit par":"Fatou","Dur\u00e9e de lecture estim\u00e9e":"3 minutes"},"schema":{"@context":"https:\/\/schema.org","@graph":[{"@type":"WebSite","@id":"https:\/\/www.nettali.com\/#website","url":"https:\/\/www.nettali.com\/","name":"Nettali.com","description":"Le rendez-vous critique du Net","potentialAction":[{"@type":"SearchAction","target":{"@type":"EntryPoint","urlTemplate":"https:\/\/www.nettali.com\/?s={search_term_string}"},"query-input":"required name=search_term_string"}],"inLanguage":"fr-FR"},{"@type":"ImageObject","@id":"https:\/\/www.nettali.com\/2025\/04\/06\/defile-4-avril-le-prytanee-militaire-maintient-haut-la-flamme\/#primaryimage","inLanguage":"fr-FR","url":"https:\/\/www.nettali.com\/wp-content\/uploads\/2025\/04\/PMS.jpg","contentUrl":"https:\/\/www.nettali.com\/wp-content\/uploads\/2025\/04\/PMS.jpg","width":370,"height":240},{"@type":"WebPage","@id":"https:\/\/www.nettali.com\/2025\/04\/06\/defile-4-avril-le-prytanee-militaire-maintient-haut-la-flamme\/#webpage","url":"https:\/\/www.nettali.com\/2025\/04\/06\/defile-4-avril-le-prytanee-militaire-maintient-haut-la-flamme\/","name":"DEFILE 4 AVRIL - Le Prytan\u00e9e militaire maintient haut la flamme | Nettali.com","isPartOf":{"@id":"https:\/\/www.nettali.com\/#website"},"primaryImageOfPage":{"@id":"https:\/\/www.nettali.com\/2025\/04\/06\/defile-4-avril-le-prytanee-militaire-maintient-haut-la-flamme\/#primaryimage"},"datePublished":"2025-04-06T21:55:14+00:00","dateModified":"2025-04-07T01:47:09+00:00","author":{"@id":"https:\/\/www.nettali.com\/#\/schema\/person\/418274a86bdf87caff7a3ef476bd0bbf"},"breadcrumb":{"@id":"https:\/\/www.nettali.com\/2025\/04\/06\/defile-4-avril-le-prytanee-militaire-maintient-haut-la-flamme\/#breadcrumb"},"inLanguage":"fr-FR","potentialAction":[{"@type":"ReadAction","target":["https:\/\/www.nettali.com\/2025\/04\/06\/defile-4-avril-le-prytanee-militaire-maintient-haut-la-flamme\/"]}]},{"@type":"BreadcrumbList","@id":"https:\/\/www.nettali.com\/2025\/04\/06\/defile-4-avril-le-prytanee-militaire-maintient-haut-la-flamme\/#breadcrumb","itemListElement":[{"@type":"ListItem","position":1,"name":"Accueil","item":"https:\/\/www.nettali.com\/"},{"@type":"ListItem","position":2,"name":"DEFILE 4 AVRIL - Le Prytan\u00e9e militaire maintient haut la flamme"}]},{"@type":"Person","@id":"https:\/\/www.nettali.com\/#\/schema\/person\/418274a86bdf87caff7a3ef476bd0bbf","name":"Fatou","image":{"@type":"ImageObject","@id":"https:\/\/www.nettali.com\/#personlogo","inLanguage":"fr-FR","url":"https:\/\/secure.gravatar.com\/avatar\/5a9442a2bee7b4dcf167cab035858e9a?s=96&d=mm&r=g","contentUrl":"https:\/\/secure.gravatar.com\/avatar\/5a9442a2bee7b4dcf167cab035858e9a?s=96&d=mm&r=g","caption":"Fatou"},"sameAs":["https:\/\/www.nettali.com"]}]}},"_links":{"self":[{"href":"https:\/\/www.nettali.com\/rest\/wp\/v2\/posts\/151883"}],"collection":[{"href":"https:\/\/www.nettali.com\/rest\/wp\/v2\/posts"}],"about":[{"href":"https:\/\/www.nettali.com\/rest\/wp\/v2\/types\/post"}],"author":[{"embeddable":true,"href":"https:\/\/www.nettali.com\/rest\/wp\/v2\/users\/6"}],"replies":[{"embeddable":true,"href":"https:\/\/www.nettali.com\/rest\/wp\/v2\/comments?post=151883"}],"version-history":[{"count":5,"href":"https:\/\/www.nettali.com\/rest\/wp\/v2\/posts\/151883\/revisions"}],"predecessor-version":[{"id":151931,"href":"https:\/\/www.nettali.com\/rest\/wp\/v2\/posts\/151883\/revisions\/151931"}],"wp:featuredmedia":[{"embeddable":true,"href":"https:\/\/www.nettali.com\/rest\/wp\/v2\/media\/151884"}],"wp:attachment":[{"href":"https:\/\/www.nettali.com\/rest\/wp\/v2\/media?parent=151883"}],"wp:term":[{"taxonomy":"category","embeddable":true,"href":"https:\/\/www.nettali.com\/rest\/wp\/v2\/categories?post=151883"},{"taxonomy":"post_tag","embeddable":true,"href":"https:\/\/www.nettali.com\/rest\/wp\/v2\/tags?post=151883"}],"curies":[{"name":"wp","href":"https:\/\/api.w.org\/{rel}","templated":true}]}}