{"id":151817,"date":"2025-04-05T06:59:38","date_gmt":"2025-04-05T06:59:38","guid":{"rendered":"https:\/\/www.nettali.com\/?p=151817"},"modified":"2025-04-05T06:59:38","modified_gmt":"2025-04-05T06:59:38","slug":"mondial-beach-soccer-le-senegal-dans-le-groupe-c-avec-lespagne","status":"publish","type":"post","link":"https:\/\/www.nettali.com\/2025\/04\/05\/mondial-beach-soccer-le-senegal-dans-le-groupe-c-avec-lespagne\/","title":{"rendered":"MONDIAL BEACH SOCCER - Le Se\u0301ne\u0301gal dans le groupe C avec l'Espagne"},"content":{"rendered":"<p><strong>NETTALI.COM - Le S\u00e9n\u00e9gal conna\u00eet d\u00e9sormais ses adversaires pour la prochaine Coupe du Monde de Beach Soccer, pr\u00e9vue du 1er au 11 mai 2025 aux Seychelles. Les Lions de la T\u00e9ranga affronteront l\u2019Espagne, le Chili et Tahiti dans un groupe C relev\u00e9.<\/strong><\/p>\n<p>Un nouveau d\u00e9fi de taille attend les hommes de Oumar Ngalla Sylla qui avaient r\u00e9alis\u00e9 un v\u00e9ritable exploit lors de la derni\u00e8re \u00e9dition en \u00e9liminant notamment le Br\u00e9sil, quintuple champion du monde, en quarts de finale. Une performance historique puisque le S\u00e9n\u00e9gal franchissait enfin ce cap apr\u00e8s quatre \u00e9checs en sept participations.<\/p>\n<p>Fort de son statut de champion d\u2019Afrique, le S\u00e9n\u00e9gal esp\u00e8re d\u00e9sormais \u00e9crire une nouvelle page de son histoire en allant encore plus loin. Apr\u00e8s avoir domin\u00e9 le continent, l\u2019heure est venue de conqu\u00e9rir le monde.<\/p>\n<div class='share-to-whatsapp-wrapper'><div class='share-on-whsp'>PARTAGER SUR : <\/div><a data-text='MONDIAL BEACH SOCCER - Le Se\u0301ne\u0301gal dans le groupe C avec l'Espagne' data-link='https:\/\/www.nettali.com\/2025\/04\/05\/mondial-beach-soccer-le-senegal-dans-le-groupe-c-avec-lespagne\/' class='whatsapp-button whatsapp-share'>WhatsApp<\/a><div class='clear '><\/div><\/div>","protected":false},"excerpt":{"rendered":"<p>NETTALI.COM - Le S\u00e9n\u00e9gal conna\u00eet d\u00e9sormais ses adversaires pour la prochaine Coupe du Monde de Beach Soccer, pr\u00e9vue du 1er au 11 mai 2025 aux Seychelles. Les Lions de la T\u00e9ranga affronteront l\u2019Espagne, le Chili et Tahiti dans un groupe C relev\u00e9. Un nouveau d\u00e9fi de taille attend les hommes de Oumar Ngalla Sylla qui [&hellip;]<\/p>\n","protected":false},"author":5,"featured_media":151818,"comment_status":"open","ping_status":"open","sticky":false,"template":"","format":"standard","meta":{"_et_pb_use_builder":"","_et_pb_old_content":""},"categories":[6],"tags":[],"yoast_head":"<!-- This site is optimized with the Yoast SEO Premium plugin v17.8 (Yoast SEO v17.8) - https:\/\/yoast.com\/wordpress\/plugins\/seo\/ -->\n<title>MONDIAL BEACH SOCCER - Le Se\u0301ne\u0301gal dans le groupe C avec l&#039;Espagne | Nettali.com<\/title>\n<meta name=\"robots\" content=\"index, follow, max-snippet:-1, max-image-preview:large, max-video-preview:-1\" \/>\n<link rel=\"canonical\" href=\"https:\/\/www.nettali.com\/2025\/04\/05\/mondial-beach-soccer-le-senegal-dans-le-groupe-c-avec-lespagne\/\" \/>\n<meta property=\"og:locale\" content=\"fr_FR\" \/>\n<meta property=\"og:type\" content=\"article\" \/>\n<meta property=\"og:title\" content=\"MONDIAL BEACH SOCCER - Le Se\u0301ne\u0301gal dans le groupe C avec l&#039;Espagne\" \/>\n<meta property=\"og:description\" content=\"NETTALI.COM - Le S\u00e9n\u00e9gal conna\u00eet d\u00e9sormais ses adversaires pour la prochaine Coupe du Monde de Beach Soccer, pr\u00e9vue du 1er au 11 mai 2025 aux Seychelles. Les Lions de la T\u00e9ranga affronteront l\u2019Espagne, le Chili et Tahiti dans un groupe C relev\u00e9. Un nouveau d\u00e9fi de taille attend les hommes de Oumar Ngalla Sylla qui [&hellip;]\" \/>\n<meta property=\"og:url\" content=\"https:\/\/www.nettali.com\/2025\/04\/05\/mondial-beach-soccer-le-senegal-dans-le-groupe-c-avec-lespagne\/\" \/>\n<meta property=\"og:site_name\" content=\"Nettali.com\" \/>\n<meta property=\"article:publisher\" content=\"https:\/\/www.facebook.com\/nettalicom\" \/>\n<meta property=\"article:published_time\" content=\"2025-04-05T06:59:38+00:00\" \/>\n<meta property=\"og:image\" content=\"https:\/\/www.nettali.com\/wp-content\/uploads\/2025\/04\/Screenshot_20250404_202041_Gallery.jpg\" \/>\n\t<meta property=\"og:image:width\" content=\"1080\" \/>\n\t<meta property=\"og:image:height\" content=\"699\" \/>\n<meta name=\"twitter:card\" content=\"summary_large_image\" \/>\n<meta name=\"twitter:label1\" content=\"\u00c9crit par\" \/>\n\t<meta name=\"twitter:data1\" content=\"Ibrahima\" \/>\n\t<meta name=\"twitter:label2\" content=\"Dur\u00e9e de lecture estim\u00e9e\" \/>\n\t<meta name=\"twitter:data2\" content=\"1 minute\" \/>\n<script type=\"application\/ld+json\" class=\"yoast-schema-graph\">{\"@context\":\"https:\/\/schema.org\",\"@graph\":[{\"@type\":\"WebSite\",\"@id\":\"https:\/\/www.nettali.com\/#website\",\"url\":\"https:\/\/www.nettali.com\/\",\"name\":\"Nettali.com\",\"description\":\"Le rendez-vous critique du Net\",\"potentialAction\":[{\"@type\":\"SearchAction\",\"target\":{\"@type\":\"EntryPoint\",\"urlTemplate\":\"https:\/\/www.nettali.com\/?s={search_term_string}\"},\"query-input\":\"required name=search_term_string\"}],\"inLanguage\":\"fr-FR\"},{\"@type\":\"ImageObject\",\"@id\":\"https:\/\/www.nettali.com\/2025\/04\/05\/mondial-beach-soccer-le-senegal-dans-le-groupe-c-avec-lespagne\/#primaryimage\",\"inLanguage\":\"fr-FR\",\"url\":\"https:\/\/www.nettali.com\/wp-content\/uploads\/2025\/04\/Screenshot_20250404_202041_Gallery.jpg\",\"contentUrl\":\"https:\/\/www.nettali.com\/wp-content\/uploads\/2025\/04\/Screenshot_20250404_202041_Gallery.jpg\",\"width\":1080,\"height\":699},{\"@type\":\"WebPage\",\"@id\":\"https:\/\/www.nettali.com\/2025\/04\/05\/mondial-beach-soccer-le-senegal-dans-le-groupe-c-avec-lespagne\/#webpage\",\"url\":\"https:\/\/www.nettali.com\/2025\/04\/05\/mondial-beach-soccer-le-senegal-dans-le-groupe-c-avec-lespagne\/\",\"name\":\"MONDIAL BEACH SOCCER - Le Se\\u0301ne\\u0301gal dans le groupe C avec l'Espagne | Nettali.com\",\"isPartOf\":{\"@id\":\"https:\/\/www.nettali.com\/#website\"},\"primaryImageOfPage\":{\"@id\":\"https:\/\/www.nettali.com\/2025\/04\/05\/mondial-beach-soccer-le-senegal-dans-le-groupe-c-avec-lespagne\/#primaryimage\"},\"datePublished\":\"2025-04-05T06:59:38+00:00\",\"dateModified\":\"2025-04-05T06:59:38+00:00\",\"author\":{\"@id\":\"https:\/\/www.nettali.com\/#\/schema\/person\/bb147657c2986240405a608162b9bb23\"},\"breadcrumb\":{\"@id\":\"https:\/\/www.nettali.com\/2025\/04\/05\/mondial-beach-soccer-le-senegal-dans-le-groupe-c-avec-lespagne\/#breadcrumb\"},\"inLanguage\":\"fr-FR\",\"potentialAction\":[{\"@type\":\"ReadAction\",\"target\":[\"https:\/\/www.nettali.com\/2025\/04\/05\/mondial-beach-soccer-le-senegal-dans-le-groupe-c-avec-lespagne\/\"]}]},{\"@type\":\"BreadcrumbList\",\"@id\":\"https:\/\/www.nettali.com\/2025\/04\/05\/mondial-beach-soccer-le-senegal-dans-le-groupe-c-avec-lespagne\/#breadcrumb\",\"itemListElement\":[{\"@type\":\"ListItem\",\"position\":1,\"name\":\"Accueil\",\"item\":\"https:\/\/www.nettali.com\/\"},{\"@type\":\"ListItem\",\"position\":2,\"name\":\"MONDIAL BEACH SOCCER - Le Se\\u0301ne\\u0301gal dans le groupe C avec l'Espagne\"}]},{\"@type\":\"Person\",\"@id\":\"https:\/\/www.nettali.com\/#\/schema\/person\/bb147657c2986240405a608162b9bb23\",\"name\":\"Ibrahima\",\"image\":{\"@type\":\"ImageObject\",\"@id\":\"https:\/\/www.nettali.com\/#personlogo\",\"inLanguage\":\"fr-FR\",\"url\":\"https:\/\/secure.gravatar.com\/avatar\/26a8a81f09f0dd7624c9d5c36c9ba3a2?s=96&d=mm&r=g\",\"contentUrl\":\"https:\/\/secure.gravatar.com\/avatar\/26a8a81f09f0dd7624c9d5c36c9ba3a2?s=96&d=mm&r=g\",\"caption\":\"Ibrahima\"},\"sameAs\":[\"https:\/\/www.nettali.com\"]}]}<\/script>\n<!-- \/ Yoast SEO Premium plugin. -->","yoast_head_json":{"title":"MONDIAL BEACH SOCCER - Le Se\u0301ne\u0301gal dans le groupe C avec l'Espagne | Nettali.com","robots":{"index":"index","follow":"follow","max-snippet":"max-snippet:-1","max-image-preview":"max-image-preview:large","max-video-preview":"max-video-preview:-1"},"canonical":"https:\/\/www.nettali.com\/2025\/04\/05\/mondial-beach-soccer-le-senegal-dans-le-groupe-c-avec-lespagne\/","og_locale":"fr_FR","og_type":"article","og_title":"MONDIAL BEACH SOCCER - Le Se\u0301ne\u0301gal dans le groupe C avec l'Espagne","og_description":"NETTALI.COM - Le S\u00e9n\u00e9gal conna\u00eet d\u00e9sormais ses adversaires pour la prochaine Coupe du Monde de Beach Soccer, pr\u00e9vue du 1er au 11 mai 2025 aux Seychelles. Les Lions de la T\u00e9ranga affronteront l\u2019Espagne, le Chili et Tahiti dans un groupe C relev\u00e9. Un nouveau d\u00e9fi de taille attend les hommes de Oumar Ngalla Sylla qui [&hellip;]","og_url":"https:\/\/www.nettali.com\/2025\/04\/05\/mondial-beach-soccer-le-senegal-dans-le-groupe-c-avec-lespagne\/","og_site_name":"Nettali.com","article_publisher":"https:\/\/www.facebook.com\/nettalicom","article_published_time":"2025-04-05T06:59:38+00:00","og_image":[{"width":1080,"height":699,"url":"https:\/\/www.nettali.com\/wp-content\/uploads\/2025\/04\/Screenshot_20250404_202041_Gallery.jpg","type":"image\/jpeg"}],"twitter_card":"summary_large_image","twitter_misc":{"\u00c9crit par":"Ibrahima","Dur\u00e9e de lecture estim\u00e9e":"1 minute"},"schema":{"@context":"https:\/\/schema.org","@graph":[{"@type":"WebSite","@id":"https:\/\/www.nettali.com\/#website","url":"https:\/\/www.nettali.com\/","name":"Nettali.com","description":"Le rendez-vous critique du Net","potentialAction":[{"@type":"SearchAction","target":{"@type":"EntryPoint","urlTemplate":"https:\/\/www.nettali.com\/?s={search_term_string}"},"query-input":"required name=search_term_string"}],"inLanguage":"fr-FR"},{"@type":"ImageObject","@id":"https:\/\/www.nettali.com\/2025\/04\/05\/mondial-beach-soccer-le-senegal-dans-le-groupe-c-avec-lespagne\/#primaryimage","inLanguage":"fr-FR","url":"https:\/\/www.nettali.com\/wp-content\/uploads\/2025\/04\/Screenshot_20250404_202041_Gallery.jpg","contentUrl":"https:\/\/www.nettali.com\/wp-content\/uploads\/2025\/04\/Screenshot_20250404_202041_Gallery.jpg","width":1080,"height":699},{"@type":"WebPage","@id":"https:\/\/www.nettali.com\/2025\/04\/05\/mondial-beach-soccer-le-senegal-dans-le-groupe-c-avec-lespagne\/#webpage","url":"https:\/\/www.nettali.com\/2025\/04\/05\/mondial-beach-soccer-le-senegal-dans-le-groupe-c-avec-lespagne\/","name":"MONDIAL BEACH SOCCER - Le Se\u0301ne\u0301gal dans le groupe C avec l'Espagne | Nettali.com","isPartOf":{"@id":"https:\/\/www.nettali.com\/#website"},"primaryImageOfPage":{"@id":"https:\/\/www.nettali.com\/2025\/04\/05\/mondial-beach-soccer-le-senegal-dans-le-groupe-c-avec-lespagne\/#primaryimage"},"datePublished":"2025-04-05T06:59:38+00:00","dateModified":"2025-04-05T06:59:38+00:00","author":{"@id":"https:\/\/www.nettali.com\/#\/schema\/person\/bb147657c2986240405a608162b9bb23"},"breadcrumb":{"@id":"https:\/\/www.nettali.com\/2025\/04\/05\/mondial-beach-soccer-le-senegal-dans-le-groupe-c-avec-lespagne\/#breadcrumb"},"inLanguage":"fr-FR","potentialAction":[{"@type":"ReadAction","target":["https:\/\/www.nettali.com\/2025\/04\/05\/mondial-beach-soccer-le-senegal-dans-le-groupe-c-avec-lespagne\/"]}]},{"@type":"BreadcrumbList","@id":"https:\/\/www.nettali.com\/2025\/04\/05\/mondial-beach-soccer-le-senegal-dans-le-groupe-c-avec-lespagne\/#breadcrumb","itemListElement":[{"@type":"ListItem","position":1,"name":"Accueil","item":"https:\/\/www.nettali.com\/"},{"@type":"ListItem","position":2,"name":"MONDIAL BEACH SOCCER - Le Se\u0301ne\u0301gal dans le groupe C avec l'Espagne"}]},{"@type":"Person","@id":"https:\/\/www.nettali.com\/#\/schema\/person\/bb147657c2986240405a608162b9bb23","name":"Ibrahima","image":{"@type":"ImageObject","@id":"https:\/\/www.nettali.com\/#personlogo","inLanguage":"fr-FR","url":"https:\/\/secure.gravatar.com\/avatar\/26a8a81f09f0dd7624c9d5c36c9ba3a2?s=96&d=mm&r=g","contentUrl":"https:\/\/secure.gravatar.com\/avatar\/26a8a81f09f0dd7624c9d5c36c9ba3a2?s=96&d=mm&r=g","caption":"Ibrahima"},"sameAs":["https:\/\/www.nettali.com"]}]}},"_links":{"self":[{"href":"https:\/\/www.nettali.com\/rest\/wp\/v2\/posts\/151817"}],"collection":[{"href":"https:\/\/www.nettali.com\/rest\/wp\/v2\/posts"}],"about":[{"href":"https:\/\/www.nettali.com\/rest\/wp\/v2\/types\/post"}],"author":[{"embeddable":true,"href":"https:\/\/www.nettali.com\/rest\/wp\/v2\/users\/5"}],"replies":[{"embeddable":true,"href":"https:\/\/www.nettali.com\/rest\/wp\/v2\/comments?post=151817"}],"version-history":[{"count":2,"href":"https:\/\/www.nettali.com\/rest\/wp\/v2\/posts\/151817\/revisions"}],"predecessor-version":[{"id":151836,"href":"https:\/\/www.nettali.com\/rest\/wp\/v2\/posts\/151817\/revisions\/151836"}],"wp:featuredmedia":[{"embeddable":true,"href":"https:\/\/www.nettali.com\/rest\/wp\/v2\/media\/151818"}],"wp:attachment":[{"href":"https:\/\/www.nettali.com\/rest\/wp\/v2\/media?parent=151817"}],"wp:term":[{"taxonomy":"category","embeddable":true,"href":"https:\/\/www.nettali.com\/rest\/wp\/v2\/categories?post=151817"},{"taxonomy":"post_tag","embeddable":true,"href":"https:\/\/www.nettali.com\/rest\/wp\/v2\/tags?post=151817"}],"curies":[{"name":"wp","href":"https:\/\/api.w.org\/{rel}","templated":true}]}}