{"id":151726,"date":"2025-04-03T09:11:02","date_gmt":"2025-04-03T09:11:02","guid":{"rendered":"https:\/\/www.nettali.com\/?p=151726"},"modified":"2025-04-03T09:11:02","modified_gmt":"2025-04-03T09:11:02","slug":"liverpool-la-tendance-se-confirme-pour-salah","status":"publish","type":"post","link":"https:\/\/www.nettali.com\/2025\/04\/03\/liverpool-la-tendance-se-confirme-pour-salah\/","title":{"rendered":"LIVERPOOL - La tendance se confirme pour Salah"},"content":{"rendered":"<p><strong>NETTALI.COM -<\/strong> Comme \u00e9voqu\u00e9 la semaine derni\u00e8re, Mohamed Salah (32 ans, 43 matchs et 32 buts toutes comp\u00e9titions cette saison) devrait finalement prolonger \u00e0 Liverpool.<\/p>\n<p>Ce mercredi, Foot Mercato affirme que l'ailier \u00e9gyptien est d\u00e9sormais tout proche de signer un contrat de deux ann\u00e9es suppl\u00e9mentaires, soit jusqu'en juin 2027. Malgr\u00e9 la confiance des Saoudiens, le \"Pharaon\" est donc bien parti pour poursuivre sa belle aventure sur les bords de la Mersey.<\/p>\n<div class='share-to-whatsapp-wrapper'><div class='share-on-whsp'>PARTAGER SUR : <\/div><a data-text='LIVERPOOL - La tendance se confirme pour Salah' data-link='https:\/\/www.nettali.com\/2025\/04\/03\/liverpool-la-tendance-se-confirme-pour-salah\/' class='whatsapp-button whatsapp-share'>WhatsApp<\/a><div class='clear '><\/div><\/div>","protected":false},"excerpt":{"rendered":"<p>NETTALI.COM - Comme \u00e9voqu\u00e9 la semaine derni\u00e8re, Mohamed Salah (32 ans, 43 matchs et 32 buts toutes comp\u00e9titions cette saison) devrait finalement prolonger \u00e0 Liverpool. Ce mercredi, Foot Mercato affirme que l'ailier \u00e9gyptien est d\u00e9sormais tout proche de signer un contrat de deux ann\u00e9es suppl\u00e9mentaires, soit jusqu'en juin 2027. Malgr\u00e9 la confiance des Saoudiens, le [&hellip;]<\/p>\n","protected":false},"author":2,"featured_media":150871,"comment_status":"open","ping_status":"open","sticky":false,"template":"","format":"standard","meta":{"_et_pb_use_builder":"","_et_pb_old_content":""},"categories":[6],"tags":[],"yoast_head":"<!-- This site is optimized with the Yoast SEO Premium plugin v17.8 (Yoast SEO v17.8) - https:\/\/yoast.com\/wordpress\/plugins\/seo\/ -->\n<title>LIVERPOOL - La tendance se confirme pour Salah | Nettali.com<\/title>\n<meta name=\"robots\" content=\"index, follow, max-snippet:-1, max-image-preview:large, max-video-preview:-1\" \/>\n<link rel=\"canonical\" href=\"https:\/\/www.nettali.com\/2025\/04\/03\/liverpool-la-tendance-se-confirme-pour-salah\/\" \/>\n<meta property=\"og:locale\" content=\"fr_FR\" \/>\n<meta property=\"og:type\" content=\"article\" \/>\n<meta property=\"og:title\" content=\"LIVERPOOL - La tendance se confirme pour Salah\" \/>\n<meta property=\"og:description\" content=\"NETTALI.COM - Comme \u00e9voqu\u00e9 la semaine derni\u00e8re, Mohamed Salah (32 ans, 43 matchs et 32 buts toutes comp\u00e9titions cette saison) devrait finalement prolonger \u00e0 Liverpool. Ce mercredi, Foot Mercato affirme que l&#039;ailier \u00e9gyptien est d\u00e9sormais tout proche de signer un contrat de deux ann\u00e9es suppl\u00e9mentaires, soit jusqu&#039;en juin 2027. Malgr\u00e9 la confiance des Saoudiens, le [&hellip;]\" \/>\n<meta property=\"og:url\" content=\"https:\/\/www.nettali.com\/2025\/04\/03\/liverpool-la-tendance-se-confirme-pour-salah\/\" \/>\n<meta property=\"og:site_name\" content=\"Nettali.com\" \/>\n<meta property=\"article:publisher\" content=\"https:\/\/www.facebook.com\/nettalicom\" \/>\n<meta property=\"article:published_time\" content=\"2025-04-03T09:11:02+00:00\" \/>\n<meta property=\"og:image\" content=\"https:\/\/www.nettali.com\/wp-content\/uploads\/2025\/03\/Liverpool-apres-leur-elimination-de-la-Ligue-des-champions-Mohamed-Salah-et-ses-coequipiers-echouent-a-nouveau-1024x683-1.jpeg\" \/>\n\t<meta property=\"og:image:width\" content=\"1024\" \/>\n\t<meta property=\"og:image:height\" content=\"683\" \/>\n<meta name=\"twitter:card\" content=\"summary_large_image\" \/>\n<meta name=\"twitter:label1\" content=\"\u00c9crit par\" \/>\n\t<meta name=\"twitter:data1\" content=\"CK\" \/>\n<script type=\"application\/ld+json\" class=\"yoast-schema-graph\">{\"@context\":\"https:\/\/schema.org\",\"@graph\":[{\"@type\":\"WebSite\",\"@id\":\"https:\/\/www.nettali.com\/#website\",\"url\":\"https:\/\/www.nettali.com\/\",\"name\":\"Nettali.com\",\"description\":\"Le rendez-vous critique du Net\",\"potentialAction\":[{\"@type\":\"SearchAction\",\"target\":{\"@type\":\"EntryPoint\",\"urlTemplate\":\"https:\/\/www.nettali.com\/?s={search_term_string}\"},\"query-input\":\"required name=search_term_string\"}],\"inLanguage\":\"fr-FR\"},{\"@type\":\"ImageObject\",\"@id\":\"https:\/\/www.nettali.com\/2025\/04\/03\/liverpool-la-tendance-se-confirme-pour-salah\/#primaryimage\",\"inLanguage\":\"fr-FR\",\"url\":\"https:\/\/www.nettali.com\/wp-content\/uploads\/2025\/03\/Liverpool-apres-leur-elimination-de-la-Ligue-des-champions-Mohamed-Salah-et-ses-coequipiers-echouent-a-nouveau-1024x683-1.jpeg\",\"contentUrl\":\"https:\/\/www.nettali.com\/wp-content\/uploads\/2025\/03\/Liverpool-apres-leur-elimination-de-la-Ligue-des-champions-Mohamed-Salah-et-ses-coequipiers-echouent-a-nouveau-1024x683-1.jpeg\",\"width\":1024,\"height\":683},{\"@type\":\"WebPage\",\"@id\":\"https:\/\/www.nettali.com\/2025\/04\/03\/liverpool-la-tendance-se-confirme-pour-salah\/#webpage\",\"url\":\"https:\/\/www.nettali.com\/2025\/04\/03\/liverpool-la-tendance-se-confirme-pour-salah\/\",\"name\":\"LIVERPOOL - La tendance se confirme pour Salah | Nettali.com\",\"isPartOf\":{\"@id\":\"https:\/\/www.nettali.com\/#website\"},\"primaryImageOfPage\":{\"@id\":\"https:\/\/www.nettali.com\/2025\/04\/03\/liverpool-la-tendance-se-confirme-pour-salah\/#primaryimage\"},\"datePublished\":\"2025-04-03T09:11:02+00:00\",\"dateModified\":\"2025-04-03T09:11:02+00:00\",\"author\":{\"@id\":\"https:\/\/www.nettali.com\/#\/schema\/person\/d8ac7b7e27ddad43f1c0d2ef090d7f71\"},\"breadcrumb\":{\"@id\":\"https:\/\/www.nettali.com\/2025\/04\/03\/liverpool-la-tendance-se-confirme-pour-salah\/#breadcrumb\"},\"inLanguage\":\"fr-FR\",\"potentialAction\":[{\"@type\":\"ReadAction\",\"target\":[\"https:\/\/www.nettali.com\/2025\/04\/03\/liverpool-la-tendance-se-confirme-pour-salah\/\"]}]},{\"@type\":\"BreadcrumbList\",\"@id\":\"https:\/\/www.nettali.com\/2025\/04\/03\/liverpool-la-tendance-se-confirme-pour-salah\/#breadcrumb\",\"itemListElement\":[{\"@type\":\"ListItem\",\"position\":1,\"name\":\"Accueil\",\"item\":\"https:\/\/www.nettali.com\/\"},{\"@type\":\"ListItem\",\"position\":2,\"name\":\"LIVERPOOL - La tendance se confirme pour Salah\"}]},{\"@type\":\"Person\",\"@id\":\"https:\/\/www.nettali.com\/#\/schema\/person\/d8ac7b7e27ddad43f1c0d2ef090d7f71\",\"name\":\"CK\",\"image\":{\"@type\":\"ImageObject\",\"@id\":\"https:\/\/www.nettali.com\/#personlogo\",\"inLanguage\":\"fr-FR\",\"url\":\"https:\/\/secure.gravatar.com\/avatar\/1d8d5118b9327d94da7cd4ce7f17fec2?s=96&d=mm&r=g\",\"contentUrl\":\"https:\/\/secure.gravatar.com\/avatar\/1d8d5118b9327d94da7cd4ce7f17fec2?s=96&d=mm&r=g\",\"caption\":\"CK\"},\"sameAs\":[\"https:\/\/www.nettali.com\"]}]}<\/script>\n<!-- \/ Yoast SEO Premium plugin. -->","yoast_head_json":{"title":"LIVERPOOL - La tendance se confirme pour Salah | Nettali.com","robots":{"index":"index","follow":"follow","max-snippet":"max-snippet:-1","max-image-preview":"max-image-preview:large","max-video-preview":"max-video-preview:-1"},"canonical":"https:\/\/www.nettali.com\/2025\/04\/03\/liverpool-la-tendance-se-confirme-pour-salah\/","og_locale":"fr_FR","og_type":"article","og_title":"LIVERPOOL - La tendance se confirme pour Salah","og_description":"NETTALI.COM - Comme \u00e9voqu\u00e9 la semaine derni\u00e8re, Mohamed Salah (32 ans, 43 matchs et 32 buts toutes comp\u00e9titions cette saison) devrait finalement prolonger \u00e0 Liverpool. Ce mercredi, Foot Mercato affirme que l'ailier \u00e9gyptien est d\u00e9sormais tout proche de signer un contrat de deux ann\u00e9es suppl\u00e9mentaires, soit jusqu'en juin 2027. Malgr\u00e9 la confiance des Saoudiens, le [&hellip;]","og_url":"https:\/\/www.nettali.com\/2025\/04\/03\/liverpool-la-tendance-se-confirme-pour-salah\/","og_site_name":"Nettali.com","article_publisher":"https:\/\/www.facebook.com\/nettalicom","article_published_time":"2025-04-03T09:11:02+00:00","og_image":[{"width":1024,"height":683,"url":"https:\/\/www.nettali.com\/wp-content\/uploads\/2025\/03\/Liverpool-apres-leur-elimination-de-la-Ligue-des-champions-Mohamed-Salah-et-ses-coequipiers-echouent-a-nouveau-1024x683-1.jpeg","type":"image\/jpeg"}],"twitter_card":"summary_large_image","twitter_misc":{"\u00c9crit par":"CK"},"schema":{"@context":"https:\/\/schema.org","@graph":[{"@type":"WebSite","@id":"https:\/\/www.nettali.com\/#website","url":"https:\/\/www.nettali.com\/","name":"Nettali.com","description":"Le rendez-vous critique du Net","potentialAction":[{"@type":"SearchAction","target":{"@type":"EntryPoint","urlTemplate":"https:\/\/www.nettali.com\/?s={search_term_string}"},"query-input":"required name=search_term_string"}],"inLanguage":"fr-FR"},{"@type":"ImageObject","@id":"https:\/\/www.nettali.com\/2025\/04\/03\/liverpool-la-tendance-se-confirme-pour-salah\/#primaryimage","inLanguage":"fr-FR","url":"https:\/\/www.nettali.com\/wp-content\/uploads\/2025\/03\/Liverpool-apres-leur-elimination-de-la-Ligue-des-champions-Mohamed-Salah-et-ses-coequipiers-echouent-a-nouveau-1024x683-1.jpeg","contentUrl":"https:\/\/www.nettali.com\/wp-content\/uploads\/2025\/03\/Liverpool-apres-leur-elimination-de-la-Ligue-des-champions-Mohamed-Salah-et-ses-coequipiers-echouent-a-nouveau-1024x683-1.jpeg","width":1024,"height":683},{"@type":"WebPage","@id":"https:\/\/www.nettali.com\/2025\/04\/03\/liverpool-la-tendance-se-confirme-pour-salah\/#webpage","url":"https:\/\/www.nettali.com\/2025\/04\/03\/liverpool-la-tendance-se-confirme-pour-salah\/","name":"LIVERPOOL - La tendance se confirme pour Salah | Nettali.com","isPartOf":{"@id":"https:\/\/www.nettali.com\/#website"},"primaryImageOfPage":{"@id":"https:\/\/www.nettali.com\/2025\/04\/03\/liverpool-la-tendance-se-confirme-pour-salah\/#primaryimage"},"datePublished":"2025-04-03T09:11:02+00:00","dateModified":"2025-04-03T09:11:02+00:00","author":{"@id":"https:\/\/www.nettali.com\/#\/schema\/person\/d8ac7b7e27ddad43f1c0d2ef090d7f71"},"breadcrumb":{"@id":"https:\/\/www.nettali.com\/2025\/04\/03\/liverpool-la-tendance-se-confirme-pour-salah\/#breadcrumb"},"inLanguage":"fr-FR","potentialAction":[{"@type":"ReadAction","target":["https:\/\/www.nettali.com\/2025\/04\/03\/liverpool-la-tendance-se-confirme-pour-salah\/"]}]},{"@type":"BreadcrumbList","@id":"https:\/\/www.nettali.com\/2025\/04\/03\/liverpool-la-tendance-se-confirme-pour-salah\/#breadcrumb","itemListElement":[{"@type":"ListItem","position":1,"name":"Accueil","item":"https:\/\/www.nettali.com\/"},{"@type":"ListItem","position":2,"name":"LIVERPOOL - La tendance se confirme pour Salah"}]},{"@type":"Person","@id":"https:\/\/www.nettali.com\/#\/schema\/person\/d8ac7b7e27ddad43f1c0d2ef090d7f71","name":"CK","image":{"@type":"ImageObject","@id":"https:\/\/www.nettali.com\/#personlogo","inLanguage":"fr-FR","url":"https:\/\/secure.gravatar.com\/avatar\/1d8d5118b9327d94da7cd4ce7f17fec2?s=96&d=mm&r=g","contentUrl":"https:\/\/secure.gravatar.com\/avatar\/1d8d5118b9327d94da7cd4ce7f17fec2?s=96&d=mm&r=g","caption":"CK"},"sameAs":["https:\/\/www.nettali.com"]}]}},"_links":{"self":[{"href":"https:\/\/www.nettali.com\/rest\/wp\/v2\/posts\/151726"}],"collection":[{"href":"https:\/\/www.nettali.com\/rest\/wp\/v2\/posts"}],"about":[{"href":"https:\/\/www.nettali.com\/rest\/wp\/v2\/types\/post"}],"author":[{"embeddable":true,"href":"https:\/\/www.nettali.com\/rest\/wp\/v2\/users\/2"}],"replies":[{"embeddable":true,"href":"https:\/\/www.nettali.com\/rest\/wp\/v2\/comments?post=151726"}],"version-history":[{"count":1,"href":"https:\/\/www.nettali.com\/rest\/wp\/v2\/posts\/151726\/revisions"}],"predecessor-version":[{"id":151727,"href":"https:\/\/www.nettali.com\/rest\/wp\/v2\/posts\/151726\/revisions\/151727"}],"wp:featuredmedia":[{"embeddable":true,"href":"https:\/\/www.nettali.com\/rest\/wp\/v2\/media\/150871"}],"wp:attachment":[{"href":"https:\/\/www.nettali.com\/rest\/wp\/v2\/media?parent=151726"}],"wp:term":[{"taxonomy":"category","embeddable":true,"href":"https:\/\/www.nettali.com\/rest\/wp\/v2\/categories?post=151726"},{"taxonomy":"post_tag","embeddable":true,"href":"https:\/\/www.nettali.com\/rest\/wp\/v2\/tags?post=151726"}],"curies":[{"name":"wp","href":"https:\/\/api.w.org\/{rel}","templated":true}]}}