{"id":151681,"date":"2025-04-02T21:30:01","date_gmt":"2025-04-02T21:30:01","guid":{"rendered":"https:\/\/www.nettali.com\/?p=151681"},"modified":"2025-04-02T23:42:25","modified_gmt":"2025-04-02T23:42:25","slug":"deputee-marie-angelique-selbe-diouf-au-ministre-de-la-justice-allez-prendre-macky-sall-qui-sest-terre-au-maroc","status":"publish","type":"post","link":"https:\/\/www.nettali.com\/2025\/04\/02\/deputee-marie-angelique-selbe-diouf-au-ministre-de-la-justice-allez-prendre-macky-sall-qui-sest-terre-au-maroc\/","title":{"rendered":"DEPUTEE MARIE ANGELIQUE SELBE DIOUF AU MINISTRE DE LA JUSTICE : \"Allez prendre Macky Sall qui s\u2019est terr\u00e9 au Maroc\""},"content":{"rendered":"<p><strong>NETTALI.COM- Lors de son intervention en pl\u00e9ni\u00e8re consacr\u00e9e \u00e0 l\u2019examen du projet de loi portant interpr\u00e9tation de la loi d\u2019amnistie, la d\u00e9put\u00e9e Marie Ang\u00e9lique Selb\u00e9 Diouf a s\u00e9v\u00e8rement critiqu\u00e9 l\u2019opposition avant de demander au ministre de la Justice d\u2019aller cueillir Macky Sall.<\/strong><\/p>\n<p>Les d\u00e9put\u00e9s de l\u2019opposition en ont vraiment eu pour leur grade, lors de l\u2019intervention de la d\u00e9put\u00e9e Marie Ang\u00e9lique Selb\u00e9 Diouf. La parlementaire les a exhort\u00e9s \u00e0 reconna\u00eetre leurs responsabilit\u00e9s pass\u00e9es. \u00ab <em>Capitulez, faites amende honorable parce que vous n\u2019avez pas droit \u00e0 la parole. C\u2019est pourquoi vous \u00eates derri\u00e8re aujourd\u2019hui en \u00e9coutant ceux qui repr\u00e9sentent le peuple vous rappeler vos actes<\/em> \u00bb, a-t-elle lanc\u00e9. Avant d\u2019ajouter\u00a0:\u00ab <em>venez ici et ayez le courage et l\u2019humilit\u00e9 de demander pardon aux S\u00e9n\u00e9galais<\/em> \u00bb.<\/p>\n<p>Poursuivant ses critiques, la d\u00e9put\u00e9e de Pastef reproche l\u2019opposition \u00ab\u00a0d\u2019avoir plong\u00e9 le pays dans une d\u00e9cennie sombre, marqu\u00e9e par l\u2019immunit\u00e9, les tortures et les massacres \u00bb. C\u2019est pourquoi, elle a plaid\u00e9 justice et des sanctions contre l\u2019ex-Pr\u00e9sident Macky Sall. \u00ab <em>Monsieur le Ministre de la Justice, il faut commencer par le commanditaire Macky Sall qui s\u2019est terr\u00e9 au Maroc. Il ne devait m\u00eame pas quitter le pays. Allez le prendre<\/em> \u00bb, a ass\u00e9n\u00e9 Mme Diouf.<\/p>\n<p>En outre, elle a critiqu\u00e9 la position de sa coll\u00e8gue Aissata Tall Sall, ministre de la Justice lors du vote de la loi d\u2019aministie. \u00ab <em>Comment une m\u00e8re, un juriste, avocate, ministre de la Justice peut-elle descendre aussi bas ?<\/em> \u00bb, s\u2019est interrog\u00e9 Marie Ang\u00e9lique Selb\u00e9 Diouf.<\/p>\n<div class='share-to-whatsapp-wrapper'><div class='share-on-whsp'>PARTAGER SUR : <\/div><a data-text='DEPUTEE MARIE ANGELIQUE SELBE DIOUF AU MINISTRE DE LA JUSTICE : \"Allez prendre Macky Sall qui s\u2019est terr\u00e9 au Maroc\"' data-link='https:\/\/www.nettali.com\/2025\/04\/02\/deputee-marie-angelique-selbe-diouf-au-ministre-de-la-justice-allez-prendre-macky-sall-qui-sest-terre-au-maroc\/' class='whatsapp-button whatsapp-share'>WhatsApp<\/a><div class='clear '><\/div><\/div>","protected":false},"excerpt":{"rendered":"<p>NETTALI.COM- Lors de son intervention en pl\u00e9ni\u00e8re consacr\u00e9e \u00e0 l\u2019examen du projet de loi portant interpr\u00e9tation de la loi d\u2019amnistie, la d\u00e9put\u00e9e Marie Ang\u00e9lique Selb\u00e9 Diouf a s\u00e9v\u00e8rement critiqu\u00e9 l\u2019opposition avant de demander au ministre de la Justice d\u2019aller cueillir Macky Sall. Les d\u00e9put\u00e9s de l\u2019opposition en ont vraiment eu pour leur grade, lors de [&hellip;]<\/p>\n","protected":false},"author":6,"featured_media":151694,"comment_status":"open","ping_status":"open","sticky":false,"template":"","format":"standard","meta":{"_et_pb_use_builder":"","_et_pb_old_content":""},"categories":[2],"tags":[],"yoast_head":"<!-- This site is optimized with the Yoast SEO Premium plugin v17.8 (Yoast SEO v17.8) - https:\/\/yoast.com\/wordpress\/plugins\/seo\/ -->\n<title>DEPUTEE MARIE ANGELIQUE SELBE DIOUF AU MINISTRE DE LA JUSTICE : &quot;Allez prendre Macky Sall qui s\u2019est terr\u00e9 au Maroc&quot; | Nettali.com<\/title>\n<meta name=\"robots\" content=\"index, follow, max-snippet:-1, max-image-preview:large, max-video-preview:-1\" \/>\n<link rel=\"canonical\" href=\"https:\/\/www.nettali.com\/2025\/04\/02\/deputee-marie-angelique-selbe-diouf-au-ministre-de-la-justice-allez-prendre-macky-sall-qui-sest-terre-au-maroc\/\" \/>\n<meta property=\"og:locale\" content=\"fr_FR\" \/>\n<meta property=\"og:type\" content=\"article\" \/>\n<meta property=\"og:title\" content=\"DEPUTEE MARIE ANGELIQUE SELBE DIOUF AU MINISTRE DE LA JUSTICE : &quot;Allez prendre Macky Sall qui s\u2019est terr\u00e9 au Maroc&quot;\" \/>\n<meta property=\"og:description\" content=\"NETTALI.COM- Lors de son intervention en pl\u00e9ni\u00e8re consacr\u00e9e \u00e0 l\u2019examen du projet de loi portant interpr\u00e9tation de la loi d\u2019amnistie, la d\u00e9put\u00e9e Marie Ang\u00e9lique Selb\u00e9 Diouf a s\u00e9v\u00e8rement critiqu\u00e9 l\u2019opposition avant de demander au ministre de la Justice d\u2019aller cueillir Macky Sall. Les d\u00e9put\u00e9s de l\u2019opposition en ont vraiment eu pour leur grade, lors de [&hellip;]\" \/>\n<meta property=\"og:url\" content=\"https:\/\/www.nettali.com\/2025\/04\/02\/deputee-marie-angelique-selbe-diouf-au-ministre-de-la-justice-allez-prendre-macky-sall-qui-sest-terre-au-maroc\/\" \/>\n<meta property=\"og:site_name\" content=\"Nettali.com\" \/>\n<meta property=\"article:publisher\" content=\"https:\/\/www.facebook.com\/nettalicom\" \/>\n<meta property=\"article:published_time\" content=\"2025-04-02T21:30:01+00:00\" \/>\n<meta property=\"article:modified_time\" content=\"2025-04-02T23:42:25+00:00\" \/>\n<meta property=\"og:image\" content=\"https:\/\/www.nettali.com\/wp-content\/uploads\/2025\/04\/Capture-de\u0301cran-2025-04-02-a\u0300-22.42.08.png\" \/>\n\t<meta property=\"og:image:width\" content=\"888\" \/>\n\t<meta property=\"og:image:height\" content=\"536\" \/>\n<meta name=\"twitter:card\" content=\"summary_large_image\" \/>\n<meta name=\"twitter:label1\" content=\"\u00c9crit par\" \/>\n\t<meta name=\"twitter:data1\" content=\"Fatou\" \/>\n\t<meta name=\"twitter:label2\" content=\"Dur\u00e9e de lecture estim\u00e9e\" \/>\n\t<meta name=\"twitter:data2\" content=\"2 minutes\" \/>\n<script type=\"application\/ld+json\" class=\"yoast-schema-graph\">{\"@context\":\"https:\/\/schema.org\",\"@graph\":[{\"@type\":\"WebSite\",\"@id\":\"https:\/\/www.nettali.com\/#website\",\"url\":\"https:\/\/www.nettali.com\/\",\"name\":\"Nettali.com\",\"description\":\"Le rendez-vous critique du Net\",\"potentialAction\":[{\"@type\":\"SearchAction\",\"target\":{\"@type\":\"EntryPoint\",\"urlTemplate\":\"https:\/\/www.nettali.com\/?s={search_term_string}\"},\"query-input\":\"required name=search_term_string\"}],\"inLanguage\":\"fr-FR\"},{\"@type\":\"ImageObject\",\"@id\":\"https:\/\/www.nettali.com\/2025\/04\/02\/deputee-marie-angelique-selbe-diouf-au-ministre-de-la-justice-allez-prendre-macky-sall-qui-sest-terre-au-maroc\/#primaryimage\",\"inLanguage\":\"fr-FR\",\"url\":\"https:\/\/www.nettali.com\/wp-content\/uploads\/2025\/04\/Capture-de\\u0301cran-2025-04-02-a\\u0300-22.42.08.png\",\"contentUrl\":\"https:\/\/www.nettali.com\/wp-content\/uploads\/2025\/04\/Capture-de\\u0301cran-2025-04-02-a\\u0300-22.42.08.png\",\"width\":888,\"height\":536},{\"@type\":\"WebPage\",\"@id\":\"https:\/\/www.nettali.com\/2025\/04\/02\/deputee-marie-angelique-selbe-diouf-au-ministre-de-la-justice-allez-prendre-macky-sall-qui-sest-terre-au-maroc\/#webpage\",\"url\":\"https:\/\/www.nettali.com\/2025\/04\/02\/deputee-marie-angelique-selbe-diouf-au-ministre-de-la-justice-allez-prendre-macky-sall-qui-sest-terre-au-maroc\/\",\"name\":\"DEPUTEE MARIE ANGELIQUE SELBE DIOUF AU MINISTRE DE LA JUSTICE : \\\"Allez prendre Macky Sall qui s\\u2019est terr\\u00e9 au Maroc\\\" | Nettali.com\",\"isPartOf\":{\"@id\":\"https:\/\/www.nettali.com\/#website\"},\"primaryImageOfPage\":{\"@id\":\"https:\/\/www.nettali.com\/2025\/04\/02\/deputee-marie-angelique-selbe-diouf-au-ministre-de-la-justice-allez-prendre-macky-sall-qui-sest-terre-au-maroc\/#primaryimage\"},\"datePublished\":\"2025-04-02T21:30:01+00:00\",\"dateModified\":\"2025-04-02T23:42:25+00:00\",\"author\":{\"@id\":\"https:\/\/www.nettali.com\/#\/schema\/person\/418274a86bdf87caff7a3ef476bd0bbf\"},\"breadcrumb\":{\"@id\":\"https:\/\/www.nettali.com\/2025\/04\/02\/deputee-marie-angelique-selbe-diouf-au-ministre-de-la-justice-allez-prendre-macky-sall-qui-sest-terre-au-maroc\/#breadcrumb\"},\"inLanguage\":\"fr-FR\",\"potentialAction\":[{\"@type\":\"ReadAction\",\"target\":[\"https:\/\/www.nettali.com\/2025\/04\/02\/deputee-marie-angelique-selbe-diouf-au-ministre-de-la-justice-allez-prendre-macky-sall-qui-sest-terre-au-maroc\/\"]}]},{\"@type\":\"BreadcrumbList\",\"@id\":\"https:\/\/www.nettali.com\/2025\/04\/02\/deputee-marie-angelique-selbe-diouf-au-ministre-de-la-justice-allez-prendre-macky-sall-qui-sest-terre-au-maroc\/#breadcrumb\",\"itemListElement\":[{\"@type\":\"ListItem\",\"position\":1,\"name\":\"Accueil\",\"item\":\"https:\/\/www.nettali.com\/\"},{\"@type\":\"ListItem\",\"position\":2,\"name\":\"DEPUTEE MARIE ANGELIQUE SELBE DIOUF AU MINISTRE DE LA JUSTICE : \\\"Allez prendre Macky Sall qui s\\u2019est terr\\u00e9 au Maroc\\\"\"}]},{\"@type\":\"Person\",\"@id\":\"https:\/\/www.nettali.com\/#\/schema\/person\/418274a86bdf87caff7a3ef476bd0bbf\",\"name\":\"Fatou\",\"image\":{\"@type\":\"ImageObject\",\"@id\":\"https:\/\/www.nettali.com\/#personlogo\",\"inLanguage\":\"fr-FR\",\"url\":\"https:\/\/secure.gravatar.com\/avatar\/5a9442a2bee7b4dcf167cab035858e9a?s=96&d=mm&r=g\",\"contentUrl\":\"https:\/\/secure.gravatar.com\/avatar\/5a9442a2bee7b4dcf167cab035858e9a?s=96&d=mm&r=g\",\"caption\":\"Fatou\"},\"sameAs\":[\"https:\/\/www.nettali.com\"]}]}<\/script>\n<!-- \/ Yoast SEO Premium plugin. -->","yoast_head_json":{"title":"DEPUTEE MARIE ANGELIQUE SELBE DIOUF AU MINISTRE DE LA JUSTICE : \"Allez prendre Macky Sall qui s\u2019est terr\u00e9 au Maroc\" | Nettali.com","robots":{"index":"index","follow":"follow","max-snippet":"max-snippet:-1","max-image-preview":"max-image-preview:large","max-video-preview":"max-video-preview:-1"},"canonical":"https:\/\/www.nettali.com\/2025\/04\/02\/deputee-marie-angelique-selbe-diouf-au-ministre-de-la-justice-allez-prendre-macky-sall-qui-sest-terre-au-maroc\/","og_locale":"fr_FR","og_type":"article","og_title":"DEPUTEE MARIE ANGELIQUE SELBE DIOUF AU MINISTRE DE LA JUSTICE : \"Allez prendre Macky Sall qui s\u2019est terr\u00e9 au Maroc\"","og_description":"NETTALI.COM- Lors de son intervention en pl\u00e9ni\u00e8re consacr\u00e9e \u00e0 l\u2019examen du projet de loi portant interpr\u00e9tation de la loi d\u2019amnistie, la d\u00e9put\u00e9e Marie Ang\u00e9lique Selb\u00e9 Diouf a s\u00e9v\u00e8rement critiqu\u00e9 l\u2019opposition avant de demander au ministre de la Justice d\u2019aller cueillir Macky Sall. Les d\u00e9put\u00e9s de l\u2019opposition en ont vraiment eu pour leur grade, lors de [&hellip;]","og_url":"https:\/\/www.nettali.com\/2025\/04\/02\/deputee-marie-angelique-selbe-diouf-au-ministre-de-la-justice-allez-prendre-macky-sall-qui-sest-terre-au-maroc\/","og_site_name":"Nettali.com","article_publisher":"https:\/\/www.facebook.com\/nettalicom","article_published_time":"2025-04-02T21:30:01+00:00","article_modified_time":"2025-04-02T23:42:25+00:00","og_image":[{"width":888,"height":536,"url":"https:\/\/www.nettali.com\/wp-content\/uploads\/2025\/04\/Capture-de\u0301cran-2025-04-02-a\u0300-22.42.08.png","type":"image\/png"}],"twitter_card":"summary_large_image","twitter_misc":{"\u00c9crit par":"Fatou","Dur\u00e9e de lecture estim\u00e9e":"2 minutes"},"schema":{"@context":"https:\/\/schema.org","@graph":[{"@type":"WebSite","@id":"https:\/\/www.nettali.com\/#website","url":"https:\/\/www.nettali.com\/","name":"Nettali.com","description":"Le rendez-vous critique du Net","potentialAction":[{"@type":"SearchAction","target":{"@type":"EntryPoint","urlTemplate":"https:\/\/www.nettali.com\/?s={search_term_string}"},"query-input":"required name=search_term_string"}],"inLanguage":"fr-FR"},{"@type":"ImageObject","@id":"https:\/\/www.nettali.com\/2025\/04\/02\/deputee-marie-angelique-selbe-diouf-au-ministre-de-la-justice-allez-prendre-macky-sall-qui-sest-terre-au-maroc\/#primaryimage","inLanguage":"fr-FR","url":"https:\/\/www.nettali.com\/wp-content\/uploads\/2025\/04\/Capture-de\u0301cran-2025-04-02-a\u0300-22.42.08.png","contentUrl":"https:\/\/www.nettali.com\/wp-content\/uploads\/2025\/04\/Capture-de\u0301cran-2025-04-02-a\u0300-22.42.08.png","width":888,"height":536},{"@type":"WebPage","@id":"https:\/\/www.nettali.com\/2025\/04\/02\/deputee-marie-angelique-selbe-diouf-au-ministre-de-la-justice-allez-prendre-macky-sall-qui-sest-terre-au-maroc\/#webpage","url":"https:\/\/www.nettali.com\/2025\/04\/02\/deputee-marie-angelique-selbe-diouf-au-ministre-de-la-justice-allez-prendre-macky-sall-qui-sest-terre-au-maroc\/","name":"DEPUTEE MARIE ANGELIQUE SELBE DIOUF AU MINISTRE DE LA JUSTICE : \"Allez prendre Macky Sall qui s\u2019est terr\u00e9 au Maroc\" | Nettali.com","isPartOf":{"@id":"https:\/\/www.nettali.com\/#website"},"primaryImageOfPage":{"@id":"https:\/\/www.nettali.com\/2025\/04\/02\/deputee-marie-angelique-selbe-diouf-au-ministre-de-la-justice-allez-prendre-macky-sall-qui-sest-terre-au-maroc\/#primaryimage"},"datePublished":"2025-04-02T21:30:01+00:00","dateModified":"2025-04-02T23:42:25+00:00","author":{"@id":"https:\/\/www.nettali.com\/#\/schema\/person\/418274a86bdf87caff7a3ef476bd0bbf"},"breadcrumb":{"@id":"https:\/\/www.nettali.com\/2025\/04\/02\/deputee-marie-angelique-selbe-diouf-au-ministre-de-la-justice-allez-prendre-macky-sall-qui-sest-terre-au-maroc\/#breadcrumb"},"inLanguage":"fr-FR","potentialAction":[{"@type":"ReadAction","target":["https:\/\/www.nettali.com\/2025\/04\/02\/deputee-marie-angelique-selbe-diouf-au-ministre-de-la-justice-allez-prendre-macky-sall-qui-sest-terre-au-maroc\/"]}]},{"@type":"BreadcrumbList","@id":"https:\/\/www.nettali.com\/2025\/04\/02\/deputee-marie-angelique-selbe-diouf-au-ministre-de-la-justice-allez-prendre-macky-sall-qui-sest-terre-au-maroc\/#breadcrumb","itemListElement":[{"@type":"ListItem","position":1,"name":"Accueil","item":"https:\/\/www.nettali.com\/"},{"@type":"ListItem","position":2,"name":"DEPUTEE MARIE ANGELIQUE SELBE DIOUF AU MINISTRE DE LA JUSTICE : \"Allez prendre Macky Sall qui s\u2019est terr\u00e9 au Maroc\""}]},{"@type":"Person","@id":"https:\/\/www.nettali.com\/#\/schema\/person\/418274a86bdf87caff7a3ef476bd0bbf","name":"Fatou","image":{"@type":"ImageObject","@id":"https:\/\/www.nettali.com\/#personlogo","inLanguage":"fr-FR","url":"https:\/\/secure.gravatar.com\/avatar\/5a9442a2bee7b4dcf167cab035858e9a?s=96&d=mm&r=g","contentUrl":"https:\/\/secure.gravatar.com\/avatar\/5a9442a2bee7b4dcf167cab035858e9a?s=96&d=mm&r=g","caption":"Fatou"},"sameAs":["https:\/\/www.nettali.com"]}]}},"_links":{"self":[{"href":"https:\/\/www.nettali.com\/rest\/wp\/v2\/posts\/151681"}],"collection":[{"href":"https:\/\/www.nettali.com\/rest\/wp\/v2\/posts"}],"about":[{"href":"https:\/\/www.nettali.com\/rest\/wp\/v2\/types\/post"}],"author":[{"embeddable":true,"href":"https:\/\/www.nettali.com\/rest\/wp\/v2\/users\/6"}],"replies":[{"embeddable":true,"href":"https:\/\/www.nettali.com\/rest\/wp\/v2\/comments?post=151681"}],"version-history":[{"count":3,"href":"https:\/\/www.nettali.com\/rest\/wp\/v2\/posts\/151681\/revisions"}],"predecessor-version":[{"id":151691,"href":"https:\/\/www.nettali.com\/rest\/wp\/v2\/posts\/151681\/revisions\/151691"}],"wp:featuredmedia":[{"embeddable":true,"href":"https:\/\/www.nettali.com\/rest\/wp\/v2\/media\/151694"}],"wp:attachment":[{"href":"https:\/\/www.nettali.com\/rest\/wp\/v2\/media?parent=151681"}],"wp:term":[{"taxonomy":"category","embeddable":true,"href":"https:\/\/www.nettali.com\/rest\/wp\/v2\/categories?post=151681"},{"taxonomy":"post_tag","embeddable":true,"href":"https:\/\/www.nettali.com\/rest\/wp\/v2\/tags?post=151681"}],"curies":[{"name":"wp","href":"https:\/\/api.w.org\/{rel}","templated":true}]}}