{"id":151671,"date":"2025-04-02T21:05:36","date_gmt":"2025-04-02T21:05:36","guid":{"rendered":"https:\/\/www.nettali.com\/?p=151671"},"modified":"2025-04-02T23:40:10","modified_gmt":"2025-04-02T23:40:10","slug":"thierno-alassane-sall-cest-la-premiere-fois-quune-loi-protege-ouvertement-des-criminels-au-detriment-de-leurs-victimes","status":"publish","type":"post","link":"https:\/\/www.nettali.com\/2025\/04\/02\/thierno-alassane-sall-cest-la-premiere-fois-quune-loi-protege-ouvertement-des-criminels-au-detriment-de-leurs-victimes\/","title":{"rendered":"THIERNO ALASSANE SALL : \"C\u2019est la premi\u00e8re fois qu\u2019une loi prot\u00e8ge ouvertement des criminels au d\u00e9triment de leurs victimes \""},"content":{"rendered":"<p><strong>NETTALI.COM -<\/strong> Lors du d\u00e9bat sur la loi interpr\u00e9tative de l\u2019amnistie, le d\u00e9put\u00e9 Thierno Alassane Sall n\u2019a pas m\u00e2ch\u00e9 ses mots, d\u00e9non\u00e7ant ce qu\u2019il consid\u00e8re comme une manipulation de la majorit\u00e9 et une tentative de manipulation juridique de la part du Pastef. Durant son intervention, il a soulign\u00e9 que sa proposition de loi, d\u00e9pos\u00e9e le 18 f\u00e9vrier 2025, avait suscit\u00e9 des r\u00e9actions en cha\u00eene au sein du Pastef, parfois qualifi\u00e9es de hyst\u00e9riques.<\/p>\n<p>\u00ab <em>On a essay\u00e9 de me d\u00e9nier le droit de d\u00e9poser une telle proposition. Cela a fris\u00e9 le burlesque et le ridicule<\/em> \u00bb, a-t-il affirm\u00e9, faisant r\u00e9f\u00e9rence aux tentatives de minimiser sa proposition. Il a aussi d\u00e9plor\u00e9 les man\u0153uvres d\u2019un d\u00e9put\u00e9 de la majorit\u00e9 qui a pr\u00e9tendu \u00e0 travers les ondes de RFM, que deux propositions de loi avaient \u00e9t\u00e9 d\u00e9pos\u00e9es avant la sienne. \u00ab <em>Ce genre de manipulations grossi\u00e8res n\u2019a pas convaincu l\u2019opinion publique<\/em> \u00bb, a-t-il ajout\u00e9.<\/p>\n<p>Pour Thierno Alassane Sall, le r\u00e9gime actuel a opt\u00e9 pour une ruse juridique visant \u00e0 adapter la loi d\u2019amnistie \u00e0 sa convenance. Il a critiqu\u00e9 le rejet de sa proposition par la majorit\u00e9, qu\u2019il jugeait fond\u00e9 sur un pr\u00e9texte fallacieux d\u2019aggravation des charges financi\u00e8res et a d\u00e9nonc\u00e9 un coup de force parlementaire. Selon lui, le v\u00e9ritable objectif \u00e9tait de permettre au Pastef de reprendre l\u2019initiative pour modifier la loi d\u2019amnistie.<\/p>\n<p>Loin de se laisser intimider, Thierno Alassane Sall a affirm\u00e9 que la proposition de loi interpr\u00e9tative soumise par la majorit\u00e9, \u00e9tait en r\u00e9alit\u00e9 une modification d\u00e9guis\u00e9e. \u00ab <em>Cette proposition ne vise pas \u00e0 interpr\u00e9ter la loi, mais bien \u00e0 la modifier. Il est \u00e9vident que le Pastef, dans sa pr\u00e9cipitation, cherche \u00e0 masquer la r\u00e9alit\u00e9 objective de ses intentions<\/em> \u00bb, a-t-il soulign\u00e9, faisant r\u00e9f\u00e9rence \u00e0 la tentative rat\u00e9e du Pastef de proposer une premi\u00e8re version rapidement rejet\u00e9e.<\/p>\n<p>Plus largement, le d\u00e9put\u00e9 a d\u00e9nonc\u00e9 ce qu\u2019il a qualifi\u00e9 de \u00ab <em>monstruosit\u00e9 juridique<\/em> \u00bb et d\u2019 \u00ab <em>\u00a0morale<\/em> \u00bb. Selon lui, cette loi ne prot\u00e8ge pas les victimes, mais \u00ab <em>ouvertement des criminels<\/em> \u00bb, en op\u00e9rant un tour de passe-passe juridique qui met les droits des criminels au-dessus de ceux des victimes. Il a \u00e9galement fustig\u00e9 l\u2019absence de concertation avec les organisations de la soci\u00e9t\u00e9 civile, qui avaient plaid\u00e9 pour une discussion plus large sur la question.<\/p>\n<p>Enfin, il a rappel\u00e9 que des universitaires avaient d\u00e9j\u00e0 exprim\u00e9 leur d\u00e9saveu de l\u2019amnistie, affirmant qu\u2019aucune disposition ne s\u2019opposait \u00e0 une abrogation de la loi apr\u00e8s l\u2019\u00e9lection pr\u00e9sidentielle. En rejetant ces propositions, Sall estime que le gouvernement et le Pastef se sont mis dans une posture qui exclut toute alternative juste et \u00e9quilibr\u00e9e pour le pays.<\/p>\n<div class='share-to-whatsapp-wrapper'><div class='share-on-whsp'>PARTAGER SUR : <\/div><a data-text='THIERNO ALASSANE SALL : \"C\u2019est la premi\u00e8re fois qu\u2019une loi prot\u00e8ge ouvertement des criminels au d\u00e9triment de leurs victimes \"' data-link='https:\/\/www.nettali.com\/2025\/04\/02\/thierno-alassane-sall-cest-la-premiere-fois-quune-loi-protege-ouvertement-des-criminels-au-detriment-de-leurs-victimes\/' class='whatsapp-button whatsapp-share'>WhatsApp<\/a><div class='clear '><\/div><\/div>","protected":false},"excerpt":{"rendered":"<p>NETTALI.COM - Lors du d\u00e9bat sur la loi interpr\u00e9tative de l\u2019amnistie, le d\u00e9put\u00e9 Thierno Alassane Sall n\u2019a pas m\u00e2ch\u00e9 ses mots, d\u00e9non\u00e7ant ce qu\u2019il consid\u00e8re comme une manipulation de la majorit\u00e9 et une tentative de manipulation juridique de la part du Pastef. Durant son intervention, il a soulign\u00e9 que sa proposition de loi, d\u00e9pos\u00e9e le [&hellip;]<\/p>\n","protected":false},"author":2,"featured_media":151672,"comment_status":"open","ping_status":"open","sticky":false,"template":"","format":"standard","meta":{"_et_pb_use_builder":"","_et_pb_old_content":""},"categories":[2],"tags":[],"yoast_head":"<!-- This site is optimized with the Yoast SEO Premium plugin v17.8 (Yoast SEO v17.8) - https:\/\/yoast.com\/wordpress\/plugins\/seo\/ -->\n<title>THIERNO ALASSANE SALL : &quot;C\u2019est la premi\u00e8re fois qu\u2019une loi prot\u00e8ge ouvertement des criminels au d\u00e9triment de leurs victimes &quot; | Nettali.com<\/title>\n<meta name=\"robots\" content=\"index, follow, max-snippet:-1, max-image-preview:large, max-video-preview:-1\" \/>\n<link rel=\"canonical\" href=\"https:\/\/www.nettali.com\/2025\/04\/02\/thierno-alassane-sall-cest-la-premiere-fois-quune-loi-protege-ouvertement-des-criminels-au-detriment-de-leurs-victimes\/\" \/>\n<meta property=\"og:locale\" content=\"fr_FR\" \/>\n<meta property=\"og:type\" content=\"article\" \/>\n<meta property=\"og:title\" content=\"THIERNO ALASSANE SALL : &quot;C\u2019est la premi\u00e8re fois qu\u2019une loi prot\u00e8ge ouvertement des criminels au d\u00e9triment de leurs victimes &quot;\" \/>\n<meta property=\"og:description\" content=\"NETTALI.COM - Lors du d\u00e9bat sur la loi interpr\u00e9tative de l\u2019amnistie, le d\u00e9put\u00e9 Thierno Alassane Sall n\u2019a pas m\u00e2ch\u00e9 ses mots, d\u00e9non\u00e7ant ce qu\u2019il consid\u00e8re comme une manipulation de la majorit\u00e9 et une tentative de manipulation juridique de la part du Pastef. Durant son intervention, il a soulign\u00e9 que sa proposition de loi, d\u00e9pos\u00e9e le [&hellip;]\" \/>\n<meta property=\"og:url\" content=\"https:\/\/www.nettali.com\/2025\/04\/02\/thierno-alassane-sall-cest-la-premiere-fois-quune-loi-protege-ouvertement-des-criminels-au-detriment-de-leurs-victimes\/\" \/>\n<meta property=\"og:site_name\" content=\"Nettali.com\" \/>\n<meta property=\"article:publisher\" content=\"https:\/\/www.facebook.com\/nettalicom\" \/>\n<meta property=\"article:published_time\" content=\"2025-04-02T21:05:36+00:00\" \/>\n<meta property=\"article:modified_time\" content=\"2025-04-02T23:40:10+00:00\" \/>\n<meta property=\"og:image\" content=\"https:\/\/www.nettali.com\/wp-content\/uploads\/2025\/04\/FB_IMG_1739826263273.jpg\" \/>\n\t<meta property=\"og:image:width\" content=\"720\" \/>\n\t<meta property=\"og:image:height\" content=\"405\" \/>\n<meta name=\"twitter:card\" content=\"summary_large_image\" \/>\n<meta name=\"twitter:label1\" content=\"\u00c9crit par\" \/>\n\t<meta name=\"twitter:data1\" content=\"CK\" \/>\n\t<meta name=\"twitter:label2\" content=\"Dur\u00e9e de lecture estim\u00e9e\" \/>\n\t<meta name=\"twitter:data2\" content=\"3 minutes\" \/>\n<script type=\"application\/ld+json\" class=\"yoast-schema-graph\">{\"@context\":\"https:\/\/schema.org\",\"@graph\":[{\"@type\":\"WebSite\",\"@id\":\"https:\/\/www.nettali.com\/#website\",\"url\":\"https:\/\/www.nettali.com\/\",\"name\":\"Nettali.com\",\"description\":\"Le rendez-vous critique du Net\",\"potentialAction\":[{\"@type\":\"SearchAction\",\"target\":{\"@type\":\"EntryPoint\",\"urlTemplate\":\"https:\/\/www.nettali.com\/?s={search_term_string}\"},\"query-input\":\"required name=search_term_string\"}],\"inLanguage\":\"fr-FR\"},{\"@type\":\"ImageObject\",\"@id\":\"https:\/\/www.nettali.com\/2025\/04\/02\/thierno-alassane-sall-cest-la-premiere-fois-quune-loi-protege-ouvertement-des-criminels-au-detriment-de-leurs-victimes\/#primaryimage\",\"inLanguage\":\"fr-FR\",\"url\":\"https:\/\/www.nettali.com\/wp-content\/uploads\/2025\/04\/FB_IMG_1739826263273.jpg\",\"contentUrl\":\"https:\/\/www.nettali.com\/wp-content\/uploads\/2025\/04\/FB_IMG_1739826263273.jpg\",\"width\":720,\"height\":405},{\"@type\":\"WebPage\",\"@id\":\"https:\/\/www.nettali.com\/2025\/04\/02\/thierno-alassane-sall-cest-la-premiere-fois-quune-loi-protege-ouvertement-des-criminels-au-detriment-de-leurs-victimes\/#webpage\",\"url\":\"https:\/\/www.nettali.com\/2025\/04\/02\/thierno-alassane-sall-cest-la-premiere-fois-quune-loi-protege-ouvertement-des-criminels-au-detriment-de-leurs-victimes\/\",\"name\":\"THIERNO ALASSANE SALL : \\\"C\\u2019est la premi\\u00e8re fois qu\\u2019une loi prot\\u00e8ge ouvertement des criminels au d\\u00e9triment de leurs victimes \\\" | Nettali.com\",\"isPartOf\":{\"@id\":\"https:\/\/www.nettali.com\/#website\"},\"primaryImageOfPage\":{\"@id\":\"https:\/\/www.nettali.com\/2025\/04\/02\/thierno-alassane-sall-cest-la-premiere-fois-quune-loi-protege-ouvertement-des-criminels-au-detriment-de-leurs-victimes\/#primaryimage\"},\"datePublished\":\"2025-04-02T21:05:36+00:00\",\"dateModified\":\"2025-04-02T23:40:10+00:00\",\"author\":{\"@id\":\"https:\/\/www.nettali.com\/#\/schema\/person\/d8ac7b7e27ddad43f1c0d2ef090d7f71\"},\"breadcrumb\":{\"@id\":\"https:\/\/www.nettali.com\/2025\/04\/02\/thierno-alassane-sall-cest-la-premiere-fois-quune-loi-protege-ouvertement-des-criminels-au-detriment-de-leurs-victimes\/#breadcrumb\"},\"inLanguage\":\"fr-FR\",\"potentialAction\":[{\"@type\":\"ReadAction\",\"target\":[\"https:\/\/www.nettali.com\/2025\/04\/02\/thierno-alassane-sall-cest-la-premiere-fois-quune-loi-protege-ouvertement-des-criminels-au-detriment-de-leurs-victimes\/\"]}]},{\"@type\":\"BreadcrumbList\",\"@id\":\"https:\/\/www.nettali.com\/2025\/04\/02\/thierno-alassane-sall-cest-la-premiere-fois-quune-loi-protege-ouvertement-des-criminels-au-detriment-de-leurs-victimes\/#breadcrumb\",\"itemListElement\":[{\"@type\":\"ListItem\",\"position\":1,\"name\":\"Accueil\",\"item\":\"https:\/\/www.nettali.com\/\"},{\"@type\":\"ListItem\",\"position\":2,\"name\":\"THIERNO ALASSANE SALL : \\\"C\\u2019est la premi\\u00e8re fois qu\\u2019une loi prot\\u00e8ge ouvertement des criminels au d\\u00e9triment de leurs victimes \\\"\"}]},{\"@type\":\"Person\",\"@id\":\"https:\/\/www.nettali.com\/#\/schema\/person\/d8ac7b7e27ddad43f1c0d2ef090d7f71\",\"name\":\"CK\",\"image\":{\"@type\":\"ImageObject\",\"@id\":\"https:\/\/www.nettali.com\/#personlogo\",\"inLanguage\":\"fr-FR\",\"url\":\"https:\/\/secure.gravatar.com\/avatar\/1d8d5118b9327d94da7cd4ce7f17fec2?s=96&d=mm&r=g\",\"contentUrl\":\"https:\/\/secure.gravatar.com\/avatar\/1d8d5118b9327d94da7cd4ce7f17fec2?s=96&d=mm&r=g\",\"caption\":\"CK\"},\"sameAs\":[\"https:\/\/www.nettali.com\"]}]}<\/script>\n<!-- \/ Yoast SEO Premium plugin. -->","yoast_head_json":{"title":"THIERNO ALASSANE SALL : \"C\u2019est la premi\u00e8re fois qu\u2019une loi prot\u00e8ge ouvertement des criminels au d\u00e9triment de leurs victimes \" | Nettali.com","robots":{"index":"index","follow":"follow","max-snippet":"max-snippet:-1","max-image-preview":"max-image-preview:large","max-video-preview":"max-video-preview:-1"},"canonical":"https:\/\/www.nettali.com\/2025\/04\/02\/thierno-alassane-sall-cest-la-premiere-fois-quune-loi-protege-ouvertement-des-criminels-au-detriment-de-leurs-victimes\/","og_locale":"fr_FR","og_type":"article","og_title":"THIERNO ALASSANE SALL : \"C\u2019est la premi\u00e8re fois qu\u2019une loi prot\u00e8ge ouvertement des criminels au d\u00e9triment de leurs victimes \"","og_description":"NETTALI.COM - Lors du d\u00e9bat sur la loi interpr\u00e9tative de l\u2019amnistie, le d\u00e9put\u00e9 Thierno Alassane Sall n\u2019a pas m\u00e2ch\u00e9 ses mots, d\u00e9non\u00e7ant ce qu\u2019il consid\u00e8re comme une manipulation de la majorit\u00e9 et une tentative de manipulation juridique de la part du Pastef. Durant son intervention, il a soulign\u00e9 que sa proposition de loi, d\u00e9pos\u00e9e le [&hellip;]","og_url":"https:\/\/www.nettali.com\/2025\/04\/02\/thierno-alassane-sall-cest-la-premiere-fois-quune-loi-protege-ouvertement-des-criminels-au-detriment-de-leurs-victimes\/","og_site_name":"Nettali.com","article_publisher":"https:\/\/www.facebook.com\/nettalicom","article_published_time":"2025-04-02T21:05:36+00:00","article_modified_time":"2025-04-02T23:40:10+00:00","og_image":[{"width":720,"height":405,"url":"https:\/\/www.nettali.com\/wp-content\/uploads\/2025\/04\/FB_IMG_1739826263273.jpg","type":"image\/jpeg"}],"twitter_card":"summary_large_image","twitter_misc":{"\u00c9crit par":"CK","Dur\u00e9e de lecture estim\u00e9e":"3 minutes"},"schema":{"@context":"https:\/\/schema.org","@graph":[{"@type":"WebSite","@id":"https:\/\/www.nettali.com\/#website","url":"https:\/\/www.nettali.com\/","name":"Nettali.com","description":"Le rendez-vous critique du Net","potentialAction":[{"@type":"SearchAction","target":{"@type":"EntryPoint","urlTemplate":"https:\/\/www.nettali.com\/?s={search_term_string}"},"query-input":"required name=search_term_string"}],"inLanguage":"fr-FR"},{"@type":"ImageObject","@id":"https:\/\/www.nettali.com\/2025\/04\/02\/thierno-alassane-sall-cest-la-premiere-fois-quune-loi-protege-ouvertement-des-criminels-au-detriment-de-leurs-victimes\/#primaryimage","inLanguage":"fr-FR","url":"https:\/\/www.nettali.com\/wp-content\/uploads\/2025\/04\/FB_IMG_1739826263273.jpg","contentUrl":"https:\/\/www.nettali.com\/wp-content\/uploads\/2025\/04\/FB_IMG_1739826263273.jpg","width":720,"height":405},{"@type":"WebPage","@id":"https:\/\/www.nettali.com\/2025\/04\/02\/thierno-alassane-sall-cest-la-premiere-fois-quune-loi-protege-ouvertement-des-criminels-au-detriment-de-leurs-victimes\/#webpage","url":"https:\/\/www.nettali.com\/2025\/04\/02\/thierno-alassane-sall-cest-la-premiere-fois-quune-loi-protege-ouvertement-des-criminels-au-detriment-de-leurs-victimes\/","name":"THIERNO ALASSANE SALL : \"C\u2019est la premi\u00e8re fois qu\u2019une loi prot\u00e8ge ouvertement des criminels au d\u00e9triment de leurs victimes \" | Nettali.com","isPartOf":{"@id":"https:\/\/www.nettali.com\/#website"},"primaryImageOfPage":{"@id":"https:\/\/www.nettali.com\/2025\/04\/02\/thierno-alassane-sall-cest-la-premiere-fois-quune-loi-protege-ouvertement-des-criminels-au-detriment-de-leurs-victimes\/#primaryimage"},"datePublished":"2025-04-02T21:05:36+00:00","dateModified":"2025-04-02T23:40:10+00:00","author":{"@id":"https:\/\/www.nettali.com\/#\/schema\/person\/d8ac7b7e27ddad43f1c0d2ef090d7f71"},"breadcrumb":{"@id":"https:\/\/www.nettali.com\/2025\/04\/02\/thierno-alassane-sall-cest-la-premiere-fois-quune-loi-protege-ouvertement-des-criminels-au-detriment-de-leurs-victimes\/#breadcrumb"},"inLanguage":"fr-FR","potentialAction":[{"@type":"ReadAction","target":["https:\/\/www.nettali.com\/2025\/04\/02\/thierno-alassane-sall-cest-la-premiere-fois-quune-loi-protege-ouvertement-des-criminels-au-detriment-de-leurs-victimes\/"]}]},{"@type":"BreadcrumbList","@id":"https:\/\/www.nettali.com\/2025\/04\/02\/thierno-alassane-sall-cest-la-premiere-fois-quune-loi-protege-ouvertement-des-criminels-au-detriment-de-leurs-victimes\/#breadcrumb","itemListElement":[{"@type":"ListItem","position":1,"name":"Accueil","item":"https:\/\/www.nettali.com\/"},{"@type":"ListItem","position":2,"name":"THIERNO ALASSANE SALL : \"C\u2019est la premi\u00e8re fois qu\u2019une loi prot\u00e8ge ouvertement des criminels au d\u00e9triment de leurs victimes \""}]},{"@type":"Person","@id":"https:\/\/www.nettali.com\/#\/schema\/person\/d8ac7b7e27ddad43f1c0d2ef090d7f71","name":"CK","image":{"@type":"ImageObject","@id":"https:\/\/www.nettali.com\/#personlogo","inLanguage":"fr-FR","url":"https:\/\/secure.gravatar.com\/avatar\/1d8d5118b9327d94da7cd4ce7f17fec2?s=96&d=mm&r=g","contentUrl":"https:\/\/secure.gravatar.com\/avatar\/1d8d5118b9327d94da7cd4ce7f17fec2?s=96&d=mm&r=g","caption":"CK"},"sameAs":["https:\/\/www.nettali.com"]}]}},"_links":{"self":[{"href":"https:\/\/www.nettali.com\/rest\/wp\/v2\/posts\/151671"}],"collection":[{"href":"https:\/\/www.nettali.com\/rest\/wp\/v2\/posts"}],"about":[{"href":"https:\/\/www.nettali.com\/rest\/wp\/v2\/types\/post"}],"author":[{"embeddable":true,"href":"https:\/\/www.nettali.com\/rest\/wp\/v2\/users\/2"}],"replies":[{"embeddable":true,"href":"https:\/\/www.nettali.com\/rest\/wp\/v2\/comments?post=151671"}],"version-history":[{"count":2,"href":"https:\/\/www.nettali.com\/rest\/wp\/v2\/posts\/151671\/revisions"}],"predecessor-version":[{"id":151679,"href":"https:\/\/www.nettali.com\/rest\/wp\/v2\/posts\/151671\/revisions\/151679"}],"wp:featuredmedia":[{"embeddable":true,"href":"https:\/\/www.nettali.com\/rest\/wp\/v2\/media\/151672"}],"wp:attachment":[{"href":"https:\/\/www.nettali.com\/rest\/wp\/v2\/media?parent=151671"}],"wp:term":[{"taxonomy":"category","embeddable":true,"href":"https:\/\/www.nettali.com\/rest\/wp\/v2\/categories?post=151671"},{"taxonomy":"post_tag","embeddable":true,"href":"https:\/\/www.nettali.com\/rest\/wp\/v2\/tags?post=151671"}],"curies":[{"name":"wp","href":"https:\/\/api.w.org\/{rel}","templated":true}]}}