{"id":151662,"date":"2025-04-02T21:10:32","date_gmt":"2025-04-02T21:10:32","guid":{"rendered":"https:\/\/www.nettali.com\/?p=151662"},"modified":"2025-04-02T23:22:27","modified_gmt":"2025-04-02T23:22:27","slug":"abdou-mbow-repond-a-alioune-ndao-les-commanditaires-sont-dans-votre-gouvernement-en-commencant-par-ousmane-sonko","status":"publish","type":"post","link":"https:\/\/www.nettali.com\/2025\/04\/02\/abdou-mbow-repond-a-alioune-ndao-les-commanditaires-sont-dans-votre-gouvernement-en-commencant-par-ousmane-sonko\/","title":{"rendered":"ABDOU MBOW REPOND A ALIOUNE NDAO : \"Les commanditaires sont dans votre gouvernement, en commen\u00e7ant par Ousmane Sonko\""},"content":{"rendered":"<p><strong>NETTALI.COM - Apr\u00e8s les propos de l\u2019ex-Procureur Alioune Ndao affirmant que la loi vise les commanditaires, notamment le Pr\u00e9sident Macky Sall et des ministres de son gouvernement, Abdou Mbow lui a renvoy\u00e9 la balle. Le d\u00e9put\u00e9 de Takku Wallu affirme que le v\u00e9ritable commanditaire est le Premier ministre Ousmane Sonko et d\u2019autres ministres de l\u2019actuel gouvernement. \u00a0<\/strong><\/p>\n<p>En prenant la parole, l\u2019ex-Procureur Ousmane Ngom a affirm\u00e9 que la loi d\u2019interpr\u00e9tation ne vise pas les forces de l\u2019ordre, mais plut\u00f4t les commanditaires, notamment Macky Sall, les ministres Antoine Diome et Sidiki Kaba. Abdou Mbow n'a pas perdu de temps pour lui apporter la r\u00e9plique.<\/p>\n<p>\u00ab <em>Le premier commanditaire, c\u2019est Ousmane Sonko puisqu'il a appel\u00e9 \u00e0 un mortal combat avant de faire appel \u00e0 l\u2019insurrection... <\/em>\u00bb, a lanc\u00e9 le d\u00e9put\u00e9 \u00ab\u00a0ap\u00e9riste\u00a0\u00bb avant de poursuivre\u00a0: \u00ab\u00a0<em>si cette loi passe aujourd\u2019hui, les membres de votre gouvernement, notamment le ministre de l\u2019Int\u00e9rieur et celui des Forces arm\u00e9es devront r\u00e9pondre de leurs actes d\u00e8s demain <\/em>\u00bb.<\/p>\n<p>Revenant sur la loi d\u2019interpr\u00e9tation, Abdou Mbow a d\u00e9clar\u00e9 que c\u2019est juste une modification de la loi d\u2019amnistie. \u00ab\u00a0<em>La loi interpr\u00e9tative pr\u00e9cise juste les champs d\u2019application du l\u00e9gislateur et ne se pr\u00e9occupe pas des consid\u00e9rations de la loi d\u2019amnistie en tant que telle<\/em> \u00bb, argue-t-il en reprochant \u00e0 ses coll\u00e8gues de la majorit\u00e9 de ne pas \u00eatre transparent dans leur d\u00e9marche. Car, dit-il, \u00ab <em>on peut bien \u00e9crire noir sur blanc que cette loi peut \u00eatre r\u00e9troactive mais, ils ne font pas car ils sont louches<\/em> \u00bb.<\/p>\n<div class='share-to-whatsapp-wrapper'><div class='share-on-whsp'>PARTAGER SUR : <\/div><a data-text='ABDOU MBOW REPOND A ALIOUNE NDAO : \"Les commanditaires sont dans votre gouvernement, en commen\u00e7ant par Ousmane Sonko\"' data-link='https:\/\/www.nettali.com\/2025\/04\/02\/abdou-mbow-repond-a-alioune-ndao-les-commanditaires-sont-dans-votre-gouvernement-en-commencant-par-ousmane-sonko\/' class='whatsapp-button whatsapp-share'>WhatsApp<\/a><div class='clear '><\/div><\/div>","protected":false},"excerpt":{"rendered":"<p>NETTALI.COM - Apr\u00e8s les propos de l\u2019ex-Procureur Alioune Ndao affirmant que la loi vise les commanditaires, notamment le Pr\u00e9sident Macky Sall et des ministres de son gouvernement, Abdou Mbow lui a renvoy\u00e9 la balle. Le d\u00e9put\u00e9 de Takku Wallu affirme que le v\u00e9ritable commanditaire est le Premier ministre Ousmane Sonko et d\u2019autres ministres de l\u2019actuel [&hellip;]<\/p>\n","protected":false},"author":6,"featured_media":19783,"comment_status":"open","ping_status":"open","sticky":false,"template":"","format":"standard","meta":{"_et_pb_use_builder":"","_et_pb_old_content":""},"categories":[2],"tags":[],"yoast_head":"<!-- This site is optimized with the Yoast SEO Premium plugin v17.8 (Yoast SEO v17.8) - https:\/\/yoast.com\/wordpress\/plugins\/seo\/ -->\n<title>ABDOU MBOW REPOND A ALIOUNE NDAO : &quot;Les commanditaires sont dans votre gouvernement, en commen\u00e7ant par Ousmane Sonko&quot; | Nettali.com<\/title>\n<meta name=\"robots\" content=\"index, follow, max-snippet:-1, max-image-preview:large, max-video-preview:-1\" \/>\n<link rel=\"canonical\" href=\"https:\/\/www.nettali.com\/2025\/04\/02\/abdou-mbow-repond-a-alioune-ndao-les-commanditaires-sont-dans-votre-gouvernement-en-commencant-par-ousmane-sonko\/\" \/>\n<meta property=\"og:locale\" content=\"fr_FR\" \/>\n<meta property=\"og:type\" content=\"article\" \/>\n<meta property=\"og:title\" content=\"ABDOU MBOW REPOND A ALIOUNE NDAO : &quot;Les commanditaires sont dans votre gouvernement, en commen\u00e7ant par Ousmane Sonko&quot;\" \/>\n<meta property=\"og:description\" content=\"NETTALI.COM - Apr\u00e8s les propos de l\u2019ex-Procureur Alioune Ndao affirmant que la loi vise les commanditaires, notamment le Pr\u00e9sident Macky Sall et des ministres de son gouvernement, Abdou Mbow lui a renvoy\u00e9 la balle. Le d\u00e9put\u00e9 de Takku Wallu affirme que le v\u00e9ritable commanditaire est le Premier ministre Ousmane Sonko et d\u2019autres ministres de l\u2019actuel [&hellip;]\" \/>\n<meta property=\"og:url\" content=\"https:\/\/www.nettali.com\/2025\/04\/02\/abdou-mbow-repond-a-alioune-ndao-les-commanditaires-sont-dans-votre-gouvernement-en-commencant-par-ousmane-sonko\/\" \/>\n<meta property=\"og:site_name\" content=\"Nettali.com\" \/>\n<meta property=\"article:publisher\" content=\"https:\/\/www.facebook.com\/nettalicom\" \/>\n<meta property=\"article:published_time\" content=\"2025-04-02T21:10:32+00:00\" \/>\n<meta property=\"article:modified_time\" content=\"2025-04-02T23:22:27+00:00\" \/>\n<meta property=\"og:image\" content=\"https:\/\/www.nettali.com\/wp-content\/uploads\/2019\/10\/sonko-abdou-mbow.jpg\" \/>\n\t<meta property=\"og:image:width\" content=\"615\" \/>\n\t<meta property=\"og:image:height\" content=\"344\" \/>\n<meta name=\"twitter:card\" content=\"summary_large_image\" \/>\n<meta name=\"twitter:label1\" content=\"\u00c9crit par\" \/>\n\t<meta name=\"twitter:data1\" content=\"Fatou\" \/>\n\t<meta name=\"twitter:label2\" content=\"Dur\u00e9e de lecture estim\u00e9e\" \/>\n\t<meta name=\"twitter:data2\" content=\"2 minutes\" \/>\n<script type=\"application\/ld+json\" class=\"yoast-schema-graph\">{\"@context\":\"https:\/\/schema.org\",\"@graph\":[{\"@type\":\"WebSite\",\"@id\":\"https:\/\/www.nettali.com\/#website\",\"url\":\"https:\/\/www.nettali.com\/\",\"name\":\"Nettali.com\",\"description\":\"Le rendez-vous critique du Net\",\"potentialAction\":[{\"@type\":\"SearchAction\",\"target\":{\"@type\":\"EntryPoint\",\"urlTemplate\":\"https:\/\/www.nettali.com\/?s={search_term_string}\"},\"query-input\":\"required name=search_term_string\"}],\"inLanguage\":\"fr-FR\"},{\"@type\":\"ImageObject\",\"@id\":\"https:\/\/www.nettali.com\/2025\/04\/02\/abdou-mbow-repond-a-alioune-ndao-les-commanditaires-sont-dans-votre-gouvernement-en-commencant-par-ousmane-sonko\/#primaryimage\",\"inLanguage\":\"fr-FR\",\"url\":\"https:\/\/www.nettali.com\/wp-content\/uploads\/2019\/10\/sonko-abdou-mbow.jpg\",\"contentUrl\":\"https:\/\/www.nettali.com\/wp-content\/uploads\/2019\/10\/sonko-abdou-mbow.jpg\",\"width\":615,\"height\":344},{\"@type\":\"WebPage\",\"@id\":\"https:\/\/www.nettali.com\/2025\/04\/02\/abdou-mbow-repond-a-alioune-ndao-les-commanditaires-sont-dans-votre-gouvernement-en-commencant-par-ousmane-sonko\/#webpage\",\"url\":\"https:\/\/www.nettali.com\/2025\/04\/02\/abdou-mbow-repond-a-alioune-ndao-les-commanditaires-sont-dans-votre-gouvernement-en-commencant-par-ousmane-sonko\/\",\"name\":\"ABDOU MBOW REPOND A ALIOUNE NDAO : \\\"Les commanditaires sont dans votre gouvernement, en commen\\u00e7ant par Ousmane Sonko\\\" | Nettali.com\",\"isPartOf\":{\"@id\":\"https:\/\/www.nettali.com\/#website\"},\"primaryImageOfPage\":{\"@id\":\"https:\/\/www.nettali.com\/2025\/04\/02\/abdou-mbow-repond-a-alioune-ndao-les-commanditaires-sont-dans-votre-gouvernement-en-commencant-par-ousmane-sonko\/#primaryimage\"},\"datePublished\":\"2025-04-02T21:10:32+00:00\",\"dateModified\":\"2025-04-02T23:22:27+00:00\",\"author\":{\"@id\":\"https:\/\/www.nettali.com\/#\/schema\/person\/418274a86bdf87caff7a3ef476bd0bbf\"},\"breadcrumb\":{\"@id\":\"https:\/\/www.nettali.com\/2025\/04\/02\/abdou-mbow-repond-a-alioune-ndao-les-commanditaires-sont-dans-votre-gouvernement-en-commencant-par-ousmane-sonko\/#breadcrumb\"},\"inLanguage\":\"fr-FR\",\"potentialAction\":[{\"@type\":\"ReadAction\",\"target\":[\"https:\/\/www.nettali.com\/2025\/04\/02\/abdou-mbow-repond-a-alioune-ndao-les-commanditaires-sont-dans-votre-gouvernement-en-commencant-par-ousmane-sonko\/\"]}]},{\"@type\":\"BreadcrumbList\",\"@id\":\"https:\/\/www.nettali.com\/2025\/04\/02\/abdou-mbow-repond-a-alioune-ndao-les-commanditaires-sont-dans-votre-gouvernement-en-commencant-par-ousmane-sonko\/#breadcrumb\",\"itemListElement\":[{\"@type\":\"ListItem\",\"position\":1,\"name\":\"Accueil\",\"item\":\"https:\/\/www.nettali.com\/\"},{\"@type\":\"ListItem\",\"position\":2,\"name\":\"ABDOU MBOW REPOND A ALIOUNE NDAO : \\\"Les commanditaires sont dans votre gouvernement, en commen\\u00e7ant par Ousmane Sonko\\\"\"}]},{\"@type\":\"Person\",\"@id\":\"https:\/\/www.nettali.com\/#\/schema\/person\/418274a86bdf87caff7a3ef476bd0bbf\",\"name\":\"Fatou\",\"image\":{\"@type\":\"ImageObject\",\"@id\":\"https:\/\/www.nettali.com\/#personlogo\",\"inLanguage\":\"fr-FR\",\"url\":\"https:\/\/secure.gravatar.com\/avatar\/5a9442a2bee7b4dcf167cab035858e9a?s=96&d=mm&r=g\",\"contentUrl\":\"https:\/\/secure.gravatar.com\/avatar\/5a9442a2bee7b4dcf167cab035858e9a?s=96&d=mm&r=g\",\"caption\":\"Fatou\"},\"sameAs\":[\"https:\/\/www.nettali.com\"]}]}<\/script>\n<!-- \/ Yoast SEO Premium plugin. -->","yoast_head_json":{"title":"ABDOU MBOW REPOND A ALIOUNE NDAO : \"Les commanditaires sont dans votre gouvernement, en commen\u00e7ant par Ousmane Sonko\" | Nettali.com","robots":{"index":"index","follow":"follow","max-snippet":"max-snippet:-1","max-image-preview":"max-image-preview:large","max-video-preview":"max-video-preview:-1"},"canonical":"https:\/\/www.nettali.com\/2025\/04\/02\/abdou-mbow-repond-a-alioune-ndao-les-commanditaires-sont-dans-votre-gouvernement-en-commencant-par-ousmane-sonko\/","og_locale":"fr_FR","og_type":"article","og_title":"ABDOU MBOW REPOND A ALIOUNE NDAO : \"Les commanditaires sont dans votre gouvernement, en commen\u00e7ant par Ousmane Sonko\"","og_description":"NETTALI.COM - Apr\u00e8s les propos de l\u2019ex-Procureur Alioune Ndao affirmant que la loi vise les commanditaires, notamment le Pr\u00e9sident Macky Sall et des ministres de son gouvernement, Abdou Mbow lui a renvoy\u00e9 la balle. Le d\u00e9put\u00e9 de Takku Wallu affirme que le v\u00e9ritable commanditaire est le Premier ministre Ousmane Sonko et d\u2019autres ministres de l\u2019actuel [&hellip;]","og_url":"https:\/\/www.nettali.com\/2025\/04\/02\/abdou-mbow-repond-a-alioune-ndao-les-commanditaires-sont-dans-votre-gouvernement-en-commencant-par-ousmane-sonko\/","og_site_name":"Nettali.com","article_publisher":"https:\/\/www.facebook.com\/nettalicom","article_published_time":"2025-04-02T21:10:32+00:00","article_modified_time":"2025-04-02T23:22:27+00:00","og_image":[{"width":615,"height":344,"url":"https:\/\/www.nettali.com\/wp-content\/uploads\/2019\/10\/sonko-abdou-mbow.jpg","type":"image\/jpeg"}],"twitter_card":"summary_large_image","twitter_misc":{"\u00c9crit par":"Fatou","Dur\u00e9e de lecture estim\u00e9e":"2 minutes"},"schema":{"@context":"https:\/\/schema.org","@graph":[{"@type":"WebSite","@id":"https:\/\/www.nettali.com\/#website","url":"https:\/\/www.nettali.com\/","name":"Nettali.com","description":"Le rendez-vous critique du Net","potentialAction":[{"@type":"SearchAction","target":{"@type":"EntryPoint","urlTemplate":"https:\/\/www.nettali.com\/?s={search_term_string}"},"query-input":"required name=search_term_string"}],"inLanguage":"fr-FR"},{"@type":"ImageObject","@id":"https:\/\/www.nettali.com\/2025\/04\/02\/abdou-mbow-repond-a-alioune-ndao-les-commanditaires-sont-dans-votre-gouvernement-en-commencant-par-ousmane-sonko\/#primaryimage","inLanguage":"fr-FR","url":"https:\/\/www.nettali.com\/wp-content\/uploads\/2019\/10\/sonko-abdou-mbow.jpg","contentUrl":"https:\/\/www.nettali.com\/wp-content\/uploads\/2019\/10\/sonko-abdou-mbow.jpg","width":615,"height":344},{"@type":"WebPage","@id":"https:\/\/www.nettali.com\/2025\/04\/02\/abdou-mbow-repond-a-alioune-ndao-les-commanditaires-sont-dans-votre-gouvernement-en-commencant-par-ousmane-sonko\/#webpage","url":"https:\/\/www.nettali.com\/2025\/04\/02\/abdou-mbow-repond-a-alioune-ndao-les-commanditaires-sont-dans-votre-gouvernement-en-commencant-par-ousmane-sonko\/","name":"ABDOU MBOW REPOND A ALIOUNE NDAO : \"Les commanditaires sont dans votre gouvernement, en commen\u00e7ant par Ousmane Sonko\" | Nettali.com","isPartOf":{"@id":"https:\/\/www.nettali.com\/#website"},"primaryImageOfPage":{"@id":"https:\/\/www.nettali.com\/2025\/04\/02\/abdou-mbow-repond-a-alioune-ndao-les-commanditaires-sont-dans-votre-gouvernement-en-commencant-par-ousmane-sonko\/#primaryimage"},"datePublished":"2025-04-02T21:10:32+00:00","dateModified":"2025-04-02T23:22:27+00:00","author":{"@id":"https:\/\/www.nettali.com\/#\/schema\/person\/418274a86bdf87caff7a3ef476bd0bbf"},"breadcrumb":{"@id":"https:\/\/www.nettali.com\/2025\/04\/02\/abdou-mbow-repond-a-alioune-ndao-les-commanditaires-sont-dans-votre-gouvernement-en-commencant-par-ousmane-sonko\/#breadcrumb"},"inLanguage":"fr-FR","potentialAction":[{"@type":"ReadAction","target":["https:\/\/www.nettali.com\/2025\/04\/02\/abdou-mbow-repond-a-alioune-ndao-les-commanditaires-sont-dans-votre-gouvernement-en-commencant-par-ousmane-sonko\/"]}]},{"@type":"BreadcrumbList","@id":"https:\/\/www.nettali.com\/2025\/04\/02\/abdou-mbow-repond-a-alioune-ndao-les-commanditaires-sont-dans-votre-gouvernement-en-commencant-par-ousmane-sonko\/#breadcrumb","itemListElement":[{"@type":"ListItem","position":1,"name":"Accueil","item":"https:\/\/www.nettali.com\/"},{"@type":"ListItem","position":2,"name":"ABDOU MBOW REPOND A ALIOUNE NDAO : \"Les commanditaires sont dans votre gouvernement, en commen\u00e7ant par Ousmane Sonko\""}]},{"@type":"Person","@id":"https:\/\/www.nettali.com\/#\/schema\/person\/418274a86bdf87caff7a3ef476bd0bbf","name":"Fatou","image":{"@type":"ImageObject","@id":"https:\/\/www.nettali.com\/#personlogo","inLanguage":"fr-FR","url":"https:\/\/secure.gravatar.com\/avatar\/5a9442a2bee7b4dcf167cab035858e9a?s=96&d=mm&r=g","contentUrl":"https:\/\/secure.gravatar.com\/avatar\/5a9442a2bee7b4dcf167cab035858e9a?s=96&d=mm&r=g","caption":"Fatou"},"sameAs":["https:\/\/www.nettali.com"]}]}},"_links":{"self":[{"href":"https:\/\/www.nettali.com\/rest\/wp\/v2\/posts\/151662"}],"collection":[{"href":"https:\/\/www.nettali.com\/rest\/wp\/v2\/posts"}],"about":[{"href":"https:\/\/www.nettali.com\/rest\/wp\/v2\/types\/post"}],"author":[{"embeddable":true,"href":"https:\/\/www.nettali.com\/rest\/wp\/v2\/users\/6"}],"replies":[{"embeddable":true,"href":"https:\/\/www.nettali.com\/rest\/wp\/v2\/comments?post=151662"}],"version-history":[{"count":8,"href":"https:\/\/www.nettali.com\/rest\/wp\/v2\/posts\/151662\/revisions"}],"predecessor-version":[{"id":151698,"href":"https:\/\/www.nettali.com\/rest\/wp\/v2\/posts\/151662\/revisions\/151698"}],"wp:featuredmedia":[{"embeddable":true,"href":"https:\/\/www.nettali.com\/rest\/wp\/v2\/media\/19783"}],"wp:attachment":[{"href":"https:\/\/www.nettali.com\/rest\/wp\/v2\/media?parent=151662"}],"wp:term":[{"taxonomy":"category","embeddable":true,"href":"https:\/\/www.nettali.com\/rest\/wp\/v2\/categories?post=151662"},{"taxonomy":"post_tag","embeddable":true,"href":"https:\/\/www.nettali.com\/rest\/wp\/v2\/tags?post=151662"}],"curies":[{"name":"wp","href":"https:\/\/api.w.org\/{rel}","templated":true}]}}