{"id":151582,"date":"2025-04-01T17:12:07","date_gmt":"2025-04-01T17:12:07","guid":{"rendered":"https:\/\/www.nettali.com\/?p=151582"},"modified":"2025-04-01T17:12:07","modified_gmt":"2025-04-01T17:12:07","slug":"officiel-abdallah-ndour-dit-a-dieu-au-foot","status":"publish","type":"post","link":"https:\/\/www.nettali.com\/2025\/04\/01\/officiel-abdallah-ndour-dit-a-dieu-au-foot\/","title":{"rendered":"OFFICIEL - Abdallah Ndour dit \u00e0 dieu au foot"},"content":{"rendered":"<p><strong>NETTALI.COM - \u00c9norme tuile pour Abdallah Ndour. L'international s\u00e9n\u00e9galais de 31 ans n'est plus un footballeur professionnel. Une fracture de fatigue \u00e0 la mall\u00e9ole, survenue en octobre 2023, a eu raison de ses espoirs de retour au plus haut niveau. Ne pouvant plus exercer en raison de cette blessure persistante, il a d\u00fb mettre fin \u00e0 son contrat avec l\u2019En Avant Guingamp.\u00a0<\/strong><\/p>\n<p>Form\u00e9 \u00e0 \"G\u00e9n\u00e9ration Foot\", Abdallah Ndour range d\u00e9finitivement ses crampons. Victime de probl\u00e8mes physiques \u00e0 r\u00e9p\u00e9tition, le lat\u00e9ral gauche de 31 ans, qui \u00e9voluait \u00e0 Guingamp depuis un an et demi, a \u00e9t\u00e9 d\u00e9clar\u00e9 inapte par l'assurance maladie et a r\u00e9sili\u00e9 son contrat avec le club breton.<\/p>\n<p>Victime d'une fracture de fatigue \u00e0 la mall\u00e9ole en octobre 2023, l'ancien d\u00e9fenseur du FC Metz, du Racing (2014-2020) et du FC Sochaux (2020-2023) n'a jamais r\u00e9ussi \u00e0 revenir \u00e0 100%, malgr\u00e9 cinq matchs disput\u00e9s cette saison avec l'En Avant Guingamp.<\/p>\n<p>L\u2019annonce de la fin de sa carri\u00e8re a \u00e9t\u00e9 un coup dur pour ses co\u00e9quipiers et son entra\u00eeneur Sylvain Ripoll, qui lui a rendu hommage en conf\u00e9rence de presse, saluant son professionnalisme et son \u00e9tat d\u2019esprit exemplaire.<\/p>\n<p>\"<em>\u00c7a a \u00e9t\u00e9 un coup dur pour le groupe parce que c\u2019est quelqu\u2019un de tr\u00e8s appr\u00e9ci\u00e9 au regard de ce qu\u2019il d\u00e9gage et de sa carri\u00e8re. Mais c\u2019est la vie du foot, malheureusement<\/em>\", a d\u00e9clar\u00e9 son coach Sylvain Ripoll.<\/p>\n<p>L\u2019international s\u00e9n\u00e9galais, convoqu\u00e9 une dizaine de fois en s\u00e9lection entre 2021 et 2023, n\u2019a disput\u00e9 qu\u2019un seul match en tant que titulaire, face au Mozambique en 2023 lors des \u00e9liminatoires de la CAN 2024. Ses autres apparitions se sont limit\u00e9es \u00e0 des entr\u00e9es en jeu peu significatives. D\u00e9sormais, une page se tourne pour le d\u00e9fenseur s\u00e9n\u00e9galais Abdallah Ndour.<\/p>\n<div class='share-to-whatsapp-wrapper'><div class='share-on-whsp'>PARTAGER SUR : <\/div><a data-text='OFFICIEL - Abdallah Ndour dit \u00e0 dieu au foot' data-link='https:\/\/www.nettali.com\/2025\/04\/01\/officiel-abdallah-ndour-dit-a-dieu-au-foot\/' class='whatsapp-button whatsapp-share'>WhatsApp<\/a><div class='clear '><\/div><\/div>","protected":false},"excerpt":{"rendered":"<p>NETTALI.COM - \u00c9norme tuile pour Abdallah Ndour. L'international s\u00e9n\u00e9galais de 31 ans n'est plus un footballeur professionnel. Une fracture de fatigue \u00e0 la mall\u00e9ole, survenue en octobre 2023, a eu raison de ses espoirs de retour au plus haut niveau. Ne pouvant plus exercer en raison de cette blessure persistante, il a d\u00fb mettre fin [&hellip;]<\/p>\n","protected":false},"author":5,"featured_media":151584,"comment_status":"open","ping_status":"open","sticky":false,"template":"","format":"standard","meta":{"_et_pb_use_builder":"","_et_pb_old_content":""},"categories":[6],"tags":[],"yoast_head":"<!-- This site is optimized with the Yoast SEO Premium plugin v17.8 (Yoast SEO v17.8) - https:\/\/yoast.com\/wordpress\/plugins\/seo\/ -->\n<title>OFFICIEL - Abdallah Ndour dit \u00e0 dieu au foot | Nettali.com<\/title>\n<meta name=\"robots\" content=\"index, follow, max-snippet:-1, max-image-preview:large, max-video-preview:-1\" \/>\n<link rel=\"canonical\" href=\"https:\/\/www.nettali.com\/2025\/04\/01\/officiel-abdallah-ndour-dit-a-dieu-au-foot\/\" \/>\n<meta property=\"og:locale\" content=\"fr_FR\" \/>\n<meta property=\"og:type\" content=\"article\" \/>\n<meta property=\"og:title\" content=\"OFFICIEL - Abdallah Ndour dit \u00e0 dieu au foot\" \/>\n<meta property=\"og:description\" content=\"NETTALI.COM - \u00c9norme tuile pour Abdallah Ndour. L&#039;international s\u00e9n\u00e9galais de 31 ans n&#039;est plus un footballeur professionnel. Une fracture de fatigue \u00e0 la mall\u00e9ole, survenue en octobre 2023, a eu raison de ses espoirs de retour au plus haut niveau. Ne pouvant plus exercer en raison de cette blessure persistante, il a d\u00fb mettre fin [&hellip;]\" \/>\n<meta property=\"og:url\" content=\"https:\/\/www.nettali.com\/2025\/04\/01\/officiel-abdallah-ndour-dit-a-dieu-au-foot\/\" \/>\n<meta property=\"og:site_name\" content=\"Nettali.com\" \/>\n<meta property=\"article:publisher\" content=\"https:\/\/www.facebook.com\/nettalicom\" \/>\n<meta property=\"article:published_time\" content=\"2025-04-01T17:12:07+00:00\" \/>\n<meta property=\"og:image\" content=\"https:\/\/www.nettali.com\/wp-content\/uploads\/2025\/04\/Ndour.jpeg\" \/>\n\t<meta property=\"og:image:width\" content=\"1024\" \/>\n\t<meta property=\"og:image:height\" content=\"633\" \/>\n<meta name=\"twitter:card\" content=\"summary_large_image\" \/>\n<meta name=\"twitter:label1\" content=\"\u00c9crit par\" \/>\n\t<meta name=\"twitter:data1\" content=\"Ibrahima\" \/>\n\t<meta name=\"twitter:label2\" content=\"Dur\u00e9e de lecture estim\u00e9e\" \/>\n\t<meta name=\"twitter:data2\" content=\"2 minutes\" \/>\n<script type=\"application\/ld+json\" class=\"yoast-schema-graph\">{\"@context\":\"https:\/\/schema.org\",\"@graph\":[{\"@type\":\"WebSite\",\"@id\":\"https:\/\/www.nettali.com\/#website\",\"url\":\"https:\/\/www.nettali.com\/\",\"name\":\"Nettali.com\",\"description\":\"Le rendez-vous critique du Net\",\"potentialAction\":[{\"@type\":\"SearchAction\",\"target\":{\"@type\":\"EntryPoint\",\"urlTemplate\":\"https:\/\/www.nettali.com\/?s={search_term_string}\"},\"query-input\":\"required name=search_term_string\"}],\"inLanguage\":\"fr-FR\"},{\"@type\":\"ImageObject\",\"@id\":\"https:\/\/www.nettali.com\/2025\/04\/01\/officiel-abdallah-ndour-dit-a-dieu-au-foot\/#primaryimage\",\"inLanguage\":\"fr-FR\",\"url\":\"https:\/\/www.nettali.com\/wp-content\/uploads\/2025\/04\/Ndour.jpeg\",\"contentUrl\":\"https:\/\/www.nettali.com\/wp-content\/uploads\/2025\/04\/Ndour.jpeg\",\"width\":1024,\"height\":633},{\"@type\":\"WebPage\",\"@id\":\"https:\/\/www.nettali.com\/2025\/04\/01\/officiel-abdallah-ndour-dit-a-dieu-au-foot\/#webpage\",\"url\":\"https:\/\/www.nettali.com\/2025\/04\/01\/officiel-abdallah-ndour-dit-a-dieu-au-foot\/\",\"name\":\"OFFICIEL - Abdallah Ndour dit \\u00e0 dieu au foot | Nettali.com\",\"isPartOf\":{\"@id\":\"https:\/\/www.nettali.com\/#website\"},\"primaryImageOfPage\":{\"@id\":\"https:\/\/www.nettali.com\/2025\/04\/01\/officiel-abdallah-ndour-dit-a-dieu-au-foot\/#primaryimage\"},\"datePublished\":\"2025-04-01T17:12:07+00:00\",\"dateModified\":\"2025-04-01T17:12:07+00:00\",\"author\":{\"@id\":\"https:\/\/www.nettali.com\/#\/schema\/person\/bb147657c2986240405a608162b9bb23\"},\"breadcrumb\":{\"@id\":\"https:\/\/www.nettali.com\/2025\/04\/01\/officiel-abdallah-ndour-dit-a-dieu-au-foot\/#breadcrumb\"},\"inLanguage\":\"fr-FR\",\"potentialAction\":[{\"@type\":\"ReadAction\",\"target\":[\"https:\/\/www.nettali.com\/2025\/04\/01\/officiel-abdallah-ndour-dit-a-dieu-au-foot\/\"]}]},{\"@type\":\"BreadcrumbList\",\"@id\":\"https:\/\/www.nettali.com\/2025\/04\/01\/officiel-abdallah-ndour-dit-a-dieu-au-foot\/#breadcrumb\",\"itemListElement\":[{\"@type\":\"ListItem\",\"position\":1,\"name\":\"Accueil\",\"item\":\"https:\/\/www.nettali.com\/\"},{\"@type\":\"ListItem\",\"position\":2,\"name\":\"OFFICIEL - Abdallah Ndour dit \\u00e0 dieu au foot\"}]},{\"@type\":\"Person\",\"@id\":\"https:\/\/www.nettali.com\/#\/schema\/person\/bb147657c2986240405a608162b9bb23\",\"name\":\"Ibrahima\",\"image\":{\"@type\":\"ImageObject\",\"@id\":\"https:\/\/www.nettali.com\/#personlogo\",\"inLanguage\":\"fr-FR\",\"url\":\"https:\/\/secure.gravatar.com\/avatar\/26a8a81f09f0dd7624c9d5c36c9ba3a2?s=96&d=mm&r=g\",\"contentUrl\":\"https:\/\/secure.gravatar.com\/avatar\/26a8a81f09f0dd7624c9d5c36c9ba3a2?s=96&d=mm&r=g\",\"caption\":\"Ibrahima\"},\"sameAs\":[\"https:\/\/www.nettali.com\"]}]}<\/script>\n<!-- \/ Yoast SEO Premium plugin. -->","yoast_head_json":{"title":"OFFICIEL - Abdallah Ndour dit \u00e0 dieu au foot | Nettali.com","robots":{"index":"index","follow":"follow","max-snippet":"max-snippet:-1","max-image-preview":"max-image-preview:large","max-video-preview":"max-video-preview:-1"},"canonical":"https:\/\/www.nettali.com\/2025\/04\/01\/officiel-abdallah-ndour-dit-a-dieu-au-foot\/","og_locale":"fr_FR","og_type":"article","og_title":"OFFICIEL - Abdallah Ndour dit \u00e0 dieu au foot","og_description":"NETTALI.COM - \u00c9norme tuile pour Abdallah Ndour. L'international s\u00e9n\u00e9galais de 31 ans n'est plus un footballeur professionnel. Une fracture de fatigue \u00e0 la mall\u00e9ole, survenue en octobre 2023, a eu raison de ses espoirs de retour au plus haut niveau. Ne pouvant plus exercer en raison de cette blessure persistante, il a d\u00fb mettre fin [&hellip;]","og_url":"https:\/\/www.nettali.com\/2025\/04\/01\/officiel-abdallah-ndour-dit-a-dieu-au-foot\/","og_site_name":"Nettali.com","article_publisher":"https:\/\/www.facebook.com\/nettalicom","article_published_time":"2025-04-01T17:12:07+00:00","og_image":[{"width":1024,"height":633,"url":"https:\/\/www.nettali.com\/wp-content\/uploads\/2025\/04\/Ndour.jpeg","type":"image\/jpeg"}],"twitter_card":"summary_large_image","twitter_misc":{"\u00c9crit par":"Ibrahima","Dur\u00e9e de lecture estim\u00e9e":"2 minutes"},"schema":{"@context":"https:\/\/schema.org","@graph":[{"@type":"WebSite","@id":"https:\/\/www.nettali.com\/#website","url":"https:\/\/www.nettali.com\/","name":"Nettali.com","description":"Le rendez-vous critique du Net","potentialAction":[{"@type":"SearchAction","target":{"@type":"EntryPoint","urlTemplate":"https:\/\/www.nettali.com\/?s={search_term_string}"},"query-input":"required name=search_term_string"}],"inLanguage":"fr-FR"},{"@type":"ImageObject","@id":"https:\/\/www.nettali.com\/2025\/04\/01\/officiel-abdallah-ndour-dit-a-dieu-au-foot\/#primaryimage","inLanguage":"fr-FR","url":"https:\/\/www.nettali.com\/wp-content\/uploads\/2025\/04\/Ndour.jpeg","contentUrl":"https:\/\/www.nettali.com\/wp-content\/uploads\/2025\/04\/Ndour.jpeg","width":1024,"height":633},{"@type":"WebPage","@id":"https:\/\/www.nettali.com\/2025\/04\/01\/officiel-abdallah-ndour-dit-a-dieu-au-foot\/#webpage","url":"https:\/\/www.nettali.com\/2025\/04\/01\/officiel-abdallah-ndour-dit-a-dieu-au-foot\/","name":"OFFICIEL - Abdallah Ndour dit \u00e0 dieu au foot | Nettali.com","isPartOf":{"@id":"https:\/\/www.nettali.com\/#website"},"primaryImageOfPage":{"@id":"https:\/\/www.nettali.com\/2025\/04\/01\/officiel-abdallah-ndour-dit-a-dieu-au-foot\/#primaryimage"},"datePublished":"2025-04-01T17:12:07+00:00","dateModified":"2025-04-01T17:12:07+00:00","author":{"@id":"https:\/\/www.nettali.com\/#\/schema\/person\/bb147657c2986240405a608162b9bb23"},"breadcrumb":{"@id":"https:\/\/www.nettali.com\/2025\/04\/01\/officiel-abdallah-ndour-dit-a-dieu-au-foot\/#breadcrumb"},"inLanguage":"fr-FR","potentialAction":[{"@type":"ReadAction","target":["https:\/\/www.nettali.com\/2025\/04\/01\/officiel-abdallah-ndour-dit-a-dieu-au-foot\/"]}]},{"@type":"BreadcrumbList","@id":"https:\/\/www.nettali.com\/2025\/04\/01\/officiel-abdallah-ndour-dit-a-dieu-au-foot\/#breadcrumb","itemListElement":[{"@type":"ListItem","position":1,"name":"Accueil","item":"https:\/\/www.nettali.com\/"},{"@type":"ListItem","position":2,"name":"OFFICIEL - Abdallah Ndour dit \u00e0 dieu au foot"}]},{"@type":"Person","@id":"https:\/\/www.nettali.com\/#\/schema\/person\/bb147657c2986240405a608162b9bb23","name":"Ibrahima","image":{"@type":"ImageObject","@id":"https:\/\/www.nettali.com\/#personlogo","inLanguage":"fr-FR","url":"https:\/\/secure.gravatar.com\/avatar\/26a8a81f09f0dd7624c9d5c36c9ba3a2?s=96&d=mm&r=g","contentUrl":"https:\/\/secure.gravatar.com\/avatar\/26a8a81f09f0dd7624c9d5c36c9ba3a2?s=96&d=mm&r=g","caption":"Ibrahima"},"sameAs":["https:\/\/www.nettali.com"]}]}},"_links":{"self":[{"href":"https:\/\/www.nettali.com\/rest\/wp\/v2\/posts\/151582"}],"collection":[{"href":"https:\/\/www.nettali.com\/rest\/wp\/v2\/posts"}],"about":[{"href":"https:\/\/www.nettali.com\/rest\/wp\/v2\/types\/post"}],"author":[{"embeddable":true,"href":"https:\/\/www.nettali.com\/rest\/wp\/v2\/users\/5"}],"replies":[{"embeddable":true,"href":"https:\/\/www.nettali.com\/rest\/wp\/v2\/comments?post=151582"}],"version-history":[{"count":3,"href":"https:\/\/www.nettali.com\/rest\/wp\/v2\/posts\/151582\/revisions"}],"predecessor-version":[{"id":151587,"href":"https:\/\/www.nettali.com\/rest\/wp\/v2\/posts\/151582\/revisions\/151587"}],"wp:featuredmedia":[{"embeddable":true,"href":"https:\/\/www.nettali.com\/rest\/wp\/v2\/media\/151584"}],"wp:attachment":[{"href":"https:\/\/www.nettali.com\/rest\/wp\/v2\/media?parent=151582"}],"wp:term":[{"taxonomy":"category","embeddable":true,"href":"https:\/\/www.nettali.com\/rest\/wp\/v2\/categories?post=151582"},{"taxonomy":"post_tag","embeddable":true,"href":"https:\/\/www.nettali.com\/rest\/wp\/v2\/tags?post=151582"}],"curies":[{"name":"wp","href":"https:\/\/api.w.org\/{rel}","templated":true}]}}