{"id":151519,"date":"2025-03-30T11:04:49","date_gmt":"2025-03-30T11:04:49","guid":{"rendered":"https:\/\/www.nettali.com\/?p=151519"},"modified":"2025-03-30T15:19:32","modified_gmt":"2025-03-30T15:19:32","slug":"korite-2025-la-coordination-des-musulmans-du-senegal-celebre-la-korite-ce-dimanche","status":"publish","type":"post","link":"https:\/\/www.nettali.com\/2025\/03\/30\/korite-2025-la-coordination-des-musulmans-du-senegal-celebre-la-korite-ce-dimanche\/","title":{"rendered":"KORIT\u00c9 2025 - La Coordination des Musulmans du S\u00e9n\u00e9gal c\u00e9l\u00e8bre la Korit\u00e9, ce dimanche"},"content":{"rendered":"<p><strong>NETTALI.COM - La Coordination des Musulmans du S\u00e9n\u00e9gal (CMS) s'est r\u00e9unie ce samedi \u00e0 son si\u00e8ge. \u00c0 l'issue de cette rencontre, elle a annonc\u00e9 que la lune a \u00e9t\u00e9 aper\u00e7ue au S\u00e9n\u00e9gal, confirmant ainsi la c\u00e9l\u00e9bration de la Korit\u00e9 ce dimanche.<\/strong><\/p>\n<p>Apr\u00e8s avoir recueilli des informations aupr\u00e8s de ses correspondants nationaux et internationaux, la Commission a indiqu\u00e9 que le croissant lunaire a \u00e9t\u00e9 observ\u00e9 dans plusieurs localit\u00e9s du pays, notamment \u00e0 Ngane (Kaolack), Agnam (Fouta), Louga et Foundiougne. L\u2019observation a \u00e9galement \u00e9t\u00e9 confirm\u00e9e dans plusieurs pays musulmans tels que la C\u00f4te d'Ivoire, le Tchad, le Mali, la Guin\u00e9e, le Cameroun, l\u2019\u00c9thiopie, l\u2019Arabie Saoudite et les \u00c9mirats Arabes Unis.<\/p>\n<p>En cons\u00e9quence, la CMS a d\u00e9clar\u00e9 que l\u2019A\u00efd el-Fitr sera c\u00e9l\u00e9br\u00e9 ce dimanche 30 mars 2025, marquant ainsi la fin du mois b\u00e9ni de Ramadan.<\/p>\n<p>Cependant, une autre partie de la communaut\u00e9 musulmane attend toujours la d\u00e9cision de la\u00a0Commission\u00a0nationale de concertation sur le croissant lunaire (CONACOC) avant d\u2019officialiser la date de la c\u00e9l\u00e9bration de l\u2019A\u00efd El-Fitr. La CONACOC se r\u00e9unira ce dimanche soir dans les locaux de la Rts.<\/p>\n<div class='share-to-whatsapp-wrapper'><div class='share-on-whsp'>PARTAGER SUR : <\/div><a data-text='KORIT\u00c9 2025 - La Coordination des Musulmans du S\u00e9n\u00e9gal c\u00e9l\u00e8bre la Korit\u00e9, ce dimanche' data-link='https:\/\/www.nettali.com\/2025\/03\/30\/korite-2025-la-coordination-des-musulmans-du-senegal-celebre-la-korite-ce-dimanche\/' class='whatsapp-button whatsapp-share'>WhatsApp<\/a><div class='clear '><\/div><\/div>","protected":false},"excerpt":{"rendered":"<p>NETTALI.COM - La Coordination des Musulmans du S\u00e9n\u00e9gal (CMS) s'est r\u00e9unie ce samedi \u00e0 son si\u00e8ge. \u00c0 l'issue de cette rencontre, elle a annonc\u00e9 que la lune a \u00e9t\u00e9 aper\u00e7ue au S\u00e9n\u00e9gal, confirmant ainsi la c\u00e9l\u00e9bration de la Korit\u00e9 ce dimanche. Apr\u00e8s avoir recueilli des informations aupr\u00e8s de ses correspondants nationaux et internationaux, la Commission [&hellip;]<\/p>\n","protected":false},"author":5,"featured_media":151503,"comment_status":"open","ping_status":"open","sticky":false,"template":"","format":"standard","meta":{"_et_pb_use_builder":"","_et_pb_old_content":""},"categories":[3],"tags":[],"yoast_head":"<!-- This site is optimized with the Yoast SEO Premium plugin v17.8 (Yoast SEO v17.8) - https:\/\/yoast.com\/wordpress\/plugins\/seo\/ -->\n<title>KORIT\u00c9 2025 - La Coordination des Musulmans du S\u00e9n\u00e9gal c\u00e9l\u00e8bre la Korit\u00e9, ce dimanche | Nettali.com<\/title>\n<meta name=\"robots\" content=\"index, follow, max-snippet:-1, max-image-preview:large, max-video-preview:-1\" \/>\n<link rel=\"canonical\" href=\"https:\/\/www.nettali.com\/2025\/03\/30\/korite-2025-la-coordination-des-musulmans-du-senegal-celebre-la-korite-ce-dimanche\/\" \/>\n<meta property=\"og:locale\" content=\"fr_FR\" \/>\n<meta property=\"og:type\" content=\"article\" \/>\n<meta property=\"og:title\" content=\"KORIT\u00c9 2025 - La Coordination des Musulmans du S\u00e9n\u00e9gal c\u00e9l\u00e8bre la Korit\u00e9, ce dimanche\" \/>\n<meta property=\"og:description\" content=\"NETTALI.COM - La Coordination des Musulmans du S\u00e9n\u00e9gal (CMS) s&#039;est r\u00e9unie ce samedi \u00e0 son si\u00e8ge. \u00c0 l&#039;issue de cette rencontre, elle a annonc\u00e9 que la lune a \u00e9t\u00e9 aper\u00e7ue au S\u00e9n\u00e9gal, confirmant ainsi la c\u00e9l\u00e9bration de la Korit\u00e9 ce dimanche. Apr\u00e8s avoir recueilli des informations aupr\u00e8s de ses correspondants nationaux et internationaux, la Commission [&hellip;]\" \/>\n<meta property=\"og:url\" content=\"https:\/\/www.nettali.com\/2025\/03\/30\/korite-2025-la-coordination-des-musulmans-du-senegal-celebre-la-korite-ce-dimanche\/\" \/>\n<meta property=\"og:site_name\" content=\"Nettali.com\" \/>\n<meta property=\"article:publisher\" content=\"https:\/\/www.facebook.com\/nettalicom\" \/>\n<meta property=\"article:published_time\" content=\"2025-03-30T11:04:49+00:00\" \/>\n<meta property=\"article:modified_time\" content=\"2025-03-30T15:19:32+00:00\" \/>\n<meta property=\"og:image\" content=\"https:\/\/www.nettali.com\/wp-content\/uploads\/2025\/03\/63379587-45700836.jpg\" \/>\n\t<meta property=\"og:image:width\" content=\"806\" \/>\n\t<meta property=\"og:image:height\" content=\"525\" \/>\n<meta name=\"twitter:card\" content=\"summary_large_image\" \/>\n<meta name=\"twitter:label1\" content=\"\u00c9crit par\" \/>\n\t<meta name=\"twitter:data1\" content=\"Ibrahima\" \/>\n\t<meta name=\"twitter:label2\" content=\"Dur\u00e9e de lecture estim\u00e9e\" \/>\n\t<meta name=\"twitter:data2\" content=\"1 minute\" \/>\n<script type=\"application\/ld+json\" class=\"yoast-schema-graph\">{\"@context\":\"https:\/\/schema.org\",\"@graph\":[{\"@type\":\"WebSite\",\"@id\":\"https:\/\/www.nettali.com\/#website\",\"url\":\"https:\/\/www.nettali.com\/\",\"name\":\"Nettali.com\",\"description\":\"Le rendez-vous critique du Net\",\"potentialAction\":[{\"@type\":\"SearchAction\",\"target\":{\"@type\":\"EntryPoint\",\"urlTemplate\":\"https:\/\/www.nettali.com\/?s={search_term_string}\"},\"query-input\":\"required name=search_term_string\"}],\"inLanguage\":\"fr-FR\"},{\"@type\":\"ImageObject\",\"@id\":\"https:\/\/www.nettali.com\/2025\/03\/30\/korite-2025-la-coordination-des-musulmans-du-senegal-celebre-la-korite-ce-dimanche\/#primaryimage\",\"inLanguage\":\"fr-FR\",\"url\":\"https:\/\/www.nettali.com\/wp-content\/uploads\/2025\/03\/63379587-45700836.jpg\",\"contentUrl\":\"https:\/\/www.nettali.com\/wp-content\/uploads\/2025\/03\/63379587-45700836.jpg\",\"width\":806,\"height\":525},{\"@type\":\"WebPage\",\"@id\":\"https:\/\/www.nettali.com\/2025\/03\/30\/korite-2025-la-coordination-des-musulmans-du-senegal-celebre-la-korite-ce-dimanche\/#webpage\",\"url\":\"https:\/\/www.nettali.com\/2025\/03\/30\/korite-2025-la-coordination-des-musulmans-du-senegal-celebre-la-korite-ce-dimanche\/\",\"name\":\"KORIT\\u00c9 2025 - La Coordination des Musulmans du S\\u00e9n\\u00e9gal c\\u00e9l\\u00e8bre la Korit\\u00e9, ce dimanche | Nettali.com\",\"isPartOf\":{\"@id\":\"https:\/\/www.nettali.com\/#website\"},\"primaryImageOfPage\":{\"@id\":\"https:\/\/www.nettali.com\/2025\/03\/30\/korite-2025-la-coordination-des-musulmans-du-senegal-celebre-la-korite-ce-dimanche\/#primaryimage\"},\"datePublished\":\"2025-03-30T11:04:49+00:00\",\"dateModified\":\"2025-03-30T15:19:32+00:00\",\"author\":{\"@id\":\"https:\/\/www.nettali.com\/#\/schema\/person\/bb147657c2986240405a608162b9bb23\"},\"breadcrumb\":{\"@id\":\"https:\/\/www.nettali.com\/2025\/03\/30\/korite-2025-la-coordination-des-musulmans-du-senegal-celebre-la-korite-ce-dimanche\/#breadcrumb\"},\"inLanguage\":\"fr-FR\",\"potentialAction\":[{\"@type\":\"ReadAction\",\"target\":[\"https:\/\/www.nettali.com\/2025\/03\/30\/korite-2025-la-coordination-des-musulmans-du-senegal-celebre-la-korite-ce-dimanche\/\"]}]},{\"@type\":\"BreadcrumbList\",\"@id\":\"https:\/\/www.nettali.com\/2025\/03\/30\/korite-2025-la-coordination-des-musulmans-du-senegal-celebre-la-korite-ce-dimanche\/#breadcrumb\",\"itemListElement\":[{\"@type\":\"ListItem\",\"position\":1,\"name\":\"Accueil\",\"item\":\"https:\/\/www.nettali.com\/\"},{\"@type\":\"ListItem\",\"position\":2,\"name\":\"KORIT\\u00c9 2025 - La Coordination des Musulmans du S\\u00e9n\\u00e9gal c\\u00e9l\\u00e8bre la Korit\\u00e9, ce dimanche\"}]},{\"@type\":\"Person\",\"@id\":\"https:\/\/www.nettali.com\/#\/schema\/person\/bb147657c2986240405a608162b9bb23\",\"name\":\"Ibrahima\",\"image\":{\"@type\":\"ImageObject\",\"@id\":\"https:\/\/www.nettali.com\/#personlogo\",\"inLanguage\":\"fr-FR\",\"url\":\"https:\/\/secure.gravatar.com\/avatar\/26a8a81f09f0dd7624c9d5c36c9ba3a2?s=96&d=mm&r=g\",\"contentUrl\":\"https:\/\/secure.gravatar.com\/avatar\/26a8a81f09f0dd7624c9d5c36c9ba3a2?s=96&d=mm&r=g\",\"caption\":\"Ibrahima\"},\"sameAs\":[\"https:\/\/www.nettali.com\"]}]}<\/script>\n<!-- \/ Yoast SEO Premium plugin. -->","yoast_head_json":{"title":"KORIT\u00c9 2025 - La Coordination des Musulmans du S\u00e9n\u00e9gal c\u00e9l\u00e8bre la Korit\u00e9, ce dimanche | Nettali.com","robots":{"index":"index","follow":"follow","max-snippet":"max-snippet:-1","max-image-preview":"max-image-preview:large","max-video-preview":"max-video-preview:-1"},"canonical":"https:\/\/www.nettali.com\/2025\/03\/30\/korite-2025-la-coordination-des-musulmans-du-senegal-celebre-la-korite-ce-dimanche\/","og_locale":"fr_FR","og_type":"article","og_title":"KORIT\u00c9 2025 - La Coordination des Musulmans du S\u00e9n\u00e9gal c\u00e9l\u00e8bre la Korit\u00e9, ce dimanche","og_description":"NETTALI.COM - La Coordination des Musulmans du S\u00e9n\u00e9gal (CMS) s'est r\u00e9unie ce samedi \u00e0 son si\u00e8ge. \u00c0 l'issue de cette rencontre, elle a annonc\u00e9 que la lune a \u00e9t\u00e9 aper\u00e7ue au S\u00e9n\u00e9gal, confirmant ainsi la c\u00e9l\u00e9bration de la Korit\u00e9 ce dimanche. Apr\u00e8s avoir recueilli des informations aupr\u00e8s de ses correspondants nationaux et internationaux, la Commission [&hellip;]","og_url":"https:\/\/www.nettali.com\/2025\/03\/30\/korite-2025-la-coordination-des-musulmans-du-senegal-celebre-la-korite-ce-dimanche\/","og_site_name":"Nettali.com","article_publisher":"https:\/\/www.facebook.com\/nettalicom","article_published_time":"2025-03-30T11:04:49+00:00","article_modified_time":"2025-03-30T15:19:32+00:00","og_image":[{"width":806,"height":525,"url":"https:\/\/www.nettali.com\/wp-content\/uploads\/2025\/03\/63379587-45700836.jpg","type":"image\/jpeg"}],"twitter_card":"summary_large_image","twitter_misc":{"\u00c9crit par":"Ibrahima","Dur\u00e9e de lecture estim\u00e9e":"1 minute"},"schema":{"@context":"https:\/\/schema.org","@graph":[{"@type":"WebSite","@id":"https:\/\/www.nettali.com\/#website","url":"https:\/\/www.nettali.com\/","name":"Nettali.com","description":"Le rendez-vous critique du Net","potentialAction":[{"@type":"SearchAction","target":{"@type":"EntryPoint","urlTemplate":"https:\/\/www.nettali.com\/?s={search_term_string}"},"query-input":"required name=search_term_string"}],"inLanguage":"fr-FR"},{"@type":"ImageObject","@id":"https:\/\/www.nettali.com\/2025\/03\/30\/korite-2025-la-coordination-des-musulmans-du-senegal-celebre-la-korite-ce-dimanche\/#primaryimage","inLanguage":"fr-FR","url":"https:\/\/www.nettali.com\/wp-content\/uploads\/2025\/03\/63379587-45700836.jpg","contentUrl":"https:\/\/www.nettali.com\/wp-content\/uploads\/2025\/03\/63379587-45700836.jpg","width":806,"height":525},{"@type":"WebPage","@id":"https:\/\/www.nettali.com\/2025\/03\/30\/korite-2025-la-coordination-des-musulmans-du-senegal-celebre-la-korite-ce-dimanche\/#webpage","url":"https:\/\/www.nettali.com\/2025\/03\/30\/korite-2025-la-coordination-des-musulmans-du-senegal-celebre-la-korite-ce-dimanche\/","name":"KORIT\u00c9 2025 - La Coordination des Musulmans du S\u00e9n\u00e9gal c\u00e9l\u00e8bre la Korit\u00e9, ce dimanche | Nettali.com","isPartOf":{"@id":"https:\/\/www.nettali.com\/#website"},"primaryImageOfPage":{"@id":"https:\/\/www.nettali.com\/2025\/03\/30\/korite-2025-la-coordination-des-musulmans-du-senegal-celebre-la-korite-ce-dimanche\/#primaryimage"},"datePublished":"2025-03-30T11:04:49+00:00","dateModified":"2025-03-30T15:19:32+00:00","author":{"@id":"https:\/\/www.nettali.com\/#\/schema\/person\/bb147657c2986240405a608162b9bb23"},"breadcrumb":{"@id":"https:\/\/www.nettali.com\/2025\/03\/30\/korite-2025-la-coordination-des-musulmans-du-senegal-celebre-la-korite-ce-dimanche\/#breadcrumb"},"inLanguage":"fr-FR","potentialAction":[{"@type":"ReadAction","target":["https:\/\/www.nettali.com\/2025\/03\/30\/korite-2025-la-coordination-des-musulmans-du-senegal-celebre-la-korite-ce-dimanche\/"]}]},{"@type":"BreadcrumbList","@id":"https:\/\/www.nettali.com\/2025\/03\/30\/korite-2025-la-coordination-des-musulmans-du-senegal-celebre-la-korite-ce-dimanche\/#breadcrumb","itemListElement":[{"@type":"ListItem","position":1,"name":"Accueil","item":"https:\/\/www.nettali.com\/"},{"@type":"ListItem","position":2,"name":"KORIT\u00c9 2025 - La Coordination des Musulmans du S\u00e9n\u00e9gal c\u00e9l\u00e8bre la Korit\u00e9, ce dimanche"}]},{"@type":"Person","@id":"https:\/\/www.nettali.com\/#\/schema\/person\/bb147657c2986240405a608162b9bb23","name":"Ibrahima","image":{"@type":"ImageObject","@id":"https:\/\/www.nettali.com\/#personlogo","inLanguage":"fr-FR","url":"https:\/\/secure.gravatar.com\/avatar\/26a8a81f09f0dd7624c9d5c36c9ba3a2?s=96&d=mm&r=g","contentUrl":"https:\/\/secure.gravatar.com\/avatar\/26a8a81f09f0dd7624c9d5c36c9ba3a2?s=96&d=mm&r=g","caption":"Ibrahima"},"sameAs":["https:\/\/www.nettali.com"]}]}},"_links":{"self":[{"href":"https:\/\/www.nettali.com\/rest\/wp\/v2\/posts\/151519"}],"collection":[{"href":"https:\/\/www.nettali.com\/rest\/wp\/v2\/posts"}],"about":[{"href":"https:\/\/www.nettali.com\/rest\/wp\/v2\/types\/post"}],"author":[{"embeddable":true,"href":"https:\/\/www.nettali.com\/rest\/wp\/v2\/users\/5"}],"replies":[{"embeddable":true,"href":"https:\/\/www.nettali.com\/rest\/wp\/v2\/comments?post=151519"}],"version-history":[{"count":3,"href":"https:\/\/www.nettali.com\/rest\/wp\/v2\/posts\/151519\/revisions"}],"predecessor-version":[{"id":151531,"href":"https:\/\/www.nettali.com\/rest\/wp\/v2\/posts\/151519\/revisions\/151531"}],"wp:featuredmedia":[{"embeddable":true,"href":"https:\/\/www.nettali.com\/rest\/wp\/v2\/media\/151503"}],"wp:attachment":[{"href":"https:\/\/www.nettali.com\/rest\/wp\/v2\/media?parent=151519"}],"wp:term":[{"taxonomy":"category","embeddable":true,"href":"https:\/\/www.nettali.com\/rest\/wp\/v2\/categories?post=151519"},{"taxonomy":"post_tag","embeddable":true,"href":"https:\/\/www.nettali.com\/rest\/wp\/v2\/tags?post=151519"}],"curies":[{"name":"wp","href":"https:\/\/api.w.org\/{rel}","templated":true}]}}