{"id":151514,"date":"2025-03-29T20:57:24","date_gmt":"2025-03-29T20:57:24","guid":{"rendered":"https:\/\/www.nettali.com\/?p=151514"},"modified":"2025-03-30T15:40:46","modified_gmt":"2025-03-30T15:40:46","slug":"hopital-principal-pluie-dhommages-a-me-cheikh-khoureychi-ba","status":"publish","type":"post","link":"https:\/\/www.nettali.com\/2025\/03\/29\/hopital-principal-pluie-dhommages-a-me-cheikh-khoureychi-ba\/","title":{"rendered":"HOPITAL PRINCIPAL - Pluie d\u2019hommages \u00e0 Me Cheikh Khoureychi Ba"},"content":{"rendered":"<p><strong>NETTALI.COM - Autorit\u00e9s politiques, judiciaires, religieuses, confr\u00e8res, parents et amis ont pris part, samedi, \u00e0 l\u2019h\u00f4pital Principal de Dakar, \u00e0 la c\u00e9r\u00e9monie de lev\u00e9e du corps de Me Khoureychi Ba, saluant un avocat d\u2019une \u2018\u2019grande dignit\u00e9\u2019\u2019, qui d\u00e9fendait \u2018\u2019la veuve \u00e9plor\u00e9e\u2019\u2019, \u2018\u2019l\u2019orphelin esseul\u00e9\u2019\u2019 et des \u2018\u2019clients plus c\u00e9l\u00e8bres\u2019\u2019.<\/strong><\/p>\n<p>Me Cheikh Khoureychi Ba, figure embl\u00e9matique du Barreau s\u00e9n\u00e9galais, est d\u00e9c\u00e9d\u00e9, mercredi 26 mars, \u00e0 Istanbul, en Turquie, des suites d\u2019une maladie, \u00e0 l\u2019\u00e2ge de 69 ans.<\/p>\n<p>Il a fait partie du pool des avocats de Pastef, alors dans l\u2019opposition, et qui luttait contre des affaires juridico-politiques ayant donn\u00e9 lieu \u00e0 de graves crises au S\u00e9n\u00e9gal entre 2021 et 2024.\u00a0Avec ses confr\u00e8res Bamba Ciss\u00e9 et Cir\u00e9 Cl\u00e9dor Ly, il faisait partie des \u2018\u2019avocats du peuple PASTEF\u2019\u2019, qualificatif donn\u00e9 par les militants du parti fond\u00e9 par l\u2019actuel Premier ministre, Ousmane Sonko, et le pr\u00e9sident de la R\u00e9publique, Bassirou Diomaye Faye.<\/p>\n<p>Mes Cir\u00e9 Cl\u00e9dor Ly, Said Larifou (Comores), Juan Branco (France) \u00e9taient pr\u00e9sents \u00e0 la c\u00e9r\u00e9monie de lev\u00e9e du corps aux c\u00f4t\u00e9s d\u2019autres membres de la famille judiciaire.<\/p>\n<p>Le Premier ministre Ousmane Sonko a rendu hommage \u00e0 un homme d\u2019une \u2018\u2019grande dignit\u00e9\u2019\u2019, qui \u00e9tait au service de son prochain.\u00a0Il rappel\u00e9 la pr\u00e9sence de Me Ba aux c\u00f4t\u00e9s des militants de son parti Pastef. Selon lui, Me Khoureychi Ba faisait partie de ceux qui \u2018\u2019sont toujours pr\u00e9sents pour tout le monde\u2019\u2019.<\/p>\n<p>Au nom du pr\u00e9sident de la R\u00e9publique, il a pr\u00e9sent\u00e9 les condol\u00e9ances du gouvernement et de la nation \u00e0 la famille du d\u00e9funt.<\/p>\n<p>L\u2019avocat Me Ousseynou Fall a relev\u00e9 que son confr\u00e8re \u00e9tait un avocat d\u2019une \u2018\u2019\u2019grande dignit\u00e9\u2019\u2019, qui incarnait \u2018\u2019la comp\u00e9tence, le courage et la culture\u2019\u2019.<\/p>\n<p>Me Cheikh Khoureychi Ba, selon lui, incarnait \u2018\u2019l\u2019avocat au vrai sens du mot\u2019\u2019, celui qui \u2018\u2019est appel\u00e9 au secours et ne demande rien en retour\u2019\u2019. Il avait toutes les qualit\u00e9s requises chez un avocat, \u2018\u2019la dignit\u00e9, la probit\u00e9, l\u2019honneur, le courage et l\u2019humilit\u00e9\u2019\u2019, a-t-il dit.<\/p>\n<p>Selon le B\u00e2tonnier de l\u2019Ordre des avocats, Me Cheikh Khoureychi Ba, \u2018\u2019c\u2019est plusieurs vies men\u00e9es au travers de combats multiformes dans sa qu\u00eate de v\u00e9rit\u00e9 et de justice\u2019\u2019.<\/p>\n<p>\u201dIl est bien r\u00e9ducteur de ramener la dimension exceptionnelle de l\u2019homme \u00e0 l\u2019aune d\u2019un de ses clients les plus c\u00e9l\u00e8bres. Toute ton \u0153uvre, ton sacerdoce t\u2019ont conduit \u00e0 fr\u00e9quenter la veuve \u00e9plor\u00e9e, l\u2019orphelin esseul\u00e9, l\u2019\u00e9tranger en errance et angoiss\u00e9, les caves surpeupl\u00e9es pour r\u00e9pondre \u00e0 l\u2019appel de la justice\u2019\u2019, a-t-il d\u00e9clar\u00e9 dans son \u00e9loge fun\u00e8bre.<\/p>\n<p>Cette c\u00e9r\u00e9monie de lev\u00e9e du corps \u00e9tait \u2018\u2019un moment \u00e9mouvant, d\u2019une tr\u00e8s grande tristesse\u2019\u2019, selon Me Cir\u00e9 Cl\u00e9dor Ly, soulignant que le nombre de personnes pr\u00e9sentes \u2018\u2019t\u00e9moigne de la dimension de l\u2019homme\u2019\u2019.<\/p>\n<p>Me Cheikh Khoureychi Ba \u00e9tait \u2018\u2019un homme d\u2019une grande spiritualit\u00e9\u2019\u2019, \u2018\u2019un avocat qui excellait dans son art, la plaidoirie \u00e0 l\u2019\u00e9crit comme \u00e0 l\u2019oral\u2019\u2019, a dit son confr\u00e8re.<\/p>\n<p>Me Cir\u00e9 Cl\u00e9dor Ly a rappel\u00e9 que Me Cheikh Khoureychi Ba \u2018\u2019a men\u00e9 des combats tr\u00e8s jeune\u2019\u2019 pour la d\u00e9fense des libert\u00e9s et de la d\u00e9mocratie au S\u00e9n\u00e9gal, soulignant qu\u2019\u2019\u2019il n\u2019y a jamais eu de changement ou d\u2019alternance sans qu\u2019il y ait l\u2019empreinte de Khoureychi Ba\u2019\u2019.<\/p>\n<p>\u2018\u2019C\u2019\u00e9tait une personne inconnue de ce pays (\u2026). Cet homme avait aussi une dimension internationale\u2019\u2019, a-t-il dit, rappelant qu\u2019il a d\u00e9fendu des hommes et des femmes en Afrique et m\u00eame en Europe.\u00a0Selon lui, \u2018\u2019peu de personnes savaient qu\u2019il \u00e9tait malade, mais il a tenu jusqu\u2019au bout\u2019\u2019.<\/p>\n<div class='share-to-whatsapp-wrapper'><div class='share-on-whsp'>PARTAGER SUR : <\/div><a data-text='HOPITAL PRINCIPAL - Pluie d\u2019hommages \u00e0 Me Cheikh Khoureychi Ba' data-link='https:\/\/www.nettali.com\/2025\/03\/29\/hopital-principal-pluie-dhommages-a-me-cheikh-khoureychi-ba\/' class='whatsapp-button whatsapp-share'>WhatsApp<\/a><div class='clear '><\/div><\/div>","protected":false},"excerpt":{"rendered":"<p>NETTALI.COM - Autorit\u00e9s politiques, judiciaires, religieuses, confr\u00e8res, parents et amis ont pris part, samedi, \u00e0 l\u2019h\u00f4pital Principal de Dakar, \u00e0 la c\u00e9r\u00e9monie de lev\u00e9e du corps de Me Khoureychi Ba, saluant un avocat d\u2019une \u2018\u2019grande dignit\u00e9\u2019\u2019, qui d\u00e9fendait \u2018\u2019la veuve \u00e9plor\u00e9e\u2019\u2019, \u2018\u2019l\u2019orphelin esseul\u00e9\u2019\u2019 et des \u2018\u2019clients plus c\u00e9l\u00e8bres\u2019\u2019. Me Cheikh Khoureychi Ba, figure embl\u00e9matique du [&hellip;]<\/p>\n","protected":false},"author":4,"featured_media":72037,"comment_status":"open","ping_status":"open","sticky":false,"template":"","format":"standard","meta":{"_et_pb_use_builder":"","_et_pb_old_content":""},"categories":[3],"tags":[],"yoast_head":"<!-- This site is optimized with the Yoast SEO Premium plugin v17.8 (Yoast SEO v17.8) - https:\/\/yoast.com\/wordpress\/plugins\/seo\/ -->\n<title>HOPITAL PRINCIPAL - Pluie d\u2019hommages \u00e0 Me Cheikh Khoureychi Ba | Nettali.com<\/title>\n<meta name=\"robots\" content=\"index, follow, max-snippet:-1, max-image-preview:large, max-video-preview:-1\" \/>\n<link rel=\"canonical\" href=\"https:\/\/www.nettali.com\/2025\/03\/29\/hopital-principal-pluie-dhommages-a-me-cheikh-khoureychi-ba\/\" \/>\n<meta property=\"og:locale\" content=\"fr_FR\" \/>\n<meta property=\"og:type\" content=\"article\" \/>\n<meta property=\"og:title\" content=\"HOPITAL PRINCIPAL - Pluie d\u2019hommages \u00e0 Me Cheikh Khoureychi Ba\" \/>\n<meta property=\"og:description\" content=\"NETTALI.COM - Autorit\u00e9s politiques, judiciaires, religieuses, confr\u00e8res, parents et amis ont pris part, samedi, \u00e0 l\u2019h\u00f4pital Principal de Dakar, \u00e0 la c\u00e9r\u00e9monie de lev\u00e9e du corps de Me Khoureychi Ba, saluant un avocat d\u2019une \u2018\u2019grande dignit\u00e9\u2019\u2019, qui d\u00e9fendait \u2018\u2019la veuve \u00e9plor\u00e9e\u2019\u2019, \u2018\u2019l\u2019orphelin esseul\u00e9\u2019\u2019 et des \u2018\u2019clients plus c\u00e9l\u00e8bres\u2019\u2019. Me Cheikh Khoureychi Ba, figure embl\u00e9matique du [&hellip;]\" \/>\n<meta property=\"og:url\" content=\"https:\/\/www.nettali.com\/2025\/03\/29\/hopital-principal-pluie-dhommages-a-me-cheikh-khoureychi-ba\/\" \/>\n<meta property=\"og:site_name\" content=\"Nettali.com\" \/>\n<meta property=\"article:publisher\" content=\"https:\/\/www.facebook.com\/nettalicom\" \/>\n<meta property=\"article:published_time\" content=\"2025-03-29T20:57:24+00:00\" \/>\n<meta property=\"article:modified_time\" content=\"2025-03-30T15:40:46+00:00\" \/>\n<meta property=\"og:image\" content=\"https:\/\/www.nettali.com\/wp-content\/uploads\/2021\/09\/me-khoureychi-ba-sert-une-sommation-a-la-police-863774.jpeg\" \/>\n\t<meta property=\"og:image:width\" content=\"654\" \/>\n\t<meta property=\"og:image:height\" content=\"342\" \/>\n<meta name=\"twitter:card\" content=\"summary_large_image\" \/>\n<meta name=\"twitter:label1\" content=\"\u00c9crit par\" \/>\n\t<meta name=\"twitter:data1\" content=\"Daouda\" \/>\n\t<meta name=\"twitter:label2\" content=\"Dur\u00e9e de lecture estim\u00e9e\" \/>\n\t<meta name=\"twitter:data2\" content=\"3 minutes\" \/>\n<script type=\"application\/ld+json\" class=\"yoast-schema-graph\">{\"@context\":\"https:\/\/schema.org\",\"@graph\":[{\"@type\":\"WebSite\",\"@id\":\"https:\/\/www.nettali.com\/#website\",\"url\":\"https:\/\/www.nettali.com\/\",\"name\":\"Nettali.com\",\"description\":\"Le rendez-vous critique du Net\",\"potentialAction\":[{\"@type\":\"SearchAction\",\"target\":{\"@type\":\"EntryPoint\",\"urlTemplate\":\"https:\/\/www.nettali.com\/?s={search_term_string}\"},\"query-input\":\"required name=search_term_string\"}],\"inLanguage\":\"fr-FR\"},{\"@type\":\"ImageObject\",\"@id\":\"https:\/\/www.nettali.com\/2025\/03\/29\/hopital-principal-pluie-dhommages-a-me-cheikh-khoureychi-ba\/#primaryimage\",\"inLanguage\":\"fr-FR\",\"url\":\"https:\/\/www.nettali.com\/wp-content\/uploads\/2021\/09\/me-khoureychi-ba-sert-une-sommation-a-la-police-863774.jpeg\",\"contentUrl\":\"https:\/\/www.nettali.com\/wp-content\/uploads\/2021\/09\/me-khoureychi-ba-sert-une-sommation-a-la-police-863774.jpeg\",\"width\":654,\"height\":342},{\"@type\":\"WebPage\",\"@id\":\"https:\/\/www.nettali.com\/2025\/03\/29\/hopital-principal-pluie-dhommages-a-me-cheikh-khoureychi-ba\/#webpage\",\"url\":\"https:\/\/www.nettali.com\/2025\/03\/29\/hopital-principal-pluie-dhommages-a-me-cheikh-khoureychi-ba\/\",\"name\":\"HOPITAL PRINCIPAL - Pluie d\\u2019hommages \\u00e0 Me Cheikh Khoureychi Ba | Nettali.com\",\"isPartOf\":{\"@id\":\"https:\/\/www.nettali.com\/#website\"},\"primaryImageOfPage\":{\"@id\":\"https:\/\/www.nettali.com\/2025\/03\/29\/hopital-principal-pluie-dhommages-a-me-cheikh-khoureychi-ba\/#primaryimage\"},\"datePublished\":\"2025-03-29T20:57:24+00:00\",\"dateModified\":\"2025-03-30T15:40:46+00:00\",\"author\":{\"@id\":\"https:\/\/www.nettali.com\/#\/schema\/person\/3317e0bb3aa1da309fbf7b2780901bf4\"},\"breadcrumb\":{\"@id\":\"https:\/\/www.nettali.com\/2025\/03\/29\/hopital-principal-pluie-dhommages-a-me-cheikh-khoureychi-ba\/#breadcrumb\"},\"inLanguage\":\"fr-FR\",\"potentialAction\":[{\"@type\":\"ReadAction\",\"target\":[\"https:\/\/www.nettali.com\/2025\/03\/29\/hopital-principal-pluie-dhommages-a-me-cheikh-khoureychi-ba\/\"]}]},{\"@type\":\"BreadcrumbList\",\"@id\":\"https:\/\/www.nettali.com\/2025\/03\/29\/hopital-principal-pluie-dhommages-a-me-cheikh-khoureychi-ba\/#breadcrumb\",\"itemListElement\":[{\"@type\":\"ListItem\",\"position\":1,\"name\":\"Accueil\",\"item\":\"https:\/\/www.nettali.com\/\"},{\"@type\":\"ListItem\",\"position\":2,\"name\":\"HOPITAL PRINCIPAL - Pluie d\\u2019hommages \\u00e0 Me Cheikh Khoureychi Ba\"}]},{\"@type\":\"Person\",\"@id\":\"https:\/\/www.nettali.com\/#\/schema\/person\/3317e0bb3aa1da309fbf7b2780901bf4\",\"name\":\"Daouda\",\"image\":{\"@type\":\"ImageObject\",\"@id\":\"https:\/\/www.nettali.com\/#personlogo\",\"inLanguage\":\"fr-FR\",\"url\":\"https:\/\/secure.gravatar.com\/avatar\/8d143b5a49345098ddcfee1c49c2f47c?s=96&d=mm&r=g\",\"contentUrl\":\"https:\/\/secure.gravatar.com\/avatar\/8d143b5a49345098ddcfee1c49c2f47c?s=96&d=mm&r=g\",\"caption\":\"Daouda\"},\"sameAs\":[\"https:\/\/www.nettali.com\"]}]}<\/script>\n<!-- \/ Yoast SEO Premium plugin. -->","yoast_head_json":{"title":"HOPITAL PRINCIPAL - Pluie d\u2019hommages \u00e0 Me Cheikh Khoureychi Ba | Nettali.com","robots":{"index":"index","follow":"follow","max-snippet":"max-snippet:-1","max-image-preview":"max-image-preview:large","max-video-preview":"max-video-preview:-1"},"canonical":"https:\/\/www.nettali.com\/2025\/03\/29\/hopital-principal-pluie-dhommages-a-me-cheikh-khoureychi-ba\/","og_locale":"fr_FR","og_type":"article","og_title":"HOPITAL PRINCIPAL - Pluie d\u2019hommages \u00e0 Me Cheikh Khoureychi Ba","og_description":"NETTALI.COM - Autorit\u00e9s politiques, judiciaires, religieuses, confr\u00e8res, parents et amis ont pris part, samedi, \u00e0 l\u2019h\u00f4pital Principal de Dakar, \u00e0 la c\u00e9r\u00e9monie de lev\u00e9e du corps de Me Khoureychi Ba, saluant un avocat d\u2019une \u2018\u2019grande dignit\u00e9\u2019\u2019, qui d\u00e9fendait \u2018\u2019la veuve \u00e9plor\u00e9e\u2019\u2019, \u2018\u2019l\u2019orphelin esseul\u00e9\u2019\u2019 et des \u2018\u2019clients plus c\u00e9l\u00e8bres\u2019\u2019. Me Cheikh Khoureychi Ba, figure embl\u00e9matique du [&hellip;]","og_url":"https:\/\/www.nettali.com\/2025\/03\/29\/hopital-principal-pluie-dhommages-a-me-cheikh-khoureychi-ba\/","og_site_name":"Nettali.com","article_publisher":"https:\/\/www.facebook.com\/nettalicom","article_published_time":"2025-03-29T20:57:24+00:00","article_modified_time":"2025-03-30T15:40:46+00:00","og_image":[{"width":654,"height":342,"url":"https:\/\/www.nettali.com\/wp-content\/uploads\/2021\/09\/me-khoureychi-ba-sert-une-sommation-a-la-police-863774.jpeg","type":"image\/jpeg"}],"twitter_card":"summary_large_image","twitter_misc":{"\u00c9crit par":"Daouda","Dur\u00e9e de lecture estim\u00e9e":"3 minutes"},"schema":{"@context":"https:\/\/schema.org","@graph":[{"@type":"WebSite","@id":"https:\/\/www.nettali.com\/#website","url":"https:\/\/www.nettali.com\/","name":"Nettali.com","description":"Le rendez-vous critique du Net","potentialAction":[{"@type":"SearchAction","target":{"@type":"EntryPoint","urlTemplate":"https:\/\/www.nettali.com\/?s={search_term_string}"},"query-input":"required name=search_term_string"}],"inLanguage":"fr-FR"},{"@type":"ImageObject","@id":"https:\/\/www.nettali.com\/2025\/03\/29\/hopital-principal-pluie-dhommages-a-me-cheikh-khoureychi-ba\/#primaryimage","inLanguage":"fr-FR","url":"https:\/\/www.nettali.com\/wp-content\/uploads\/2021\/09\/me-khoureychi-ba-sert-une-sommation-a-la-police-863774.jpeg","contentUrl":"https:\/\/www.nettali.com\/wp-content\/uploads\/2021\/09\/me-khoureychi-ba-sert-une-sommation-a-la-police-863774.jpeg","width":654,"height":342},{"@type":"WebPage","@id":"https:\/\/www.nettali.com\/2025\/03\/29\/hopital-principal-pluie-dhommages-a-me-cheikh-khoureychi-ba\/#webpage","url":"https:\/\/www.nettali.com\/2025\/03\/29\/hopital-principal-pluie-dhommages-a-me-cheikh-khoureychi-ba\/","name":"HOPITAL PRINCIPAL - Pluie d\u2019hommages \u00e0 Me Cheikh Khoureychi Ba | Nettali.com","isPartOf":{"@id":"https:\/\/www.nettali.com\/#website"},"primaryImageOfPage":{"@id":"https:\/\/www.nettali.com\/2025\/03\/29\/hopital-principal-pluie-dhommages-a-me-cheikh-khoureychi-ba\/#primaryimage"},"datePublished":"2025-03-29T20:57:24+00:00","dateModified":"2025-03-30T15:40:46+00:00","author":{"@id":"https:\/\/www.nettali.com\/#\/schema\/person\/3317e0bb3aa1da309fbf7b2780901bf4"},"breadcrumb":{"@id":"https:\/\/www.nettali.com\/2025\/03\/29\/hopital-principal-pluie-dhommages-a-me-cheikh-khoureychi-ba\/#breadcrumb"},"inLanguage":"fr-FR","potentialAction":[{"@type":"ReadAction","target":["https:\/\/www.nettali.com\/2025\/03\/29\/hopital-principal-pluie-dhommages-a-me-cheikh-khoureychi-ba\/"]}]},{"@type":"BreadcrumbList","@id":"https:\/\/www.nettali.com\/2025\/03\/29\/hopital-principal-pluie-dhommages-a-me-cheikh-khoureychi-ba\/#breadcrumb","itemListElement":[{"@type":"ListItem","position":1,"name":"Accueil","item":"https:\/\/www.nettali.com\/"},{"@type":"ListItem","position":2,"name":"HOPITAL PRINCIPAL - Pluie d\u2019hommages \u00e0 Me Cheikh Khoureychi Ba"}]},{"@type":"Person","@id":"https:\/\/www.nettali.com\/#\/schema\/person\/3317e0bb3aa1da309fbf7b2780901bf4","name":"Daouda","image":{"@type":"ImageObject","@id":"https:\/\/www.nettali.com\/#personlogo","inLanguage":"fr-FR","url":"https:\/\/secure.gravatar.com\/avatar\/8d143b5a49345098ddcfee1c49c2f47c?s=96&d=mm&r=g","contentUrl":"https:\/\/secure.gravatar.com\/avatar\/8d143b5a49345098ddcfee1c49c2f47c?s=96&d=mm&r=g","caption":"Daouda"},"sameAs":["https:\/\/www.nettali.com"]}]}},"_links":{"self":[{"href":"https:\/\/www.nettali.com\/rest\/wp\/v2\/posts\/151514"}],"collection":[{"href":"https:\/\/www.nettali.com\/rest\/wp\/v2\/posts"}],"about":[{"href":"https:\/\/www.nettali.com\/rest\/wp\/v2\/types\/post"}],"author":[{"embeddable":true,"href":"https:\/\/www.nettali.com\/rest\/wp\/v2\/users\/4"}],"replies":[{"embeddable":true,"href":"https:\/\/www.nettali.com\/rest\/wp\/v2\/comments?post=151514"}],"version-history":[{"count":1,"href":"https:\/\/www.nettali.com\/rest\/wp\/v2\/posts\/151514\/revisions"}],"predecessor-version":[{"id":151515,"href":"https:\/\/www.nettali.com\/rest\/wp\/v2\/posts\/151514\/revisions\/151515"}],"wp:featuredmedia":[{"embeddable":true,"href":"https:\/\/www.nettali.com\/rest\/wp\/v2\/media\/72037"}],"wp:attachment":[{"href":"https:\/\/www.nettali.com\/rest\/wp\/v2\/media?parent=151514"}],"wp:term":[{"taxonomy":"category","embeddable":true,"href":"https:\/\/www.nettali.com\/rest\/wp\/v2\/categories?post=151514"},{"taxonomy":"post_tag","embeddable":true,"href":"https:\/\/www.nettali.com\/rest\/wp\/v2\/tags?post=151514"}],"curies":[{"name":"wp","href":"https:\/\/api.w.org\/{rel}","templated":true}]}}