{"id":151480,"date":"2025-03-29T02:08:41","date_gmt":"2025-03-29T02:08:41","guid":{"rendered":"https:\/\/www.nettali.com\/?p=151480"},"modified":"2025-03-29T02:08:41","modified_gmt":"2025-03-29T02:08:41","slug":"malgre-la-maladie-de-son-enfant-ramatoulaye-diedhiou-multirecidiviste-retourne-en-prison-pour-vol","status":"publish","type":"post","link":"https:\/\/www.nettali.com\/2025\/03\/29\/malgre-la-maladie-de-son-enfant-ramatoulaye-diedhiou-multirecidiviste-retourne-en-prison-pour-vol\/","title":{"rendered":"MALGR\u00c9 LA MALADIE DE SON ENFANT - Ramatoulaye Di\u00e9dhiou, multir\u00e9cidiviste, retourne en prison pour vol"},"content":{"rendered":"<p><strong>NETTALI.COM - Pour attendrir le tribunal, Ramatoulaye Di\u00e9dhiou \u00e9voque le cancer de son fils \u00e2g\u00e9 seulement d\u2019un an. Mais cela n\u2019a pas emp\u00each\u00e9 la justice de la condamner \u00e0 un an de prison ferme. M\u00e8re de trois enfants, elle a \u00e9t\u00e9 reconnue coupable de vol de t\u00e9l\u00e9phones portables par le tribunal des flagrants d\u00e9lits de Dakar, hier. D\u00e9j\u00e0 condamn\u00e9e \u00e0 huit reprises pour des faits similaires, elle a r\u00e9cidiv\u00e9, en s\u2019introduisant dans une maison, \u00e0 la M\u00e9dina, pour y d\u00e9rober un iPhone 11 Pro Max et un Tecno.<\/strong><\/p>\n<p>Devant le tribunal, elle a reconnu les faits sans d\u00e9tour. \u2018\u2019<em>Je suis entr\u00e9e, j\u2019ai dit \u2018Assalamou Aleykoum\u2019. Personne n\u2019a r\u00e9pondu. J\u2019ai vu les t\u00e9l\u00e9phones branch\u00e9s au salon. Je les ai pris<\/em>\u2019\u2019, a-t-elle expliqu\u00e9. Sans tarder, elle avait revendu l\u2019iPhone \u00e0 Adama Dione, un marchand ambulant, et le Tecno \u00e0 une autre personne.<\/p>\n<p>Le procureur n'a pas ainsi manqu\u00e9 de relever\u00a0 la r\u00e9p\u00e9tition des infractions. En f\u00e9vrier dernier, elle avait d\u00e9j\u00e0 \u00e9cop\u00e9 de trois mois avec sursis pour un vol similaire, apr\u00e8s avoir retir\u00e9 de l\u2019argent du compte Wave de sa victime. \u2018\u2019<em>Il est clair qu\u2019elle n\u2019a pas tir\u00e9 les le\u00e7ons du pass\u00e9<\/em>\u2019\u2019, a martel\u00e9 le parquet, qui a requis deux ans de prison, dont un an ferme.<\/p>\n<p>Adama Dione, quant \u00e0 lui, s\u2019est d\u00e9fendu d\u2019avoir sciemment achet\u00e9 un t\u00e9l\u00e9phone vol\u00e9. Il affirme l\u2019avoir obtenu \u00e0 25 000 F CFA, persuad\u00e9 que la vendeuse \u00e9tait simplement en difficult\u00e9 financi\u00e8re. \u2018\u2019<em>L\u2019\u00e9cran \u00e9tait cass\u00e9 ; elle m\u2019a dit qu\u2019elle avait besoin d\u2019argent en urgence<\/em>\u2019\u2019, a-t-il plaid\u00e9. Un argument que le parquet a balay\u00e9 d\u2019un revers de main, soulignant les contradictions de l\u2019accus\u00e9 et le fait que l\u2019appareil \u00e9tait en parfait \u00e9tat.<\/p>\n<p>Finalement, le tribunal a condamn\u00e9 Ramatoulaye Di\u00e9dhiou \u00e0 un an de prison ferme. Son co-pr\u00e9venu s\u2019en sort avec deux mois ferme pour recel. Une peine qui ne changera rien au sort de son enfant malade, laiss\u00e9 \u00e0 la garde de voisins en attendant le retour incertain de sa m\u00e8re.<\/p>\n<div class='share-to-whatsapp-wrapper'><div class='share-on-whsp'>PARTAGER SUR : <\/div><a data-text='MALGR\u00c9 LA MALADIE DE SON ENFANT - Ramatoulaye Di\u00e9dhiou, multir\u00e9cidiviste, retourne en prison pour vol' data-link='https:\/\/www.nettali.com\/2025\/03\/29\/malgre-la-maladie-de-son-enfant-ramatoulaye-diedhiou-multirecidiviste-retourne-en-prison-pour-vol\/' class='whatsapp-button whatsapp-share'>WhatsApp<\/a><div class='clear '><\/div><\/div>","protected":false},"excerpt":{"rendered":"<p>NETTALI.COM - Pour attendrir le tribunal, Ramatoulaye Di\u00e9dhiou \u00e9voque le cancer de son fils \u00e2g\u00e9 seulement d\u2019un an. Mais cela n\u2019a pas emp\u00each\u00e9 la justice de la condamner \u00e0 un an de prison ferme. M\u00e8re de trois enfants, elle a \u00e9t\u00e9 reconnue coupable de vol de t\u00e9l\u00e9phones portables par le tribunal des flagrants d\u00e9lits de [&hellip;]<\/p>\n","protected":false},"author":2,"featured_media":151453,"comment_status":"open","ping_status":"open","sticky":false,"template":"","format":"standard","meta":{"_et_pb_use_builder":"","_et_pb_old_content":""},"categories":[3],"tags":[],"yoast_head":"<!-- This site is optimized with the Yoast SEO Premium plugin v17.8 (Yoast SEO v17.8) - https:\/\/yoast.com\/wordpress\/plugins\/seo\/ -->\n<title>MALGR\u00c9 LA MALADIE DE SON ENFANT - Ramatoulaye Di\u00e9dhiou, multir\u00e9cidiviste, retourne en prison pour vol | Nettali.com<\/title>\n<meta name=\"robots\" content=\"index, follow, max-snippet:-1, max-image-preview:large, max-video-preview:-1\" \/>\n<link rel=\"canonical\" href=\"https:\/\/www.nettali.com\/2025\/03\/29\/malgre-la-maladie-de-son-enfant-ramatoulaye-diedhiou-multirecidiviste-retourne-en-prison-pour-vol\/\" \/>\n<meta property=\"og:locale\" content=\"fr_FR\" \/>\n<meta property=\"og:type\" content=\"article\" \/>\n<meta property=\"og:title\" content=\"MALGR\u00c9 LA MALADIE DE SON ENFANT - Ramatoulaye Di\u00e9dhiou, multir\u00e9cidiviste, retourne en prison pour vol\" \/>\n<meta property=\"og:description\" content=\"NETTALI.COM - Pour attendrir le tribunal, Ramatoulaye Di\u00e9dhiou \u00e9voque le cancer de son fils \u00e2g\u00e9 seulement d\u2019un an. Mais cela n\u2019a pas emp\u00each\u00e9 la justice de la condamner \u00e0 un an de prison ferme. M\u00e8re de trois enfants, elle a \u00e9t\u00e9 reconnue coupable de vol de t\u00e9l\u00e9phones portables par le tribunal des flagrants d\u00e9lits de [&hellip;]\" \/>\n<meta property=\"og:url\" content=\"https:\/\/www.nettali.com\/2025\/03\/29\/malgre-la-maladie-de-son-enfant-ramatoulaye-diedhiou-multirecidiviste-retourne-en-prison-pour-vol\/\" \/>\n<meta property=\"og:site_name\" content=\"Nettali.com\" \/>\n<meta property=\"article:publisher\" content=\"https:\/\/www.facebook.com\/nettalicom\" \/>\n<meta property=\"article:published_time\" content=\"2025-03-29T02:08:41+00:00\" \/>\n<meta property=\"og:image\" content=\"https:\/\/www.nettali.com\/wp-content\/uploads\/2025\/03\/92100100_senegaljustice-1.jpg\" \/>\n\t<meta property=\"og:image:width\" content=\"976\" \/>\n\t<meta property=\"og:image:height\" content=\"549\" \/>\n<meta name=\"twitter:card\" content=\"summary_large_image\" \/>\n<meta name=\"twitter:label1\" content=\"\u00c9crit par\" \/>\n\t<meta name=\"twitter:data1\" content=\"CK\" \/>\n\t<meta name=\"twitter:label2\" content=\"Dur\u00e9e de lecture estim\u00e9e\" \/>\n\t<meta name=\"twitter:data2\" content=\"2 minutes\" \/>\n<script type=\"application\/ld+json\" class=\"yoast-schema-graph\">{\"@context\":\"https:\/\/schema.org\",\"@graph\":[{\"@type\":\"WebSite\",\"@id\":\"https:\/\/www.nettali.com\/#website\",\"url\":\"https:\/\/www.nettali.com\/\",\"name\":\"Nettali.com\",\"description\":\"Le rendez-vous critique du Net\",\"potentialAction\":[{\"@type\":\"SearchAction\",\"target\":{\"@type\":\"EntryPoint\",\"urlTemplate\":\"https:\/\/www.nettali.com\/?s={search_term_string}\"},\"query-input\":\"required name=search_term_string\"}],\"inLanguage\":\"fr-FR\"},{\"@type\":\"ImageObject\",\"@id\":\"https:\/\/www.nettali.com\/2025\/03\/29\/malgre-la-maladie-de-son-enfant-ramatoulaye-diedhiou-multirecidiviste-retourne-en-prison-pour-vol\/#primaryimage\",\"inLanguage\":\"fr-FR\",\"url\":\"https:\/\/www.nettali.com\/wp-content\/uploads\/2025\/03\/92100100_senegaljustice-1.jpg\",\"contentUrl\":\"https:\/\/www.nettali.com\/wp-content\/uploads\/2025\/03\/92100100_senegaljustice-1.jpg\",\"width\":976,\"height\":549},{\"@type\":\"WebPage\",\"@id\":\"https:\/\/www.nettali.com\/2025\/03\/29\/malgre-la-maladie-de-son-enfant-ramatoulaye-diedhiou-multirecidiviste-retourne-en-prison-pour-vol\/#webpage\",\"url\":\"https:\/\/www.nettali.com\/2025\/03\/29\/malgre-la-maladie-de-son-enfant-ramatoulaye-diedhiou-multirecidiviste-retourne-en-prison-pour-vol\/\",\"name\":\"MALGR\\u00c9 LA MALADIE DE SON ENFANT - Ramatoulaye Di\\u00e9dhiou, multir\\u00e9cidiviste, retourne en prison pour vol | Nettali.com\",\"isPartOf\":{\"@id\":\"https:\/\/www.nettali.com\/#website\"},\"primaryImageOfPage\":{\"@id\":\"https:\/\/www.nettali.com\/2025\/03\/29\/malgre-la-maladie-de-son-enfant-ramatoulaye-diedhiou-multirecidiviste-retourne-en-prison-pour-vol\/#primaryimage\"},\"datePublished\":\"2025-03-29T02:08:41+00:00\",\"dateModified\":\"2025-03-29T02:08:41+00:00\",\"author\":{\"@id\":\"https:\/\/www.nettali.com\/#\/schema\/person\/d8ac7b7e27ddad43f1c0d2ef090d7f71\"},\"breadcrumb\":{\"@id\":\"https:\/\/www.nettali.com\/2025\/03\/29\/malgre-la-maladie-de-son-enfant-ramatoulaye-diedhiou-multirecidiviste-retourne-en-prison-pour-vol\/#breadcrumb\"},\"inLanguage\":\"fr-FR\",\"potentialAction\":[{\"@type\":\"ReadAction\",\"target\":[\"https:\/\/www.nettali.com\/2025\/03\/29\/malgre-la-maladie-de-son-enfant-ramatoulaye-diedhiou-multirecidiviste-retourne-en-prison-pour-vol\/\"]}]},{\"@type\":\"BreadcrumbList\",\"@id\":\"https:\/\/www.nettali.com\/2025\/03\/29\/malgre-la-maladie-de-son-enfant-ramatoulaye-diedhiou-multirecidiviste-retourne-en-prison-pour-vol\/#breadcrumb\",\"itemListElement\":[{\"@type\":\"ListItem\",\"position\":1,\"name\":\"Accueil\",\"item\":\"https:\/\/www.nettali.com\/\"},{\"@type\":\"ListItem\",\"position\":2,\"name\":\"MALGR\\u00c9 LA MALADIE DE SON ENFANT - Ramatoulaye Di\\u00e9dhiou, multir\\u00e9cidiviste, retourne en prison pour vol\"}]},{\"@type\":\"Person\",\"@id\":\"https:\/\/www.nettali.com\/#\/schema\/person\/d8ac7b7e27ddad43f1c0d2ef090d7f71\",\"name\":\"CK\",\"image\":{\"@type\":\"ImageObject\",\"@id\":\"https:\/\/www.nettali.com\/#personlogo\",\"inLanguage\":\"fr-FR\",\"url\":\"https:\/\/secure.gravatar.com\/avatar\/1d8d5118b9327d94da7cd4ce7f17fec2?s=96&d=mm&r=g\",\"contentUrl\":\"https:\/\/secure.gravatar.com\/avatar\/1d8d5118b9327d94da7cd4ce7f17fec2?s=96&d=mm&r=g\",\"caption\":\"CK\"},\"sameAs\":[\"https:\/\/www.nettali.com\"]}]}<\/script>\n<!-- \/ Yoast SEO Premium plugin. -->","yoast_head_json":{"title":"MALGR\u00c9 LA MALADIE DE SON ENFANT - Ramatoulaye Di\u00e9dhiou, multir\u00e9cidiviste, retourne en prison pour vol | Nettali.com","robots":{"index":"index","follow":"follow","max-snippet":"max-snippet:-1","max-image-preview":"max-image-preview:large","max-video-preview":"max-video-preview:-1"},"canonical":"https:\/\/www.nettali.com\/2025\/03\/29\/malgre-la-maladie-de-son-enfant-ramatoulaye-diedhiou-multirecidiviste-retourne-en-prison-pour-vol\/","og_locale":"fr_FR","og_type":"article","og_title":"MALGR\u00c9 LA MALADIE DE SON ENFANT - Ramatoulaye Di\u00e9dhiou, multir\u00e9cidiviste, retourne en prison pour vol","og_description":"NETTALI.COM - Pour attendrir le tribunal, Ramatoulaye Di\u00e9dhiou \u00e9voque le cancer de son fils \u00e2g\u00e9 seulement d\u2019un an. Mais cela n\u2019a pas emp\u00each\u00e9 la justice de la condamner \u00e0 un an de prison ferme. M\u00e8re de trois enfants, elle a \u00e9t\u00e9 reconnue coupable de vol de t\u00e9l\u00e9phones portables par le tribunal des flagrants d\u00e9lits de [&hellip;]","og_url":"https:\/\/www.nettali.com\/2025\/03\/29\/malgre-la-maladie-de-son-enfant-ramatoulaye-diedhiou-multirecidiviste-retourne-en-prison-pour-vol\/","og_site_name":"Nettali.com","article_publisher":"https:\/\/www.facebook.com\/nettalicom","article_published_time":"2025-03-29T02:08:41+00:00","og_image":[{"width":976,"height":549,"url":"https:\/\/www.nettali.com\/wp-content\/uploads\/2025\/03\/92100100_senegaljustice-1.jpg","type":"image\/jpeg"}],"twitter_card":"summary_large_image","twitter_misc":{"\u00c9crit par":"CK","Dur\u00e9e de lecture estim\u00e9e":"2 minutes"},"schema":{"@context":"https:\/\/schema.org","@graph":[{"@type":"WebSite","@id":"https:\/\/www.nettali.com\/#website","url":"https:\/\/www.nettali.com\/","name":"Nettali.com","description":"Le rendez-vous critique du Net","potentialAction":[{"@type":"SearchAction","target":{"@type":"EntryPoint","urlTemplate":"https:\/\/www.nettali.com\/?s={search_term_string}"},"query-input":"required name=search_term_string"}],"inLanguage":"fr-FR"},{"@type":"ImageObject","@id":"https:\/\/www.nettali.com\/2025\/03\/29\/malgre-la-maladie-de-son-enfant-ramatoulaye-diedhiou-multirecidiviste-retourne-en-prison-pour-vol\/#primaryimage","inLanguage":"fr-FR","url":"https:\/\/www.nettali.com\/wp-content\/uploads\/2025\/03\/92100100_senegaljustice-1.jpg","contentUrl":"https:\/\/www.nettali.com\/wp-content\/uploads\/2025\/03\/92100100_senegaljustice-1.jpg","width":976,"height":549},{"@type":"WebPage","@id":"https:\/\/www.nettali.com\/2025\/03\/29\/malgre-la-maladie-de-son-enfant-ramatoulaye-diedhiou-multirecidiviste-retourne-en-prison-pour-vol\/#webpage","url":"https:\/\/www.nettali.com\/2025\/03\/29\/malgre-la-maladie-de-son-enfant-ramatoulaye-diedhiou-multirecidiviste-retourne-en-prison-pour-vol\/","name":"MALGR\u00c9 LA MALADIE DE SON ENFANT - Ramatoulaye Di\u00e9dhiou, multir\u00e9cidiviste, retourne en prison pour vol | Nettali.com","isPartOf":{"@id":"https:\/\/www.nettali.com\/#website"},"primaryImageOfPage":{"@id":"https:\/\/www.nettali.com\/2025\/03\/29\/malgre-la-maladie-de-son-enfant-ramatoulaye-diedhiou-multirecidiviste-retourne-en-prison-pour-vol\/#primaryimage"},"datePublished":"2025-03-29T02:08:41+00:00","dateModified":"2025-03-29T02:08:41+00:00","author":{"@id":"https:\/\/www.nettali.com\/#\/schema\/person\/d8ac7b7e27ddad43f1c0d2ef090d7f71"},"breadcrumb":{"@id":"https:\/\/www.nettali.com\/2025\/03\/29\/malgre-la-maladie-de-son-enfant-ramatoulaye-diedhiou-multirecidiviste-retourne-en-prison-pour-vol\/#breadcrumb"},"inLanguage":"fr-FR","potentialAction":[{"@type":"ReadAction","target":["https:\/\/www.nettali.com\/2025\/03\/29\/malgre-la-maladie-de-son-enfant-ramatoulaye-diedhiou-multirecidiviste-retourne-en-prison-pour-vol\/"]}]},{"@type":"BreadcrumbList","@id":"https:\/\/www.nettali.com\/2025\/03\/29\/malgre-la-maladie-de-son-enfant-ramatoulaye-diedhiou-multirecidiviste-retourne-en-prison-pour-vol\/#breadcrumb","itemListElement":[{"@type":"ListItem","position":1,"name":"Accueil","item":"https:\/\/www.nettali.com\/"},{"@type":"ListItem","position":2,"name":"MALGR\u00c9 LA MALADIE DE SON ENFANT - Ramatoulaye Di\u00e9dhiou, multir\u00e9cidiviste, retourne en prison pour vol"}]},{"@type":"Person","@id":"https:\/\/www.nettali.com\/#\/schema\/person\/d8ac7b7e27ddad43f1c0d2ef090d7f71","name":"CK","image":{"@type":"ImageObject","@id":"https:\/\/www.nettali.com\/#personlogo","inLanguage":"fr-FR","url":"https:\/\/secure.gravatar.com\/avatar\/1d8d5118b9327d94da7cd4ce7f17fec2?s=96&d=mm&r=g","contentUrl":"https:\/\/secure.gravatar.com\/avatar\/1d8d5118b9327d94da7cd4ce7f17fec2?s=96&d=mm&r=g","caption":"CK"},"sameAs":["https:\/\/www.nettali.com"]}]}},"_links":{"self":[{"href":"https:\/\/www.nettali.com\/rest\/wp\/v2\/posts\/151480"}],"collection":[{"href":"https:\/\/www.nettali.com\/rest\/wp\/v2\/posts"}],"about":[{"href":"https:\/\/www.nettali.com\/rest\/wp\/v2\/types\/post"}],"author":[{"embeddable":true,"href":"https:\/\/www.nettali.com\/rest\/wp\/v2\/users\/2"}],"replies":[{"embeddable":true,"href":"https:\/\/www.nettali.com\/rest\/wp\/v2\/comments?post=151480"}],"version-history":[{"count":1,"href":"https:\/\/www.nettali.com\/rest\/wp\/v2\/posts\/151480\/revisions"}],"predecessor-version":[{"id":151481,"href":"https:\/\/www.nettali.com\/rest\/wp\/v2\/posts\/151480\/revisions\/151481"}],"wp:featuredmedia":[{"embeddable":true,"href":"https:\/\/www.nettali.com\/rest\/wp\/v2\/media\/151453"}],"wp:attachment":[{"href":"https:\/\/www.nettali.com\/rest\/wp\/v2\/media?parent=151480"}],"wp:term":[{"taxonomy":"category","embeddable":true,"href":"https:\/\/www.nettali.com\/rest\/wp\/v2\/categories?post=151480"},{"taxonomy":"post_tag","embeddable":true,"href":"https:\/\/www.nettali.com\/rest\/wp\/v2\/tags?post=151480"}],"curies":[{"name":"wp","href":"https:\/\/api.w.org\/{rel}","templated":true}]}}