{"id":151447,"date":"2025-03-28T09:28:27","date_gmt":"2025-03-28T09:28:27","guid":{"rendered":"https:\/\/www.nettali.com\/?p=151447"},"modified":"2025-03-28T09:28:27","modified_gmt":"2025-03-28T09:28:27","slug":"proposition-de-loi-interpretative-la-societe-civile-invite-les-deputes-a-surseoir-a-cette-decision","status":"publish","type":"post","link":"https:\/\/www.nettali.com\/2025\/03\/28\/proposition-de-loi-interpretative-la-societe-civile-invite-les-deputes-a-surseoir-a-cette-decision\/","title":{"rendered":"PROPOSITION DE LOI INTERPRETATIVE - La soci\u00e9t\u00e9 civile invite les d\u00e9put\u00e9s \u00e0 surseoir \u00e0 cette d\u00e9cision"},"content":{"rendered":"<p><strong>NETTALI.COM - Dans un communiqu\u00e9 de presse paru ce 26 mars 2025, la soci\u00e9t\u00e9 civile s\u00e9n\u00e9galaise a donn\u00e9 sa position par rapport \u00e0 la proposition de loi portant interpr\u00e9tation de la loi d\u2019amnistie. <\/strong><\/p>\n<p>Dans cette note adress\u00e9e aux autorit\u00e9s \u00e9tatiques, la soci\u00e9t\u00e9 civile fait constater <em>\u00ab l\u2019existence d\u2019un climat tendu autour de la question de l\u2019abrogation ou de l\u2019interpr\u00e9tation de la loi d\u2019amnistie ou de son \u00e9ventuelle abrogation. \u00bb<\/em> D\u00e8s lors, l\u2019inclusion des diff\u00e9rents acteurs sociaux dont les d\u00e9put\u00e9s de la 15 \u00e8me l\u00e9gislature, la soci\u00e9t\u00e9 civile, des autorit\u00e9s judiciaires et religieuses s\u2019impose pour apaiser la tension.<\/p>\n<p>Ainsi, <em>\u00ab\u00a0la soci\u00e9t\u00e9 civile invite l\u2019Assembl\u00e9e nationale \u00e0 surseoir \u00e0 l\u2019examen de la proposition de loi portant interpr\u00e9tation de la loi d\u2019amnistie et \u00e0 favoriser un cadre de concertation autour de la question de l\u2019abrogation ou de l\u2019interpr\u00e9tation de la loi d\u2019amnistie. \u00bb<\/em><br \/>\nPar ailleurs, <em>\u00ab\u00a0la soci\u00e9t\u00e9 civile invite les acteurs politiques et les m\u00e9dias \u00e0 faire preuve de responsabilit\u00e9 dans toute prise de position publique, conform\u00e9ment aux textes en vigueur et dans le strict respect des droits et libert\u00e9s fondamentales des citoyens. \u00bb<\/em><\/p>\n<p>Aussi, <em>\u00ab\u00a0la soci\u00e9t\u00e9 civile reste d\u00e9termin\u00e9e \u00e0 initier toutes actions garantissant la paix sociale et suit avec attention le d\u00e9roulement du processus l\u00e9gislatif autour de la question du maintien, de l\u2019abrogation ou de l\u2019interpr\u00e9tation de la loi d\u2019amnistie\u00a0\u00bb<\/em>.<br \/>\nDans tous les cas, <em>\u00ab\u00a0la soci\u00e9t\u00e9 civile reste soucieuse de voir sanctionner tous les faits de nature criminelle ou correctionnelle couverts par la loi d\u2019amnistie n2024-09, sans aucune distinction et quels qu\u2019en soient les auteurs, dans le respect des conventions et accords internationaux sign\u00e9s et ratifi\u00e9s par l\u2019\u00c9tat du S\u00e9n\u00e9gal. \u00bb<\/em><\/p>\n<div class='share-to-whatsapp-wrapper'><div class='share-on-whsp'>PARTAGER SUR : <\/div><a data-text='PROPOSITION DE LOI INTERPRETATIVE - La soci\u00e9t\u00e9 civile invite les d\u00e9put\u00e9s \u00e0 surseoir \u00e0 cette d\u00e9cision' data-link='https:\/\/www.nettali.com\/2025\/03\/28\/proposition-de-loi-interpretative-la-societe-civile-invite-les-deputes-a-surseoir-a-cette-decision\/' class='whatsapp-button whatsapp-share'>WhatsApp<\/a><div class='clear '><\/div><\/div>","protected":false},"excerpt":{"rendered":"<p>NETTALI.COM - Dans un communiqu\u00e9 de presse paru ce 26 mars 2025, la soci\u00e9t\u00e9 civile s\u00e9n\u00e9galaise a donn\u00e9 sa position par rapport \u00e0 la proposition de loi portant interpr\u00e9tation de la loi d\u2019amnistie. Dans cette note adress\u00e9e aux autorit\u00e9s \u00e9tatiques, la soci\u00e9t\u00e9 civile fait constater \u00ab l\u2019existence d\u2019un climat tendu autour de la question de [&hellip;]<\/p>\n","protected":false},"author":4,"featured_media":114242,"comment_status":"open","ping_status":"open","sticky":false,"template":"","format":"standard","meta":{"_et_pb_use_builder":"","_et_pb_old_content":""},"categories":[2],"tags":[],"yoast_head":"<!-- This site is optimized with the Yoast SEO Premium plugin v17.8 (Yoast SEO v17.8) - https:\/\/yoast.com\/wordpress\/plugins\/seo\/ -->\n<title>PROPOSITION DE LOI INTERPRETATIVE - La soci\u00e9t\u00e9 civile invite les d\u00e9put\u00e9s \u00e0 surseoir \u00e0 cette d\u00e9cision | Nettali.com<\/title>\n<meta name=\"robots\" content=\"index, follow, max-snippet:-1, max-image-preview:large, max-video-preview:-1\" \/>\n<link rel=\"canonical\" href=\"https:\/\/www.nettali.com\/2025\/03\/28\/proposition-de-loi-interpretative-la-societe-civile-invite-les-deputes-a-surseoir-a-cette-decision\/\" \/>\n<meta property=\"og:locale\" content=\"fr_FR\" \/>\n<meta property=\"og:type\" content=\"article\" \/>\n<meta property=\"og:title\" content=\"PROPOSITION DE LOI INTERPRETATIVE - La soci\u00e9t\u00e9 civile invite les d\u00e9put\u00e9s \u00e0 surseoir \u00e0 cette d\u00e9cision\" \/>\n<meta property=\"og:description\" content=\"NETTALI.COM - Dans un communiqu\u00e9 de presse paru ce 26 mars 2025, la soci\u00e9t\u00e9 civile s\u00e9n\u00e9galaise a donn\u00e9 sa position par rapport \u00e0 la proposition de loi portant interpr\u00e9tation de la loi d\u2019amnistie. Dans cette note adress\u00e9e aux autorit\u00e9s \u00e9tatiques, la soci\u00e9t\u00e9 civile fait constater \u00ab l\u2019existence d\u2019un climat tendu autour de la question de [&hellip;]\" \/>\n<meta property=\"og:url\" content=\"https:\/\/www.nettali.com\/2025\/03\/28\/proposition-de-loi-interpretative-la-societe-civile-invite-les-deputes-a-surseoir-a-cette-decision\/\" \/>\n<meta property=\"og:site_name\" content=\"Nettali.com\" \/>\n<meta property=\"article:publisher\" content=\"https:\/\/www.facebook.com\/nettalicom\" \/>\n<meta property=\"article:published_time\" content=\"2025-03-28T09:28:27+00:00\" \/>\n<meta property=\"og:image\" content=\"https:\/\/www.nettali.com\/wp-content\/uploads\/2023\/07\/assemblee_nat_20_0_0.jpg\" \/>\n\t<meta property=\"og:image:width\" content=\"800\" \/>\n\t<meta property=\"og:image:height\" content=\"583\" \/>\n<meta name=\"twitter:card\" content=\"summary_large_image\" \/>\n<meta name=\"twitter:label1\" content=\"\u00c9crit par\" \/>\n\t<meta name=\"twitter:data1\" content=\"Daouda\" \/>\n\t<meta name=\"twitter:label2\" content=\"Dur\u00e9e de lecture estim\u00e9e\" \/>\n\t<meta name=\"twitter:data2\" content=\"2 minutes\" \/>\n<script type=\"application\/ld+json\" class=\"yoast-schema-graph\">{\"@context\":\"https:\/\/schema.org\",\"@graph\":[{\"@type\":\"WebSite\",\"@id\":\"https:\/\/www.nettali.com\/#website\",\"url\":\"https:\/\/www.nettali.com\/\",\"name\":\"Nettali.com\",\"description\":\"Le rendez-vous critique du Net\",\"potentialAction\":[{\"@type\":\"SearchAction\",\"target\":{\"@type\":\"EntryPoint\",\"urlTemplate\":\"https:\/\/www.nettali.com\/?s={search_term_string}\"},\"query-input\":\"required name=search_term_string\"}],\"inLanguage\":\"fr-FR\"},{\"@type\":\"ImageObject\",\"@id\":\"https:\/\/www.nettali.com\/2025\/03\/28\/proposition-de-loi-interpretative-la-societe-civile-invite-les-deputes-a-surseoir-a-cette-decision\/#primaryimage\",\"inLanguage\":\"fr-FR\",\"url\":\"https:\/\/www.nettali.com\/wp-content\/uploads\/2023\/07\/assemblee_nat_20_0_0.jpg\",\"contentUrl\":\"https:\/\/www.nettali.com\/wp-content\/uploads\/2023\/07\/assemblee_nat_20_0_0.jpg\",\"width\":800,\"height\":583},{\"@type\":\"WebPage\",\"@id\":\"https:\/\/www.nettali.com\/2025\/03\/28\/proposition-de-loi-interpretative-la-societe-civile-invite-les-deputes-a-surseoir-a-cette-decision\/#webpage\",\"url\":\"https:\/\/www.nettali.com\/2025\/03\/28\/proposition-de-loi-interpretative-la-societe-civile-invite-les-deputes-a-surseoir-a-cette-decision\/\",\"name\":\"PROPOSITION DE LOI INTERPRETATIVE - La soci\\u00e9t\\u00e9 civile invite les d\\u00e9put\\u00e9s \\u00e0 surseoir \\u00e0 cette d\\u00e9cision | Nettali.com\",\"isPartOf\":{\"@id\":\"https:\/\/www.nettali.com\/#website\"},\"primaryImageOfPage\":{\"@id\":\"https:\/\/www.nettali.com\/2025\/03\/28\/proposition-de-loi-interpretative-la-societe-civile-invite-les-deputes-a-surseoir-a-cette-decision\/#primaryimage\"},\"datePublished\":\"2025-03-28T09:28:27+00:00\",\"dateModified\":\"2025-03-28T09:28:27+00:00\",\"author\":{\"@id\":\"https:\/\/www.nettali.com\/#\/schema\/person\/3317e0bb3aa1da309fbf7b2780901bf4\"},\"breadcrumb\":{\"@id\":\"https:\/\/www.nettali.com\/2025\/03\/28\/proposition-de-loi-interpretative-la-societe-civile-invite-les-deputes-a-surseoir-a-cette-decision\/#breadcrumb\"},\"inLanguage\":\"fr-FR\",\"potentialAction\":[{\"@type\":\"ReadAction\",\"target\":[\"https:\/\/www.nettali.com\/2025\/03\/28\/proposition-de-loi-interpretative-la-societe-civile-invite-les-deputes-a-surseoir-a-cette-decision\/\"]}]},{\"@type\":\"BreadcrumbList\",\"@id\":\"https:\/\/www.nettali.com\/2025\/03\/28\/proposition-de-loi-interpretative-la-societe-civile-invite-les-deputes-a-surseoir-a-cette-decision\/#breadcrumb\",\"itemListElement\":[{\"@type\":\"ListItem\",\"position\":1,\"name\":\"Accueil\",\"item\":\"https:\/\/www.nettali.com\/\"},{\"@type\":\"ListItem\",\"position\":2,\"name\":\"PROPOSITION DE LOI INTERPRETATIVE - La soci\\u00e9t\\u00e9 civile invite les d\\u00e9put\\u00e9s \\u00e0 surseoir \\u00e0 cette d\\u00e9cision\"}]},{\"@type\":\"Person\",\"@id\":\"https:\/\/www.nettali.com\/#\/schema\/person\/3317e0bb3aa1da309fbf7b2780901bf4\",\"name\":\"Daouda\",\"image\":{\"@type\":\"ImageObject\",\"@id\":\"https:\/\/www.nettali.com\/#personlogo\",\"inLanguage\":\"fr-FR\",\"url\":\"https:\/\/secure.gravatar.com\/avatar\/8d143b5a49345098ddcfee1c49c2f47c?s=96&d=mm&r=g\",\"contentUrl\":\"https:\/\/secure.gravatar.com\/avatar\/8d143b5a49345098ddcfee1c49c2f47c?s=96&d=mm&r=g\",\"caption\":\"Daouda\"},\"sameAs\":[\"https:\/\/www.nettali.com\"]}]}<\/script>\n<!-- \/ Yoast SEO Premium plugin. -->","yoast_head_json":{"title":"PROPOSITION DE LOI INTERPRETATIVE - La soci\u00e9t\u00e9 civile invite les d\u00e9put\u00e9s \u00e0 surseoir \u00e0 cette d\u00e9cision | Nettali.com","robots":{"index":"index","follow":"follow","max-snippet":"max-snippet:-1","max-image-preview":"max-image-preview:large","max-video-preview":"max-video-preview:-1"},"canonical":"https:\/\/www.nettali.com\/2025\/03\/28\/proposition-de-loi-interpretative-la-societe-civile-invite-les-deputes-a-surseoir-a-cette-decision\/","og_locale":"fr_FR","og_type":"article","og_title":"PROPOSITION DE LOI INTERPRETATIVE - La soci\u00e9t\u00e9 civile invite les d\u00e9put\u00e9s \u00e0 surseoir \u00e0 cette d\u00e9cision","og_description":"NETTALI.COM - Dans un communiqu\u00e9 de presse paru ce 26 mars 2025, la soci\u00e9t\u00e9 civile s\u00e9n\u00e9galaise a donn\u00e9 sa position par rapport \u00e0 la proposition de loi portant interpr\u00e9tation de la loi d\u2019amnistie. Dans cette note adress\u00e9e aux autorit\u00e9s \u00e9tatiques, la soci\u00e9t\u00e9 civile fait constater \u00ab l\u2019existence d\u2019un climat tendu autour de la question de [&hellip;]","og_url":"https:\/\/www.nettali.com\/2025\/03\/28\/proposition-de-loi-interpretative-la-societe-civile-invite-les-deputes-a-surseoir-a-cette-decision\/","og_site_name":"Nettali.com","article_publisher":"https:\/\/www.facebook.com\/nettalicom","article_published_time":"2025-03-28T09:28:27+00:00","og_image":[{"width":800,"height":583,"url":"https:\/\/www.nettali.com\/wp-content\/uploads\/2023\/07\/assemblee_nat_20_0_0.jpg","type":"image\/jpeg"}],"twitter_card":"summary_large_image","twitter_misc":{"\u00c9crit par":"Daouda","Dur\u00e9e de lecture estim\u00e9e":"2 minutes"},"schema":{"@context":"https:\/\/schema.org","@graph":[{"@type":"WebSite","@id":"https:\/\/www.nettali.com\/#website","url":"https:\/\/www.nettali.com\/","name":"Nettali.com","description":"Le rendez-vous critique du Net","potentialAction":[{"@type":"SearchAction","target":{"@type":"EntryPoint","urlTemplate":"https:\/\/www.nettali.com\/?s={search_term_string}"},"query-input":"required name=search_term_string"}],"inLanguage":"fr-FR"},{"@type":"ImageObject","@id":"https:\/\/www.nettali.com\/2025\/03\/28\/proposition-de-loi-interpretative-la-societe-civile-invite-les-deputes-a-surseoir-a-cette-decision\/#primaryimage","inLanguage":"fr-FR","url":"https:\/\/www.nettali.com\/wp-content\/uploads\/2023\/07\/assemblee_nat_20_0_0.jpg","contentUrl":"https:\/\/www.nettali.com\/wp-content\/uploads\/2023\/07\/assemblee_nat_20_0_0.jpg","width":800,"height":583},{"@type":"WebPage","@id":"https:\/\/www.nettali.com\/2025\/03\/28\/proposition-de-loi-interpretative-la-societe-civile-invite-les-deputes-a-surseoir-a-cette-decision\/#webpage","url":"https:\/\/www.nettali.com\/2025\/03\/28\/proposition-de-loi-interpretative-la-societe-civile-invite-les-deputes-a-surseoir-a-cette-decision\/","name":"PROPOSITION DE LOI INTERPRETATIVE - La soci\u00e9t\u00e9 civile invite les d\u00e9put\u00e9s \u00e0 surseoir \u00e0 cette d\u00e9cision | Nettali.com","isPartOf":{"@id":"https:\/\/www.nettali.com\/#website"},"primaryImageOfPage":{"@id":"https:\/\/www.nettali.com\/2025\/03\/28\/proposition-de-loi-interpretative-la-societe-civile-invite-les-deputes-a-surseoir-a-cette-decision\/#primaryimage"},"datePublished":"2025-03-28T09:28:27+00:00","dateModified":"2025-03-28T09:28:27+00:00","author":{"@id":"https:\/\/www.nettali.com\/#\/schema\/person\/3317e0bb3aa1da309fbf7b2780901bf4"},"breadcrumb":{"@id":"https:\/\/www.nettali.com\/2025\/03\/28\/proposition-de-loi-interpretative-la-societe-civile-invite-les-deputes-a-surseoir-a-cette-decision\/#breadcrumb"},"inLanguage":"fr-FR","potentialAction":[{"@type":"ReadAction","target":["https:\/\/www.nettali.com\/2025\/03\/28\/proposition-de-loi-interpretative-la-societe-civile-invite-les-deputes-a-surseoir-a-cette-decision\/"]}]},{"@type":"BreadcrumbList","@id":"https:\/\/www.nettali.com\/2025\/03\/28\/proposition-de-loi-interpretative-la-societe-civile-invite-les-deputes-a-surseoir-a-cette-decision\/#breadcrumb","itemListElement":[{"@type":"ListItem","position":1,"name":"Accueil","item":"https:\/\/www.nettali.com\/"},{"@type":"ListItem","position":2,"name":"PROPOSITION DE LOI INTERPRETATIVE - La soci\u00e9t\u00e9 civile invite les d\u00e9put\u00e9s \u00e0 surseoir \u00e0 cette d\u00e9cision"}]},{"@type":"Person","@id":"https:\/\/www.nettali.com\/#\/schema\/person\/3317e0bb3aa1da309fbf7b2780901bf4","name":"Daouda","image":{"@type":"ImageObject","@id":"https:\/\/www.nettali.com\/#personlogo","inLanguage":"fr-FR","url":"https:\/\/secure.gravatar.com\/avatar\/8d143b5a49345098ddcfee1c49c2f47c?s=96&d=mm&r=g","contentUrl":"https:\/\/secure.gravatar.com\/avatar\/8d143b5a49345098ddcfee1c49c2f47c?s=96&d=mm&r=g","caption":"Daouda"},"sameAs":["https:\/\/www.nettali.com"]}]}},"_links":{"self":[{"href":"https:\/\/www.nettali.com\/rest\/wp\/v2\/posts\/151447"}],"collection":[{"href":"https:\/\/www.nettali.com\/rest\/wp\/v2\/posts"}],"about":[{"href":"https:\/\/www.nettali.com\/rest\/wp\/v2\/types\/post"}],"author":[{"embeddable":true,"href":"https:\/\/www.nettali.com\/rest\/wp\/v2\/users\/4"}],"replies":[{"embeddable":true,"href":"https:\/\/www.nettali.com\/rest\/wp\/v2\/comments?post=151447"}],"version-history":[{"count":1,"href":"https:\/\/www.nettali.com\/rest\/wp\/v2\/posts\/151447\/revisions"}],"predecessor-version":[{"id":151448,"href":"https:\/\/www.nettali.com\/rest\/wp\/v2\/posts\/151447\/revisions\/151448"}],"wp:featuredmedia":[{"embeddable":true,"href":"https:\/\/www.nettali.com\/rest\/wp\/v2\/media\/114242"}],"wp:attachment":[{"href":"https:\/\/www.nettali.com\/rest\/wp\/v2\/media?parent=151447"}],"wp:term":[{"taxonomy":"category","embeddable":true,"href":"https:\/\/www.nettali.com\/rest\/wp\/v2\/categories?post=151447"},{"taxonomy":"post_tag","embeddable":true,"href":"https:\/\/www.nettali.com\/rest\/wp\/v2\/tags?post=151447"}],"curies":[{"name":"wp","href":"https:\/\/api.w.org\/{rel}","templated":true}]}}