{"id":151362,"date":"2025-03-26T13:16:22","date_gmt":"2025-03-26T13:16:22","guid":{"rendered":"https:\/\/www.nettali.com\/?p=151362"},"modified":"2025-03-26T16:52:22","modified_gmt":"2025-03-26T16:52:22","slug":"senegal-le-fmi-evoque-une-dette-cachee-denviron-7-milliards-de-dollars-entre-2019-et-2024","status":"publish","type":"post","link":"https:\/\/www.nettali.com\/2025\/03\/26\/senegal-le-fmi-evoque-une-dette-cachee-denviron-7-milliards-de-dollars-entre-2019-et-2024\/","title":{"rendered":"SENEGAL -\u00a0 Le FMI \u00e9voque une dette \u00abcach\u00e9e\u00bb d'environ 7 milliards de dollars entre 2019 et 2024"},"content":{"rendered":"<p class=\"t-content__chapo\"><strong>NETTALI.COM - Au S\u00e9n\u00e9gal, le Fonds mon\u00e9taire international affirme qu'entre 2019 et 2024 une dette d\u2019un montant de 7 milliards de dollars environ a \u00e9t\u00e9 \u00ab <em>cach\u00e9e<\/em>\u00a0\u00bb par l'administration Macky Sall, confirmant ainsi les conclusions de la Cour des comptes. Dans son rapport publi\u00e9 en f\u00e9vrier 2025, l'organe pointait une dette sous-\u00e9valu\u00e9e et des manquements dans la gestion des finances du pays.<\/strong><\/p>\n<p><em>\u00ab\u00a0Il y a eu une\u00a0d\u00e9cision tr\u00e8s consciente de sous-estimer le stock de la dette\u00a0\u00bb pendant les cinq derni\u00e8res ann\u00e9es, affirme Eddy Gemayel \u00e0 la t\u00eate de la d\u00e9l\u00e9gation du Fonds mon\u00e9taire international (FMI). \u00ab\u00a0Donc on est d'accord avec\u00a0la conclusion du rapport de la Cour des comptes\u00a0\u00bb<\/em>, continue Eddy Gemayel. Un montant d\u00e9lib\u00e9r\u00e9ment \u00ab\u00a0cach\u00e9\u00a0\u00bb qui s\u2019\u00e9l\u00e8ve \u00e0 environ 7 milliards de dollars, selon l\u2019institution financi\u00e8re et qui correspond \u00e0 la diff\u00e9rence entre les deux estimations de la dette publique. Celle d\u00e9clar\u00e9e sous l\u2019administration Macky Sall \u00e0 plus de 70\u00a0% du produit int\u00e9rieur brut (PIB) et celle calcul\u00e9e par\u00a0la Cour des Comptes\u00a0qui se situe \u00e0 pr\u00e8s de 100\u00a0% du PIB.<\/p>\n<p><em>\u00ab Il y a une sous-estimation. On a une partie de la dette qui a \u00e9t\u00e9 cach\u00e9e et ceci a permis aux autorit\u00e9s de pouvoir s'endetter plus sur les march\u00e9s, de donner un signal plus positif aux march\u00e9s financiers et aussi de pouvoir s'endetter \u00e0 des taux plus favorables que ce que ces taux auraient \u00e9t\u00e9 si la dette \u00e9tait plus \u00e9lev\u00e9e \u00bb<\/em>, explique le chef de la d\u00e9l\u00e9gation du FMI.<\/p>\n<h2>Un montant qui creuse le d\u00e9ficit budg\u00e9taire<\/h2>\n<p>Dans tous les cas de figure,\u00a0c\u2019est un montant tr\u00e8s \u00e9lev\u00e9\u00a0qui creuse le d\u00e9ficit public et qui a provoqu\u00e9 la suspension du pr\u00eat du FMI au S\u00e9n\u00e9gal.\u00a0Ce programme d'aides du FMI au S\u00e9n\u00e9gal, d'un montant de 1,8 milliard d'euros, est suspendu depuis que les nouvelles autorit\u00e9s, arriv\u00e9es au pouvoir il y a un an, ont r\u00e9v\u00e9l\u00e9 en septembre des erreurs dans les chiffres officiels des finances publiques sous l'ex-pr\u00e9sident Macky Sall.<\/p>\n<p>Ce pr\u00eat ne pourra reprendre qu\u2019une fois que les autorit\u00e9s s\u00e9n\u00e9galaises auront identifi\u00e9 quels m\u00e9canismes ont permis de dissimuler la r\u00e9alit\u00e9 de la dette. Il faut \u00e9galement que des mesures correctives soient adopt\u00e9es, assure le FMI, pour \u00e9viter qu\u2019un tel cas ne se reproduise. Avoir un compte unique pour le tr\u00e9sor public par exemple, centraliser aussi les entit\u00e9s en charge de la gestion de la dette.<\/p>\n<p>Le FMI devra ensuite d\u00e9cider dans les semaines qui viennent si le S\u00e9n\u00e9gal d\u00e9croche une d\u00e9rogation ou si l\u2019institution internationale demande \u00e0 Dakar de rembourser ce qui a d\u00e9j\u00e0 \u00e9t\u00e9 pr\u00eat\u00e9 par le FMI avant de reprendre un nouveau programme. La d\u00e9cision sera prise\u00a0\u00e0 Washington, au plus t\u00f4t, d\u00e9but mai.<\/p>\n<div class='share-to-whatsapp-wrapper'><div class='share-on-whsp'>PARTAGER SUR : <\/div><a data-text='SENEGAL -\u00a0 Le FMI \u00e9voque une dette \u00abcach\u00e9e\u00bb d'environ 7 milliards de dollars entre 2019 et 2024' data-link='https:\/\/www.nettali.com\/2025\/03\/26\/senegal-le-fmi-evoque-une-dette-cachee-denviron-7-milliards-de-dollars-entre-2019-et-2024\/' class='whatsapp-button whatsapp-share'>WhatsApp<\/a><div class='clear '><\/div><\/div>","protected":false},"excerpt":{"rendered":"<p>NETTALI.COM - Au S\u00e9n\u00e9gal, le Fonds mon\u00e9taire international affirme qu'entre 2019 et 2024 une dette d\u2019un montant de 7 milliards de dollars environ a \u00e9t\u00e9 \u00ab cach\u00e9e\u00a0\u00bb par l'administration Macky Sall, confirmant ainsi les conclusions de la Cour des comptes. Dans son rapport publi\u00e9 en f\u00e9vrier 2025, l'organe pointait une dette sous-\u00e9valu\u00e9e et des manquements [&hellip;]<\/p>\n","protected":false},"author":4,"featured_media":151363,"comment_status":"open","ping_status":"open","sticky":false,"template":"","format":"standard","meta":{"_et_pb_use_builder":"","_et_pb_old_content":""},"categories":[4],"tags":[],"yoast_head":"<!-- This site is optimized with the Yoast SEO Premium plugin v17.8 (Yoast SEO v17.8) - https:\/\/yoast.com\/wordpress\/plugins\/seo\/ -->\n<title>SENEGAL -\u00a0 Le FMI \u00e9voque une dette \u00abcach\u00e9e\u00bb d&#039;environ 7 milliards de dollars entre 2019 et 2024 | Nettali.com<\/title>\n<meta name=\"robots\" content=\"index, follow, max-snippet:-1, max-image-preview:large, max-video-preview:-1\" \/>\n<link rel=\"canonical\" href=\"https:\/\/www.nettali.com\/2025\/03\/26\/senegal-le-fmi-evoque-une-dette-cachee-denviron-7-milliards-de-dollars-entre-2019-et-2024\/\" \/>\n<meta property=\"og:locale\" content=\"fr_FR\" \/>\n<meta property=\"og:type\" content=\"article\" \/>\n<meta property=\"og:title\" content=\"SENEGAL -\u00a0 Le FMI \u00e9voque une dette \u00abcach\u00e9e\u00bb d&#039;environ 7 milliards de dollars entre 2019 et 2024\" \/>\n<meta property=\"og:description\" content=\"NETTALI.COM - Au S\u00e9n\u00e9gal, le Fonds mon\u00e9taire international affirme qu&#039;entre 2019 et 2024 une dette d\u2019un montant de 7 milliards de dollars environ a \u00e9t\u00e9 \u00ab cach\u00e9e\u00a0\u00bb par l&#039;administration Macky Sall, confirmant ainsi les conclusions de la Cour des comptes. Dans son rapport publi\u00e9 en f\u00e9vrier 2025, l&#039;organe pointait une dette sous-\u00e9valu\u00e9e et des manquements [&hellip;]\" \/>\n<meta property=\"og:url\" content=\"https:\/\/www.nettali.com\/2025\/03\/26\/senegal-le-fmi-evoque-une-dette-cachee-denviron-7-milliards-de-dollars-entre-2019-et-2024\/\" \/>\n<meta property=\"og:site_name\" content=\"Nettali.com\" \/>\n<meta property=\"article:publisher\" content=\"https:\/\/www.facebook.com\/nettalicom\" \/>\n<meta property=\"article:published_time\" content=\"2025-03-26T13:16:22+00:00\" \/>\n<meta property=\"article:modified_time\" content=\"2025-03-26T16:52:22+00:00\" \/>\n<meta property=\"og:image\" content=\"https:\/\/www.nettali.com\/wp-content\/uploads\/2025\/03\/Capture-de\u0301cran-2025-03-26-a\u0300-13.04.26.png\" \/>\n\t<meta property=\"og:image:width\" content=\"994\" \/>\n\t<meta property=\"og:image:height\" content=\"560\" \/>\n<meta name=\"twitter:card\" content=\"summary_large_image\" \/>\n<meta name=\"twitter:label1\" content=\"\u00c9crit par\" \/>\n\t<meta name=\"twitter:data1\" content=\"Daouda\" \/>\n\t<meta name=\"twitter:label2\" content=\"Dur\u00e9e de lecture estim\u00e9e\" \/>\n\t<meta name=\"twitter:data2\" content=\"3 minutes\" \/>\n<script type=\"application\/ld+json\" class=\"yoast-schema-graph\">{\"@context\":\"https:\/\/schema.org\",\"@graph\":[{\"@type\":\"WebSite\",\"@id\":\"https:\/\/www.nettali.com\/#website\",\"url\":\"https:\/\/www.nettali.com\/\",\"name\":\"Nettali.com\",\"description\":\"Le rendez-vous critique du Net\",\"potentialAction\":[{\"@type\":\"SearchAction\",\"target\":{\"@type\":\"EntryPoint\",\"urlTemplate\":\"https:\/\/www.nettali.com\/?s={search_term_string}\"},\"query-input\":\"required name=search_term_string\"}],\"inLanguage\":\"fr-FR\"},{\"@type\":\"ImageObject\",\"@id\":\"https:\/\/www.nettali.com\/2025\/03\/26\/senegal-le-fmi-evoque-une-dette-cachee-denviron-7-milliards-de-dollars-entre-2019-et-2024\/#primaryimage\",\"inLanguage\":\"fr-FR\",\"url\":\"https:\/\/www.nettali.com\/wp-content\/uploads\/2025\/03\/Capture-de\\u0301cran-2025-03-26-a\\u0300-13.04.26.png\",\"contentUrl\":\"https:\/\/www.nettali.com\/wp-content\/uploads\/2025\/03\/Capture-de\\u0301cran-2025-03-26-a\\u0300-13.04.26.png\",\"width\":994,\"height\":560},{\"@type\":\"WebPage\",\"@id\":\"https:\/\/www.nettali.com\/2025\/03\/26\/senegal-le-fmi-evoque-une-dette-cachee-denviron-7-milliards-de-dollars-entre-2019-et-2024\/#webpage\",\"url\":\"https:\/\/www.nettali.com\/2025\/03\/26\/senegal-le-fmi-evoque-une-dette-cachee-denviron-7-milliards-de-dollars-entre-2019-et-2024\/\",\"name\":\"SENEGAL -\\u00a0 Le FMI \\u00e9voque une dette \\u00abcach\\u00e9e\\u00bb d'environ 7 milliards de dollars entre 2019 et 2024 | Nettali.com\",\"isPartOf\":{\"@id\":\"https:\/\/www.nettali.com\/#website\"},\"primaryImageOfPage\":{\"@id\":\"https:\/\/www.nettali.com\/2025\/03\/26\/senegal-le-fmi-evoque-une-dette-cachee-denviron-7-milliards-de-dollars-entre-2019-et-2024\/#primaryimage\"},\"datePublished\":\"2025-03-26T13:16:22+00:00\",\"dateModified\":\"2025-03-26T16:52:22+00:00\",\"author\":{\"@id\":\"https:\/\/www.nettali.com\/#\/schema\/person\/3317e0bb3aa1da309fbf7b2780901bf4\"},\"breadcrumb\":{\"@id\":\"https:\/\/www.nettali.com\/2025\/03\/26\/senegal-le-fmi-evoque-une-dette-cachee-denviron-7-milliards-de-dollars-entre-2019-et-2024\/#breadcrumb\"},\"inLanguage\":\"fr-FR\",\"potentialAction\":[{\"@type\":\"ReadAction\",\"target\":[\"https:\/\/www.nettali.com\/2025\/03\/26\/senegal-le-fmi-evoque-une-dette-cachee-denviron-7-milliards-de-dollars-entre-2019-et-2024\/\"]}]},{\"@type\":\"BreadcrumbList\",\"@id\":\"https:\/\/www.nettali.com\/2025\/03\/26\/senegal-le-fmi-evoque-une-dette-cachee-denviron-7-milliards-de-dollars-entre-2019-et-2024\/#breadcrumb\",\"itemListElement\":[{\"@type\":\"ListItem\",\"position\":1,\"name\":\"Accueil\",\"item\":\"https:\/\/www.nettali.com\/\"},{\"@type\":\"ListItem\",\"position\":2,\"name\":\"SENEGAL -\\u00a0 Le FMI \\u00e9voque une dette \\u00abcach\\u00e9e\\u00bb d'environ 7 milliards de dollars entre 2019 et 2024\"}]},{\"@type\":\"Person\",\"@id\":\"https:\/\/www.nettali.com\/#\/schema\/person\/3317e0bb3aa1da309fbf7b2780901bf4\",\"name\":\"Daouda\",\"image\":{\"@type\":\"ImageObject\",\"@id\":\"https:\/\/www.nettali.com\/#personlogo\",\"inLanguage\":\"fr-FR\",\"url\":\"https:\/\/secure.gravatar.com\/avatar\/8d143b5a49345098ddcfee1c49c2f47c?s=96&d=mm&r=g\",\"contentUrl\":\"https:\/\/secure.gravatar.com\/avatar\/8d143b5a49345098ddcfee1c49c2f47c?s=96&d=mm&r=g\",\"caption\":\"Daouda\"},\"sameAs\":[\"https:\/\/www.nettali.com\"]}]}<\/script>\n<!-- \/ Yoast SEO Premium plugin. -->","yoast_head_json":{"title":"SENEGAL -\u00a0 Le FMI \u00e9voque une dette \u00abcach\u00e9e\u00bb d'environ 7 milliards de dollars entre 2019 et 2024 | Nettali.com","robots":{"index":"index","follow":"follow","max-snippet":"max-snippet:-1","max-image-preview":"max-image-preview:large","max-video-preview":"max-video-preview:-1"},"canonical":"https:\/\/www.nettali.com\/2025\/03\/26\/senegal-le-fmi-evoque-une-dette-cachee-denviron-7-milliards-de-dollars-entre-2019-et-2024\/","og_locale":"fr_FR","og_type":"article","og_title":"SENEGAL -\u00a0 Le FMI \u00e9voque une dette \u00abcach\u00e9e\u00bb d'environ 7 milliards de dollars entre 2019 et 2024","og_description":"NETTALI.COM - Au S\u00e9n\u00e9gal, le Fonds mon\u00e9taire international affirme qu'entre 2019 et 2024 une dette d\u2019un montant de 7 milliards de dollars environ a \u00e9t\u00e9 \u00ab cach\u00e9e\u00a0\u00bb par l'administration Macky Sall, confirmant ainsi les conclusions de la Cour des comptes. Dans son rapport publi\u00e9 en f\u00e9vrier 2025, l'organe pointait une dette sous-\u00e9valu\u00e9e et des manquements [&hellip;]","og_url":"https:\/\/www.nettali.com\/2025\/03\/26\/senegal-le-fmi-evoque-une-dette-cachee-denviron-7-milliards-de-dollars-entre-2019-et-2024\/","og_site_name":"Nettali.com","article_publisher":"https:\/\/www.facebook.com\/nettalicom","article_published_time":"2025-03-26T13:16:22+00:00","article_modified_time":"2025-03-26T16:52:22+00:00","og_image":[{"width":994,"height":560,"url":"https:\/\/www.nettali.com\/wp-content\/uploads\/2025\/03\/Capture-de\u0301cran-2025-03-26-a\u0300-13.04.26.png","type":"image\/png"}],"twitter_card":"summary_large_image","twitter_misc":{"\u00c9crit par":"Daouda","Dur\u00e9e de lecture estim\u00e9e":"3 minutes"},"schema":{"@context":"https:\/\/schema.org","@graph":[{"@type":"WebSite","@id":"https:\/\/www.nettali.com\/#website","url":"https:\/\/www.nettali.com\/","name":"Nettali.com","description":"Le rendez-vous critique du Net","potentialAction":[{"@type":"SearchAction","target":{"@type":"EntryPoint","urlTemplate":"https:\/\/www.nettali.com\/?s={search_term_string}"},"query-input":"required name=search_term_string"}],"inLanguage":"fr-FR"},{"@type":"ImageObject","@id":"https:\/\/www.nettali.com\/2025\/03\/26\/senegal-le-fmi-evoque-une-dette-cachee-denviron-7-milliards-de-dollars-entre-2019-et-2024\/#primaryimage","inLanguage":"fr-FR","url":"https:\/\/www.nettali.com\/wp-content\/uploads\/2025\/03\/Capture-de\u0301cran-2025-03-26-a\u0300-13.04.26.png","contentUrl":"https:\/\/www.nettali.com\/wp-content\/uploads\/2025\/03\/Capture-de\u0301cran-2025-03-26-a\u0300-13.04.26.png","width":994,"height":560},{"@type":"WebPage","@id":"https:\/\/www.nettali.com\/2025\/03\/26\/senegal-le-fmi-evoque-une-dette-cachee-denviron-7-milliards-de-dollars-entre-2019-et-2024\/#webpage","url":"https:\/\/www.nettali.com\/2025\/03\/26\/senegal-le-fmi-evoque-une-dette-cachee-denviron-7-milliards-de-dollars-entre-2019-et-2024\/","name":"SENEGAL -\u00a0 Le FMI \u00e9voque une dette \u00abcach\u00e9e\u00bb d'environ 7 milliards de dollars entre 2019 et 2024 | Nettali.com","isPartOf":{"@id":"https:\/\/www.nettali.com\/#website"},"primaryImageOfPage":{"@id":"https:\/\/www.nettali.com\/2025\/03\/26\/senegal-le-fmi-evoque-une-dette-cachee-denviron-7-milliards-de-dollars-entre-2019-et-2024\/#primaryimage"},"datePublished":"2025-03-26T13:16:22+00:00","dateModified":"2025-03-26T16:52:22+00:00","author":{"@id":"https:\/\/www.nettali.com\/#\/schema\/person\/3317e0bb3aa1da309fbf7b2780901bf4"},"breadcrumb":{"@id":"https:\/\/www.nettali.com\/2025\/03\/26\/senegal-le-fmi-evoque-une-dette-cachee-denviron-7-milliards-de-dollars-entre-2019-et-2024\/#breadcrumb"},"inLanguage":"fr-FR","potentialAction":[{"@type":"ReadAction","target":["https:\/\/www.nettali.com\/2025\/03\/26\/senegal-le-fmi-evoque-une-dette-cachee-denviron-7-milliards-de-dollars-entre-2019-et-2024\/"]}]},{"@type":"BreadcrumbList","@id":"https:\/\/www.nettali.com\/2025\/03\/26\/senegal-le-fmi-evoque-une-dette-cachee-denviron-7-milliards-de-dollars-entre-2019-et-2024\/#breadcrumb","itemListElement":[{"@type":"ListItem","position":1,"name":"Accueil","item":"https:\/\/www.nettali.com\/"},{"@type":"ListItem","position":2,"name":"SENEGAL -\u00a0 Le FMI \u00e9voque une dette \u00abcach\u00e9e\u00bb d'environ 7 milliards de dollars entre 2019 et 2024"}]},{"@type":"Person","@id":"https:\/\/www.nettali.com\/#\/schema\/person\/3317e0bb3aa1da309fbf7b2780901bf4","name":"Daouda","image":{"@type":"ImageObject","@id":"https:\/\/www.nettali.com\/#personlogo","inLanguage":"fr-FR","url":"https:\/\/secure.gravatar.com\/avatar\/8d143b5a49345098ddcfee1c49c2f47c?s=96&d=mm&r=g","contentUrl":"https:\/\/secure.gravatar.com\/avatar\/8d143b5a49345098ddcfee1c49c2f47c?s=96&d=mm&r=g","caption":"Daouda"},"sameAs":["https:\/\/www.nettali.com"]}]}},"_links":{"self":[{"href":"https:\/\/www.nettali.com\/rest\/wp\/v2\/posts\/151362"}],"collection":[{"href":"https:\/\/www.nettali.com\/rest\/wp\/v2\/posts"}],"about":[{"href":"https:\/\/www.nettali.com\/rest\/wp\/v2\/types\/post"}],"author":[{"embeddable":true,"href":"https:\/\/www.nettali.com\/rest\/wp\/v2\/users\/4"}],"replies":[{"embeddable":true,"href":"https:\/\/www.nettali.com\/rest\/wp\/v2\/comments?post=151362"}],"version-history":[{"count":2,"href":"https:\/\/www.nettali.com\/rest\/wp\/v2\/posts\/151362\/revisions"}],"predecessor-version":[{"id":151370,"href":"https:\/\/www.nettali.com\/rest\/wp\/v2\/posts\/151362\/revisions\/151370"}],"wp:featuredmedia":[{"embeddable":true,"href":"https:\/\/www.nettali.com\/rest\/wp\/v2\/media\/151363"}],"wp:attachment":[{"href":"https:\/\/www.nettali.com\/rest\/wp\/v2\/media?parent=151362"}],"wp:term":[{"taxonomy":"category","embeddable":true,"href":"https:\/\/www.nettali.com\/rest\/wp\/v2\/categories?post=151362"},{"taxonomy":"post_tag","embeddable":true,"href":"https:\/\/www.nettali.com\/rest\/wp\/v2\/tags?post=151362"}],"curies":[{"name":"wp","href":"https:\/\/api.w.org\/{rel}","templated":true}]}}