{"id":151297,"date":"2025-03-25T09:53:29","date_gmt":"2025-03-25T09:53:29","guid":{"rendered":"https:\/\/www.nettali.com\/?p=151297"},"modified":"2025-03-26T05:59:32","modified_gmt":"2025-03-26T05:59:32","slug":"polemique-autour-de-la-loi-damnistie-tas-parle-denfumage-juridique-et-dembobinage-par-le-patef","status":"publish","type":"post","link":"https:\/\/www.nettali.com\/2025\/03\/25\/polemique-autour-de-la-loi-damnistie-tas-parle-denfumage-juridique-et-dembobinage-par-le-patef\/","title":{"rendered":"POL\u00c9MIQUE AUTOUR DE LA LOI D'AMNISTIE - TAS parle \"d'enfumage juridique\" et d'\"embobinage\" par le Patef"},"content":{"rendered":"<p><strong>NETTALI.COM - L'ex-ministre Thierno Alassane Sall d\u00e9nonce une \u201ctromperie\u201d de la part du Pastef concernant la loi d'amnistie de 2024. Il accuse le parti au pouvoir d'avoir \u201centi\u00e8rement r\u00e9\u00e9crit\u201d le texte initial et critique l'expos\u00e9 des motifs, qu'il qualifie d'\u201denfumage juridique\u201d. TAS remet en cause la comp\u00e9tence des juristes du Pastef et affirme que la loi d'amnistie est \u201cexacte et claire\u201d.<\/strong><\/p>\n<p>La controverse se poursuit sur la sc\u00e8ne politique, suite \u00e0 la proposition de loi du Pastef portant interpr\u00e9tation de la loi d'amnistie de 2024. Le leader de la R\u00e9publique des valeurs (RDV) Thierno Alassane Sall, dans un texte incisif, d\u00e9nonce une \u201ctromperie\u201d de la part du parti au pouvoir. En effet, il s'insurge contre les modifications apport\u00e9es au texte initial.<\/p>\n<p>Selon lui, la proposition de loi aurait \u00e9t\u00e9 \u201centi\u00e8rement r\u00e9\u00e9crite\u201d par le d\u00e9put\u00e9 Amadou Ba, porteur du texte. TAS souligne que le texte initial, qui avait re\u00e7u un avis favorable du pr\u00e9sident Bassirou Diomaye Faye, aurait ainsi \u201c<em>compl\u00e8tement disparu dans le fond au profit d'une nouvelle version<\/em>\u201d.<\/p>\n<p>L'ancien ministre n'h\u00e9site pas \u00e0 employer des termes forts pour qualifier la d\u00e9marche du Pastef. Il accuse le parti de \u201ctromperie\u201d et d'une volont\u00e9 de \u201c<em>justice \u00e0 deux vitesses<\/em>\u201d. TAS estime que le nouvel expos\u00e9 des motifs rel\u00e8ve de \u201cl<em>'enfumage juridique<\/em>\u201d et que l'interpr\u00e9tation propos\u00e9e, constitue un \u201cembobinage\u201d.<\/p>\n<p>Le d\u00e9bat s\u00e9mantique sur l'abrogation est \u00e9galement point\u00e9 du doigt, Pastef \u00e9tant accus\u00e9 d'ignorer le sens de ce terme en droit constitutionnel. L'expos\u00e9 des motifs, partie essentielle d'un texte de loi, est particuli\u00e8rement cibl\u00e9. Thierno Alassane Sall trouve \u201cmaladroite\u201d la mention de jurisprudences \u00e9trang\u00e8res, jug\u00e9es \u201cinutiles\u201d et n'apportant \u201caucune information nouvelle\u201d applicable au S\u00e9n\u00e9gal.<\/p>\n<p>Il reproche \u00e0 Pastef de confondre \u201c<em>expos\u00e9 des motifs d'une loi<\/em>\u201d et \u201cnote explicative d'une loi\u201d. Il n'h\u00e9site pas \u00e0 parler de \u201cjuristes Gondwanais\u201d pour qualifier les auteurs de la proposition. L'argumentaire du Pastef, qui justifie la loi interpr\u00e9tative par une pr\u00e9tendue ambigu\u00eft\u00e9 de la loi d'amnistie de 2024, est \u00e9galement contest\u00e9. Le d\u00e9put\u00e9 non-inscrit accuse Pastef d'entretenir \u201csciemment une confusion\u201d entre son souhait d'une amnistie partielle et le contenu \u201cexact et clair\u201d de la loi d'amnistie, qui serait une amnistie totale. Il rappelle un \u00e9change en pl\u00e9ni\u00e8re o\u00f9 le ministre de la Justice avait affirm\u00e9 la clart\u00e9 de la loi, pour appuyer sa th\u00e8se. Le maintien de l'amnistie pour des \u201ccriminels pr\u00e9sum\u00e9s\u201d est l'un des points les plus controvers\u00e9s. L'article 1er de la nouvelle proposition de loi interpr\u00e9tative est critiqu\u00e9 pour introduire de \u201cl'ambigu\u00eft\u00e9\u201d dans la loi d'amnistie, qui \u00e9tait jug\u00e9e claire initialement.<\/p>\n<p>TAS craint que cette nouvelle interpr\u00e9tation ne complique davantage la loi et ne permette \u00e0 des criminels d'\u00e9chapper \u00e0 la justice. Il s'interroge notamment sur le sort des personnes ayant commis des actes de violence lors de manifestations.<\/p>\n<p>Pastef est \u00e9galement accus\u00e9 d'\u201dignorance\u201d du sens de l'abrogation en droit constitutionnel. Sall estime que le parti s'accroche \u00e0 un \u201cd\u00e9bat s\u00e9mantique\u201d qu'il ne ma\u00eetriserait pas, confondant l'abrogation en droit administratif et en droit constitutionnel.<\/p>\n<p>TAS rappelle que l'abrogation en droit constitutionnel n'a pas la m\u00eame signification qu'en droit administratif et qu'une loi portant abrogation peut r\u00e9troagir. Il r\u00e9fute ainsi l'argument du Pastef selon lequel l'abrogation ne vaudrait que pour l'avenir. Enfin, la proposition de loi du Pastef est qualifi\u00e9e de \u201cfaussement interpr\u00e9tative\u201d. Monsieur Sall estime que le texte ne se contente pas de pr\u00e9ciser la loi d'amnistie, mais la \u201cr\u00e9\u00e9crit totalement\u201d, constituant en r\u00e9alit\u00e9 une modification de la loi. Cette modification se heurterait, selon lui, au principe de non-r\u00e9troactivit\u00e9 de la loi. Il cite la jurisprudence de la Cour de cassation fran\u00e7aise pour appuyer son argumentaire. TAS affirme que Pastef persiste dans sa volont\u00e9 d'une \u201cabrogation partielle\u201d de l'amnistie, alors que les S\u00e9n\u00e9-galais r\u00e9clament une \u201cabrogation totale\u201d. Il estime que le droit international, le droit communautaire et le droit constitutionnel s\u00e9n\u00e9galais ne s'opposent pas \u00e0 une abrogation totale et accuse Pastef de \u201ctromperie et (de) manipulation\u201d. Le d\u00e9put\u00e9 rappelle que \u201cles principes du droit p\u00e9nal prot\u00e8gent principalement les victimes au d\u00e9triment des bourreaux\u201d.<\/p>\n<div class='share-to-whatsapp-wrapper'><div class='share-on-whsp'>PARTAGER SUR : <\/div><a data-text='POL\u00c9MIQUE AUTOUR DE LA LOI D'AMNISTIE - TAS parle \"d'enfumage juridique\" et d'\"embobinage\" par le Patef' data-link='https:\/\/www.nettali.com\/2025\/03\/25\/polemique-autour-de-la-loi-damnistie-tas-parle-denfumage-juridique-et-dembobinage-par-le-patef\/' class='whatsapp-button whatsapp-share'>WhatsApp<\/a><div class='clear '><\/div><\/div>","protected":false},"excerpt":{"rendered":"<p>NETTALI.COM - L'ex-ministre Thierno Alassane Sall d\u00e9nonce une \u201ctromperie\u201d de la part du Pastef concernant la loi d'amnistie de 2024. Il accuse le parti au pouvoir d'avoir \u201centi\u00e8rement r\u00e9\u00e9crit\u201d le texte initial et critique l'expos\u00e9 des motifs, qu'il qualifie d'\u201denfumage juridique\u201d. TAS remet en cause la comp\u00e9tence des juristes du Pastef et affirme que la [&hellip;]<\/p>\n","protected":false},"author":2,"featured_media":149502,"comment_status":"open","ping_status":"open","sticky":false,"template":"","format":"standard","meta":{"_et_pb_use_builder":"","_et_pb_old_content":""},"categories":[2],"tags":[],"yoast_head":"<!-- This site is optimized with the Yoast SEO Premium plugin v17.8 (Yoast SEO v17.8) - https:\/\/yoast.com\/wordpress\/plugins\/seo\/ -->\n<title>POL\u00c9MIQUE AUTOUR DE LA LOI D&#039;AMNISTIE - TAS parle &quot;d&#039;enfumage juridique&quot; et d&#039;&quot;embobinage&quot; par le Patef | Nettali.com<\/title>\n<meta name=\"robots\" content=\"index, follow, max-snippet:-1, max-image-preview:large, max-video-preview:-1\" \/>\n<link rel=\"canonical\" href=\"https:\/\/www.nettali.com\/2025\/03\/25\/polemique-autour-de-la-loi-damnistie-tas-parle-denfumage-juridique-et-dembobinage-par-le-patef\/\" \/>\n<meta property=\"og:locale\" content=\"fr_FR\" \/>\n<meta property=\"og:type\" content=\"article\" \/>\n<meta property=\"og:title\" content=\"POL\u00c9MIQUE AUTOUR DE LA LOI D&#039;AMNISTIE - TAS parle &quot;d&#039;enfumage juridique&quot; et d&#039;&quot;embobinage&quot; par le Patef\" \/>\n<meta property=\"og:description\" content=\"NETTALI.COM - L&#039;ex-ministre Thierno Alassane Sall d\u00e9nonce une \u201ctromperie\u201d de la part du Pastef concernant la loi d&#039;amnistie de 2024. Il accuse le parti au pouvoir d&#039;avoir \u201centi\u00e8rement r\u00e9\u00e9crit\u201d le texte initial et critique l&#039;expos\u00e9 des motifs, qu&#039;il qualifie d&#039;\u201denfumage juridique\u201d. TAS remet en cause la comp\u00e9tence des juristes du Pastef et affirme que la [&hellip;]\" \/>\n<meta property=\"og:url\" content=\"https:\/\/www.nettali.com\/2025\/03\/25\/polemique-autour-de-la-loi-damnistie-tas-parle-denfumage-juridique-et-dembobinage-par-le-patef\/\" \/>\n<meta property=\"og:site_name\" content=\"Nettali.com\" \/>\n<meta property=\"article:publisher\" content=\"https:\/\/www.facebook.com\/nettalicom\" \/>\n<meta property=\"article:published_time\" content=\"2025-03-25T09:53:29+00:00\" \/>\n<meta property=\"article:modified_time\" content=\"2025-03-26T05:59:32+00:00\" \/>\n<meta property=\"og:image\" content=\"https:\/\/www.nettali.com\/wp-content\/uploads\/2025\/02\/tas.jpg\" \/>\n\t<meta property=\"og:image:width\" content=\"1499\" \/>\n\t<meta property=\"og:image:height\" content=\"778\" \/>\n<meta name=\"twitter:card\" content=\"summary_large_image\" \/>\n<meta name=\"twitter:label1\" content=\"\u00c9crit par\" \/>\n\t<meta name=\"twitter:data1\" content=\"CK\" \/>\n\t<meta name=\"twitter:label2\" content=\"Dur\u00e9e de lecture estim\u00e9e\" \/>\n\t<meta name=\"twitter:data2\" content=\"4 minutes\" \/>\n<script type=\"application\/ld+json\" class=\"yoast-schema-graph\">{\"@context\":\"https:\/\/schema.org\",\"@graph\":[{\"@type\":\"WebSite\",\"@id\":\"https:\/\/www.nettali.com\/#website\",\"url\":\"https:\/\/www.nettali.com\/\",\"name\":\"Nettali.com\",\"description\":\"Le rendez-vous critique du Net\",\"potentialAction\":[{\"@type\":\"SearchAction\",\"target\":{\"@type\":\"EntryPoint\",\"urlTemplate\":\"https:\/\/www.nettali.com\/?s={search_term_string}\"},\"query-input\":\"required name=search_term_string\"}],\"inLanguage\":\"fr-FR\"},{\"@type\":\"ImageObject\",\"@id\":\"https:\/\/www.nettali.com\/2025\/03\/25\/polemique-autour-de-la-loi-damnistie-tas-parle-denfumage-juridique-et-dembobinage-par-le-patef\/#primaryimage\",\"inLanguage\":\"fr-FR\",\"url\":\"https:\/\/www.nettali.com\/wp-content\/uploads\/2025\/02\/tas.jpg\",\"contentUrl\":\"https:\/\/www.nettali.com\/wp-content\/uploads\/2025\/02\/tas.jpg\",\"width\":1499,\"height\":778},{\"@type\":\"WebPage\",\"@id\":\"https:\/\/www.nettali.com\/2025\/03\/25\/polemique-autour-de-la-loi-damnistie-tas-parle-denfumage-juridique-et-dembobinage-par-le-patef\/#webpage\",\"url\":\"https:\/\/www.nettali.com\/2025\/03\/25\/polemique-autour-de-la-loi-damnistie-tas-parle-denfumage-juridique-et-dembobinage-par-le-patef\/\",\"name\":\"POL\\u00c9MIQUE AUTOUR DE LA LOI D'AMNISTIE - TAS parle \\\"d'enfumage juridique\\\" et d'\\\"embobinage\\\" par le Patef | Nettali.com\",\"isPartOf\":{\"@id\":\"https:\/\/www.nettali.com\/#website\"},\"primaryImageOfPage\":{\"@id\":\"https:\/\/www.nettali.com\/2025\/03\/25\/polemique-autour-de-la-loi-damnistie-tas-parle-denfumage-juridique-et-dembobinage-par-le-patef\/#primaryimage\"},\"datePublished\":\"2025-03-25T09:53:29+00:00\",\"dateModified\":\"2025-03-26T05:59:32+00:00\",\"author\":{\"@id\":\"https:\/\/www.nettali.com\/#\/schema\/person\/d8ac7b7e27ddad43f1c0d2ef090d7f71\"},\"breadcrumb\":{\"@id\":\"https:\/\/www.nettali.com\/2025\/03\/25\/polemique-autour-de-la-loi-damnistie-tas-parle-denfumage-juridique-et-dembobinage-par-le-patef\/#breadcrumb\"},\"inLanguage\":\"fr-FR\",\"potentialAction\":[{\"@type\":\"ReadAction\",\"target\":[\"https:\/\/www.nettali.com\/2025\/03\/25\/polemique-autour-de-la-loi-damnistie-tas-parle-denfumage-juridique-et-dembobinage-par-le-patef\/\"]}]},{\"@type\":\"BreadcrumbList\",\"@id\":\"https:\/\/www.nettali.com\/2025\/03\/25\/polemique-autour-de-la-loi-damnistie-tas-parle-denfumage-juridique-et-dembobinage-par-le-patef\/#breadcrumb\",\"itemListElement\":[{\"@type\":\"ListItem\",\"position\":1,\"name\":\"Accueil\",\"item\":\"https:\/\/www.nettali.com\/\"},{\"@type\":\"ListItem\",\"position\":2,\"name\":\"POL\\u00c9MIQUE AUTOUR DE LA LOI D'AMNISTIE - TAS parle \\\"d'enfumage juridique\\\" et d'\\\"embobinage\\\" par le Patef\"}]},{\"@type\":\"Person\",\"@id\":\"https:\/\/www.nettali.com\/#\/schema\/person\/d8ac7b7e27ddad43f1c0d2ef090d7f71\",\"name\":\"CK\",\"image\":{\"@type\":\"ImageObject\",\"@id\":\"https:\/\/www.nettali.com\/#personlogo\",\"inLanguage\":\"fr-FR\",\"url\":\"https:\/\/secure.gravatar.com\/avatar\/1d8d5118b9327d94da7cd4ce7f17fec2?s=96&d=mm&r=g\",\"contentUrl\":\"https:\/\/secure.gravatar.com\/avatar\/1d8d5118b9327d94da7cd4ce7f17fec2?s=96&d=mm&r=g\",\"caption\":\"CK\"},\"sameAs\":[\"https:\/\/www.nettali.com\"]}]}<\/script>\n<!-- \/ Yoast SEO Premium plugin. -->","yoast_head_json":{"title":"POL\u00c9MIQUE AUTOUR DE LA LOI D'AMNISTIE - TAS parle \"d'enfumage juridique\" et d'\"embobinage\" par le Patef | Nettali.com","robots":{"index":"index","follow":"follow","max-snippet":"max-snippet:-1","max-image-preview":"max-image-preview:large","max-video-preview":"max-video-preview:-1"},"canonical":"https:\/\/www.nettali.com\/2025\/03\/25\/polemique-autour-de-la-loi-damnistie-tas-parle-denfumage-juridique-et-dembobinage-par-le-patef\/","og_locale":"fr_FR","og_type":"article","og_title":"POL\u00c9MIQUE AUTOUR DE LA LOI D'AMNISTIE - TAS parle \"d'enfumage juridique\" et d'\"embobinage\" par le Patef","og_description":"NETTALI.COM - L'ex-ministre Thierno Alassane Sall d\u00e9nonce une \u201ctromperie\u201d de la part du Pastef concernant la loi d'amnistie de 2024. Il accuse le parti au pouvoir d'avoir \u201centi\u00e8rement r\u00e9\u00e9crit\u201d le texte initial et critique l'expos\u00e9 des motifs, qu'il qualifie d'\u201denfumage juridique\u201d. TAS remet en cause la comp\u00e9tence des juristes du Pastef et affirme que la [&hellip;]","og_url":"https:\/\/www.nettali.com\/2025\/03\/25\/polemique-autour-de-la-loi-damnistie-tas-parle-denfumage-juridique-et-dembobinage-par-le-patef\/","og_site_name":"Nettali.com","article_publisher":"https:\/\/www.facebook.com\/nettalicom","article_published_time":"2025-03-25T09:53:29+00:00","article_modified_time":"2025-03-26T05:59:32+00:00","og_image":[{"width":1499,"height":778,"url":"https:\/\/www.nettali.com\/wp-content\/uploads\/2025\/02\/tas.jpg","type":"image\/jpeg"}],"twitter_card":"summary_large_image","twitter_misc":{"\u00c9crit par":"CK","Dur\u00e9e de lecture estim\u00e9e":"4 minutes"},"schema":{"@context":"https:\/\/schema.org","@graph":[{"@type":"WebSite","@id":"https:\/\/www.nettali.com\/#website","url":"https:\/\/www.nettali.com\/","name":"Nettali.com","description":"Le rendez-vous critique du Net","potentialAction":[{"@type":"SearchAction","target":{"@type":"EntryPoint","urlTemplate":"https:\/\/www.nettali.com\/?s={search_term_string}"},"query-input":"required name=search_term_string"}],"inLanguage":"fr-FR"},{"@type":"ImageObject","@id":"https:\/\/www.nettali.com\/2025\/03\/25\/polemique-autour-de-la-loi-damnistie-tas-parle-denfumage-juridique-et-dembobinage-par-le-patef\/#primaryimage","inLanguage":"fr-FR","url":"https:\/\/www.nettali.com\/wp-content\/uploads\/2025\/02\/tas.jpg","contentUrl":"https:\/\/www.nettali.com\/wp-content\/uploads\/2025\/02\/tas.jpg","width":1499,"height":778},{"@type":"WebPage","@id":"https:\/\/www.nettali.com\/2025\/03\/25\/polemique-autour-de-la-loi-damnistie-tas-parle-denfumage-juridique-et-dembobinage-par-le-patef\/#webpage","url":"https:\/\/www.nettali.com\/2025\/03\/25\/polemique-autour-de-la-loi-damnistie-tas-parle-denfumage-juridique-et-dembobinage-par-le-patef\/","name":"POL\u00c9MIQUE AUTOUR DE LA LOI D'AMNISTIE - TAS parle \"d'enfumage juridique\" et d'\"embobinage\" par le Patef | Nettali.com","isPartOf":{"@id":"https:\/\/www.nettali.com\/#website"},"primaryImageOfPage":{"@id":"https:\/\/www.nettali.com\/2025\/03\/25\/polemique-autour-de-la-loi-damnistie-tas-parle-denfumage-juridique-et-dembobinage-par-le-patef\/#primaryimage"},"datePublished":"2025-03-25T09:53:29+00:00","dateModified":"2025-03-26T05:59:32+00:00","author":{"@id":"https:\/\/www.nettali.com\/#\/schema\/person\/d8ac7b7e27ddad43f1c0d2ef090d7f71"},"breadcrumb":{"@id":"https:\/\/www.nettali.com\/2025\/03\/25\/polemique-autour-de-la-loi-damnistie-tas-parle-denfumage-juridique-et-dembobinage-par-le-patef\/#breadcrumb"},"inLanguage":"fr-FR","potentialAction":[{"@type":"ReadAction","target":["https:\/\/www.nettali.com\/2025\/03\/25\/polemique-autour-de-la-loi-damnistie-tas-parle-denfumage-juridique-et-dembobinage-par-le-patef\/"]}]},{"@type":"BreadcrumbList","@id":"https:\/\/www.nettali.com\/2025\/03\/25\/polemique-autour-de-la-loi-damnistie-tas-parle-denfumage-juridique-et-dembobinage-par-le-patef\/#breadcrumb","itemListElement":[{"@type":"ListItem","position":1,"name":"Accueil","item":"https:\/\/www.nettali.com\/"},{"@type":"ListItem","position":2,"name":"POL\u00c9MIQUE AUTOUR DE LA LOI D'AMNISTIE - TAS parle \"d'enfumage juridique\" et d'\"embobinage\" par le Patef"}]},{"@type":"Person","@id":"https:\/\/www.nettali.com\/#\/schema\/person\/d8ac7b7e27ddad43f1c0d2ef090d7f71","name":"CK","image":{"@type":"ImageObject","@id":"https:\/\/www.nettali.com\/#personlogo","inLanguage":"fr-FR","url":"https:\/\/secure.gravatar.com\/avatar\/1d8d5118b9327d94da7cd4ce7f17fec2?s=96&d=mm&r=g","contentUrl":"https:\/\/secure.gravatar.com\/avatar\/1d8d5118b9327d94da7cd4ce7f17fec2?s=96&d=mm&r=g","caption":"CK"},"sameAs":["https:\/\/www.nettali.com"]}]}},"_links":{"self":[{"href":"https:\/\/www.nettali.com\/rest\/wp\/v2\/posts\/151297"}],"collection":[{"href":"https:\/\/www.nettali.com\/rest\/wp\/v2\/posts"}],"about":[{"href":"https:\/\/www.nettali.com\/rest\/wp\/v2\/types\/post"}],"author":[{"embeddable":true,"href":"https:\/\/www.nettali.com\/rest\/wp\/v2\/users\/2"}],"replies":[{"embeddable":true,"href":"https:\/\/www.nettali.com\/rest\/wp\/v2\/comments?post=151297"}],"version-history":[{"count":1,"href":"https:\/\/www.nettali.com\/rest\/wp\/v2\/posts\/151297\/revisions"}],"predecessor-version":[{"id":151298,"href":"https:\/\/www.nettali.com\/rest\/wp\/v2\/posts\/151297\/revisions\/151298"}],"wp:featuredmedia":[{"embeddable":true,"href":"https:\/\/www.nettali.com\/rest\/wp\/v2\/media\/149502"}],"wp:attachment":[{"href":"https:\/\/www.nettali.com\/rest\/wp\/v2\/media?parent=151297"}],"wp:term":[{"taxonomy":"category","embeddable":true,"href":"https:\/\/www.nettali.com\/rest\/wp\/v2\/categories?post=151297"},{"taxonomy":"post_tag","embeddable":true,"href":"https:\/\/www.nettali.com\/rest\/wp\/v2\/tags?post=151297"}],"curies":[{"name":"wp","href":"https:\/\/api.w.org\/{rel}","templated":true}]}}