{"id":151282,"date":"2025-03-25T09:31:10","date_gmt":"2025-03-25T09:31:10","guid":{"rendered":"https:\/\/www.nettali.com\/?p=151282"},"modified":"2025-03-25T09:31:10","modified_gmt":"2025-03-25T09:31:10","slug":"sante-les-enseignants-de-lendss-annoncent-une-suspension-des-enseignements-et-apprentissages","status":"publish","type":"post","link":"https:\/\/www.nettali.com\/2025\/03\/25\/sante-les-enseignants-de-lendss-annoncent-une-suspension-des-enseignements-et-apprentissages\/","title":{"rendered":"SANT\u00c9- Les enseignants de l\u2019ENDSS annoncent une suspension des enseignements et apprentissages"},"content":{"rendered":"<p><strong>NETTALI.COM - Perturbations en vue \u00e0 l\u2019\u00c9cole nationale de D\u00e9veloppement sanitaire et social (ENDSS) o\u00f9 les enseignants annoncent la suspension des enseignements et apprentissage.<\/strong><\/p>\n<p>Les enseignants de l\u2019\u00c9cole nationale de d\u00e9veloppement sanitaire et social (ENDSS) ont d\u00e9nonc\u00e9 une situation alarmante au sein de leur institut. Ils interpellent les nouvelles autorit\u00e9s afin que leurs dol\u00e9ances puissent \u00eatre prises en charge. En attendant, ils menacent dans un communiqu\u00e9,\u00a0 de suspendre les enseignements et apprentissages.<\/p>\n<p>Les enseignants soutiennent pour le d\u00e9plorer que \u00ab <em>depuis son rattachement officiel \u00e0 l\u2019Universit\u00e9 Cheikh Anta Diop (UCAD) par le d\u00e9cret 2023-347 du 21 f\u00e9vrier 2023, l\u2019ENDSS est plong\u00e9e dans une impasse institutionnelle, en raison de la non-signature du d\u00e9cret d\u2019organisation et de fonctionnement. Bien que ce projet ait \u00e9t\u00e9 adopt\u00e9 et valid\u00e9 par le Conseil d\u2019Administration de l\u2019UCAD le 5 janvier 2024, sa mise en application demeure bloqu\u00e9e<\/em> \u00bb.<\/p>\n<p>A les croire, ce retard a des cons\u00e9quences graves et a fait perdre aux enseignants permanents,\u00a0 tous les avantages statutaires li\u00e9s \u00e0 leur appartenance au minist\u00e8re de la Sant\u00e9 et de l\u2019Action Sociale (MSAS) .<\/p>\n<p>Les enseignants d\u00e9noncent aussi la question des vacations impay\u00e9es et une gestion financi\u00e8re opaque. \u00ab <em>Depuis plusieurs ann\u00e9es, les enseignants vacataires subissent des retards de paiement injustifi\u00e9s et des reliquats non vers\u00e9s. Malgr\u00e9 des engagements formalis\u00e9s sur la base d\u2019\u00e9tats de vacations valid\u00e9s, les paiements restent partiels et sont plafonn\u00e9s \u00e0 20 heures, ind\u00e9pendamment du volume r\u00e9el d\u2019heures effectu\u00e9es. Pire encore, apr\u00e8s l\u2019annonce de la disponibilit\u00e9 des paiements, les fonds disparaissent myst\u00e9rieusement, laissant de nombreux enseignants sans recours. Face \u00e0 cette situation inacceptable, nous exigeons des r\u00e9ponses aux questions suivantes<\/em> \u00bb lit-on dans le communiqu\u00e9.<\/p>\n<p>Par ailleurs, ils se plaignent des conditions de travail d\u00e9grad\u00e9es. \u00ab <em>Le nombre d\u2019enseignants permanents est pass\u00e9 de 67 en 2012 \u00e0 seulement 34 en 2025, sans remplacement des d\u00e9c\u00e8s, d\u00e9parts \u00e0 la retraite et mutations. Cette r\u00e9duction drastique entra\u00eene une surcharge de travail insoutenable<\/em> \u00bb, note le communiqu\u00e9.<\/p>\n<p>Les enseignants d\u00e9noncent \u00e9galement une gouvernance autoritaire et partisane.\u00a0 A ce propos, ils soutiennent que \u00ab <em>le directeur actuel, nomm\u00e9 sur des bases purement politiques, affiche un m\u00e9pris total envers les enseignants, allant jusqu\u2019\u00e0 remettre en question leur comp\u00e9tence, alors qu\u2019ils ont form\u00e9 plusieurs g\u00e9n\u00e9rations de professionnels de sant\u00e9<\/em> \u00bb.<\/p>\n<p>\u00ab <em>Sa gestion solitaire et autoritaire a consid\u00e9rablement d\u00e9grad\u00e9 l\u2019image de l\u2019ENDSS \u00e0 l\u2019\u00e9chelle nationale et sous-r\u00e9gionale. \u00c0 l\u2019approche de la retraite, il cherche \u00e0 prolonger son mandat, alors que son bilan est marqu\u00e9 par des abus de pouvoir, une absence totale de transparence et une volont\u00e9 manifeste de diviser la communaut\u00e9 enseignante<\/em> \u00bb, d\u00e9crient les enseignants.<\/p>\n<p>Face \u00e0 cette situation, ils exigent la signature sans d\u00e9lai, du d\u00e9cret d'organisation et de fonctionnement de l'ENDSS. Pour les enseignants, c\u2019est \u00ab<em> la condition indispensable pour restaurer une gestion transparente et am\u00e9liorer les conditions de travail \u00bb.<\/em><\/p>\n<p>L\u2019ouverture d\u2019une enqu\u00eate ou d\u2019un audit ind\u00e9pendant sur la gestion financi\u00e8re et administrative de l\u2019institution, le r\u00e9tablissement des droits des enseignants, y compris le paiement int\u00e9gral des vacations et la restitution des primes supprim\u00e9es sont \u00e9galement r\u00e9clam\u00e9s.<\/p>\n<p>Dans l\u2019attente de la satisfaction de leurs dol\u00e9ances, ils ont d\u00e9cid\u00e9 de suspendre les enseignements et apprentissages, tout en restant pleinement mobilis\u00e9s pour d\u00e9fendre leurs droits et pr\u00e9server l\u2019int\u00e9grit\u00e9 de leur institution. \u00ab <em>Nous en appelons \u00e0 la responsabilit\u00e9 des autorit\u00e9s pour assurer l\u2019avenir de l\u2019ENDSS et la qualit\u00e9 de la formation des professionnels de sant\u00e9 au S\u00e9n\u00e9ga<\/em>l \u00bb, concluent les enseignants.<\/p>\n<p>&nbsp;<\/p>\n<p>&nbsp;<\/p>\n<p>&nbsp;<\/p>\n<div class='share-to-whatsapp-wrapper'><div class='share-on-whsp'>PARTAGER SUR : <\/div><a data-text='SANT\u00c9- Les enseignants de l\u2019ENDSS annoncent une suspension des enseignements et apprentissages' data-link='https:\/\/www.nettali.com\/2025\/03\/25\/sante-les-enseignants-de-lendss-annoncent-une-suspension-des-enseignements-et-apprentissages\/' class='whatsapp-button whatsapp-share'>WhatsApp<\/a><div class='clear '><\/div><\/div>","protected":false},"excerpt":{"rendered":"<p>NETTALI.COM - Perturbations en vue \u00e0 l\u2019\u00c9cole nationale de D\u00e9veloppement sanitaire et social (ENDSS) o\u00f9 les enseignants annoncent la suspension des enseignements et apprentissage. Les enseignants de l\u2019\u00c9cole nationale de d\u00e9veloppement sanitaire et social (ENDSS) ont d\u00e9nonc\u00e9 une situation alarmante au sein de leur institut. Ils interpellent les nouvelles autorit\u00e9s afin que leurs dol\u00e9ances puissent [&hellip;]<\/p>\n","protected":false},"author":6,"featured_media":151288,"comment_status":"open","ping_status":"open","sticky":false,"template":"","format":"standard","meta":{"_et_pb_use_builder":"","_et_pb_old_content":""},"categories":[22],"tags":[],"yoast_head":"<!-- This site is optimized with the Yoast SEO Premium plugin v17.8 (Yoast SEO v17.8) - https:\/\/yoast.com\/wordpress\/plugins\/seo\/ -->\n<title>SANT\u00c9- Les enseignants de l\u2019ENDSS annoncent une suspension des enseignements et apprentissages | Nettali.com<\/title>\n<meta name=\"robots\" content=\"index, follow, max-snippet:-1, max-image-preview:large, max-video-preview:-1\" \/>\n<link rel=\"canonical\" href=\"https:\/\/www.nettali.com\/2025\/03\/25\/sante-les-enseignants-de-lendss-annoncent-une-suspension-des-enseignements-et-apprentissages\/\" \/>\n<meta property=\"og:locale\" content=\"fr_FR\" \/>\n<meta property=\"og:type\" content=\"article\" \/>\n<meta property=\"og:title\" content=\"SANT\u00c9- Les enseignants de l\u2019ENDSS annoncent une suspension des enseignements et apprentissages\" \/>\n<meta property=\"og:description\" content=\"NETTALI.COM - Perturbations en vue \u00e0 l\u2019\u00c9cole nationale de D\u00e9veloppement sanitaire et social (ENDSS) o\u00f9 les enseignants annoncent la suspension des enseignements et apprentissage. Les enseignants de l\u2019\u00c9cole nationale de d\u00e9veloppement sanitaire et social (ENDSS) ont d\u00e9nonc\u00e9 une situation alarmante au sein de leur institut. Ils interpellent les nouvelles autorit\u00e9s afin que leurs dol\u00e9ances puissent [&hellip;]\" \/>\n<meta property=\"og:url\" content=\"https:\/\/www.nettali.com\/2025\/03\/25\/sante-les-enseignants-de-lendss-annoncent-une-suspension-des-enseignements-et-apprentissages\/\" \/>\n<meta property=\"og:site_name\" content=\"Nettali.com\" \/>\n<meta property=\"article:publisher\" content=\"https:\/\/www.facebook.com\/nettalicom\" \/>\n<meta property=\"article:published_time\" content=\"2025-03-25T09:31:10+00:00\" \/>\n<meta property=\"og:image\" content=\"https:\/\/www.nettali.com\/wp-content\/uploads\/2025\/03\/images-1-1.jpeg\" \/>\n\t<meta property=\"og:image:width\" content=\"290\" \/>\n\t<meta property=\"og:image:height\" content=\"174\" \/>\n<meta name=\"twitter:card\" content=\"summary_large_image\" \/>\n<meta name=\"twitter:label1\" content=\"\u00c9crit par\" \/>\n\t<meta name=\"twitter:data1\" content=\"Fatou\" \/>\n\t<meta name=\"twitter:label2\" content=\"Dur\u00e9e de lecture estim\u00e9e\" \/>\n\t<meta name=\"twitter:data2\" content=\"3 minutes\" \/>\n<script type=\"application\/ld+json\" class=\"yoast-schema-graph\">{\"@context\":\"https:\/\/schema.org\",\"@graph\":[{\"@type\":\"WebSite\",\"@id\":\"https:\/\/www.nettali.com\/#website\",\"url\":\"https:\/\/www.nettali.com\/\",\"name\":\"Nettali.com\",\"description\":\"Le rendez-vous critique du Net\",\"potentialAction\":[{\"@type\":\"SearchAction\",\"target\":{\"@type\":\"EntryPoint\",\"urlTemplate\":\"https:\/\/www.nettali.com\/?s={search_term_string}\"},\"query-input\":\"required name=search_term_string\"}],\"inLanguage\":\"fr-FR\"},{\"@type\":\"ImageObject\",\"@id\":\"https:\/\/www.nettali.com\/2025\/03\/25\/sante-les-enseignants-de-lendss-annoncent-une-suspension-des-enseignements-et-apprentissages\/#primaryimage\",\"inLanguage\":\"fr-FR\",\"url\":\"https:\/\/www.nettali.com\/wp-content\/uploads\/2025\/03\/images-1-1.jpeg\",\"contentUrl\":\"https:\/\/www.nettali.com\/wp-content\/uploads\/2025\/03\/images-1-1.jpeg\",\"width\":290,\"height\":174},{\"@type\":\"WebPage\",\"@id\":\"https:\/\/www.nettali.com\/2025\/03\/25\/sante-les-enseignants-de-lendss-annoncent-une-suspension-des-enseignements-et-apprentissages\/#webpage\",\"url\":\"https:\/\/www.nettali.com\/2025\/03\/25\/sante-les-enseignants-de-lendss-annoncent-une-suspension-des-enseignements-et-apprentissages\/\",\"name\":\"SANT\\u00c9- Les enseignants de l\\u2019ENDSS annoncent une suspension des enseignements et apprentissages | Nettali.com\",\"isPartOf\":{\"@id\":\"https:\/\/www.nettali.com\/#website\"},\"primaryImageOfPage\":{\"@id\":\"https:\/\/www.nettali.com\/2025\/03\/25\/sante-les-enseignants-de-lendss-annoncent-une-suspension-des-enseignements-et-apprentissages\/#primaryimage\"},\"datePublished\":\"2025-03-25T09:31:10+00:00\",\"dateModified\":\"2025-03-25T09:31:10+00:00\",\"author\":{\"@id\":\"https:\/\/www.nettali.com\/#\/schema\/person\/418274a86bdf87caff7a3ef476bd0bbf\"},\"breadcrumb\":{\"@id\":\"https:\/\/www.nettali.com\/2025\/03\/25\/sante-les-enseignants-de-lendss-annoncent-une-suspension-des-enseignements-et-apprentissages\/#breadcrumb\"},\"inLanguage\":\"fr-FR\",\"potentialAction\":[{\"@type\":\"ReadAction\",\"target\":[\"https:\/\/www.nettali.com\/2025\/03\/25\/sante-les-enseignants-de-lendss-annoncent-une-suspension-des-enseignements-et-apprentissages\/\"]}]},{\"@type\":\"BreadcrumbList\",\"@id\":\"https:\/\/www.nettali.com\/2025\/03\/25\/sante-les-enseignants-de-lendss-annoncent-une-suspension-des-enseignements-et-apprentissages\/#breadcrumb\",\"itemListElement\":[{\"@type\":\"ListItem\",\"position\":1,\"name\":\"Accueil\",\"item\":\"https:\/\/www.nettali.com\/\"},{\"@type\":\"ListItem\",\"position\":2,\"name\":\"SANT\\u00c9- Les enseignants de l\\u2019ENDSS annoncent une suspension des enseignements et apprentissages\"}]},{\"@type\":\"Person\",\"@id\":\"https:\/\/www.nettali.com\/#\/schema\/person\/418274a86bdf87caff7a3ef476bd0bbf\",\"name\":\"Fatou\",\"image\":{\"@type\":\"ImageObject\",\"@id\":\"https:\/\/www.nettali.com\/#personlogo\",\"inLanguage\":\"fr-FR\",\"url\":\"https:\/\/secure.gravatar.com\/avatar\/5a9442a2bee7b4dcf167cab035858e9a?s=96&d=mm&r=g\",\"contentUrl\":\"https:\/\/secure.gravatar.com\/avatar\/5a9442a2bee7b4dcf167cab035858e9a?s=96&d=mm&r=g\",\"caption\":\"Fatou\"},\"sameAs\":[\"https:\/\/www.nettali.com\"]}]}<\/script>\n<!-- \/ Yoast SEO Premium plugin. -->","yoast_head_json":{"title":"SANT\u00c9- Les enseignants de l\u2019ENDSS annoncent une suspension des enseignements et apprentissages | Nettali.com","robots":{"index":"index","follow":"follow","max-snippet":"max-snippet:-1","max-image-preview":"max-image-preview:large","max-video-preview":"max-video-preview:-1"},"canonical":"https:\/\/www.nettali.com\/2025\/03\/25\/sante-les-enseignants-de-lendss-annoncent-une-suspension-des-enseignements-et-apprentissages\/","og_locale":"fr_FR","og_type":"article","og_title":"SANT\u00c9- Les enseignants de l\u2019ENDSS annoncent une suspension des enseignements et apprentissages","og_description":"NETTALI.COM - Perturbations en vue \u00e0 l\u2019\u00c9cole nationale de D\u00e9veloppement sanitaire et social (ENDSS) o\u00f9 les enseignants annoncent la suspension des enseignements et apprentissage. Les enseignants de l\u2019\u00c9cole nationale de d\u00e9veloppement sanitaire et social (ENDSS) ont d\u00e9nonc\u00e9 une situation alarmante au sein de leur institut. Ils interpellent les nouvelles autorit\u00e9s afin que leurs dol\u00e9ances puissent [&hellip;]","og_url":"https:\/\/www.nettali.com\/2025\/03\/25\/sante-les-enseignants-de-lendss-annoncent-une-suspension-des-enseignements-et-apprentissages\/","og_site_name":"Nettali.com","article_publisher":"https:\/\/www.facebook.com\/nettalicom","article_published_time":"2025-03-25T09:31:10+00:00","og_image":[{"width":290,"height":174,"url":"https:\/\/www.nettali.com\/wp-content\/uploads\/2025\/03\/images-1-1.jpeg","type":"image\/jpeg"}],"twitter_card":"summary_large_image","twitter_misc":{"\u00c9crit par":"Fatou","Dur\u00e9e de lecture estim\u00e9e":"3 minutes"},"schema":{"@context":"https:\/\/schema.org","@graph":[{"@type":"WebSite","@id":"https:\/\/www.nettali.com\/#website","url":"https:\/\/www.nettali.com\/","name":"Nettali.com","description":"Le rendez-vous critique du Net","potentialAction":[{"@type":"SearchAction","target":{"@type":"EntryPoint","urlTemplate":"https:\/\/www.nettali.com\/?s={search_term_string}"},"query-input":"required name=search_term_string"}],"inLanguage":"fr-FR"},{"@type":"ImageObject","@id":"https:\/\/www.nettali.com\/2025\/03\/25\/sante-les-enseignants-de-lendss-annoncent-une-suspension-des-enseignements-et-apprentissages\/#primaryimage","inLanguage":"fr-FR","url":"https:\/\/www.nettali.com\/wp-content\/uploads\/2025\/03\/images-1-1.jpeg","contentUrl":"https:\/\/www.nettali.com\/wp-content\/uploads\/2025\/03\/images-1-1.jpeg","width":290,"height":174},{"@type":"WebPage","@id":"https:\/\/www.nettali.com\/2025\/03\/25\/sante-les-enseignants-de-lendss-annoncent-une-suspension-des-enseignements-et-apprentissages\/#webpage","url":"https:\/\/www.nettali.com\/2025\/03\/25\/sante-les-enseignants-de-lendss-annoncent-une-suspension-des-enseignements-et-apprentissages\/","name":"SANT\u00c9- Les enseignants de l\u2019ENDSS annoncent une suspension des enseignements et apprentissages | Nettali.com","isPartOf":{"@id":"https:\/\/www.nettali.com\/#website"},"primaryImageOfPage":{"@id":"https:\/\/www.nettali.com\/2025\/03\/25\/sante-les-enseignants-de-lendss-annoncent-une-suspension-des-enseignements-et-apprentissages\/#primaryimage"},"datePublished":"2025-03-25T09:31:10+00:00","dateModified":"2025-03-25T09:31:10+00:00","author":{"@id":"https:\/\/www.nettali.com\/#\/schema\/person\/418274a86bdf87caff7a3ef476bd0bbf"},"breadcrumb":{"@id":"https:\/\/www.nettali.com\/2025\/03\/25\/sante-les-enseignants-de-lendss-annoncent-une-suspension-des-enseignements-et-apprentissages\/#breadcrumb"},"inLanguage":"fr-FR","potentialAction":[{"@type":"ReadAction","target":["https:\/\/www.nettali.com\/2025\/03\/25\/sante-les-enseignants-de-lendss-annoncent-une-suspension-des-enseignements-et-apprentissages\/"]}]},{"@type":"BreadcrumbList","@id":"https:\/\/www.nettali.com\/2025\/03\/25\/sante-les-enseignants-de-lendss-annoncent-une-suspension-des-enseignements-et-apprentissages\/#breadcrumb","itemListElement":[{"@type":"ListItem","position":1,"name":"Accueil","item":"https:\/\/www.nettali.com\/"},{"@type":"ListItem","position":2,"name":"SANT\u00c9- Les enseignants de l\u2019ENDSS annoncent une suspension des enseignements et apprentissages"}]},{"@type":"Person","@id":"https:\/\/www.nettali.com\/#\/schema\/person\/418274a86bdf87caff7a3ef476bd0bbf","name":"Fatou","image":{"@type":"ImageObject","@id":"https:\/\/www.nettali.com\/#personlogo","inLanguage":"fr-FR","url":"https:\/\/secure.gravatar.com\/avatar\/5a9442a2bee7b4dcf167cab035858e9a?s=96&d=mm&r=g","contentUrl":"https:\/\/secure.gravatar.com\/avatar\/5a9442a2bee7b4dcf167cab035858e9a?s=96&d=mm&r=g","caption":"Fatou"},"sameAs":["https:\/\/www.nettali.com"]}]}},"_links":{"self":[{"href":"https:\/\/www.nettali.com\/rest\/wp\/v2\/posts\/151282"}],"collection":[{"href":"https:\/\/www.nettali.com\/rest\/wp\/v2\/posts"}],"about":[{"href":"https:\/\/www.nettali.com\/rest\/wp\/v2\/types\/post"}],"author":[{"embeddable":true,"href":"https:\/\/www.nettali.com\/rest\/wp\/v2\/users\/6"}],"replies":[{"embeddable":true,"href":"https:\/\/www.nettali.com\/rest\/wp\/v2\/comments?post=151282"}],"version-history":[{"count":3,"href":"https:\/\/www.nettali.com\/rest\/wp\/v2\/posts\/151282\/revisions"}],"predecessor-version":[{"id":151292,"href":"https:\/\/www.nettali.com\/rest\/wp\/v2\/posts\/151282\/revisions\/151292"}],"wp:featuredmedia":[{"embeddable":true,"href":"https:\/\/www.nettali.com\/rest\/wp\/v2\/media\/151288"}],"wp:attachment":[{"href":"https:\/\/www.nettali.com\/rest\/wp\/v2\/media?parent=151282"}],"wp:term":[{"taxonomy":"category","embeddable":true,"href":"https:\/\/www.nettali.com\/rest\/wp\/v2\/categories?post=151282"},{"taxonomy":"post_tag","embeddable":true,"href":"https:\/\/www.nettali.com\/rest\/wp\/v2\/tags?post=151282"}],"curies":[{"name":"wp","href":"https:\/\/api.w.org\/{rel}","templated":true}]}}