{"id":151102,"date":"2025-03-21T16:50:49","date_gmt":"2025-03-21T16:50:49","guid":{"rendered":"https:\/\/www.nettali.com\/?p=151102"},"modified":"2025-03-21T16:50:49","modified_gmt":"2025-03-21T16:50:49","slug":"loi-damnistie-guy-marius-sagna-renonce-a-son-amendement","status":"publish","type":"post","link":"https:\/\/www.nettali.com\/2025\/03\/21\/loi-damnistie-guy-marius-sagna-renonce-a-son-amendement\/","title":{"rendered":"LOI D\u2019AMNISTIE  - Guy Marius Sagna renonce \u00e0 son amendement"},"content":{"rendered":"<p><strong>NETTALI.COM - Le 2 avril prochain, l'Assembl\u00e9e nationale va se r\u00e9unir pour examiner la proposition de loi interpr\u00e9tative du d\u00e9put\u00e9 Amadou Ba sur la loi d\u2019amnistie. Apr\u00e8s avoir annonc\u00e9 sa volont\u00e9 d'amender le texte de son coll\u00e8gue, Guy Marius Sagna a finalement renonc\u00e9.<\/strong><\/p>\n<p>C'est Guy Marius Sagna, lui-m\u00eame, qui avait fait l'annonce. Il avait bien l'intention de pr\u00e9senter un amendement \u00e0 la proposition de loi interpr\u00e9tative de la loi d\u2019amnistie vot\u00e9e sous le r\u00e9gime de Macky Sall. Une proposition du d\u00e9put\u00e9 Amadou Ba de Pastef. Ce vendredi, Guy Marius Sagna annonce qu'il ne fera finalement pas d'amendement.<\/p>\n<p>\"<em>Apr\u00e8s consultation avec mon coll\u00e8ge Amadou Ba qui avait aussi une proposition d'amendement \u00e0 la proposition de loi d'interpr\u00e9tation de la loi d'amnistie et comparaison de nos deux amendements, j'ai d\u00e9cid\u00e9 aujourd'hui du retrait de ma proposition d'amendement<\/em>\", a post\u00e9 le d\u00e9put\u00e9 sur ses r\u00e9seaux sociaux.<\/p>\n<div class='share-to-whatsapp-wrapper'><div class='share-on-whsp'>PARTAGER SUR : <\/div><a data-text='LOI D\u2019AMNISTIE  - Guy Marius Sagna renonce \u00e0 son amendement' data-link='https:\/\/www.nettali.com\/2025\/03\/21\/loi-damnistie-guy-marius-sagna-renonce-a-son-amendement\/' class='whatsapp-button whatsapp-share'>WhatsApp<\/a><div class='clear '><\/div><\/div>","protected":false},"excerpt":{"rendered":"<p>NETTALI.COM - Le 2 avril prochain, l'Assembl\u00e9e nationale va se r\u00e9unir pour examiner la proposition de loi interpr\u00e9tative du d\u00e9put\u00e9 Amadou Ba sur la loi d\u2019amnistie. Apr\u00e8s avoir annonc\u00e9 sa volont\u00e9 d'amender le texte de son coll\u00e8gue, Guy Marius Sagna a finalement renonc\u00e9. C'est Guy Marius Sagna, lui-m\u00eame, qui avait fait l'annonce. Il avait bien [&hellip;]<\/p>\n","protected":false},"author":3,"featured_media":148926,"comment_status":"open","ping_status":"open","sticky":false,"template":"","format":"standard","meta":{"_et_pb_use_builder":"","_et_pb_old_content":""},"categories":[2],"tags":[],"yoast_head":"<!-- This site is optimized with the Yoast SEO Premium plugin v17.8 (Yoast SEO v17.8) - https:\/\/yoast.com\/wordpress\/plugins\/seo\/ -->\n<title>LOI D\u2019AMNISTIE - Guy Marius Sagna renonce \u00e0 son amendement | Nettali.com<\/title>\n<meta name=\"robots\" content=\"index, follow, max-snippet:-1, max-image-preview:large, max-video-preview:-1\" \/>\n<link rel=\"canonical\" href=\"https:\/\/www.nettali.com\/2025\/03\/21\/loi-damnistie-guy-marius-sagna-renonce-a-son-amendement\/\" \/>\n<meta property=\"og:locale\" content=\"fr_FR\" \/>\n<meta property=\"og:type\" content=\"article\" \/>\n<meta property=\"og:title\" content=\"LOI D\u2019AMNISTIE - Guy Marius Sagna renonce \u00e0 son amendement\" \/>\n<meta property=\"og:description\" content=\"NETTALI.COM - Le 2 avril prochain, l&#039;Assembl\u00e9e nationale va se r\u00e9unir pour examiner la proposition de loi interpr\u00e9tative du d\u00e9put\u00e9 Amadou Ba sur la loi d\u2019amnistie. Apr\u00e8s avoir annonc\u00e9 sa volont\u00e9 d&#039;amender le texte de son coll\u00e8gue, Guy Marius Sagna a finalement renonc\u00e9. C&#039;est Guy Marius Sagna, lui-m\u00eame, qui avait fait l&#039;annonce. Il avait bien [&hellip;]\" \/>\n<meta property=\"og:url\" content=\"https:\/\/www.nettali.com\/2025\/03\/21\/loi-damnistie-guy-marius-sagna-renonce-a-son-amendement\/\" \/>\n<meta property=\"og:site_name\" content=\"Nettali.com\" \/>\n<meta property=\"article:publisher\" content=\"https:\/\/www.facebook.com\/nettalicom\" \/>\n<meta property=\"article:published_time\" content=\"2025-03-21T16:50:49+00:00\" \/>\n<meta property=\"og:image\" content=\"https:\/\/www.nettali.com\/wp-content\/uploads\/2025\/02\/GUY-MARIUS-1080x900-1.png\" \/>\n\t<meta property=\"og:image:width\" content=\"1280\" \/>\n\t<meta property=\"og:image:height\" content=\"960\" \/>\n<meta name=\"twitter:card\" content=\"summary_large_image\" \/>\n<meta name=\"twitter:label1\" content=\"\u00c9crit par\" \/>\n\t<meta name=\"twitter:data1\" content=\"Moustapha\" \/>\n\t<meta name=\"twitter:label2\" content=\"Dur\u00e9e de lecture estim\u00e9e\" \/>\n\t<meta name=\"twitter:data2\" content=\"1 minute\" \/>\n<script type=\"application\/ld+json\" class=\"yoast-schema-graph\">{\"@context\":\"https:\/\/schema.org\",\"@graph\":[{\"@type\":\"WebSite\",\"@id\":\"https:\/\/www.nettali.com\/#website\",\"url\":\"https:\/\/www.nettali.com\/\",\"name\":\"Nettali.com\",\"description\":\"Le rendez-vous critique du Net\",\"potentialAction\":[{\"@type\":\"SearchAction\",\"target\":{\"@type\":\"EntryPoint\",\"urlTemplate\":\"https:\/\/www.nettali.com\/?s={search_term_string}\"},\"query-input\":\"required name=search_term_string\"}],\"inLanguage\":\"fr-FR\"},{\"@type\":\"ImageObject\",\"@id\":\"https:\/\/www.nettali.com\/2025\/03\/21\/loi-damnistie-guy-marius-sagna-renonce-a-son-amendement\/#primaryimage\",\"inLanguage\":\"fr-FR\",\"url\":\"https:\/\/www.nettali.com\/wp-content\/uploads\/2025\/02\/GUY-MARIUS-1080x900-1.png\",\"contentUrl\":\"https:\/\/www.nettali.com\/wp-content\/uploads\/2025\/02\/GUY-MARIUS-1080x900-1.png\",\"width\":1280,\"height\":960},{\"@type\":\"WebPage\",\"@id\":\"https:\/\/www.nettali.com\/2025\/03\/21\/loi-damnistie-guy-marius-sagna-renonce-a-son-amendement\/#webpage\",\"url\":\"https:\/\/www.nettali.com\/2025\/03\/21\/loi-damnistie-guy-marius-sagna-renonce-a-son-amendement\/\",\"name\":\"LOI D\\u2019AMNISTIE - Guy Marius Sagna renonce \\u00e0 son amendement | Nettali.com\",\"isPartOf\":{\"@id\":\"https:\/\/www.nettali.com\/#website\"},\"primaryImageOfPage\":{\"@id\":\"https:\/\/www.nettali.com\/2025\/03\/21\/loi-damnistie-guy-marius-sagna-renonce-a-son-amendement\/#primaryimage\"},\"datePublished\":\"2025-03-21T16:50:49+00:00\",\"dateModified\":\"2025-03-21T16:50:49+00:00\",\"author\":{\"@id\":\"https:\/\/www.nettali.com\/#\/schema\/person\/7962a12a6e0267f88f0ffa544c36469a\"},\"breadcrumb\":{\"@id\":\"https:\/\/www.nettali.com\/2025\/03\/21\/loi-damnistie-guy-marius-sagna-renonce-a-son-amendement\/#breadcrumb\"},\"inLanguage\":\"fr-FR\",\"potentialAction\":[{\"@type\":\"ReadAction\",\"target\":[\"https:\/\/www.nettali.com\/2025\/03\/21\/loi-damnistie-guy-marius-sagna-renonce-a-son-amendement\/\"]}]},{\"@type\":\"BreadcrumbList\",\"@id\":\"https:\/\/www.nettali.com\/2025\/03\/21\/loi-damnistie-guy-marius-sagna-renonce-a-son-amendement\/#breadcrumb\",\"itemListElement\":[{\"@type\":\"ListItem\",\"position\":1,\"name\":\"Accueil\",\"item\":\"https:\/\/www.nettali.com\/\"},{\"@type\":\"ListItem\",\"position\":2,\"name\":\"LOI D\\u2019AMNISTIE - Guy Marius Sagna renonce \\u00e0 son amendement\"}]},{\"@type\":\"Person\",\"@id\":\"https:\/\/www.nettali.com\/#\/schema\/person\/7962a12a6e0267f88f0ffa544c36469a\",\"name\":\"Moustapha\",\"image\":{\"@type\":\"ImageObject\",\"@id\":\"https:\/\/www.nettali.com\/#personlogo\",\"inLanguage\":\"fr-FR\",\"url\":\"https:\/\/secure.gravatar.com\/avatar\/10fdf6a071cccdcf374e3dbe45159590?s=96&d=mm&r=g\",\"contentUrl\":\"https:\/\/secure.gravatar.com\/avatar\/10fdf6a071cccdcf374e3dbe45159590?s=96&d=mm&r=g\",\"caption\":\"Moustapha\"},\"sameAs\":[\"https:\/\/www.nettali.com\"]}]}<\/script>\n<!-- \/ Yoast SEO Premium plugin. -->","yoast_head_json":{"title":"LOI D\u2019AMNISTIE - Guy Marius Sagna renonce \u00e0 son amendement | Nettali.com","robots":{"index":"index","follow":"follow","max-snippet":"max-snippet:-1","max-image-preview":"max-image-preview:large","max-video-preview":"max-video-preview:-1"},"canonical":"https:\/\/www.nettali.com\/2025\/03\/21\/loi-damnistie-guy-marius-sagna-renonce-a-son-amendement\/","og_locale":"fr_FR","og_type":"article","og_title":"LOI D\u2019AMNISTIE - Guy Marius Sagna renonce \u00e0 son amendement","og_description":"NETTALI.COM - Le 2 avril prochain, l'Assembl\u00e9e nationale va se r\u00e9unir pour examiner la proposition de loi interpr\u00e9tative du d\u00e9put\u00e9 Amadou Ba sur la loi d\u2019amnistie. Apr\u00e8s avoir annonc\u00e9 sa volont\u00e9 d'amender le texte de son coll\u00e8gue, Guy Marius Sagna a finalement renonc\u00e9. C'est Guy Marius Sagna, lui-m\u00eame, qui avait fait l'annonce. Il avait bien [&hellip;]","og_url":"https:\/\/www.nettali.com\/2025\/03\/21\/loi-damnistie-guy-marius-sagna-renonce-a-son-amendement\/","og_site_name":"Nettali.com","article_publisher":"https:\/\/www.facebook.com\/nettalicom","article_published_time":"2025-03-21T16:50:49+00:00","og_image":[{"width":1280,"height":960,"url":"https:\/\/www.nettali.com\/wp-content\/uploads\/2025\/02\/GUY-MARIUS-1080x900-1.png","type":"image\/png"}],"twitter_card":"summary_large_image","twitter_misc":{"\u00c9crit par":"Moustapha","Dur\u00e9e de lecture estim\u00e9e":"1 minute"},"schema":{"@context":"https:\/\/schema.org","@graph":[{"@type":"WebSite","@id":"https:\/\/www.nettali.com\/#website","url":"https:\/\/www.nettali.com\/","name":"Nettali.com","description":"Le rendez-vous critique du Net","potentialAction":[{"@type":"SearchAction","target":{"@type":"EntryPoint","urlTemplate":"https:\/\/www.nettali.com\/?s={search_term_string}"},"query-input":"required name=search_term_string"}],"inLanguage":"fr-FR"},{"@type":"ImageObject","@id":"https:\/\/www.nettali.com\/2025\/03\/21\/loi-damnistie-guy-marius-sagna-renonce-a-son-amendement\/#primaryimage","inLanguage":"fr-FR","url":"https:\/\/www.nettali.com\/wp-content\/uploads\/2025\/02\/GUY-MARIUS-1080x900-1.png","contentUrl":"https:\/\/www.nettali.com\/wp-content\/uploads\/2025\/02\/GUY-MARIUS-1080x900-1.png","width":1280,"height":960},{"@type":"WebPage","@id":"https:\/\/www.nettali.com\/2025\/03\/21\/loi-damnistie-guy-marius-sagna-renonce-a-son-amendement\/#webpage","url":"https:\/\/www.nettali.com\/2025\/03\/21\/loi-damnistie-guy-marius-sagna-renonce-a-son-amendement\/","name":"LOI D\u2019AMNISTIE - Guy Marius Sagna renonce \u00e0 son amendement | Nettali.com","isPartOf":{"@id":"https:\/\/www.nettali.com\/#website"},"primaryImageOfPage":{"@id":"https:\/\/www.nettali.com\/2025\/03\/21\/loi-damnistie-guy-marius-sagna-renonce-a-son-amendement\/#primaryimage"},"datePublished":"2025-03-21T16:50:49+00:00","dateModified":"2025-03-21T16:50:49+00:00","author":{"@id":"https:\/\/www.nettali.com\/#\/schema\/person\/7962a12a6e0267f88f0ffa544c36469a"},"breadcrumb":{"@id":"https:\/\/www.nettali.com\/2025\/03\/21\/loi-damnistie-guy-marius-sagna-renonce-a-son-amendement\/#breadcrumb"},"inLanguage":"fr-FR","potentialAction":[{"@type":"ReadAction","target":["https:\/\/www.nettali.com\/2025\/03\/21\/loi-damnistie-guy-marius-sagna-renonce-a-son-amendement\/"]}]},{"@type":"BreadcrumbList","@id":"https:\/\/www.nettali.com\/2025\/03\/21\/loi-damnistie-guy-marius-sagna-renonce-a-son-amendement\/#breadcrumb","itemListElement":[{"@type":"ListItem","position":1,"name":"Accueil","item":"https:\/\/www.nettali.com\/"},{"@type":"ListItem","position":2,"name":"LOI D\u2019AMNISTIE - Guy Marius Sagna renonce \u00e0 son amendement"}]},{"@type":"Person","@id":"https:\/\/www.nettali.com\/#\/schema\/person\/7962a12a6e0267f88f0ffa544c36469a","name":"Moustapha","image":{"@type":"ImageObject","@id":"https:\/\/www.nettali.com\/#personlogo","inLanguage":"fr-FR","url":"https:\/\/secure.gravatar.com\/avatar\/10fdf6a071cccdcf374e3dbe45159590?s=96&d=mm&r=g","contentUrl":"https:\/\/secure.gravatar.com\/avatar\/10fdf6a071cccdcf374e3dbe45159590?s=96&d=mm&r=g","caption":"Moustapha"},"sameAs":["https:\/\/www.nettali.com"]}]}},"_links":{"self":[{"href":"https:\/\/www.nettali.com\/rest\/wp\/v2\/posts\/151102"}],"collection":[{"href":"https:\/\/www.nettali.com\/rest\/wp\/v2\/posts"}],"about":[{"href":"https:\/\/www.nettali.com\/rest\/wp\/v2\/types\/post"}],"author":[{"embeddable":true,"href":"https:\/\/www.nettali.com\/rest\/wp\/v2\/users\/3"}],"replies":[{"embeddable":true,"href":"https:\/\/www.nettali.com\/rest\/wp\/v2\/comments?post=151102"}],"version-history":[{"count":1,"href":"https:\/\/www.nettali.com\/rest\/wp\/v2\/posts\/151102\/revisions"}],"predecessor-version":[{"id":151103,"href":"https:\/\/www.nettali.com\/rest\/wp\/v2\/posts\/151102\/revisions\/151103"}],"wp:featuredmedia":[{"embeddable":true,"href":"https:\/\/www.nettali.com\/rest\/wp\/v2\/media\/148926"}],"wp:attachment":[{"href":"https:\/\/www.nettali.com\/rest\/wp\/v2\/media?parent=151102"}],"wp:term":[{"taxonomy":"category","embeddable":true,"href":"https:\/\/www.nettali.com\/rest\/wp\/v2\/categories?post=151102"},{"taxonomy":"post_tag","embeddable":true,"href":"https:\/\/www.nettali.com\/rest\/wp\/v2\/tags?post=151102"}],"curies":[{"name":"wp","href":"https:\/\/api.w.org\/{rel}","templated":true}]}}