{"id":151063,"date":"2025-03-21T04:54:17","date_gmt":"2025-03-21T04:54:17","guid":{"rendered":"https:\/\/www.nettali.com\/?p=151063"},"modified":"2025-03-21T04:54:17","modified_gmt":"2025-03-21T04:54:17","slug":"loi-amadou-ba-la-position-du-parti-fort","status":"publish","type":"post","link":"https:\/\/www.nettali.com\/2025\/03\/21\/loi-amadou-ba-la-position-du-parti-fort\/","title":{"rendered":"LOI AMADOU BA - La position du parti \"Fort\""},"content":{"rendered":"<p><strong>NETTALI.COM -<\/strong> Le parti \"Forces ouvertes pour la R\u00e9publique et le travail\" (Fort) lanc\u00e9 par Bara Ndiaye, l'ancien par l'ancien directeur de la Maison de la resse Bara Ndiaye, a exprim\u00e9, le jeudi 20 mars, ses r\u00e9serves sur le d\u00e9bat national relatif \u00e0 l\u2019abrogation ou \u00e0 l\u2019interpr\u00e9tation de la loi d\u2019amnistie.<\/p>\n<p>Dans une d\u00e9claration rendue publique, le parti a soulign\u00e9 les risques d\u2019une telle initiative pour la paix sociale et la coh\u00e9sion nationale, tout en appelant \u00e0 la prudence et au dialogue.<\/p>\n<p>La loi d\u2019amnistie, rappelle \"Fort\", a \u00e9t\u00e9 vot\u00e9e \u00e0 un moment particulier de l\u2019histoire politique du S\u00e9n\u00e9gal, dans un souci de d\u00e9samorcer les tensions et de garantir une transition d\u00e9mocratique apais\u00e9e. \u201c<em>Cette loi \u00e9tait un acte de responsabilit\u00e9 politique, con\u00e7u pour tourner la page des divisions et des rancoeurs<\/em>\u201d, a d\u00e9clar\u00e9 le parti.<\/p>\n<p>Elle a permis, selon \"Fort\", de cr\u00e9er un climat propice \u00e0 des \u00e9lections sereines et de pr\u00e9server la stabilit\u00e9 du pays \u00e0 un moment o\u00f9 l\u2019incertitude pr\u00e9dominait. Dans sa d\u00e9claration, ce parti met en garde contre les cons\u00e9quences d\u2019une remise en question de cette loi.<\/p>\n<p>\u201c<em>Revenir sur cette amnistie, c\u2019est raviver des blessures que le temps et les efforts de r\u00e9conciliation avaient commenc\u00e9 \u00e0 refermer<\/em>\u201d, a-til insist\u00e9.<\/p>\n<p>Dans un contexte o\u00f9 le S\u00e9n\u00e9gal fait face \u00e0 des d\u00e9fis \u00e9conomiques, sociaux et environnementaux majeurs, \"Fort\" estime qu\u2019il est essentiel de concentrer les \u00e9nergies sur des politiques am\u00e9liorant le quotidien des citoyens. \u201c<em>Revenir sur la loi d\u2019amnistie d\u00e9tourne l\u2019attention des v\u00e9ritables priorit\u00e9s nationales et risque de polariser davantage notre soci\u00e9t\u00e9<\/em>\u201d, a-t-il d\u00e9plor\u00e9.<\/p>\n<p>Plut\u00f4t que d\u2019envisager une abrogation ou une loi interpr\u00e9tative qui, selon \"Fort\", cr\u00e9erait \u201cun d\u00e9sordre judiciaire\u201d et accentuerait \u201c<em>la confusion et la pol\u00e9mique<\/em>\u201d, les autorit\u00e9s devraient assurer un accompagnement soutenu aux familles ayant perdu un membre et des r\u00e9parations justes pour ceux dont les biens ou les activit\u00e9s ont \u00e9t\u00e9 gravement affect\u00e9s.<\/p>\n<p>Il appelle les autorit\u00e9s et l\u2019ensemble des acteurs politiques \u00e0 faire preuve de \u201c<em>d\u00e9passement, de responsabilit\u00e9 et de discernement<\/em>\u201d. \u201c<em>Nous devons \u00e9viter toute initiative susceptible de diviser davantage notre nation ou de compromettre les acquis d\u00e9mocratiques et sociaux<\/em>\u201d, a-t-il insist\u00e9. \u201c<em>La stabilit\u00e9 et la paix sociale doivent rester au coeur de nos pr\u00e9occupations. Ensemble, oeuvrons pour un S\u00e9n\u00e9gal uni, prosp\u00e8re et tourn\u00e9 vers l\u2019avenir\u201d<\/em>, a conclu le parti \"Fort\".<\/p>\n<div class='share-to-whatsapp-wrapper'><div class='share-on-whsp'>PARTAGER SUR : <\/div><a data-text='LOI AMADOU BA - La position du parti \"Fort\"' data-link='https:\/\/www.nettali.com\/2025\/03\/21\/loi-amadou-ba-la-position-du-parti-fort\/' class='whatsapp-button whatsapp-share'>WhatsApp<\/a><div class='clear '><\/div><\/div>","protected":false},"excerpt":{"rendered":"<p>NETTALI.COM - Le parti \"Forces ouvertes pour la R\u00e9publique et le travail\" (Fort) lanc\u00e9 par Bara Ndiaye, l'ancien par l'ancien directeur de la Maison de la resse Bara Ndiaye, a exprim\u00e9, le jeudi 20 mars, ses r\u00e9serves sur le d\u00e9bat national relatif \u00e0 l\u2019abrogation ou \u00e0 l\u2019interpr\u00e9tation de la loi d\u2019amnistie. Dans une d\u00e9claration rendue [&hellip;]<\/p>\n","protected":false},"author":2,"featured_media":151064,"comment_status":"open","ping_status":"open","sticky":false,"template":"","format":"standard","meta":{"_et_pb_use_builder":"","_et_pb_old_content":""},"categories":[34945],"tags":[],"yoast_head":"<!-- This site is optimized with the Yoast SEO Premium plugin v17.8 (Yoast SEO v17.8) - https:\/\/yoast.com\/wordpress\/plugins\/seo\/ -->\n<title>LOI AMADOU BA - La position du parti &quot;Fort&quot; | Nettali.com<\/title>\n<meta name=\"robots\" content=\"index, follow, max-snippet:-1, max-image-preview:large, max-video-preview:-1\" \/>\n<link rel=\"canonical\" href=\"https:\/\/www.nettali.com\/2025\/03\/21\/loi-amadou-ba-la-position-du-parti-fort\/\" \/>\n<meta property=\"og:locale\" content=\"fr_FR\" \/>\n<meta property=\"og:type\" content=\"article\" \/>\n<meta property=\"og:title\" content=\"LOI AMADOU BA - La position du parti &quot;Fort&quot;\" \/>\n<meta property=\"og:description\" content=\"NETTALI.COM - Le parti &quot;Forces ouvertes pour la R\u00e9publique et le travail&quot; (Fort) lanc\u00e9 par Bara Ndiaye, l&#039;ancien par l&#039;ancien directeur de la Maison de la resse Bara Ndiaye, a exprim\u00e9, le jeudi 20 mars, ses r\u00e9serves sur le d\u00e9bat national relatif \u00e0 l\u2019abrogation ou \u00e0 l\u2019interpr\u00e9tation de la loi d\u2019amnistie. Dans une d\u00e9claration rendue [&hellip;]\" \/>\n<meta property=\"og:url\" content=\"https:\/\/www.nettali.com\/2025\/03\/21\/loi-amadou-ba-la-position-du-parti-fort\/\" \/>\n<meta property=\"og:site_name\" content=\"Nettali.com\" \/>\n<meta property=\"article:publisher\" content=\"https:\/\/www.facebook.com\/nettalicom\" \/>\n<meta property=\"article:published_time\" content=\"2025-03-21T04:54:17+00:00\" \/>\n<meta property=\"og:image\" content=\"https:\/\/www.nettali.com\/wp-content\/uploads\/2025\/03\/images-5.jpeg\" \/>\n\t<meta property=\"og:image:width\" content=\"322\" \/>\n\t<meta property=\"og:image:height\" content=\"157\" \/>\n<meta name=\"twitter:card\" content=\"summary_large_image\" \/>\n<meta name=\"twitter:label1\" content=\"\u00c9crit par\" \/>\n\t<meta name=\"twitter:data1\" content=\"CK\" \/>\n\t<meta name=\"twitter:label2\" content=\"Dur\u00e9e de lecture estim\u00e9e\" \/>\n\t<meta name=\"twitter:data2\" content=\"2 minutes\" \/>\n<script type=\"application\/ld+json\" class=\"yoast-schema-graph\">{\"@context\":\"https:\/\/schema.org\",\"@graph\":[{\"@type\":\"WebSite\",\"@id\":\"https:\/\/www.nettali.com\/#website\",\"url\":\"https:\/\/www.nettali.com\/\",\"name\":\"Nettali.com\",\"description\":\"Le rendez-vous critique du Net\",\"potentialAction\":[{\"@type\":\"SearchAction\",\"target\":{\"@type\":\"EntryPoint\",\"urlTemplate\":\"https:\/\/www.nettali.com\/?s={search_term_string}\"},\"query-input\":\"required name=search_term_string\"}],\"inLanguage\":\"fr-FR\"},{\"@type\":\"ImageObject\",\"@id\":\"https:\/\/www.nettali.com\/2025\/03\/21\/loi-amadou-ba-la-position-du-parti-fort\/#primaryimage\",\"inLanguage\":\"fr-FR\",\"url\":\"https:\/\/www.nettali.com\/wp-content\/uploads\/2025\/03\/images-5.jpeg\",\"contentUrl\":\"https:\/\/www.nettali.com\/wp-content\/uploads\/2025\/03\/images-5.jpeg\",\"width\":322,\"height\":157},{\"@type\":\"WebPage\",\"@id\":\"https:\/\/www.nettali.com\/2025\/03\/21\/loi-amadou-ba-la-position-du-parti-fort\/#webpage\",\"url\":\"https:\/\/www.nettali.com\/2025\/03\/21\/loi-amadou-ba-la-position-du-parti-fort\/\",\"name\":\"LOI AMADOU BA - La position du parti \\\"Fort\\\" | Nettali.com\",\"isPartOf\":{\"@id\":\"https:\/\/www.nettali.com\/#website\"},\"primaryImageOfPage\":{\"@id\":\"https:\/\/www.nettali.com\/2025\/03\/21\/loi-amadou-ba-la-position-du-parti-fort\/#primaryimage\"},\"datePublished\":\"2025-03-21T04:54:17+00:00\",\"dateModified\":\"2025-03-21T04:54:17+00:00\",\"author\":{\"@id\":\"https:\/\/www.nettali.com\/#\/schema\/person\/d8ac7b7e27ddad43f1c0d2ef090d7f71\"},\"breadcrumb\":{\"@id\":\"https:\/\/www.nettali.com\/2025\/03\/21\/loi-amadou-ba-la-position-du-parti-fort\/#breadcrumb\"},\"inLanguage\":\"fr-FR\",\"potentialAction\":[{\"@type\":\"ReadAction\",\"target\":[\"https:\/\/www.nettali.com\/2025\/03\/21\/loi-amadou-ba-la-position-du-parti-fort\/\"]}]},{\"@type\":\"BreadcrumbList\",\"@id\":\"https:\/\/www.nettali.com\/2025\/03\/21\/loi-amadou-ba-la-position-du-parti-fort\/#breadcrumb\",\"itemListElement\":[{\"@type\":\"ListItem\",\"position\":1,\"name\":\"Accueil\",\"item\":\"https:\/\/www.nettali.com\/\"},{\"@type\":\"ListItem\",\"position\":2,\"name\":\"LOI AMADOU BA - La position du parti \\\"Fort\\\"\"}]},{\"@type\":\"Person\",\"@id\":\"https:\/\/www.nettali.com\/#\/schema\/person\/d8ac7b7e27ddad43f1c0d2ef090d7f71\",\"name\":\"CK\",\"image\":{\"@type\":\"ImageObject\",\"@id\":\"https:\/\/www.nettali.com\/#personlogo\",\"inLanguage\":\"fr-FR\",\"url\":\"https:\/\/secure.gravatar.com\/avatar\/1d8d5118b9327d94da7cd4ce7f17fec2?s=96&d=mm&r=g\",\"contentUrl\":\"https:\/\/secure.gravatar.com\/avatar\/1d8d5118b9327d94da7cd4ce7f17fec2?s=96&d=mm&r=g\",\"caption\":\"CK\"},\"sameAs\":[\"https:\/\/www.nettali.com\"]}]}<\/script>\n<!-- \/ Yoast SEO Premium plugin. -->","yoast_head_json":{"title":"LOI AMADOU BA - La position du parti \"Fort\" | Nettali.com","robots":{"index":"index","follow":"follow","max-snippet":"max-snippet:-1","max-image-preview":"max-image-preview:large","max-video-preview":"max-video-preview:-1"},"canonical":"https:\/\/www.nettali.com\/2025\/03\/21\/loi-amadou-ba-la-position-du-parti-fort\/","og_locale":"fr_FR","og_type":"article","og_title":"LOI AMADOU BA - La position du parti \"Fort\"","og_description":"NETTALI.COM - Le parti \"Forces ouvertes pour la R\u00e9publique et le travail\" (Fort) lanc\u00e9 par Bara Ndiaye, l'ancien par l'ancien directeur de la Maison de la resse Bara Ndiaye, a exprim\u00e9, le jeudi 20 mars, ses r\u00e9serves sur le d\u00e9bat national relatif \u00e0 l\u2019abrogation ou \u00e0 l\u2019interpr\u00e9tation de la loi d\u2019amnistie. Dans une d\u00e9claration rendue [&hellip;]","og_url":"https:\/\/www.nettali.com\/2025\/03\/21\/loi-amadou-ba-la-position-du-parti-fort\/","og_site_name":"Nettali.com","article_publisher":"https:\/\/www.facebook.com\/nettalicom","article_published_time":"2025-03-21T04:54:17+00:00","og_image":[{"width":322,"height":157,"url":"https:\/\/www.nettali.com\/wp-content\/uploads\/2025\/03\/images-5.jpeg","type":"image\/jpeg"}],"twitter_card":"summary_large_image","twitter_misc":{"\u00c9crit par":"CK","Dur\u00e9e de lecture estim\u00e9e":"2 minutes"},"schema":{"@context":"https:\/\/schema.org","@graph":[{"@type":"WebSite","@id":"https:\/\/www.nettali.com\/#website","url":"https:\/\/www.nettali.com\/","name":"Nettali.com","description":"Le rendez-vous critique du Net","potentialAction":[{"@type":"SearchAction","target":{"@type":"EntryPoint","urlTemplate":"https:\/\/www.nettali.com\/?s={search_term_string}"},"query-input":"required name=search_term_string"}],"inLanguage":"fr-FR"},{"@type":"ImageObject","@id":"https:\/\/www.nettali.com\/2025\/03\/21\/loi-amadou-ba-la-position-du-parti-fort\/#primaryimage","inLanguage":"fr-FR","url":"https:\/\/www.nettali.com\/wp-content\/uploads\/2025\/03\/images-5.jpeg","contentUrl":"https:\/\/www.nettali.com\/wp-content\/uploads\/2025\/03\/images-5.jpeg","width":322,"height":157},{"@type":"WebPage","@id":"https:\/\/www.nettali.com\/2025\/03\/21\/loi-amadou-ba-la-position-du-parti-fort\/#webpage","url":"https:\/\/www.nettali.com\/2025\/03\/21\/loi-amadou-ba-la-position-du-parti-fort\/","name":"LOI AMADOU BA - La position du parti \"Fort\" | Nettali.com","isPartOf":{"@id":"https:\/\/www.nettali.com\/#website"},"primaryImageOfPage":{"@id":"https:\/\/www.nettali.com\/2025\/03\/21\/loi-amadou-ba-la-position-du-parti-fort\/#primaryimage"},"datePublished":"2025-03-21T04:54:17+00:00","dateModified":"2025-03-21T04:54:17+00:00","author":{"@id":"https:\/\/www.nettali.com\/#\/schema\/person\/d8ac7b7e27ddad43f1c0d2ef090d7f71"},"breadcrumb":{"@id":"https:\/\/www.nettali.com\/2025\/03\/21\/loi-amadou-ba-la-position-du-parti-fort\/#breadcrumb"},"inLanguage":"fr-FR","potentialAction":[{"@type":"ReadAction","target":["https:\/\/www.nettali.com\/2025\/03\/21\/loi-amadou-ba-la-position-du-parti-fort\/"]}]},{"@type":"BreadcrumbList","@id":"https:\/\/www.nettali.com\/2025\/03\/21\/loi-amadou-ba-la-position-du-parti-fort\/#breadcrumb","itemListElement":[{"@type":"ListItem","position":1,"name":"Accueil","item":"https:\/\/www.nettali.com\/"},{"@type":"ListItem","position":2,"name":"LOI AMADOU BA - La position du parti \"Fort\""}]},{"@type":"Person","@id":"https:\/\/www.nettali.com\/#\/schema\/person\/d8ac7b7e27ddad43f1c0d2ef090d7f71","name":"CK","image":{"@type":"ImageObject","@id":"https:\/\/www.nettali.com\/#personlogo","inLanguage":"fr-FR","url":"https:\/\/secure.gravatar.com\/avatar\/1d8d5118b9327d94da7cd4ce7f17fec2?s=96&d=mm&r=g","contentUrl":"https:\/\/secure.gravatar.com\/avatar\/1d8d5118b9327d94da7cd4ce7f17fec2?s=96&d=mm&r=g","caption":"CK"},"sameAs":["https:\/\/www.nettali.com"]}]}},"_links":{"self":[{"href":"https:\/\/www.nettali.com\/rest\/wp\/v2\/posts\/151063"}],"collection":[{"href":"https:\/\/www.nettali.com\/rest\/wp\/v2\/posts"}],"about":[{"href":"https:\/\/www.nettali.com\/rest\/wp\/v2\/types\/post"}],"author":[{"embeddable":true,"href":"https:\/\/www.nettali.com\/rest\/wp\/v2\/users\/2"}],"replies":[{"embeddable":true,"href":"https:\/\/www.nettali.com\/rest\/wp\/v2\/comments?post=151063"}],"version-history":[{"count":1,"href":"https:\/\/www.nettali.com\/rest\/wp\/v2\/posts\/151063\/revisions"}],"predecessor-version":[{"id":151065,"href":"https:\/\/www.nettali.com\/rest\/wp\/v2\/posts\/151063\/revisions\/151065"}],"wp:featuredmedia":[{"embeddable":true,"href":"https:\/\/www.nettali.com\/rest\/wp\/v2\/media\/151064"}],"wp:attachment":[{"href":"https:\/\/www.nettali.com\/rest\/wp\/v2\/media?parent=151063"}],"wp:term":[{"taxonomy":"category","embeddable":true,"href":"https:\/\/www.nettali.com\/rest\/wp\/v2\/categories?post=151063"},{"taxonomy":"post_tag","embeddable":true,"href":"https:\/\/www.nettali.com\/rest\/wp\/v2\/tags?post=151063"}],"curies":[{"name":"wp","href":"https:\/\/api.w.org\/{rel}","templated":true}]}}