{"id":151025,"date":"2025-03-20T06:41:24","date_gmt":"2025-03-20T06:41:24","guid":{"rendered":"https:\/\/www.nettali.com\/?p=151025"},"modified":"2025-03-21T15:07:42","modified_gmt":"2025-03-21T15:07:42","slug":"poursuites-penales-et-coupure-de-signal-des-teles-la-liberte-de-la-presse-criminalisee-selon-le-cdeps","status":"publish","type":"post","link":"https:\/\/www.nettali.com\/2025\/03\/20\/poursuites-penales-et-coupure-de-signal-des-teles-la-liberte-de-la-presse-criminalisee-selon-le-cdeps\/","title":{"rendered":"POURSUITES P\u00c9NALES ET COUPURE DE SIGNAL DES T\u00c9L\u00c9S - La libert\u00e9 de la presse criminalis\u00e9e, selon le Cdeps"},"content":{"rendered":"<p><strong>NETTALI.COM -<\/strong> Le Conseil des \u00e9diteurs et diffuseurs de presse du S\u00e9n\u00e9gal (Cdeps) tire la sonnette d'alarme, face \u00e0 une offensive sans pr\u00e9c\u00e9dent contre la libert\u00e9 de la presse. Face \u00e0 cette situation, il pr\u00e9voit une s\u00e9rie d'actions concr\u00e8tes pour d\u00e9fendre la libert\u00e9 de la presse. Une mobilisation nationale et internationale est en cours d'organisation. Une manifestation symbolique le 3 mai, \u00e0 l'occasion de la Journ\u00e9e mondiale de la libert\u00e9 de la presse, est \u00e9galement envisag\u00e9e.<\/p>\n<p>Dans un communiqu\u00e9, le Cdeps note qu\u2019en moins de 48 heures, plusieurs d\u00e9cisions ont \u00e9t\u00e9 prises unilat\u00e9ralement par les autorit\u00e9s, mena\u00e7ant l'existence m\u00eame des entreprises de presse. \u201c<em>Dans une action brutale et inou\u00efe, la T\u00e9l\u00e9diffusion s\u00e9n\u00e9galaise (TDS-SA) a coup\u00e9 ou fortement alt\u00e9r\u00e9 le signal de quatorze cha\u00eenes de t\u00e9l\u00e9vision locales, sous pr\u00e9texte de retards de paiement, sans pr\u00e9avis ni possibilit\u00e9 de recours. Dans le m\u00eame temps, plusieurs m\u00e9dias ont re\u00e7u des injonctions fermes de cesser imm\u00e9diatement leur diffusion, pr\u00e9textant une non-conformit\u00e9 administrative, au risque de s\u2019exposer \u00e0 des poursuites p\u00e9nales<\/em>\u201d, d\u00e9nonce le Cdeps, d\u00e9plorant que l\u2019activit\u00e9 de presse soit d\u00e9sormais criminalis\u00e9e au S\u00e9n\u00e9gal en cas de \u201cnon-reconnaissance\u201d par l\u2019autorit\u00e9 administrative et politique.<\/p>\n<p>Le Cdeps d\u00e9nonce une strat\u00e9gie visant \u00e0 mettre au pas un secteur d\u00e9j\u00e0 fragilis\u00e9. Il fustige \u00e9galement le non-respect flagrant des principes de s\u00e9paration des pouvoirs et des r\u00e8gles de r\u00e9gulation des m\u00e9dias, pourtant inscrits dans la Constitution et le Code de la presse.<\/p>\n<p>\u201c<em>Depuis l'entr\u00e9e en fonction du nouveau gouvernement en avril 2024, la presse fait face \u00e0 une vague de mesures irr\u00e9guli\u00e8res et coercitives qui compromettent son ind\u00e9pendance et sa survie \u00e9conomique. Malgr\u00e9 un recours d\u00e9pos\u00e9 en septembre 2024 contre l'arr\u00eat\u00e9 instituant la \u2018Commission d'examen et de validation des entreprises de presse\u2019, aucune suite n'a \u00e9t\u00e9 donn\u00e9e. Pire encore, des violations suppl\u00e9mentaires de la loi ont \u00e9t\u00e9 constat\u00e9es et feront l'objet de nouveaux recours devant la Cour supr\u00eame<\/em>\u201d, a d\u00e9plor\u00e9 le Cdeps.<\/p>\n<p>Il fait ainsi appel aux citoyens s\u00e9n\u00e9galais, \u00e0 la soci\u00e9t\u00e9 civile, aux organisations de d\u00e9fense des Droits de l'homme et \u00e0 la communaut\u00e9 internationale, \u201c<em>pour exiger la fin de ces mesures arbitraires et garantir un environnement m\u00e9diatique libre et ind\u00e9pendant au S\u00e9n\u00e9gal<\/em>\u201d.<\/p>\n<div class='share-to-whatsapp-wrapper'><div class='share-on-whsp'>PARTAGER SUR : <\/div><a data-text='POURSUITES P\u00c9NALES ET COUPURE DE SIGNAL DES T\u00c9L\u00c9S - La libert\u00e9 de la presse criminalis\u00e9e, selon le Cdeps' data-link='https:\/\/www.nettali.com\/2025\/03\/20\/poursuites-penales-et-coupure-de-signal-des-teles-la-liberte-de-la-presse-criminalisee-selon-le-cdeps\/' class='whatsapp-button whatsapp-share'>WhatsApp<\/a><div class='clear '><\/div><\/div>","protected":false},"excerpt":{"rendered":"<p>NETTALI.COM - Le Conseil des \u00e9diteurs et diffuseurs de presse du S\u00e9n\u00e9gal (Cdeps) tire la sonnette d'alarme, face \u00e0 une offensive sans pr\u00e9c\u00e9dent contre la libert\u00e9 de la presse. Face \u00e0 cette situation, il pr\u00e9voit une s\u00e9rie d'actions concr\u00e8tes pour d\u00e9fendre la libert\u00e9 de la presse. Une mobilisation nationale et internationale est en cours d'organisation. [&hellip;]<\/p>\n","protected":false},"author":2,"featured_media":151026,"comment_status":"open","ping_status":"open","sticky":false,"template":"","format":"standard","meta":{"_et_pb_use_builder":"","_et_pb_old_content":""},"categories":[34945],"tags":[],"yoast_head":"<!-- This site is optimized with the Yoast SEO Premium plugin v17.8 (Yoast SEO v17.8) - https:\/\/yoast.com\/wordpress\/plugins\/seo\/ -->\n<title>POURSUITES P\u00c9NALES ET COUPURE DE SIGNAL DES T\u00c9L\u00c9S - La libert\u00e9 de la presse criminalis\u00e9e, selon le Cdeps | Nettali.com<\/title>\n<meta name=\"robots\" content=\"index, follow, max-snippet:-1, max-image-preview:large, max-video-preview:-1\" \/>\n<link rel=\"canonical\" href=\"https:\/\/www.nettali.com\/2025\/03\/20\/poursuites-penales-et-coupure-de-signal-des-teles-la-liberte-de-la-presse-criminalisee-selon-le-cdeps\/\" \/>\n<meta property=\"og:locale\" content=\"fr_FR\" \/>\n<meta property=\"og:type\" content=\"article\" \/>\n<meta property=\"og:title\" content=\"POURSUITES P\u00c9NALES ET COUPURE DE SIGNAL DES T\u00c9L\u00c9S - La libert\u00e9 de la presse criminalis\u00e9e, selon le Cdeps\" \/>\n<meta property=\"og:description\" content=\"NETTALI.COM - Le Conseil des \u00e9diteurs et diffuseurs de presse du S\u00e9n\u00e9gal (Cdeps) tire la sonnette d&#039;alarme, face \u00e0 une offensive sans pr\u00e9c\u00e9dent contre la libert\u00e9 de la presse. Face \u00e0 cette situation, il pr\u00e9voit une s\u00e9rie d&#039;actions concr\u00e8tes pour d\u00e9fendre la libert\u00e9 de la presse. Une mobilisation nationale et internationale est en cours d&#039;organisation. [&hellip;]\" \/>\n<meta property=\"og:url\" content=\"https:\/\/www.nettali.com\/2025\/03\/20\/poursuites-penales-et-coupure-de-signal-des-teles-la-liberte-de-la-presse-criminalisee-selon-le-cdeps\/\" \/>\n<meta property=\"og:site_name\" content=\"Nettali.com\" \/>\n<meta property=\"article:publisher\" content=\"https:\/\/www.facebook.com\/nettalicom\" \/>\n<meta property=\"article:published_time\" content=\"2025-03-20T06:41:24+00:00\" \/>\n<meta property=\"article:modified_time\" content=\"2025-03-21T15:07:42+00:00\" \/>\n<meta property=\"og:image\" content=\"https:\/\/www.nettali.com\/wp-content\/uploads\/2025\/03\/CDEPS.jpg\" \/>\n\t<meta property=\"og:image:width\" content=\"1080\" \/>\n\t<meta property=\"og:image:height\" content=\"720\" \/>\n<meta name=\"twitter:card\" content=\"summary_large_image\" \/>\n<meta name=\"twitter:label1\" content=\"\u00c9crit par\" \/>\n\t<meta name=\"twitter:data1\" content=\"CK\" \/>\n\t<meta name=\"twitter:label2\" content=\"Dur\u00e9e de lecture estim\u00e9e\" \/>\n\t<meta name=\"twitter:data2\" content=\"2 minutes\" \/>\n<script type=\"application\/ld+json\" class=\"yoast-schema-graph\">{\"@context\":\"https:\/\/schema.org\",\"@graph\":[{\"@type\":\"WebSite\",\"@id\":\"https:\/\/www.nettali.com\/#website\",\"url\":\"https:\/\/www.nettali.com\/\",\"name\":\"Nettali.com\",\"description\":\"Le rendez-vous critique du Net\",\"potentialAction\":[{\"@type\":\"SearchAction\",\"target\":{\"@type\":\"EntryPoint\",\"urlTemplate\":\"https:\/\/www.nettali.com\/?s={search_term_string}\"},\"query-input\":\"required name=search_term_string\"}],\"inLanguage\":\"fr-FR\"},{\"@type\":\"ImageObject\",\"@id\":\"https:\/\/www.nettali.com\/2025\/03\/20\/poursuites-penales-et-coupure-de-signal-des-teles-la-liberte-de-la-presse-criminalisee-selon-le-cdeps\/#primaryimage\",\"inLanguage\":\"fr-FR\",\"url\":\"https:\/\/www.nettali.com\/wp-content\/uploads\/2025\/03\/CDEPS.jpg\",\"contentUrl\":\"https:\/\/www.nettali.com\/wp-content\/uploads\/2025\/03\/CDEPS.jpg\",\"width\":1080,\"height\":720},{\"@type\":\"WebPage\",\"@id\":\"https:\/\/www.nettali.com\/2025\/03\/20\/poursuites-penales-et-coupure-de-signal-des-teles-la-liberte-de-la-presse-criminalisee-selon-le-cdeps\/#webpage\",\"url\":\"https:\/\/www.nettali.com\/2025\/03\/20\/poursuites-penales-et-coupure-de-signal-des-teles-la-liberte-de-la-presse-criminalisee-selon-le-cdeps\/\",\"name\":\"POURSUITES P\\u00c9NALES ET COUPURE DE SIGNAL DES T\\u00c9L\\u00c9S - La libert\\u00e9 de la presse criminalis\\u00e9e, selon le Cdeps | Nettali.com\",\"isPartOf\":{\"@id\":\"https:\/\/www.nettali.com\/#website\"},\"primaryImageOfPage\":{\"@id\":\"https:\/\/www.nettali.com\/2025\/03\/20\/poursuites-penales-et-coupure-de-signal-des-teles-la-liberte-de-la-presse-criminalisee-selon-le-cdeps\/#primaryimage\"},\"datePublished\":\"2025-03-20T06:41:24+00:00\",\"dateModified\":\"2025-03-21T15:07:42+00:00\",\"author\":{\"@id\":\"https:\/\/www.nettali.com\/#\/schema\/person\/d8ac7b7e27ddad43f1c0d2ef090d7f71\"},\"breadcrumb\":{\"@id\":\"https:\/\/www.nettali.com\/2025\/03\/20\/poursuites-penales-et-coupure-de-signal-des-teles-la-liberte-de-la-presse-criminalisee-selon-le-cdeps\/#breadcrumb\"},\"inLanguage\":\"fr-FR\",\"potentialAction\":[{\"@type\":\"ReadAction\",\"target\":[\"https:\/\/www.nettali.com\/2025\/03\/20\/poursuites-penales-et-coupure-de-signal-des-teles-la-liberte-de-la-presse-criminalisee-selon-le-cdeps\/\"]}]},{\"@type\":\"BreadcrumbList\",\"@id\":\"https:\/\/www.nettali.com\/2025\/03\/20\/poursuites-penales-et-coupure-de-signal-des-teles-la-liberte-de-la-presse-criminalisee-selon-le-cdeps\/#breadcrumb\",\"itemListElement\":[{\"@type\":\"ListItem\",\"position\":1,\"name\":\"Accueil\",\"item\":\"https:\/\/www.nettali.com\/\"},{\"@type\":\"ListItem\",\"position\":2,\"name\":\"POURSUITES P\\u00c9NALES ET COUPURE DE SIGNAL DES T\\u00c9L\\u00c9S - La libert\\u00e9 de la presse criminalis\\u00e9e, selon le Cdeps\"}]},{\"@type\":\"Person\",\"@id\":\"https:\/\/www.nettali.com\/#\/schema\/person\/d8ac7b7e27ddad43f1c0d2ef090d7f71\",\"name\":\"CK\",\"image\":{\"@type\":\"ImageObject\",\"@id\":\"https:\/\/www.nettali.com\/#personlogo\",\"inLanguage\":\"fr-FR\",\"url\":\"https:\/\/secure.gravatar.com\/avatar\/1d8d5118b9327d94da7cd4ce7f17fec2?s=96&d=mm&r=g\",\"contentUrl\":\"https:\/\/secure.gravatar.com\/avatar\/1d8d5118b9327d94da7cd4ce7f17fec2?s=96&d=mm&r=g\",\"caption\":\"CK\"},\"sameAs\":[\"https:\/\/www.nettali.com\"]}]}<\/script>\n<!-- \/ Yoast SEO Premium plugin. -->","yoast_head_json":{"title":"POURSUITES P\u00c9NALES ET COUPURE DE SIGNAL DES T\u00c9L\u00c9S - La libert\u00e9 de la presse criminalis\u00e9e, selon le Cdeps | Nettali.com","robots":{"index":"index","follow":"follow","max-snippet":"max-snippet:-1","max-image-preview":"max-image-preview:large","max-video-preview":"max-video-preview:-1"},"canonical":"https:\/\/www.nettali.com\/2025\/03\/20\/poursuites-penales-et-coupure-de-signal-des-teles-la-liberte-de-la-presse-criminalisee-selon-le-cdeps\/","og_locale":"fr_FR","og_type":"article","og_title":"POURSUITES P\u00c9NALES ET COUPURE DE SIGNAL DES T\u00c9L\u00c9S - La libert\u00e9 de la presse criminalis\u00e9e, selon le Cdeps","og_description":"NETTALI.COM - Le Conseil des \u00e9diteurs et diffuseurs de presse du S\u00e9n\u00e9gal (Cdeps) tire la sonnette d'alarme, face \u00e0 une offensive sans pr\u00e9c\u00e9dent contre la libert\u00e9 de la presse. Face \u00e0 cette situation, il pr\u00e9voit une s\u00e9rie d'actions concr\u00e8tes pour d\u00e9fendre la libert\u00e9 de la presse. Une mobilisation nationale et internationale est en cours d'organisation. [&hellip;]","og_url":"https:\/\/www.nettali.com\/2025\/03\/20\/poursuites-penales-et-coupure-de-signal-des-teles-la-liberte-de-la-presse-criminalisee-selon-le-cdeps\/","og_site_name":"Nettali.com","article_publisher":"https:\/\/www.facebook.com\/nettalicom","article_published_time":"2025-03-20T06:41:24+00:00","article_modified_time":"2025-03-21T15:07:42+00:00","og_image":[{"width":1080,"height":720,"url":"https:\/\/www.nettali.com\/wp-content\/uploads\/2025\/03\/CDEPS.jpg","type":"image\/jpeg"}],"twitter_card":"summary_large_image","twitter_misc":{"\u00c9crit par":"CK","Dur\u00e9e de lecture estim\u00e9e":"2 minutes"},"schema":{"@context":"https:\/\/schema.org","@graph":[{"@type":"WebSite","@id":"https:\/\/www.nettali.com\/#website","url":"https:\/\/www.nettali.com\/","name":"Nettali.com","description":"Le rendez-vous critique du Net","potentialAction":[{"@type":"SearchAction","target":{"@type":"EntryPoint","urlTemplate":"https:\/\/www.nettali.com\/?s={search_term_string}"},"query-input":"required name=search_term_string"}],"inLanguage":"fr-FR"},{"@type":"ImageObject","@id":"https:\/\/www.nettali.com\/2025\/03\/20\/poursuites-penales-et-coupure-de-signal-des-teles-la-liberte-de-la-presse-criminalisee-selon-le-cdeps\/#primaryimage","inLanguage":"fr-FR","url":"https:\/\/www.nettali.com\/wp-content\/uploads\/2025\/03\/CDEPS.jpg","contentUrl":"https:\/\/www.nettali.com\/wp-content\/uploads\/2025\/03\/CDEPS.jpg","width":1080,"height":720},{"@type":"WebPage","@id":"https:\/\/www.nettali.com\/2025\/03\/20\/poursuites-penales-et-coupure-de-signal-des-teles-la-liberte-de-la-presse-criminalisee-selon-le-cdeps\/#webpage","url":"https:\/\/www.nettali.com\/2025\/03\/20\/poursuites-penales-et-coupure-de-signal-des-teles-la-liberte-de-la-presse-criminalisee-selon-le-cdeps\/","name":"POURSUITES P\u00c9NALES ET COUPURE DE SIGNAL DES T\u00c9L\u00c9S - La libert\u00e9 de la presse criminalis\u00e9e, selon le Cdeps | Nettali.com","isPartOf":{"@id":"https:\/\/www.nettali.com\/#website"},"primaryImageOfPage":{"@id":"https:\/\/www.nettali.com\/2025\/03\/20\/poursuites-penales-et-coupure-de-signal-des-teles-la-liberte-de-la-presse-criminalisee-selon-le-cdeps\/#primaryimage"},"datePublished":"2025-03-20T06:41:24+00:00","dateModified":"2025-03-21T15:07:42+00:00","author":{"@id":"https:\/\/www.nettali.com\/#\/schema\/person\/d8ac7b7e27ddad43f1c0d2ef090d7f71"},"breadcrumb":{"@id":"https:\/\/www.nettali.com\/2025\/03\/20\/poursuites-penales-et-coupure-de-signal-des-teles-la-liberte-de-la-presse-criminalisee-selon-le-cdeps\/#breadcrumb"},"inLanguage":"fr-FR","potentialAction":[{"@type":"ReadAction","target":["https:\/\/www.nettali.com\/2025\/03\/20\/poursuites-penales-et-coupure-de-signal-des-teles-la-liberte-de-la-presse-criminalisee-selon-le-cdeps\/"]}]},{"@type":"BreadcrumbList","@id":"https:\/\/www.nettali.com\/2025\/03\/20\/poursuites-penales-et-coupure-de-signal-des-teles-la-liberte-de-la-presse-criminalisee-selon-le-cdeps\/#breadcrumb","itemListElement":[{"@type":"ListItem","position":1,"name":"Accueil","item":"https:\/\/www.nettali.com\/"},{"@type":"ListItem","position":2,"name":"POURSUITES P\u00c9NALES ET COUPURE DE SIGNAL DES T\u00c9L\u00c9S - La libert\u00e9 de la presse criminalis\u00e9e, selon le Cdeps"}]},{"@type":"Person","@id":"https:\/\/www.nettali.com\/#\/schema\/person\/d8ac7b7e27ddad43f1c0d2ef090d7f71","name":"CK","image":{"@type":"ImageObject","@id":"https:\/\/www.nettali.com\/#personlogo","inLanguage":"fr-FR","url":"https:\/\/secure.gravatar.com\/avatar\/1d8d5118b9327d94da7cd4ce7f17fec2?s=96&d=mm&r=g","contentUrl":"https:\/\/secure.gravatar.com\/avatar\/1d8d5118b9327d94da7cd4ce7f17fec2?s=96&d=mm&r=g","caption":"CK"},"sameAs":["https:\/\/www.nettali.com"]}]}},"_links":{"self":[{"href":"https:\/\/www.nettali.com\/rest\/wp\/v2\/posts\/151025"}],"collection":[{"href":"https:\/\/www.nettali.com\/rest\/wp\/v2\/posts"}],"about":[{"href":"https:\/\/www.nettali.com\/rest\/wp\/v2\/types\/post"}],"author":[{"embeddable":true,"href":"https:\/\/www.nettali.com\/rest\/wp\/v2\/users\/2"}],"replies":[{"embeddable":true,"href":"https:\/\/www.nettali.com\/rest\/wp\/v2\/comments?post=151025"}],"version-history":[{"count":1,"href":"https:\/\/www.nettali.com\/rest\/wp\/v2\/posts\/151025\/revisions"}],"predecessor-version":[{"id":151027,"href":"https:\/\/www.nettali.com\/rest\/wp\/v2\/posts\/151025\/revisions\/151027"}],"wp:featuredmedia":[{"embeddable":true,"href":"https:\/\/www.nettali.com\/rest\/wp\/v2\/media\/151026"}],"wp:attachment":[{"href":"https:\/\/www.nettali.com\/rest\/wp\/v2\/media?parent=151025"}],"wp:term":[{"taxonomy":"category","embeddable":true,"href":"https:\/\/www.nettali.com\/rest\/wp\/v2\/categories?post=151025"},{"taxonomy":"post_tag","embeddable":true,"href":"https:\/\/www.nettali.com\/rest\/wp\/v2\/tags?post=151025"}],"curies":[{"name":"wp","href":"https:\/\/api.w.org\/{rel}","templated":true}]}}