{"id":150994,"date":"2025-03-19T20:43:56","date_gmt":"2025-03-19T20:43:56","guid":{"rendered":"https:\/\/www.nettali.com\/?p=150994"},"modified":"2025-03-19T20:43:56","modified_gmt":"2025-03-19T20:43:56","slug":"apologie-publique-au-crime-dassassinat-menaces-de-mort-injures-mouhamadou-m-sarr-condamne-a-un-an-de-prison-ferme-pour-avoir-insulte-et-menace-le-pm","status":"publish","type":"post","link":"https:\/\/www.nettali.com\/2025\/03\/19\/apologie-publique-au-crime-dassassinat-menaces-de-mort-injures-mouhamadou-m-sarr-condamne-a-un-an-de-prison-ferme-pour-avoir-insulte-et-menace-le-pm\/","title":{"rendered":"APOLOGIE PUBLIQUE AU CRIME D\u2019ASSASSINAT, MENACES DE MORT, INJURES ....- Mouhamadou M. Sarr, condamn\u00e9 \u00e0 un an de prison ferme pour avoir insult\u00e9 et menac\u00e9 le PM"},"content":{"rendered":"<p><strong>NETTALI.COM - Un an de prison de prison ferme. C\u2019est la peine inflig\u00e9e \u00e0 Mamadou Moustapha Sarr par le tribunal des flagrants de d\u00e9lits. Le pr\u00e9venu est reconnu coupable d\u2019apologie publique au crime d\u2019assassinat, menaces de mort, injures par le biais d'un Syst\u00e8me informatique sur la personne d'Ousmane Sonko...<\/strong><\/p>\n<p>Les excuses de Mouhamadou Moustapha Sarr n'auront pas suffi au juge du tribunal des flagrants qui l'a condamn\u00e9 \u00e0 de la prison ferme. Attrait le mercredi 18 mars \u00e0 la barre, ce dernier a \u00e9t\u00e9 jug\u00e9 pour apologie publique au crime d\u2019assassinat, menaces de mort, injures par le biais d'un Syst\u00e8me informatique \u00e0 l\u2019endroit d\u2019une communaut\u00e9,\u00a0 notamment les diolas... En effet, Mouhamadou Moustapha Sarr est coupable d'avoir mont\u00e9 une vid\u00e9o sur internet sur laquelle il insulte Ousmane Sonko, tout en y tenant des propos ethnicistes. Il est all\u00e9 m\u00eame jusqu'\u00e0 le menacer de mort.<\/p>\n<p>\u00ab <em>Si ce n'\u00e9tait pas la d\u00e9mocratie, un diola ne serait jamais Premier ministre dans ce pays<\/em> \u00bb, a-t-il d\u00e9clar\u00e9.<\/p>\n<p>Sarr a aussi prof\u00e9r\u00e9 des menaces d'assassinat contre le premier ministre Ousmane Sonko d\u00e9clarant qu'on devait lui coller une balle afin que le pays ait la paix.<\/p>\n<p>\u00ab <em>Je vous avertis, vous les \u00e9l\u00e9ments du Gign, vous pouvez \u00e0 tout moment recevoir des coups de lance roquettes, des tirs de mitraillette ou une voiture pi\u00e9g\u00e9e. Les fran\u00e7ais doivent intervenir le plus rapidement possible. Vous devez l'\u00e9liminer parce qu'il a menac\u00e9 vos int\u00e9r\u00eats...<\/em> \u00bb<\/p>\n<p>Au juge, il a ainsi d\u00e9clare qu\u2019il \u00e9tait en col\u00e8re et a demand\u00e9 pardon. \u00ab <em>J'ai 48 ans et je n'ai jamais eu maille avec la justice<\/em> \u00bb, a-t-il dit. Des propos qu'il a r\u00e9it\u00e9r\u00e9 au procureur qui lui a demand\u00e9 qu'elle \u00e9tait son intention.<\/p>\n<p>\u00ab J\u2019<em>\u00e9tais en col\u00e8re et je me sentais trahi \u00e0 cause des licenciements au Port. J'ai particip\u00e9 au projet car j'avais m\u00eame \u00e9t\u00e9 arr\u00eat\u00e9. C'est pour \u00e7a que j'ai parl\u00e9 ainsi. Moi, je suis un ouvrier et non un politicien<\/em> \u00bb, a-t-il argu\u00e9.<\/p>\n<p>Le parquet n\u2019a pas manqu\u00e9 de le remettre \u00e0 sa place en lui lan\u00e7ant : \u00ab <em>Vous \u00eates trop petit pour menacer la stabilit\u00e9 de ce pays. Personne ne vous suivra dans votre logique<\/em> \u00bb. Aussi, celui-ci a-t-il requis deux ans de prison ferme.<\/p>\n<p>Le pr\u00e9venu s'est toutefois confondu en excuses en persistant \u00e0 dire que c'\u00e9tait une erreur. \u00ab <em>Ne me suivez pas dans ma col\u00e8re. Je ne savais pas que cette affaire allait prendre cette tournure<\/em> \u00bb, a-t-il plaid\u00e9 pour sa propre d\u00e9fense.<\/p>\n<p>Apr\u00e8s lui avoir inflig\u00e9 un an ferme, le juge a soutenu que \u00ab <em>plus jamais des propos de ce genre ne seront accept\u00e9s dans ce pays . On ne va plus le permettre. La justice va jouer ce r\u00f4le. Le pays est connu pour sa paix. Et il en sera ainsi pour toujours<\/em> \u00bb .<\/p>\n<p>&nbsp;<\/p>\n<p>&nbsp;<\/p>\n<div class='share-to-whatsapp-wrapper'><div class='share-on-whsp'>PARTAGER SUR : <\/div><a data-text='APOLOGIE PUBLIQUE AU CRIME D\u2019ASSASSINAT, MENACES DE MORT, INJURES ....- Mouhamadou M. Sarr, condamn\u00e9 \u00e0 un an de prison ferme pour avoir insult\u00e9 et menac\u00e9 le PM' data-link='https:\/\/www.nettali.com\/2025\/03\/19\/apologie-publique-au-crime-dassassinat-menaces-de-mort-injures-mouhamadou-m-sarr-condamne-a-un-an-de-prison-ferme-pour-avoir-insulte-et-menace-le-pm\/' class='whatsapp-button whatsapp-share'>WhatsApp<\/a><div class='clear '><\/div><\/div>","protected":false},"excerpt":{"rendered":"<p>NETTALI.COM - Un an de prison de prison ferme. C\u2019est la peine inflig\u00e9e \u00e0 Mamadou Moustapha Sarr par le tribunal des flagrants de d\u00e9lits. Le pr\u00e9venu est reconnu coupable d\u2019apologie publique au crime d\u2019assassinat, menaces de mort, injures par le biais d'un Syst\u00e8me informatique sur la personne d'Ousmane Sonko... Les excuses de Mouhamadou Moustapha Sarr [&hellip;]<\/p>\n","protected":false},"author":6,"featured_media":60247,"comment_status":"open","ping_status":"open","sticky":false,"template":"","format":"standard","meta":{"_et_pb_use_builder":"","_et_pb_old_content":""},"categories":[3],"tags":[],"yoast_head":"<!-- This site is optimized with the Yoast SEO Premium plugin v17.8 (Yoast SEO v17.8) - https:\/\/yoast.com\/wordpress\/plugins\/seo\/ -->\n<title>APOLOGIE PUBLIQUE AU CRIME D\u2019ASSASSINAT, MENACES DE MORT, INJURES ....- Mouhamadou M. Sarr, condamn\u00e9 \u00e0 un an de prison ferme pour avoir insult\u00e9 et menac\u00e9 le PM | Nettali.com<\/title>\n<meta name=\"robots\" content=\"index, follow, max-snippet:-1, max-image-preview:large, max-video-preview:-1\" \/>\n<link rel=\"canonical\" href=\"https:\/\/www.nettali.com\/2025\/03\/19\/apologie-publique-au-crime-dassassinat-menaces-de-mort-injures-mouhamadou-m-sarr-condamne-a-un-an-de-prison-ferme-pour-avoir-insulte-et-menace-le-pm\/\" \/>\n<meta property=\"og:locale\" content=\"fr_FR\" \/>\n<meta property=\"og:type\" content=\"article\" \/>\n<meta property=\"og:title\" content=\"APOLOGIE PUBLIQUE AU CRIME D\u2019ASSASSINAT, MENACES DE MORT, INJURES ....- Mouhamadou M. Sarr, condamn\u00e9 \u00e0 un an de prison ferme pour avoir insult\u00e9 et menac\u00e9 le PM\" \/>\n<meta property=\"og:description\" content=\"NETTALI.COM - Un an de prison de prison ferme. C\u2019est la peine inflig\u00e9e \u00e0 Mamadou Moustapha Sarr par le tribunal des flagrants de d\u00e9lits. Le pr\u00e9venu est reconnu coupable d\u2019apologie publique au crime d\u2019assassinat, menaces de mort, injures par le biais d&#039;un Syst\u00e8me informatique sur la personne d&#039;Ousmane Sonko... Les excuses de Mouhamadou Moustapha Sarr [&hellip;]\" \/>\n<meta property=\"og:url\" content=\"https:\/\/www.nettali.com\/2025\/03\/19\/apologie-publique-au-crime-dassassinat-menaces-de-mort-injures-mouhamadou-m-sarr-condamne-a-un-an-de-prison-ferme-pour-avoir-insulte-et-menace-le-pm\/\" \/>\n<meta property=\"og:site_name\" content=\"Nettali.com\" \/>\n<meta property=\"article:publisher\" content=\"https:\/\/www.facebook.com\/nettalicom\" \/>\n<meta property=\"article:published_time\" content=\"2025-03-19T20:43:56+00:00\" \/>\n<meta property=\"og:image\" content=\"https:\/\/www.nettali.com\/wp-content\/uploads\/2021\/03\/o-PRISON-facebook-1.jpg\" \/>\n\t<meta property=\"og:image:width\" content=\"800\" \/>\n\t<meta property=\"og:image:height\" content=\"400\" \/>\n<meta name=\"twitter:card\" content=\"summary_large_image\" \/>\n<meta name=\"twitter:label1\" content=\"\u00c9crit par\" \/>\n\t<meta name=\"twitter:data1\" content=\"Fatou\" \/>\n\t<meta name=\"twitter:label2\" content=\"Dur\u00e9e de lecture estim\u00e9e\" \/>\n\t<meta name=\"twitter:data2\" content=\"3 minutes\" \/>\n<script type=\"application\/ld+json\" class=\"yoast-schema-graph\">{\"@context\":\"https:\/\/schema.org\",\"@graph\":[{\"@type\":\"WebSite\",\"@id\":\"https:\/\/www.nettali.com\/#website\",\"url\":\"https:\/\/www.nettali.com\/\",\"name\":\"Nettali.com\",\"description\":\"Le rendez-vous critique du Net\",\"potentialAction\":[{\"@type\":\"SearchAction\",\"target\":{\"@type\":\"EntryPoint\",\"urlTemplate\":\"https:\/\/www.nettali.com\/?s={search_term_string}\"},\"query-input\":\"required name=search_term_string\"}],\"inLanguage\":\"fr-FR\"},{\"@type\":\"ImageObject\",\"@id\":\"https:\/\/www.nettali.com\/2025\/03\/19\/apologie-publique-au-crime-dassassinat-menaces-de-mort-injures-mouhamadou-m-sarr-condamne-a-un-an-de-prison-ferme-pour-avoir-insulte-et-menace-le-pm\/#primaryimage\",\"inLanguage\":\"fr-FR\",\"url\":\"https:\/\/www.nettali.com\/wp-content\/uploads\/2021\/03\/o-PRISON-facebook-1.jpg\",\"contentUrl\":\"https:\/\/www.nettali.com\/wp-content\/uploads\/2021\/03\/o-PRISON-facebook-1.jpg\",\"width\":800,\"height\":400},{\"@type\":\"WebPage\",\"@id\":\"https:\/\/www.nettali.com\/2025\/03\/19\/apologie-publique-au-crime-dassassinat-menaces-de-mort-injures-mouhamadou-m-sarr-condamne-a-un-an-de-prison-ferme-pour-avoir-insulte-et-menace-le-pm\/#webpage\",\"url\":\"https:\/\/www.nettali.com\/2025\/03\/19\/apologie-publique-au-crime-dassassinat-menaces-de-mort-injures-mouhamadou-m-sarr-condamne-a-un-an-de-prison-ferme-pour-avoir-insulte-et-menace-le-pm\/\",\"name\":\"APOLOGIE PUBLIQUE AU CRIME D\\u2019ASSASSINAT, MENACES DE MORT, INJURES ....- Mouhamadou M. Sarr, condamn\\u00e9 \\u00e0 un an de prison ferme pour avoir insult\\u00e9 et menac\\u00e9 le PM | Nettali.com\",\"isPartOf\":{\"@id\":\"https:\/\/www.nettali.com\/#website\"},\"primaryImageOfPage\":{\"@id\":\"https:\/\/www.nettali.com\/2025\/03\/19\/apologie-publique-au-crime-dassassinat-menaces-de-mort-injures-mouhamadou-m-sarr-condamne-a-un-an-de-prison-ferme-pour-avoir-insulte-et-menace-le-pm\/#primaryimage\"},\"datePublished\":\"2025-03-19T20:43:56+00:00\",\"dateModified\":\"2025-03-19T20:43:56+00:00\",\"author\":{\"@id\":\"https:\/\/www.nettali.com\/#\/schema\/person\/418274a86bdf87caff7a3ef476bd0bbf\"},\"breadcrumb\":{\"@id\":\"https:\/\/www.nettali.com\/2025\/03\/19\/apologie-publique-au-crime-dassassinat-menaces-de-mort-injures-mouhamadou-m-sarr-condamne-a-un-an-de-prison-ferme-pour-avoir-insulte-et-menace-le-pm\/#breadcrumb\"},\"inLanguage\":\"fr-FR\",\"potentialAction\":[{\"@type\":\"ReadAction\",\"target\":[\"https:\/\/www.nettali.com\/2025\/03\/19\/apologie-publique-au-crime-dassassinat-menaces-de-mort-injures-mouhamadou-m-sarr-condamne-a-un-an-de-prison-ferme-pour-avoir-insulte-et-menace-le-pm\/\"]}]},{\"@type\":\"BreadcrumbList\",\"@id\":\"https:\/\/www.nettali.com\/2025\/03\/19\/apologie-publique-au-crime-dassassinat-menaces-de-mort-injures-mouhamadou-m-sarr-condamne-a-un-an-de-prison-ferme-pour-avoir-insulte-et-menace-le-pm\/#breadcrumb\",\"itemListElement\":[{\"@type\":\"ListItem\",\"position\":1,\"name\":\"Accueil\",\"item\":\"https:\/\/www.nettali.com\/\"},{\"@type\":\"ListItem\",\"position\":2,\"name\":\"APOLOGIE PUBLIQUE AU CRIME D\\u2019ASSASSINAT, MENACES DE MORT, INJURES ....- Mouhamadou M. Sarr, condamn\\u00e9 \\u00e0 un an de prison ferme pour avoir insult\\u00e9 et menac\\u00e9 le PM\"}]},{\"@type\":\"Person\",\"@id\":\"https:\/\/www.nettali.com\/#\/schema\/person\/418274a86bdf87caff7a3ef476bd0bbf\",\"name\":\"Fatou\",\"image\":{\"@type\":\"ImageObject\",\"@id\":\"https:\/\/www.nettali.com\/#personlogo\",\"inLanguage\":\"fr-FR\",\"url\":\"https:\/\/secure.gravatar.com\/avatar\/5a9442a2bee7b4dcf167cab035858e9a?s=96&d=mm&r=g\",\"contentUrl\":\"https:\/\/secure.gravatar.com\/avatar\/5a9442a2bee7b4dcf167cab035858e9a?s=96&d=mm&r=g\",\"caption\":\"Fatou\"},\"sameAs\":[\"https:\/\/www.nettali.com\"]}]}<\/script>\n<!-- \/ Yoast SEO Premium plugin. -->","yoast_head_json":{"title":"APOLOGIE PUBLIQUE AU CRIME D\u2019ASSASSINAT, MENACES DE MORT, INJURES ....- Mouhamadou M. Sarr, condamn\u00e9 \u00e0 un an de prison ferme pour avoir insult\u00e9 et menac\u00e9 le PM | Nettali.com","robots":{"index":"index","follow":"follow","max-snippet":"max-snippet:-1","max-image-preview":"max-image-preview:large","max-video-preview":"max-video-preview:-1"},"canonical":"https:\/\/www.nettali.com\/2025\/03\/19\/apologie-publique-au-crime-dassassinat-menaces-de-mort-injures-mouhamadou-m-sarr-condamne-a-un-an-de-prison-ferme-pour-avoir-insulte-et-menace-le-pm\/","og_locale":"fr_FR","og_type":"article","og_title":"APOLOGIE PUBLIQUE AU CRIME D\u2019ASSASSINAT, MENACES DE MORT, INJURES ....- Mouhamadou M. Sarr, condamn\u00e9 \u00e0 un an de prison ferme pour avoir insult\u00e9 et menac\u00e9 le PM","og_description":"NETTALI.COM - Un an de prison de prison ferme. C\u2019est la peine inflig\u00e9e \u00e0 Mamadou Moustapha Sarr par le tribunal des flagrants de d\u00e9lits. Le pr\u00e9venu est reconnu coupable d\u2019apologie publique au crime d\u2019assassinat, menaces de mort, injures par le biais d'un Syst\u00e8me informatique sur la personne d'Ousmane Sonko... Les excuses de Mouhamadou Moustapha Sarr [&hellip;]","og_url":"https:\/\/www.nettali.com\/2025\/03\/19\/apologie-publique-au-crime-dassassinat-menaces-de-mort-injures-mouhamadou-m-sarr-condamne-a-un-an-de-prison-ferme-pour-avoir-insulte-et-menace-le-pm\/","og_site_name":"Nettali.com","article_publisher":"https:\/\/www.facebook.com\/nettalicom","article_published_time":"2025-03-19T20:43:56+00:00","og_image":[{"width":800,"height":400,"url":"https:\/\/www.nettali.com\/wp-content\/uploads\/2021\/03\/o-PRISON-facebook-1.jpg","type":"image\/jpeg"}],"twitter_card":"summary_large_image","twitter_misc":{"\u00c9crit par":"Fatou","Dur\u00e9e de lecture estim\u00e9e":"3 minutes"},"schema":{"@context":"https:\/\/schema.org","@graph":[{"@type":"WebSite","@id":"https:\/\/www.nettali.com\/#website","url":"https:\/\/www.nettali.com\/","name":"Nettali.com","description":"Le rendez-vous critique du Net","potentialAction":[{"@type":"SearchAction","target":{"@type":"EntryPoint","urlTemplate":"https:\/\/www.nettali.com\/?s={search_term_string}"},"query-input":"required name=search_term_string"}],"inLanguage":"fr-FR"},{"@type":"ImageObject","@id":"https:\/\/www.nettali.com\/2025\/03\/19\/apologie-publique-au-crime-dassassinat-menaces-de-mort-injures-mouhamadou-m-sarr-condamne-a-un-an-de-prison-ferme-pour-avoir-insulte-et-menace-le-pm\/#primaryimage","inLanguage":"fr-FR","url":"https:\/\/www.nettali.com\/wp-content\/uploads\/2021\/03\/o-PRISON-facebook-1.jpg","contentUrl":"https:\/\/www.nettali.com\/wp-content\/uploads\/2021\/03\/o-PRISON-facebook-1.jpg","width":800,"height":400},{"@type":"WebPage","@id":"https:\/\/www.nettali.com\/2025\/03\/19\/apologie-publique-au-crime-dassassinat-menaces-de-mort-injures-mouhamadou-m-sarr-condamne-a-un-an-de-prison-ferme-pour-avoir-insulte-et-menace-le-pm\/#webpage","url":"https:\/\/www.nettali.com\/2025\/03\/19\/apologie-publique-au-crime-dassassinat-menaces-de-mort-injures-mouhamadou-m-sarr-condamne-a-un-an-de-prison-ferme-pour-avoir-insulte-et-menace-le-pm\/","name":"APOLOGIE PUBLIQUE AU CRIME D\u2019ASSASSINAT, MENACES DE MORT, INJURES ....- Mouhamadou M. Sarr, condamn\u00e9 \u00e0 un an de prison ferme pour avoir insult\u00e9 et menac\u00e9 le PM | Nettali.com","isPartOf":{"@id":"https:\/\/www.nettali.com\/#website"},"primaryImageOfPage":{"@id":"https:\/\/www.nettali.com\/2025\/03\/19\/apologie-publique-au-crime-dassassinat-menaces-de-mort-injures-mouhamadou-m-sarr-condamne-a-un-an-de-prison-ferme-pour-avoir-insulte-et-menace-le-pm\/#primaryimage"},"datePublished":"2025-03-19T20:43:56+00:00","dateModified":"2025-03-19T20:43:56+00:00","author":{"@id":"https:\/\/www.nettali.com\/#\/schema\/person\/418274a86bdf87caff7a3ef476bd0bbf"},"breadcrumb":{"@id":"https:\/\/www.nettali.com\/2025\/03\/19\/apologie-publique-au-crime-dassassinat-menaces-de-mort-injures-mouhamadou-m-sarr-condamne-a-un-an-de-prison-ferme-pour-avoir-insulte-et-menace-le-pm\/#breadcrumb"},"inLanguage":"fr-FR","potentialAction":[{"@type":"ReadAction","target":["https:\/\/www.nettali.com\/2025\/03\/19\/apologie-publique-au-crime-dassassinat-menaces-de-mort-injures-mouhamadou-m-sarr-condamne-a-un-an-de-prison-ferme-pour-avoir-insulte-et-menace-le-pm\/"]}]},{"@type":"BreadcrumbList","@id":"https:\/\/www.nettali.com\/2025\/03\/19\/apologie-publique-au-crime-dassassinat-menaces-de-mort-injures-mouhamadou-m-sarr-condamne-a-un-an-de-prison-ferme-pour-avoir-insulte-et-menace-le-pm\/#breadcrumb","itemListElement":[{"@type":"ListItem","position":1,"name":"Accueil","item":"https:\/\/www.nettali.com\/"},{"@type":"ListItem","position":2,"name":"APOLOGIE PUBLIQUE AU CRIME D\u2019ASSASSINAT, MENACES DE MORT, INJURES ....- Mouhamadou M. Sarr, condamn\u00e9 \u00e0 un an de prison ferme pour avoir insult\u00e9 et menac\u00e9 le PM"}]},{"@type":"Person","@id":"https:\/\/www.nettali.com\/#\/schema\/person\/418274a86bdf87caff7a3ef476bd0bbf","name":"Fatou","image":{"@type":"ImageObject","@id":"https:\/\/www.nettali.com\/#personlogo","inLanguage":"fr-FR","url":"https:\/\/secure.gravatar.com\/avatar\/5a9442a2bee7b4dcf167cab035858e9a?s=96&d=mm&r=g","contentUrl":"https:\/\/secure.gravatar.com\/avatar\/5a9442a2bee7b4dcf167cab035858e9a?s=96&d=mm&r=g","caption":"Fatou"},"sameAs":["https:\/\/www.nettali.com"]}]}},"_links":{"self":[{"href":"https:\/\/www.nettali.com\/rest\/wp\/v2\/posts\/150994"}],"collection":[{"href":"https:\/\/www.nettali.com\/rest\/wp\/v2\/posts"}],"about":[{"href":"https:\/\/www.nettali.com\/rest\/wp\/v2\/types\/post"}],"author":[{"embeddable":true,"href":"https:\/\/www.nettali.com\/rest\/wp\/v2\/users\/6"}],"replies":[{"embeddable":true,"href":"https:\/\/www.nettali.com\/rest\/wp\/v2\/comments?post=150994"}],"version-history":[{"count":3,"href":"https:\/\/www.nettali.com\/rest\/wp\/v2\/posts\/150994\/revisions"}],"predecessor-version":[{"id":151001,"href":"https:\/\/www.nettali.com\/rest\/wp\/v2\/posts\/150994\/revisions\/151001"}],"wp:featuredmedia":[{"embeddable":true,"href":"https:\/\/www.nettali.com\/rest\/wp\/v2\/media\/60247"}],"wp:attachment":[{"href":"https:\/\/www.nettali.com\/rest\/wp\/v2\/media?parent=150994"}],"wp:term":[{"taxonomy":"category","embeddable":true,"href":"https:\/\/www.nettali.com\/rest\/wp\/v2\/categories?post=150994"},{"taxonomy":"post_tag","embeddable":true,"href":"https:\/\/www.nettali.com\/rest\/wp\/v2\/tags?post=150994"}],"curies":[{"name":"wp","href":"https:\/\/api.w.org\/{rel}","templated":true}]}}