{"id":150991,"date":"2025-03-19T18:43:12","date_gmt":"2025-03-19T18:43:12","guid":{"rendered":"https:\/\/www.nettali.com\/?p=150991"},"modified":"2025-03-19T17:47:53","modified_gmt":"2025-03-19T17:47:53","slug":"yehvann-diouf-pourquoi-jai-choisi-le-senegal","status":"publish","type":"post","link":"https:\/\/www.nettali.com\/2025\/03\/19\/yehvann-diouf-pourquoi-jai-choisi-le-senegal\/","title":{"rendered":"YEHVANN DIOUF - \"Pourquoi j'ai choisi le S\u00e9n\u00e9gal...\""},"content":{"rendered":"<p><strong>NETTALI.COM - Le nouveau pensionnaire de l\u2019\u00e9quipe nationale de football, Yehvann Diouf a indiqu\u00e9 que les \u00e9loges sur la \u201dcombativit\u00e9\u201d de son p\u00e8re Aliou Diouf, ancien champion de lutte des ann\u00e9es 1990, ont beaucoup influ\u00e9 sur son choix de d\u00e9fendre les couleurs du S\u00e9n\u00e9gal.<\/strong><\/p>\n<p><em>\u201d\u00c7a fait plaisir d\u2019entendre qu\u2019il a marqu\u00e9 les esprits au S\u00e9n\u00e9gal et en France. Cela a beaucoup jou\u00e9 pour \u00eatre l\u00e0 aujourd\u2019hui \u201d<\/em>, a-t-il dit.<\/p>\n<p>Fils de l\u2019un des anciens lieutenants de Hyacinthe Ndiaye \u201dManga 2\u201d \u00e0 l\u2019\u00e9curie s\u00e9r\u00e8re, Aliou Diouf \u201d Yarwago\u201d, le gardien de Reims (\u00e9lite fran\u00e7aise) est convoqu\u00e9 pour la premi\u00e8re fois en \u00e9quipe nationale du S\u00e9n\u00e9gal.<\/p>\n<p>Les Lions se d\u00e9placent \u00e0 Benghazi (Libye) pour affronter samedi le Soudan et re\u00e7oivent mardi le Togo respectivement pour le compte de la cinqui\u00e8me et sixi\u00e8me journ\u00e9e des \u00e9liminatoires de la Coupe du monde.<\/p>\n<p>Auteur d\u2019une bonne saison avec son club, l\u2019ancien pensionnaire des \u00e9quipes de France de petites cat\u00e9gories renforce ce secteur. Il va \u00e9pauler Edouard Mendy et Mory Diaw.<\/p>\n<p>Parlant de son p\u00e8re, Yevhann Diouf a rappel\u00e9 que quand il venait en vacances au S\u00e9n\u00e9gal, il \u00e9tait souvent interpell\u00e9 par les gens sur son parcours en lutte.<\/p>\n<p><em>\u201dLorsque je venais en vacances au S\u00e9n\u00e9gal, on m\u2019arr\u00eatait dans la rue pour me parler de sa combativit\u00e9 et de son parcours en lutte. C\u2019est une fiert\u00e9. Je ferais tout pour avoir cette combativit\u00e9 avec les Lions\u201d<\/em>, a-t-il affirm\u00e9<\/p>\n<p>R\u00e9cemment, l\u2019ancien champion de lutte Moustapha Gueye est revenu sur la riche carri\u00e8re d\u2019Alioune Diouf en lutte sans frappe, avec frappe et olympique.<\/p>\n<p>L\u2019ancien Tigre de Fass a soulign\u00e9 qu\u2019avec le d\u00e9funt lutteur Toubabou Dior, ils sont les seuls \u00e0 avoir terrass\u00e9 le petit fr\u00e8re de l\u2019ancienne cantatrice Khady Diouf \u201dYarwago\u201d avant son exil en France.<\/p>\n<p>Alioune Diouf a remport\u00e9 plusieurs m\u00e9dailles avec l\u2019\u00e9quipe nationale de lutte du S\u00e9n\u00e9gal. B\u00e9n\u00e9ficiaire d\u2019une bourse olympique du S\u00e9n\u00e9gal, l\u2019ancien pensionnaire de l\u2019\u00e9curie s\u00e9r\u00e8re avait pris la nationalit\u00e9 sportive fran\u00e7aise.<\/p>\n<p>Il avait d\u00e9fendu les couleurs de la France dans la cat\u00e9gorie des 99 kg en lutte libre.<\/p>\n<div class='share-to-whatsapp-wrapper'><div class='share-on-whsp'>PARTAGER SUR : <\/div><a data-text='YEHVANN DIOUF - \"Pourquoi j'ai choisi le S\u00e9n\u00e9gal...\"' data-link='https:\/\/www.nettali.com\/2025\/03\/19\/yehvann-diouf-pourquoi-jai-choisi-le-senegal\/' class='whatsapp-button whatsapp-share'>WhatsApp<\/a><div class='clear '><\/div><\/div>","protected":false},"excerpt":{"rendered":"<p>NETTALI.COM - Le nouveau pensionnaire de l\u2019\u00e9quipe nationale de football, Yehvann Diouf a indiqu\u00e9 que les \u00e9loges sur la \u201dcombativit\u00e9\u201d de son p\u00e8re Aliou Diouf, ancien champion de lutte des ann\u00e9es 1990, ont beaucoup influ\u00e9 sur son choix de d\u00e9fendre les couleurs du S\u00e9n\u00e9gal. \u201d\u00c7a fait plaisir d\u2019entendre qu\u2019il a marqu\u00e9 les esprits au S\u00e9n\u00e9gal [&hellip;]<\/p>\n","protected":false},"author":4,"featured_media":150992,"comment_status":"open","ping_status":"open","sticky":false,"template":"","format":"standard","meta":{"_et_pb_use_builder":"","_et_pb_old_content":""},"categories":[6],"tags":[],"yoast_head":"<!-- This site is optimized with the Yoast SEO Premium plugin v17.8 (Yoast SEO v17.8) - https:\/\/yoast.com\/wordpress\/plugins\/seo\/ -->\n<title>YEHVANN DIOUF - &quot;Pourquoi j&#039;ai choisi le S\u00e9n\u00e9gal...&quot; | Nettali.com<\/title>\n<meta name=\"robots\" content=\"index, follow, max-snippet:-1, max-image-preview:large, max-video-preview:-1\" \/>\n<link rel=\"canonical\" href=\"https:\/\/www.nettali.com\/2025\/03\/19\/yehvann-diouf-pourquoi-jai-choisi-le-senegal\/\" \/>\n<meta property=\"og:locale\" content=\"fr_FR\" \/>\n<meta property=\"og:type\" content=\"article\" \/>\n<meta property=\"og:title\" content=\"YEHVANN DIOUF - &quot;Pourquoi j&#039;ai choisi le S\u00e9n\u00e9gal...&quot;\" \/>\n<meta property=\"og:description\" content=\"NETTALI.COM - Le nouveau pensionnaire de l\u2019\u00e9quipe nationale de football, Yehvann Diouf a indiqu\u00e9 que les \u00e9loges sur la \u201dcombativit\u00e9\u201d de son p\u00e8re Aliou Diouf, ancien champion de lutte des ann\u00e9es 1990, ont beaucoup influ\u00e9 sur son choix de d\u00e9fendre les couleurs du S\u00e9n\u00e9gal. \u201d\u00c7a fait plaisir d\u2019entendre qu\u2019il a marqu\u00e9 les esprits au S\u00e9n\u00e9gal [&hellip;]\" \/>\n<meta property=\"og:url\" content=\"https:\/\/www.nettali.com\/2025\/03\/19\/yehvann-diouf-pourquoi-jai-choisi-le-senegal\/\" \/>\n<meta property=\"og:site_name\" content=\"Nettali.com\" \/>\n<meta property=\"article:publisher\" content=\"https:\/\/www.facebook.com\/nettalicom\" \/>\n<meta property=\"article:published_time\" content=\"2025-03-19T18:43:12+00:00\" \/>\n<meta property=\"article:modified_time\" content=\"2025-03-19T17:47:53+00:00\" \/>\n<meta property=\"og:image\" content=\"https:\/\/www.nettali.com\/wp-content\/uploads\/2025\/03\/Yehvann-Diouf.jpg\" \/>\n\t<meta property=\"og:image:width\" content=\"681\" \/>\n\t<meta property=\"og:image:height\" content=\"383\" \/>\n<meta name=\"twitter:card\" content=\"summary_large_image\" \/>\n<meta name=\"twitter:label1\" content=\"\u00c9crit par\" \/>\n\t<meta name=\"twitter:data1\" content=\"Daouda\" \/>\n\t<meta name=\"twitter:label2\" content=\"Dur\u00e9e de lecture estim\u00e9e\" \/>\n\t<meta name=\"twitter:data2\" content=\"2 minutes\" \/>\n<script type=\"application\/ld+json\" class=\"yoast-schema-graph\">{\"@context\":\"https:\/\/schema.org\",\"@graph\":[{\"@type\":\"WebSite\",\"@id\":\"https:\/\/www.nettali.com\/#website\",\"url\":\"https:\/\/www.nettali.com\/\",\"name\":\"Nettali.com\",\"description\":\"Le rendez-vous critique du Net\",\"potentialAction\":[{\"@type\":\"SearchAction\",\"target\":{\"@type\":\"EntryPoint\",\"urlTemplate\":\"https:\/\/www.nettali.com\/?s={search_term_string}\"},\"query-input\":\"required name=search_term_string\"}],\"inLanguage\":\"fr-FR\"},{\"@type\":\"ImageObject\",\"@id\":\"https:\/\/www.nettali.com\/2025\/03\/19\/yehvann-diouf-pourquoi-jai-choisi-le-senegal\/#primaryimage\",\"inLanguage\":\"fr-FR\",\"url\":\"https:\/\/www.nettali.com\/wp-content\/uploads\/2025\/03\/Yehvann-Diouf.jpg\",\"contentUrl\":\"https:\/\/www.nettali.com\/wp-content\/uploads\/2025\/03\/Yehvann-Diouf.jpg\",\"width\":681,\"height\":383},{\"@type\":\"WebPage\",\"@id\":\"https:\/\/www.nettali.com\/2025\/03\/19\/yehvann-diouf-pourquoi-jai-choisi-le-senegal\/#webpage\",\"url\":\"https:\/\/www.nettali.com\/2025\/03\/19\/yehvann-diouf-pourquoi-jai-choisi-le-senegal\/\",\"name\":\"YEHVANN DIOUF - \\\"Pourquoi j'ai choisi le S\\u00e9n\\u00e9gal...\\\" | Nettali.com\",\"isPartOf\":{\"@id\":\"https:\/\/www.nettali.com\/#website\"},\"primaryImageOfPage\":{\"@id\":\"https:\/\/www.nettali.com\/2025\/03\/19\/yehvann-diouf-pourquoi-jai-choisi-le-senegal\/#primaryimage\"},\"datePublished\":\"2025-03-19T18:43:12+00:00\",\"dateModified\":\"2025-03-19T17:47:53+00:00\",\"author\":{\"@id\":\"https:\/\/www.nettali.com\/#\/schema\/person\/3317e0bb3aa1da309fbf7b2780901bf4\"},\"breadcrumb\":{\"@id\":\"https:\/\/www.nettali.com\/2025\/03\/19\/yehvann-diouf-pourquoi-jai-choisi-le-senegal\/#breadcrumb\"},\"inLanguage\":\"fr-FR\",\"potentialAction\":[{\"@type\":\"ReadAction\",\"target\":[\"https:\/\/www.nettali.com\/2025\/03\/19\/yehvann-diouf-pourquoi-jai-choisi-le-senegal\/\"]}]},{\"@type\":\"BreadcrumbList\",\"@id\":\"https:\/\/www.nettali.com\/2025\/03\/19\/yehvann-diouf-pourquoi-jai-choisi-le-senegal\/#breadcrumb\",\"itemListElement\":[{\"@type\":\"ListItem\",\"position\":1,\"name\":\"Accueil\",\"item\":\"https:\/\/www.nettali.com\/\"},{\"@type\":\"ListItem\",\"position\":2,\"name\":\"YEHVANN DIOUF - \\\"Pourquoi j'ai choisi le S\\u00e9n\\u00e9gal...\\\"\"}]},{\"@type\":\"Person\",\"@id\":\"https:\/\/www.nettali.com\/#\/schema\/person\/3317e0bb3aa1da309fbf7b2780901bf4\",\"name\":\"Daouda\",\"image\":{\"@type\":\"ImageObject\",\"@id\":\"https:\/\/www.nettali.com\/#personlogo\",\"inLanguage\":\"fr-FR\",\"url\":\"https:\/\/secure.gravatar.com\/avatar\/8d143b5a49345098ddcfee1c49c2f47c?s=96&d=mm&r=g\",\"contentUrl\":\"https:\/\/secure.gravatar.com\/avatar\/8d143b5a49345098ddcfee1c49c2f47c?s=96&d=mm&r=g\",\"caption\":\"Daouda\"},\"sameAs\":[\"https:\/\/www.nettali.com\"]}]}<\/script>\n<!-- \/ Yoast SEO Premium plugin. -->","yoast_head_json":{"title":"YEHVANN DIOUF - \"Pourquoi j'ai choisi le S\u00e9n\u00e9gal...\" | Nettali.com","robots":{"index":"index","follow":"follow","max-snippet":"max-snippet:-1","max-image-preview":"max-image-preview:large","max-video-preview":"max-video-preview:-1"},"canonical":"https:\/\/www.nettali.com\/2025\/03\/19\/yehvann-diouf-pourquoi-jai-choisi-le-senegal\/","og_locale":"fr_FR","og_type":"article","og_title":"YEHVANN DIOUF - \"Pourquoi j'ai choisi le S\u00e9n\u00e9gal...\"","og_description":"NETTALI.COM - Le nouveau pensionnaire de l\u2019\u00e9quipe nationale de football, Yehvann Diouf a indiqu\u00e9 que les \u00e9loges sur la \u201dcombativit\u00e9\u201d de son p\u00e8re Aliou Diouf, ancien champion de lutte des ann\u00e9es 1990, ont beaucoup influ\u00e9 sur son choix de d\u00e9fendre les couleurs du S\u00e9n\u00e9gal. \u201d\u00c7a fait plaisir d\u2019entendre qu\u2019il a marqu\u00e9 les esprits au S\u00e9n\u00e9gal [&hellip;]","og_url":"https:\/\/www.nettali.com\/2025\/03\/19\/yehvann-diouf-pourquoi-jai-choisi-le-senegal\/","og_site_name":"Nettali.com","article_publisher":"https:\/\/www.facebook.com\/nettalicom","article_published_time":"2025-03-19T18:43:12+00:00","article_modified_time":"2025-03-19T17:47:53+00:00","og_image":[{"width":681,"height":383,"url":"https:\/\/www.nettali.com\/wp-content\/uploads\/2025\/03\/Yehvann-Diouf.jpg","type":"image\/jpeg"}],"twitter_card":"summary_large_image","twitter_misc":{"\u00c9crit par":"Daouda","Dur\u00e9e de lecture estim\u00e9e":"2 minutes"},"schema":{"@context":"https:\/\/schema.org","@graph":[{"@type":"WebSite","@id":"https:\/\/www.nettali.com\/#website","url":"https:\/\/www.nettali.com\/","name":"Nettali.com","description":"Le rendez-vous critique du Net","potentialAction":[{"@type":"SearchAction","target":{"@type":"EntryPoint","urlTemplate":"https:\/\/www.nettali.com\/?s={search_term_string}"},"query-input":"required name=search_term_string"}],"inLanguage":"fr-FR"},{"@type":"ImageObject","@id":"https:\/\/www.nettali.com\/2025\/03\/19\/yehvann-diouf-pourquoi-jai-choisi-le-senegal\/#primaryimage","inLanguage":"fr-FR","url":"https:\/\/www.nettali.com\/wp-content\/uploads\/2025\/03\/Yehvann-Diouf.jpg","contentUrl":"https:\/\/www.nettali.com\/wp-content\/uploads\/2025\/03\/Yehvann-Diouf.jpg","width":681,"height":383},{"@type":"WebPage","@id":"https:\/\/www.nettali.com\/2025\/03\/19\/yehvann-diouf-pourquoi-jai-choisi-le-senegal\/#webpage","url":"https:\/\/www.nettali.com\/2025\/03\/19\/yehvann-diouf-pourquoi-jai-choisi-le-senegal\/","name":"YEHVANN DIOUF - \"Pourquoi j'ai choisi le S\u00e9n\u00e9gal...\" | Nettali.com","isPartOf":{"@id":"https:\/\/www.nettali.com\/#website"},"primaryImageOfPage":{"@id":"https:\/\/www.nettali.com\/2025\/03\/19\/yehvann-diouf-pourquoi-jai-choisi-le-senegal\/#primaryimage"},"datePublished":"2025-03-19T18:43:12+00:00","dateModified":"2025-03-19T17:47:53+00:00","author":{"@id":"https:\/\/www.nettali.com\/#\/schema\/person\/3317e0bb3aa1da309fbf7b2780901bf4"},"breadcrumb":{"@id":"https:\/\/www.nettali.com\/2025\/03\/19\/yehvann-diouf-pourquoi-jai-choisi-le-senegal\/#breadcrumb"},"inLanguage":"fr-FR","potentialAction":[{"@type":"ReadAction","target":["https:\/\/www.nettali.com\/2025\/03\/19\/yehvann-diouf-pourquoi-jai-choisi-le-senegal\/"]}]},{"@type":"BreadcrumbList","@id":"https:\/\/www.nettali.com\/2025\/03\/19\/yehvann-diouf-pourquoi-jai-choisi-le-senegal\/#breadcrumb","itemListElement":[{"@type":"ListItem","position":1,"name":"Accueil","item":"https:\/\/www.nettali.com\/"},{"@type":"ListItem","position":2,"name":"YEHVANN DIOUF - \"Pourquoi j'ai choisi le S\u00e9n\u00e9gal...\""}]},{"@type":"Person","@id":"https:\/\/www.nettali.com\/#\/schema\/person\/3317e0bb3aa1da309fbf7b2780901bf4","name":"Daouda","image":{"@type":"ImageObject","@id":"https:\/\/www.nettali.com\/#personlogo","inLanguage":"fr-FR","url":"https:\/\/secure.gravatar.com\/avatar\/8d143b5a49345098ddcfee1c49c2f47c?s=96&d=mm&r=g","contentUrl":"https:\/\/secure.gravatar.com\/avatar\/8d143b5a49345098ddcfee1c49c2f47c?s=96&d=mm&r=g","caption":"Daouda"},"sameAs":["https:\/\/www.nettali.com"]}]}},"_links":{"self":[{"href":"https:\/\/www.nettali.com\/rest\/wp\/v2\/posts\/150991"}],"collection":[{"href":"https:\/\/www.nettali.com\/rest\/wp\/v2\/posts"}],"about":[{"href":"https:\/\/www.nettali.com\/rest\/wp\/v2\/types\/post"}],"author":[{"embeddable":true,"href":"https:\/\/www.nettali.com\/rest\/wp\/v2\/users\/4"}],"replies":[{"embeddable":true,"href":"https:\/\/www.nettali.com\/rest\/wp\/v2\/comments?post=150991"}],"version-history":[{"count":1,"href":"https:\/\/www.nettali.com\/rest\/wp\/v2\/posts\/150991\/revisions"}],"predecessor-version":[{"id":150993,"href":"https:\/\/www.nettali.com\/rest\/wp\/v2\/posts\/150991\/revisions\/150993"}],"wp:featuredmedia":[{"embeddable":true,"href":"https:\/\/www.nettali.com\/rest\/wp\/v2\/media\/150992"}],"wp:attachment":[{"href":"https:\/\/www.nettali.com\/rest\/wp\/v2\/media?parent=150991"}],"wp:term":[{"taxonomy":"category","embeddable":true,"href":"https:\/\/www.nettali.com\/rest\/wp\/v2\/categories?post=150991"},{"taxonomy":"post_tag","embeddable":true,"href":"https:\/\/www.nettali.com\/rest\/wp\/v2\/tags?post=150991"}],"curies":[{"name":"wp","href":"https:\/\/api.w.org\/{rel}","templated":true}]}}