{"id":150967,"date":"2025-03-19T11:18:44","date_gmt":"2025-03-19T11:18:44","guid":{"rendered":"https:\/\/www.nettali.com\/?p=150967"},"modified":"2025-03-19T11:18:44","modified_gmt":"2025-03-19T11:18:44","slug":"real-madrid-mbappe-reve-dun-triple-historique","status":"publish","type":"post","link":"https:\/\/www.nettali.com\/2025\/03\/19\/real-madrid-mbappe-reve-dun-triple-historique\/","title":{"rendered":"REAL MADRID - Mbapp\u00e9 r\u00eave d'un tripl\u00e9 historique\u00a0"},"content":{"rendered":"<p><strong>NETTALI.COM - Il ne s'agit d'un secret pour personne, Kylian Mbapp\u00e9 veut \"tout soulever\". Interrog\u00e9 sur les chances du Paris Saint-Germain en Ligue des Champions, l'attaquant du Real Madrid a tenu \u00e0 rappeler son objectif de la saison : un tripl\u00e9 historique (Liga, Coupe du Roi et Ligue des champions).<\/strong><\/p>\n<p>\"<em>Le PSG ? Je leur souhaite le meilleur, mais je suis concentr\u00e9 sur le Real Madrid et sur le tripl\u00e9 qu'on pourrait faire cette saison. C'est quelque chose que le Real Madrid n'a jamais fait, donc ce serait incroyable d'y arriver d\u00e8s ma premi\u00e8re saison ici<\/em>\", a d\u00e9clar\u00e9 le capitaine de l'\u00e9quipe de France lors d'une interview accord\u00e9e au quotidien r\u00e9gional Le Parisien.<\/p>\n<p>Si le Real Madrid peut toujours r\u00eaver de la triple couronne, c\u2019est en grande partie gr\u00e2ce \u00e0 ses cadres. Thibaut Courtois, de retour \u00e0 un niveau \u00e9lite, incarne cette solidit\u00e9. Les r\u00e9centes victoires, comme celle contre Villarreal (1-2), illustrent la force mentale et physique de l\u2019\u00e9quipe, essentielle pour tenir jusqu\u2019au bout.<\/p>\n<p>Un tripl\u00e9 Liga-Ligue des champions-Coupe du Roi serait une premi\u00e8re dans l\u2019histoire du club. Mais comme le rappelle AS, l\u2019ambition est bien pr\u00e9sente. Ancelotti et ses hommes savent qu\u2019ils ont l\u2019occasion d\u2019inscrire leur nom dans la l\u00e9gende. Il ne leur reste plus qu\u2019une mission : transformer ce r\u00eave en r\u00e9alit\u00e9.<\/p>\n<div class='share-to-whatsapp-wrapper'><div class='share-on-whsp'>PARTAGER SUR : <\/div><a data-text='REAL MADRID - Mbapp\u00e9 r\u00eave d'un tripl\u00e9 historique\u00a0' data-link='https:\/\/www.nettali.com\/2025\/03\/19\/real-madrid-mbappe-reve-dun-triple-historique\/' class='whatsapp-button whatsapp-share'>WhatsApp<\/a><div class='clear '><\/div><\/div>","protected":false},"excerpt":{"rendered":"<p>NETTALI.COM - Il ne s'agit d'un secret pour personne, Kylian Mbapp\u00e9 veut \"tout soulever\". Interrog\u00e9 sur les chances du Paris Saint-Germain en Ligue des Champions, l'attaquant du Real Madrid a tenu \u00e0 rappeler son objectif de la saison : un tripl\u00e9 historique (Liga, Coupe du Roi et Ligue des champions). \"Le PSG ? Je leur [&hellip;]<\/p>\n","protected":false},"author":5,"featured_media":150968,"comment_status":"open","ping_status":"open","sticky":false,"template":"","format":"standard","meta":{"_et_pb_use_builder":"","_et_pb_old_content":""},"categories":[6],"tags":[],"yoast_head":"<!-- This site is optimized with the Yoast SEO Premium plugin v17.8 (Yoast SEO v17.8) - https:\/\/yoast.com\/wordpress\/plugins\/seo\/ -->\n<title>REAL MADRID - Mbapp\u00e9 r\u00eave d&#039;un tripl\u00e9 historique\u00a0 | Nettali.com<\/title>\n<meta name=\"robots\" content=\"index, follow, max-snippet:-1, max-image-preview:large, max-video-preview:-1\" \/>\n<link rel=\"canonical\" href=\"https:\/\/www.nettali.com\/2025\/03\/19\/real-madrid-mbappe-reve-dun-triple-historique\/\" \/>\n<meta property=\"og:locale\" content=\"fr_FR\" \/>\n<meta property=\"og:type\" content=\"article\" \/>\n<meta property=\"og:title\" content=\"REAL MADRID - Mbapp\u00e9 r\u00eave d&#039;un tripl\u00e9 historique\u00a0\" \/>\n<meta property=\"og:description\" content=\"NETTALI.COM - Il ne s&#039;agit d&#039;un secret pour personne, Kylian Mbapp\u00e9 veut &quot;tout soulever&quot;. Interrog\u00e9 sur les chances du Paris Saint-Germain en Ligue des Champions, l&#039;attaquant du Real Madrid a tenu \u00e0 rappeler son objectif de la saison : un tripl\u00e9 historique (Liga, Coupe du Roi et Ligue des champions). &quot;Le PSG ? Je leur [&hellip;]\" \/>\n<meta property=\"og:url\" content=\"https:\/\/www.nettali.com\/2025\/03\/19\/real-madrid-mbappe-reve-dun-triple-historique\/\" \/>\n<meta property=\"og:site_name\" content=\"Nettali.com\" \/>\n<meta property=\"article:publisher\" content=\"https:\/\/www.facebook.com\/nettalicom\" \/>\n<meta property=\"article:published_time\" content=\"2025-03-19T11:18:44+00:00\" \/>\n<meta property=\"og:image\" content=\"https:\/\/www.nettali.com\/wp-content\/uploads\/2025\/03\/20250122PF_ZYE04369-scaled-e1739921348149.jpg\" \/>\n\t<meta property=\"og:image:width\" content=\"2560\" \/>\n\t<meta property=\"og:image:height\" content=\"1442\" \/>\n<meta name=\"twitter:card\" content=\"summary_large_image\" \/>\n<meta name=\"twitter:label1\" content=\"\u00c9crit par\" \/>\n\t<meta name=\"twitter:data1\" content=\"Ibrahima\" \/>\n\t<meta name=\"twitter:label2\" content=\"Dur\u00e9e de lecture estim\u00e9e\" \/>\n\t<meta name=\"twitter:data2\" content=\"2 minutes\" \/>\n<script type=\"application\/ld+json\" class=\"yoast-schema-graph\">{\"@context\":\"https:\/\/schema.org\",\"@graph\":[{\"@type\":\"WebSite\",\"@id\":\"https:\/\/www.nettali.com\/#website\",\"url\":\"https:\/\/www.nettali.com\/\",\"name\":\"Nettali.com\",\"description\":\"Le rendez-vous critique du Net\",\"potentialAction\":[{\"@type\":\"SearchAction\",\"target\":{\"@type\":\"EntryPoint\",\"urlTemplate\":\"https:\/\/www.nettali.com\/?s={search_term_string}\"},\"query-input\":\"required name=search_term_string\"}],\"inLanguage\":\"fr-FR\"},{\"@type\":\"ImageObject\",\"@id\":\"https:\/\/www.nettali.com\/2025\/03\/19\/real-madrid-mbappe-reve-dun-triple-historique\/#primaryimage\",\"inLanguage\":\"fr-FR\",\"url\":\"https:\/\/www.nettali.com\/wp-content\/uploads\/2025\/03\/20250122PF_ZYE04369-scaled-e1739921348149.jpg\",\"contentUrl\":\"https:\/\/www.nettali.com\/wp-content\/uploads\/2025\/03\/20250122PF_ZYE04369-scaled-e1739921348149.jpg\",\"width\":2560,\"height\":1442,\"caption\":\"Kylian Mbappe of Real Madrid celebrates the 3-0 during the UEFA Champions League match between Real Madrid and Red Bull Salzburg FC played at Santiago Bernabeu Stadium on January 22, 2025 in Madrid, Spain. (Photo by Bagu Blanco \/ PRESSINPHOTO) 2025.01.22 Madryt pilka nozna liga mistrzow Real Madryt - FC Salzburg Foto Bagu Blanco\/PRESSINPHOTO\/SIPA USA\/PressFocus !!! POLAND ONLY !!!\"},{\"@type\":\"WebPage\",\"@id\":\"https:\/\/www.nettali.com\/2025\/03\/19\/real-madrid-mbappe-reve-dun-triple-historique\/#webpage\",\"url\":\"https:\/\/www.nettali.com\/2025\/03\/19\/real-madrid-mbappe-reve-dun-triple-historique\/\",\"name\":\"REAL MADRID - Mbapp\\u00e9 r\\u00eave d'un tripl\\u00e9 historique\\u00a0 | Nettali.com\",\"isPartOf\":{\"@id\":\"https:\/\/www.nettali.com\/#website\"},\"primaryImageOfPage\":{\"@id\":\"https:\/\/www.nettali.com\/2025\/03\/19\/real-madrid-mbappe-reve-dun-triple-historique\/#primaryimage\"},\"datePublished\":\"2025-03-19T11:18:44+00:00\",\"dateModified\":\"2025-03-19T11:18:44+00:00\",\"author\":{\"@id\":\"https:\/\/www.nettali.com\/#\/schema\/person\/bb147657c2986240405a608162b9bb23\"},\"breadcrumb\":{\"@id\":\"https:\/\/www.nettali.com\/2025\/03\/19\/real-madrid-mbappe-reve-dun-triple-historique\/#breadcrumb\"},\"inLanguage\":\"fr-FR\",\"potentialAction\":[{\"@type\":\"ReadAction\",\"target\":[\"https:\/\/www.nettali.com\/2025\/03\/19\/real-madrid-mbappe-reve-dun-triple-historique\/\"]}]},{\"@type\":\"BreadcrumbList\",\"@id\":\"https:\/\/www.nettali.com\/2025\/03\/19\/real-madrid-mbappe-reve-dun-triple-historique\/#breadcrumb\",\"itemListElement\":[{\"@type\":\"ListItem\",\"position\":1,\"name\":\"Accueil\",\"item\":\"https:\/\/www.nettali.com\/\"},{\"@type\":\"ListItem\",\"position\":2,\"name\":\"REAL MADRID - Mbapp\\u00e9 r\\u00eave d'un tripl\\u00e9 historique\\u00a0\"}]},{\"@type\":\"Person\",\"@id\":\"https:\/\/www.nettali.com\/#\/schema\/person\/bb147657c2986240405a608162b9bb23\",\"name\":\"Ibrahima\",\"image\":{\"@type\":\"ImageObject\",\"@id\":\"https:\/\/www.nettali.com\/#personlogo\",\"inLanguage\":\"fr-FR\",\"url\":\"https:\/\/secure.gravatar.com\/avatar\/26a8a81f09f0dd7624c9d5c36c9ba3a2?s=96&d=mm&r=g\",\"contentUrl\":\"https:\/\/secure.gravatar.com\/avatar\/26a8a81f09f0dd7624c9d5c36c9ba3a2?s=96&d=mm&r=g\",\"caption\":\"Ibrahima\"},\"sameAs\":[\"https:\/\/www.nettali.com\"]}]}<\/script>\n<!-- \/ Yoast SEO Premium plugin. -->","yoast_head_json":{"title":"REAL MADRID - Mbapp\u00e9 r\u00eave d'un tripl\u00e9 historique\u00a0 | Nettali.com","robots":{"index":"index","follow":"follow","max-snippet":"max-snippet:-1","max-image-preview":"max-image-preview:large","max-video-preview":"max-video-preview:-1"},"canonical":"https:\/\/www.nettali.com\/2025\/03\/19\/real-madrid-mbappe-reve-dun-triple-historique\/","og_locale":"fr_FR","og_type":"article","og_title":"REAL MADRID - Mbapp\u00e9 r\u00eave d'un tripl\u00e9 historique\u00a0","og_description":"NETTALI.COM - Il ne s'agit d'un secret pour personne, Kylian Mbapp\u00e9 veut \"tout soulever\". Interrog\u00e9 sur les chances du Paris Saint-Germain en Ligue des Champions, l'attaquant du Real Madrid a tenu \u00e0 rappeler son objectif de la saison : un tripl\u00e9 historique (Liga, Coupe du Roi et Ligue des champions). \"Le PSG ? Je leur [&hellip;]","og_url":"https:\/\/www.nettali.com\/2025\/03\/19\/real-madrid-mbappe-reve-dun-triple-historique\/","og_site_name":"Nettali.com","article_publisher":"https:\/\/www.facebook.com\/nettalicom","article_published_time":"2025-03-19T11:18:44+00:00","og_image":[{"width":2560,"height":1442,"url":"https:\/\/www.nettali.com\/wp-content\/uploads\/2025\/03\/20250122PF_ZYE04369-scaled-e1739921348149.jpg","type":"image\/jpeg"}],"twitter_card":"summary_large_image","twitter_misc":{"\u00c9crit par":"Ibrahima","Dur\u00e9e de lecture estim\u00e9e":"2 minutes"},"schema":{"@context":"https:\/\/schema.org","@graph":[{"@type":"WebSite","@id":"https:\/\/www.nettali.com\/#website","url":"https:\/\/www.nettali.com\/","name":"Nettali.com","description":"Le rendez-vous critique du Net","potentialAction":[{"@type":"SearchAction","target":{"@type":"EntryPoint","urlTemplate":"https:\/\/www.nettali.com\/?s={search_term_string}"},"query-input":"required name=search_term_string"}],"inLanguage":"fr-FR"},{"@type":"ImageObject","@id":"https:\/\/www.nettali.com\/2025\/03\/19\/real-madrid-mbappe-reve-dun-triple-historique\/#primaryimage","inLanguage":"fr-FR","url":"https:\/\/www.nettali.com\/wp-content\/uploads\/2025\/03\/20250122PF_ZYE04369-scaled-e1739921348149.jpg","contentUrl":"https:\/\/www.nettali.com\/wp-content\/uploads\/2025\/03\/20250122PF_ZYE04369-scaled-e1739921348149.jpg","width":2560,"height":1442,"caption":"Kylian Mbappe of Real Madrid celebrates the 3-0 during the UEFA Champions League match between Real Madrid and Red Bull Salzburg FC played at Santiago Bernabeu Stadium on January 22, 2025 in Madrid, Spain. (Photo by Bagu Blanco \/ PRESSINPHOTO) 2025.01.22 Madryt pilka nozna liga mistrzow Real Madryt - FC Salzburg Foto Bagu Blanco\/PRESSINPHOTO\/SIPA USA\/PressFocus !!! POLAND ONLY !!!"},{"@type":"WebPage","@id":"https:\/\/www.nettali.com\/2025\/03\/19\/real-madrid-mbappe-reve-dun-triple-historique\/#webpage","url":"https:\/\/www.nettali.com\/2025\/03\/19\/real-madrid-mbappe-reve-dun-triple-historique\/","name":"REAL MADRID - Mbapp\u00e9 r\u00eave d'un tripl\u00e9 historique\u00a0 | Nettali.com","isPartOf":{"@id":"https:\/\/www.nettali.com\/#website"},"primaryImageOfPage":{"@id":"https:\/\/www.nettali.com\/2025\/03\/19\/real-madrid-mbappe-reve-dun-triple-historique\/#primaryimage"},"datePublished":"2025-03-19T11:18:44+00:00","dateModified":"2025-03-19T11:18:44+00:00","author":{"@id":"https:\/\/www.nettali.com\/#\/schema\/person\/bb147657c2986240405a608162b9bb23"},"breadcrumb":{"@id":"https:\/\/www.nettali.com\/2025\/03\/19\/real-madrid-mbappe-reve-dun-triple-historique\/#breadcrumb"},"inLanguage":"fr-FR","potentialAction":[{"@type":"ReadAction","target":["https:\/\/www.nettali.com\/2025\/03\/19\/real-madrid-mbappe-reve-dun-triple-historique\/"]}]},{"@type":"BreadcrumbList","@id":"https:\/\/www.nettali.com\/2025\/03\/19\/real-madrid-mbappe-reve-dun-triple-historique\/#breadcrumb","itemListElement":[{"@type":"ListItem","position":1,"name":"Accueil","item":"https:\/\/www.nettali.com\/"},{"@type":"ListItem","position":2,"name":"REAL MADRID - Mbapp\u00e9 r\u00eave d'un tripl\u00e9 historique\u00a0"}]},{"@type":"Person","@id":"https:\/\/www.nettali.com\/#\/schema\/person\/bb147657c2986240405a608162b9bb23","name":"Ibrahima","image":{"@type":"ImageObject","@id":"https:\/\/www.nettali.com\/#personlogo","inLanguage":"fr-FR","url":"https:\/\/secure.gravatar.com\/avatar\/26a8a81f09f0dd7624c9d5c36c9ba3a2?s=96&d=mm&r=g","contentUrl":"https:\/\/secure.gravatar.com\/avatar\/26a8a81f09f0dd7624c9d5c36c9ba3a2?s=96&d=mm&r=g","caption":"Ibrahima"},"sameAs":["https:\/\/www.nettali.com"]}]}},"_links":{"self":[{"href":"https:\/\/www.nettali.com\/rest\/wp\/v2\/posts\/150967"}],"collection":[{"href":"https:\/\/www.nettali.com\/rest\/wp\/v2\/posts"}],"about":[{"href":"https:\/\/www.nettali.com\/rest\/wp\/v2\/types\/post"}],"author":[{"embeddable":true,"href":"https:\/\/www.nettali.com\/rest\/wp\/v2\/users\/5"}],"replies":[{"embeddable":true,"href":"https:\/\/www.nettali.com\/rest\/wp\/v2\/comments?post=150967"}],"version-history":[{"count":1,"href":"https:\/\/www.nettali.com\/rest\/wp\/v2\/posts\/150967\/revisions"}],"predecessor-version":[{"id":150969,"href":"https:\/\/www.nettali.com\/rest\/wp\/v2\/posts\/150967\/revisions\/150969"}],"wp:featuredmedia":[{"embeddable":true,"href":"https:\/\/www.nettali.com\/rest\/wp\/v2\/media\/150968"}],"wp:attachment":[{"href":"https:\/\/www.nettali.com\/rest\/wp\/v2\/media?parent=150967"}],"wp:term":[{"taxonomy":"category","embeddable":true,"href":"https:\/\/www.nettali.com\/rest\/wp\/v2\/categories?post=150967"},{"taxonomy":"post_tag","embeddable":true,"href":"https:\/\/www.nettali.com\/rest\/wp\/v2\/tags?post=150967"}],"curies":[{"name":"wp","href":"https:\/\/api.w.org\/{rel}","templated":true}]}}