{"id":150921,"date":"2025-03-19T06:25:27","date_gmt":"2025-03-19T06:25:27","guid":{"rendered":"https:\/\/www.nettali.com\/?p=150921"},"modified":"2025-03-20T06:42:18","modified_gmt":"2025-03-20T06:42:18","slug":"abrogation-partielle-de-lamnistie-et-fds-la-serieuse-mise-en-garde-de-lapr","status":"publish","type":"post","link":"https:\/\/www.nettali.com\/2025\/03\/19\/abrogation-partielle-de-lamnistie-et-fds-la-serieuse-mise-en-garde-de-lapr\/","title":{"rendered":"ABROGATION PARTIELLE DE L\u2019AMNISTIE  ET FDS - La s\u00e9rieuse mise en garde de l'Apr"},"content":{"rendered":"<p><strong>NETTALI.COM - L\u2019Alliance Pour la R\u00e9publique (APR) monte au cr\u00e9neau contre la volont\u00e9 du r\u00e9gime actuel de modifier la loi d\u2019amnistie adopt\u00e9e sous Macky Sall. Dans un communiqu\u00e9 au ton ferme, le parti de l\u2019ancien pr\u00e9sident d\u00e9nonce une tentative de manipulation juridique visant \u00e0 prot\u00e9ger les membres de Pastef tout en exposant les forces de d\u00e9fense et de s\u00e9curit\u00e9 (FDS) \u00e0 des poursuites judiciaires.<\/strong><\/p>\n<p>Adopt\u00e9e en 2024, la loi d\u2019amnistie port\u00e9e par Macky Sall visait \u00e0 pacifier l\u2019espace politique en effa\u00e7ant les condamnations li\u00e9es aux manifestations entre f\u00e9vrier 2021 et f\u00e9vrier 2024. Pour l\u2019APR, cette initiative, bien que critiqu\u00e9e en interne, avait permis de pr\u00e9server la stabilit\u00e9 du pays et d\u2019organiser un scrutin pr\u00e9sidentiel inclusif.<\/p>\n<p>Cependant, un an apr\u00e8s l\u2019alternance, le parti accuse le gouvernement actuel de vouloir instrumentaliser cette loi pour \"<em>masquer son incomp\u00e9tence<\/em>\". Pour l'ancien parti au pouvoir, le pr\u00e9sident de la R\u00e9publique et son gouvernement, qui avaient promis son abrogation, renient aujourd\u2019hui leur engagement en introduisant une \"<em>loi interpr\u00e9tative<\/em>\" aux \"<em>relents anticonstitutionnels<\/em>\".<\/p>\n<p>Pour l\u2019APR, l\u2019objectif de cette proposition de loi est double : \"<em>blanchir les militants de Pastef impliqu\u00e9s dans des violences entre 2021 et 2023<\/em>\" et \"<em>incriminer les forces de d\u00e9fense et de s\u00e9curit\u00e9<\/em>\". Si ce texte est vot\u00e9, \"<em>les policiers, gendarmes et militaires, qui ont toujours d\u00e9fendu la nation, risquent d\u2019\u00eatre poursuivis et condamn\u00e9s<\/em>\".<\/p>\n<p>Le parti consid\u00e8re cette initiative comme une tentative de revanche contre les forces de l\u2019ordre, qui avaient emp\u00each\u00e9 ce qu\u2019il qualifie de \"<em>projet insurrectionnel<\/em>\" de Pastef. Il pr\u00e9vient qu\u2019il usera de \"<em>toutes les voies l\u00e9gales et politiques<\/em>\" pour emp\u00eacher cette \"<em>forfaiture<\/em>\".<\/p>\n<p>Le parti de Macky Sall exige \u00e9galement la lib\u00e9ration imm\u00e9diate de ses cadres emprisonn\u00e9s, dont Farba Ngom et Lat Diop, d\u00e9non\u00e7ant un \"<em>r\u00e8glement de compte indigne<\/em>\". Il r\u00e9clame en outre la lev\u00e9e des restrictions administratives entravant la libert\u00e9 de circulation de ses responsables.<\/p>\n<p>Face \u00e0 ce qu\u2019il qualifie de menace contre l\u2019\u00c9tat de droit, l\u2019APR appelle les S\u00e9n\u00e9galais \u00e0 se mobiliser en soutien aux forces de d\u00e9fense et de s\u00e9curit\u00e9. Selon la parti de l'ancien r\u00e9gime, le gouvernement cherche \u00e0 \"<em>plonger le pays dans le chaos<\/em>\", et seule une forte mobilisation populaire peut emp\u00eacher ce sc\u00e9nario.<\/p>\n<div class='share-to-whatsapp-wrapper'><div class='share-on-whsp'>PARTAGER SUR : <\/div><a data-text='ABROGATION PARTIELLE DE L\u2019AMNISTIE  ET FDS - La s\u00e9rieuse mise en garde de l'Apr' data-link='https:\/\/www.nettali.com\/2025\/03\/19\/abrogation-partielle-de-lamnistie-et-fds-la-serieuse-mise-en-garde-de-lapr\/' class='whatsapp-button whatsapp-share'>WhatsApp<\/a><div class='clear '><\/div><\/div>","protected":false},"excerpt":{"rendered":"<p>NETTALI.COM - L\u2019Alliance Pour la R\u00e9publique (APR) monte au cr\u00e9neau contre la volont\u00e9 du r\u00e9gime actuel de modifier la loi d\u2019amnistie adopt\u00e9e sous Macky Sall. Dans un communiqu\u00e9 au ton ferme, le parti de l\u2019ancien pr\u00e9sident d\u00e9nonce une tentative de manipulation juridique visant \u00e0 prot\u00e9ger les membres de Pastef tout en exposant les forces de [&hellip;]<\/p>\n","protected":false},"author":5,"featured_media":150923,"comment_status":"open","ping_status":"open","sticky":false,"template":"","format":"standard","meta":{"_et_pb_use_builder":"","_et_pb_old_content":""},"categories":[3],"tags":[],"yoast_head":"<!-- This site is optimized with the Yoast SEO Premium plugin v17.8 (Yoast SEO v17.8) - https:\/\/yoast.com\/wordpress\/plugins\/seo\/ -->\n<title>ABROGATION PARTIELLE DE L\u2019AMNISTIE ET FDS - La s\u00e9rieuse mise en garde de l&#039;Apr | Nettali.com<\/title>\n<meta name=\"robots\" content=\"index, follow, max-snippet:-1, max-image-preview:large, max-video-preview:-1\" \/>\n<link rel=\"canonical\" href=\"https:\/\/www.nettali.com\/2025\/03\/19\/abrogation-partielle-de-lamnistie-et-fds-la-serieuse-mise-en-garde-de-lapr\/\" \/>\n<meta property=\"og:locale\" content=\"fr_FR\" \/>\n<meta property=\"og:type\" content=\"article\" \/>\n<meta property=\"og:title\" content=\"ABROGATION PARTIELLE DE L\u2019AMNISTIE ET FDS - La s\u00e9rieuse mise en garde de l&#039;Apr\" \/>\n<meta property=\"og:description\" content=\"NETTALI.COM - L\u2019Alliance Pour la R\u00e9publique (APR) monte au cr\u00e9neau contre la volont\u00e9 du r\u00e9gime actuel de modifier la loi d\u2019amnistie adopt\u00e9e sous Macky Sall. Dans un communiqu\u00e9 au ton ferme, le parti de l\u2019ancien pr\u00e9sident d\u00e9nonce une tentative de manipulation juridique visant \u00e0 prot\u00e9ger les membres de Pastef tout en exposant les forces de [&hellip;]\" \/>\n<meta property=\"og:url\" content=\"https:\/\/www.nettali.com\/2025\/03\/19\/abrogation-partielle-de-lamnistie-et-fds-la-serieuse-mise-en-garde-de-lapr\/\" \/>\n<meta property=\"og:site_name\" content=\"Nettali.com\" \/>\n<meta property=\"article:publisher\" content=\"https:\/\/www.facebook.com\/nettalicom\" \/>\n<meta property=\"article:published_time\" content=\"2025-03-19T06:25:27+00:00\" \/>\n<meta property=\"article:modified_time\" content=\"2025-03-20T06:42:18+00:00\" \/>\n<meta property=\"og:image\" content=\"https:\/\/www.nettali.com\/wp-content\/uploads\/2025\/03\/20230603231906-62154212.jpg\" \/>\n\t<meta property=\"og:image:width\" content=\"1000\" \/>\n\t<meta property=\"og:image:height\" content=\"500\" \/>\n<meta name=\"twitter:card\" content=\"summary_large_image\" \/>\n<meta name=\"twitter:label1\" content=\"\u00c9crit par\" \/>\n\t<meta name=\"twitter:data1\" content=\"Ibrahima\" \/>\n\t<meta name=\"twitter:label2\" content=\"Dur\u00e9e de lecture estim\u00e9e\" \/>\n\t<meta name=\"twitter:data2\" content=\"2 minutes\" \/>\n<script type=\"application\/ld+json\" class=\"yoast-schema-graph\">{\"@context\":\"https:\/\/schema.org\",\"@graph\":[{\"@type\":\"WebSite\",\"@id\":\"https:\/\/www.nettali.com\/#website\",\"url\":\"https:\/\/www.nettali.com\/\",\"name\":\"Nettali.com\",\"description\":\"Le rendez-vous critique du Net\",\"potentialAction\":[{\"@type\":\"SearchAction\",\"target\":{\"@type\":\"EntryPoint\",\"urlTemplate\":\"https:\/\/www.nettali.com\/?s={search_term_string}\"},\"query-input\":\"required name=search_term_string\"}],\"inLanguage\":\"fr-FR\"},{\"@type\":\"ImageObject\",\"@id\":\"https:\/\/www.nettali.com\/2025\/03\/19\/abrogation-partielle-de-lamnistie-et-fds-la-serieuse-mise-en-garde-de-lapr\/#primaryimage\",\"inLanguage\":\"fr-FR\",\"url\":\"https:\/\/www.nettali.com\/wp-content\/uploads\/2025\/03\/20230603231906-62154212.jpg\",\"contentUrl\":\"https:\/\/www.nettali.com\/wp-content\/uploads\/2025\/03\/20230603231906-62154212.jpg\",\"width\":1000,\"height\":500,\"caption\":\"Senegalese Gendarmerie block a road after protests burned tires and blocked roads in Dakar, on June 3, 2023. This comes two days after a court in Senegal sentenced opposition leader Ousmane Sonko, a candidate in the 2024 presidential election, to two years in prison on charges of \\\"corrupting youth\\\" but acquitted him of rape and issuing death threats. (Photo by JOHN WESSELS \/ AFP)\"},{\"@type\":\"WebPage\",\"@id\":\"https:\/\/www.nettali.com\/2025\/03\/19\/abrogation-partielle-de-lamnistie-et-fds-la-serieuse-mise-en-garde-de-lapr\/#webpage\",\"url\":\"https:\/\/www.nettali.com\/2025\/03\/19\/abrogation-partielle-de-lamnistie-et-fds-la-serieuse-mise-en-garde-de-lapr\/\",\"name\":\"ABROGATION PARTIELLE DE L\\u2019AMNISTIE ET FDS - La s\\u00e9rieuse mise en garde de l'Apr | Nettali.com\",\"isPartOf\":{\"@id\":\"https:\/\/www.nettali.com\/#website\"},\"primaryImageOfPage\":{\"@id\":\"https:\/\/www.nettali.com\/2025\/03\/19\/abrogation-partielle-de-lamnistie-et-fds-la-serieuse-mise-en-garde-de-lapr\/#primaryimage\"},\"datePublished\":\"2025-03-19T06:25:27+00:00\",\"dateModified\":\"2025-03-20T06:42:18+00:00\",\"author\":{\"@id\":\"https:\/\/www.nettali.com\/#\/schema\/person\/bb147657c2986240405a608162b9bb23\"},\"breadcrumb\":{\"@id\":\"https:\/\/www.nettali.com\/2025\/03\/19\/abrogation-partielle-de-lamnistie-et-fds-la-serieuse-mise-en-garde-de-lapr\/#breadcrumb\"},\"inLanguage\":\"fr-FR\",\"potentialAction\":[{\"@type\":\"ReadAction\",\"target\":[\"https:\/\/www.nettali.com\/2025\/03\/19\/abrogation-partielle-de-lamnistie-et-fds-la-serieuse-mise-en-garde-de-lapr\/\"]}]},{\"@type\":\"BreadcrumbList\",\"@id\":\"https:\/\/www.nettali.com\/2025\/03\/19\/abrogation-partielle-de-lamnistie-et-fds-la-serieuse-mise-en-garde-de-lapr\/#breadcrumb\",\"itemListElement\":[{\"@type\":\"ListItem\",\"position\":1,\"name\":\"Accueil\",\"item\":\"https:\/\/www.nettali.com\/\"},{\"@type\":\"ListItem\",\"position\":2,\"name\":\"ABROGATION PARTIELLE DE L\\u2019AMNISTIE ET FDS - La s\\u00e9rieuse mise en garde de l'Apr\"}]},{\"@type\":\"Person\",\"@id\":\"https:\/\/www.nettali.com\/#\/schema\/person\/bb147657c2986240405a608162b9bb23\",\"name\":\"Ibrahima\",\"image\":{\"@type\":\"ImageObject\",\"@id\":\"https:\/\/www.nettali.com\/#personlogo\",\"inLanguage\":\"fr-FR\",\"url\":\"https:\/\/secure.gravatar.com\/avatar\/26a8a81f09f0dd7624c9d5c36c9ba3a2?s=96&d=mm&r=g\",\"contentUrl\":\"https:\/\/secure.gravatar.com\/avatar\/26a8a81f09f0dd7624c9d5c36c9ba3a2?s=96&d=mm&r=g\",\"caption\":\"Ibrahima\"},\"sameAs\":[\"https:\/\/www.nettali.com\"]}]}<\/script>\n<!-- \/ Yoast SEO Premium plugin. -->","yoast_head_json":{"title":"ABROGATION PARTIELLE DE L\u2019AMNISTIE ET FDS - La s\u00e9rieuse mise en garde de l'Apr | Nettali.com","robots":{"index":"index","follow":"follow","max-snippet":"max-snippet:-1","max-image-preview":"max-image-preview:large","max-video-preview":"max-video-preview:-1"},"canonical":"https:\/\/www.nettali.com\/2025\/03\/19\/abrogation-partielle-de-lamnistie-et-fds-la-serieuse-mise-en-garde-de-lapr\/","og_locale":"fr_FR","og_type":"article","og_title":"ABROGATION PARTIELLE DE L\u2019AMNISTIE ET FDS - La s\u00e9rieuse mise en garde de l'Apr","og_description":"NETTALI.COM - L\u2019Alliance Pour la R\u00e9publique (APR) monte au cr\u00e9neau contre la volont\u00e9 du r\u00e9gime actuel de modifier la loi d\u2019amnistie adopt\u00e9e sous Macky Sall. Dans un communiqu\u00e9 au ton ferme, le parti de l\u2019ancien pr\u00e9sident d\u00e9nonce une tentative de manipulation juridique visant \u00e0 prot\u00e9ger les membres de Pastef tout en exposant les forces de [&hellip;]","og_url":"https:\/\/www.nettali.com\/2025\/03\/19\/abrogation-partielle-de-lamnistie-et-fds-la-serieuse-mise-en-garde-de-lapr\/","og_site_name":"Nettali.com","article_publisher":"https:\/\/www.facebook.com\/nettalicom","article_published_time":"2025-03-19T06:25:27+00:00","article_modified_time":"2025-03-20T06:42:18+00:00","og_image":[{"width":1000,"height":500,"url":"https:\/\/www.nettali.com\/wp-content\/uploads\/2025\/03\/20230603231906-62154212.jpg","type":"image\/jpeg"}],"twitter_card":"summary_large_image","twitter_misc":{"\u00c9crit par":"Ibrahima","Dur\u00e9e de lecture estim\u00e9e":"2 minutes"},"schema":{"@context":"https:\/\/schema.org","@graph":[{"@type":"WebSite","@id":"https:\/\/www.nettali.com\/#website","url":"https:\/\/www.nettali.com\/","name":"Nettali.com","description":"Le rendez-vous critique du Net","potentialAction":[{"@type":"SearchAction","target":{"@type":"EntryPoint","urlTemplate":"https:\/\/www.nettali.com\/?s={search_term_string}"},"query-input":"required name=search_term_string"}],"inLanguage":"fr-FR"},{"@type":"ImageObject","@id":"https:\/\/www.nettali.com\/2025\/03\/19\/abrogation-partielle-de-lamnistie-et-fds-la-serieuse-mise-en-garde-de-lapr\/#primaryimage","inLanguage":"fr-FR","url":"https:\/\/www.nettali.com\/wp-content\/uploads\/2025\/03\/20230603231906-62154212.jpg","contentUrl":"https:\/\/www.nettali.com\/wp-content\/uploads\/2025\/03\/20230603231906-62154212.jpg","width":1000,"height":500,"caption":"Senegalese Gendarmerie block a road after protests burned tires and blocked roads in Dakar, on June 3, 2023. This comes two days after a court in Senegal sentenced opposition leader Ousmane Sonko, a candidate in the 2024 presidential election, to two years in prison on charges of \"corrupting youth\" but acquitted him of rape and issuing death threats. (Photo by JOHN WESSELS \/ AFP)"},{"@type":"WebPage","@id":"https:\/\/www.nettali.com\/2025\/03\/19\/abrogation-partielle-de-lamnistie-et-fds-la-serieuse-mise-en-garde-de-lapr\/#webpage","url":"https:\/\/www.nettali.com\/2025\/03\/19\/abrogation-partielle-de-lamnistie-et-fds-la-serieuse-mise-en-garde-de-lapr\/","name":"ABROGATION PARTIELLE DE L\u2019AMNISTIE ET FDS - La s\u00e9rieuse mise en garde de l'Apr | Nettali.com","isPartOf":{"@id":"https:\/\/www.nettali.com\/#website"},"primaryImageOfPage":{"@id":"https:\/\/www.nettali.com\/2025\/03\/19\/abrogation-partielle-de-lamnistie-et-fds-la-serieuse-mise-en-garde-de-lapr\/#primaryimage"},"datePublished":"2025-03-19T06:25:27+00:00","dateModified":"2025-03-20T06:42:18+00:00","author":{"@id":"https:\/\/www.nettali.com\/#\/schema\/person\/bb147657c2986240405a608162b9bb23"},"breadcrumb":{"@id":"https:\/\/www.nettali.com\/2025\/03\/19\/abrogation-partielle-de-lamnistie-et-fds-la-serieuse-mise-en-garde-de-lapr\/#breadcrumb"},"inLanguage":"fr-FR","potentialAction":[{"@type":"ReadAction","target":["https:\/\/www.nettali.com\/2025\/03\/19\/abrogation-partielle-de-lamnistie-et-fds-la-serieuse-mise-en-garde-de-lapr\/"]}]},{"@type":"BreadcrumbList","@id":"https:\/\/www.nettali.com\/2025\/03\/19\/abrogation-partielle-de-lamnistie-et-fds-la-serieuse-mise-en-garde-de-lapr\/#breadcrumb","itemListElement":[{"@type":"ListItem","position":1,"name":"Accueil","item":"https:\/\/www.nettali.com\/"},{"@type":"ListItem","position":2,"name":"ABROGATION PARTIELLE DE L\u2019AMNISTIE ET FDS - La s\u00e9rieuse mise en garde de l'Apr"}]},{"@type":"Person","@id":"https:\/\/www.nettali.com\/#\/schema\/person\/bb147657c2986240405a608162b9bb23","name":"Ibrahima","image":{"@type":"ImageObject","@id":"https:\/\/www.nettali.com\/#personlogo","inLanguage":"fr-FR","url":"https:\/\/secure.gravatar.com\/avatar\/26a8a81f09f0dd7624c9d5c36c9ba3a2?s=96&d=mm&r=g","contentUrl":"https:\/\/secure.gravatar.com\/avatar\/26a8a81f09f0dd7624c9d5c36c9ba3a2?s=96&d=mm&r=g","caption":"Ibrahima"},"sameAs":["https:\/\/www.nettali.com"]}]}},"_links":{"self":[{"href":"https:\/\/www.nettali.com\/rest\/wp\/v2\/posts\/150921"}],"collection":[{"href":"https:\/\/www.nettali.com\/rest\/wp\/v2\/posts"}],"about":[{"href":"https:\/\/www.nettali.com\/rest\/wp\/v2\/types\/post"}],"author":[{"embeddable":true,"href":"https:\/\/www.nettali.com\/rest\/wp\/v2\/users\/5"}],"replies":[{"embeddable":true,"href":"https:\/\/www.nettali.com\/rest\/wp\/v2\/comments?post=150921"}],"version-history":[{"count":3,"href":"https:\/\/www.nettali.com\/rest\/wp\/v2\/posts\/150921\/revisions"}],"predecessor-version":[{"id":150936,"href":"https:\/\/www.nettali.com\/rest\/wp\/v2\/posts\/150921\/revisions\/150936"}],"wp:featuredmedia":[{"embeddable":true,"href":"https:\/\/www.nettali.com\/rest\/wp\/v2\/media\/150923"}],"wp:attachment":[{"href":"https:\/\/www.nettali.com\/rest\/wp\/v2\/media?parent=150921"}],"wp:term":[{"taxonomy":"category","embeddable":true,"href":"https:\/\/www.nettali.com\/rest\/wp\/v2\/categories?post=150921"},{"taxonomy":"post_tag","embeddable":true,"href":"https:\/\/www.nettali.com\/rest\/wp\/v2\/tags?post=150921"}],"curies":[{"name":"wp","href":"https:\/\/api.w.org\/{rel}","templated":true}]}}