{"id":150919,"date":"2025-03-19T10:49:10","date_gmt":"2025-03-19T10:49:10","guid":{"rendered":"https:\/\/www.nettali.com\/?p=150919"},"modified":"2025-03-19T09:49:37","modified_gmt":"2025-03-19T09:49:37","slug":"rapatriement-des-corps-yassine-fall-annonce-une-baisse-des-fonds-daide-et-secours","status":"publish","type":"post","link":"https:\/\/www.nettali.com\/2025\/03\/19\/rapatriement-des-corps-yassine-fall-annonce-une-baisse-des-fonds-daide-et-secours\/","title":{"rendered":"RAPATRIEMENT DES CORPS - Yassine Fall annonce une baisse des fonds d\u2019aide et secours"},"content":{"rendered":"<p style=\"padding-left: 40px;\"><strong>NETTALI.COM - Les fonds d\u2019aide et secours destin\u00e9s au rapatriement des corps des S\u00e9n\u00e9galais d\u00e9c\u00e9d\u00e9s \u00e0 l\u2019\u00e9tranger vont diminuer, a r\u00e9v\u00e9l\u00e9 la ministre des Affaires \u00e9trang\u00e8res, Yacine Fall, lors d\u2019une s\u00e9ance pl\u00e9ni\u00e8re \u00e0 l\u2019Assembl\u00e9e nationale. <\/strong><\/p>\n<p>Interpell\u00e9e par le d\u00e9put\u00e9 Mamadou Mory Diaw \u00e0 l\u2019occasion de l\u2019examen de la ratification d\u2019une convention entre le S\u00e9n\u00e9gal et le Maroc sur le transf\u00e8rement des condamn\u00e9s et l\u2019assistance aux d\u00e9tenus, elle a \u00e9voqu\u00e9 les contraintes budg\u00e9taires du pays.<\/p>\n<p><em>\u00ab Le rapatriement des corps absorbe une grande partie de notre budget, mais ces fonds conna\u00eetront une baisse notable en raison de la situation financi\u00e8re actuelle<\/em> \u00bb, a d\u00e9clar\u00e9 Yacine Fall. Selon elle,<em> \u00ab le S\u00e9n\u00e9gal traverse une crise \u00e9conomique qui touche tous les secteurs. Malgr\u00e9 nos ambitions et nos intentions, nous ferons le n\u00e9cessaire dans la limite des moyens disponibles \u00bb<\/em>. Elle a appel\u00e9 les d\u00e9put\u00e9s \u00e0 \u0153uvrer pour une augmentation de ces fonds lors du vote du budget, afin de mieux accompagner les familles.<\/p>\n<p>Concernant les S\u00e9n\u00e9galais d\u00e9c\u00e9d\u00e9s \u00e0 l\u2019\u00e9tranger dans des circonstances impliquant la justice, la ministre a assur\u00e9 que l\u2019\u00c9tat est souvent inform\u00e9. <em>\u00ab Dans ces cas, nous soutenons les familles pour rapatrier les corps et suivons les dossiers avec rigueur \u00bb<\/em>, a-t-elle ajout\u00e9, soulignant l\u2019engagement des autorit\u00e9s malgr\u00e9 les difficult\u00e9s financi\u00e8res.<\/p>\n<div class='share-to-whatsapp-wrapper'><div class='share-on-whsp'>PARTAGER SUR : <\/div><a data-text='RAPATRIEMENT DES CORPS - Yassine Fall annonce une baisse des fonds d\u2019aide et secours' data-link='https:\/\/www.nettali.com\/2025\/03\/19\/rapatriement-des-corps-yassine-fall-annonce-une-baisse-des-fonds-daide-et-secours\/' class='whatsapp-button whatsapp-share'>WhatsApp<\/a><div class='clear '><\/div><\/div>","protected":false},"excerpt":{"rendered":"<p>NETTALI.COM - Les fonds d\u2019aide et secours destin\u00e9s au rapatriement des corps des S\u00e9n\u00e9galais d\u00e9c\u00e9d\u00e9s \u00e0 l\u2019\u00e9tranger vont diminuer, a r\u00e9v\u00e9l\u00e9 la ministre des Affaires \u00e9trang\u00e8res, Yacine Fall, lors d\u2019une s\u00e9ance pl\u00e9ni\u00e8re \u00e0 l\u2019Assembl\u00e9e nationale. Interpell\u00e9e par le d\u00e9put\u00e9 Mamadou Mory Diaw \u00e0 l\u2019occasion de l\u2019examen de la ratification d\u2019une convention entre le S\u00e9n\u00e9gal et [&hellip;]<\/p>\n","protected":false},"author":4,"featured_media":137903,"comment_status":"open","ping_status":"open","sticky":false,"template":"","format":"standard","meta":{"_et_pb_use_builder":"","_et_pb_old_content":""},"categories":[3],"tags":[],"yoast_head":"<!-- This site is optimized with the Yoast SEO Premium plugin v17.8 (Yoast SEO v17.8) - https:\/\/yoast.com\/wordpress\/plugins\/seo\/ -->\n<title>RAPATRIEMENT DES CORPS - Yassine Fall annonce une baisse des fonds d\u2019aide et secours | Nettali.com<\/title>\n<meta name=\"robots\" content=\"index, follow, max-snippet:-1, max-image-preview:large, max-video-preview:-1\" \/>\n<link rel=\"canonical\" href=\"https:\/\/www.nettali.com\/2025\/03\/19\/rapatriement-des-corps-yassine-fall-annonce-une-baisse-des-fonds-daide-et-secours\/\" \/>\n<meta property=\"og:locale\" content=\"fr_FR\" \/>\n<meta property=\"og:type\" content=\"article\" \/>\n<meta property=\"og:title\" content=\"RAPATRIEMENT DES CORPS - Yassine Fall annonce une baisse des fonds d\u2019aide et secours\" \/>\n<meta property=\"og:description\" content=\"NETTALI.COM - Les fonds d\u2019aide et secours destin\u00e9s au rapatriement des corps des S\u00e9n\u00e9galais d\u00e9c\u00e9d\u00e9s \u00e0 l\u2019\u00e9tranger vont diminuer, a r\u00e9v\u00e9l\u00e9 la ministre des Affaires \u00e9trang\u00e8res, Yacine Fall, lors d\u2019une s\u00e9ance pl\u00e9ni\u00e8re \u00e0 l\u2019Assembl\u00e9e nationale. Interpell\u00e9e par le d\u00e9put\u00e9 Mamadou Mory Diaw \u00e0 l\u2019occasion de l\u2019examen de la ratification d\u2019une convention entre le S\u00e9n\u00e9gal et [&hellip;]\" \/>\n<meta property=\"og:url\" content=\"https:\/\/www.nettali.com\/2025\/03\/19\/rapatriement-des-corps-yassine-fall-annonce-une-baisse-des-fonds-daide-et-secours\/\" \/>\n<meta property=\"og:site_name\" content=\"Nettali.com\" \/>\n<meta property=\"article:publisher\" content=\"https:\/\/www.facebook.com\/nettalicom\" \/>\n<meta property=\"article:published_time\" content=\"2025-03-19T10:49:10+00:00\" \/>\n<meta property=\"article:modified_time\" content=\"2025-03-19T09:49:37+00:00\" \/>\n<meta property=\"og:image\" content=\"https:\/\/www.nettali.com\/wp-content\/uploads\/2024\/07\/Yassine-fall.jpg\" \/>\n\t<meta property=\"og:image:width\" content=\"650\" \/>\n\t<meta property=\"og:image:height\" content=\"433\" \/>\n<meta name=\"twitter:card\" content=\"summary_large_image\" \/>\n<meta name=\"twitter:label1\" content=\"\u00c9crit par\" \/>\n\t<meta name=\"twitter:data1\" content=\"Daouda\" \/>\n\t<meta name=\"twitter:label2\" content=\"Dur\u00e9e de lecture estim\u00e9e\" \/>\n\t<meta name=\"twitter:data2\" content=\"2 minutes\" \/>\n<script type=\"application\/ld+json\" class=\"yoast-schema-graph\">{\"@context\":\"https:\/\/schema.org\",\"@graph\":[{\"@type\":\"WebSite\",\"@id\":\"https:\/\/www.nettali.com\/#website\",\"url\":\"https:\/\/www.nettali.com\/\",\"name\":\"Nettali.com\",\"description\":\"Le rendez-vous critique du Net\",\"potentialAction\":[{\"@type\":\"SearchAction\",\"target\":{\"@type\":\"EntryPoint\",\"urlTemplate\":\"https:\/\/www.nettali.com\/?s={search_term_string}\"},\"query-input\":\"required name=search_term_string\"}],\"inLanguage\":\"fr-FR\"},{\"@type\":\"ImageObject\",\"@id\":\"https:\/\/www.nettali.com\/2025\/03\/19\/rapatriement-des-corps-yassine-fall-annonce-une-baisse-des-fonds-daide-et-secours\/#primaryimage\",\"inLanguage\":\"fr-FR\",\"url\":\"https:\/\/www.nettali.com\/wp-content\/uploads\/2024\/07\/Yassine-fall.jpg\",\"contentUrl\":\"https:\/\/www.nettali.com\/wp-content\/uploads\/2024\/07\/Yassine-fall.jpg\",\"width\":650,\"height\":433},{\"@type\":\"WebPage\",\"@id\":\"https:\/\/www.nettali.com\/2025\/03\/19\/rapatriement-des-corps-yassine-fall-annonce-une-baisse-des-fonds-daide-et-secours\/#webpage\",\"url\":\"https:\/\/www.nettali.com\/2025\/03\/19\/rapatriement-des-corps-yassine-fall-annonce-une-baisse-des-fonds-daide-et-secours\/\",\"name\":\"RAPATRIEMENT DES CORPS - Yassine Fall annonce une baisse des fonds d\\u2019aide et secours | Nettali.com\",\"isPartOf\":{\"@id\":\"https:\/\/www.nettali.com\/#website\"},\"primaryImageOfPage\":{\"@id\":\"https:\/\/www.nettali.com\/2025\/03\/19\/rapatriement-des-corps-yassine-fall-annonce-une-baisse-des-fonds-daide-et-secours\/#primaryimage\"},\"datePublished\":\"2025-03-19T10:49:10+00:00\",\"dateModified\":\"2025-03-19T09:49:37+00:00\",\"author\":{\"@id\":\"https:\/\/www.nettali.com\/#\/schema\/person\/3317e0bb3aa1da309fbf7b2780901bf4\"},\"breadcrumb\":{\"@id\":\"https:\/\/www.nettali.com\/2025\/03\/19\/rapatriement-des-corps-yassine-fall-annonce-une-baisse-des-fonds-daide-et-secours\/#breadcrumb\"},\"inLanguage\":\"fr-FR\",\"potentialAction\":[{\"@type\":\"ReadAction\",\"target\":[\"https:\/\/www.nettali.com\/2025\/03\/19\/rapatriement-des-corps-yassine-fall-annonce-une-baisse-des-fonds-daide-et-secours\/\"]}]},{\"@type\":\"BreadcrumbList\",\"@id\":\"https:\/\/www.nettali.com\/2025\/03\/19\/rapatriement-des-corps-yassine-fall-annonce-une-baisse-des-fonds-daide-et-secours\/#breadcrumb\",\"itemListElement\":[{\"@type\":\"ListItem\",\"position\":1,\"name\":\"Accueil\",\"item\":\"https:\/\/www.nettali.com\/\"},{\"@type\":\"ListItem\",\"position\":2,\"name\":\"RAPATRIEMENT DES CORPS - Yassine Fall annonce une baisse des fonds d\\u2019aide et secours\"}]},{\"@type\":\"Person\",\"@id\":\"https:\/\/www.nettali.com\/#\/schema\/person\/3317e0bb3aa1da309fbf7b2780901bf4\",\"name\":\"Daouda\",\"image\":{\"@type\":\"ImageObject\",\"@id\":\"https:\/\/www.nettali.com\/#personlogo\",\"inLanguage\":\"fr-FR\",\"url\":\"https:\/\/secure.gravatar.com\/avatar\/8d143b5a49345098ddcfee1c49c2f47c?s=96&d=mm&r=g\",\"contentUrl\":\"https:\/\/secure.gravatar.com\/avatar\/8d143b5a49345098ddcfee1c49c2f47c?s=96&d=mm&r=g\",\"caption\":\"Daouda\"},\"sameAs\":[\"https:\/\/www.nettali.com\"]}]}<\/script>\n<!-- \/ Yoast SEO Premium plugin. -->","yoast_head_json":{"title":"RAPATRIEMENT DES CORPS - Yassine Fall annonce une baisse des fonds d\u2019aide et secours | Nettali.com","robots":{"index":"index","follow":"follow","max-snippet":"max-snippet:-1","max-image-preview":"max-image-preview:large","max-video-preview":"max-video-preview:-1"},"canonical":"https:\/\/www.nettali.com\/2025\/03\/19\/rapatriement-des-corps-yassine-fall-annonce-une-baisse-des-fonds-daide-et-secours\/","og_locale":"fr_FR","og_type":"article","og_title":"RAPATRIEMENT DES CORPS - Yassine Fall annonce une baisse des fonds d\u2019aide et secours","og_description":"NETTALI.COM - Les fonds d\u2019aide et secours destin\u00e9s au rapatriement des corps des S\u00e9n\u00e9galais d\u00e9c\u00e9d\u00e9s \u00e0 l\u2019\u00e9tranger vont diminuer, a r\u00e9v\u00e9l\u00e9 la ministre des Affaires \u00e9trang\u00e8res, Yacine Fall, lors d\u2019une s\u00e9ance pl\u00e9ni\u00e8re \u00e0 l\u2019Assembl\u00e9e nationale. Interpell\u00e9e par le d\u00e9put\u00e9 Mamadou Mory Diaw \u00e0 l\u2019occasion de l\u2019examen de la ratification d\u2019une convention entre le S\u00e9n\u00e9gal et [&hellip;]","og_url":"https:\/\/www.nettali.com\/2025\/03\/19\/rapatriement-des-corps-yassine-fall-annonce-une-baisse-des-fonds-daide-et-secours\/","og_site_name":"Nettali.com","article_publisher":"https:\/\/www.facebook.com\/nettalicom","article_published_time":"2025-03-19T10:49:10+00:00","article_modified_time":"2025-03-19T09:49:37+00:00","og_image":[{"width":650,"height":433,"url":"https:\/\/www.nettali.com\/wp-content\/uploads\/2024\/07\/Yassine-fall.jpg","type":"image\/jpeg"}],"twitter_card":"summary_large_image","twitter_misc":{"\u00c9crit par":"Daouda","Dur\u00e9e de lecture estim\u00e9e":"2 minutes"},"schema":{"@context":"https:\/\/schema.org","@graph":[{"@type":"WebSite","@id":"https:\/\/www.nettali.com\/#website","url":"https:\/\/www.nettali.com\/","name":"Nettali.com","description":"Le rendez-vous critique du Net","potentialAction":[{"@type":"SearchAction","target":{"@type":"EntryPoint","urlTemplate":"https:\/\/www.nettali.com\/?s={search_term_string}"},"query-input":"required name=search_term_string"}],"inLanguage":"fr-FR"},{"@type":"ImageObject","@id":"https:\/\/www.nettali.com\/2025\/03\/19\/rapatriement-des-corps-yassine-fall-annonce-une-baisse-des-fonds-daide-et-secours\/#primaryimage","inLanguage":"fr-FR","url":"https:\/\/www.nettali.com\/wp-content\/uploads\/2024\/07\/Yassine-fall.jpg","contentUrl":"https:\/\/www.nettali.com\/wp-content\/uploads\/2024\/07\/Yassine-fall.jpg","width":650,"height":433},{"@type":"WebPage","@id":"https:\/\/www.nettali.com\/2025\/03\/19\/rapatriement-des-corps-yassine-fall-annonce-une-baisse-des-fonds-daide-et-secours\/#webpage","url":"https:\/\/www.nettali.com\/2025\/03\/19\/rapatriement-des-corps-yassine-fall-annonce-une-baisse-des-fonds-daide-et-secours\/","name":"RAPATRIEMENT DES CORPS - Yassine Fall annonce une baisse des fonds d\u2019aide et secours | Nettali.com","isPartOf":{"@id":"https:\/\/www.nettali.com\/#website"},"primaryImageOfPage":{"@id":"https:\/\/www.nettali.com\/2025\/03\/19\/rapatriement-des-corps-yassine-fall-annonce-une-baisse-des-fonds-daide-et-secours\/#primaryimage"},"datePublished":"2025-03-19T10:49:10+00:00","dateModified":"2025-03-19T09:49:37+00:00","author":{"@id":"https:\/\/www.nettali.com\/#\/schema\/person\/3317e0bb3aa1da309fbf7b2780901bf4"},"breadcrumb":{"@id":"https:\/\/www.nettali.com\/2025\/03\/19\/rapatriement-des-corps-yassine-fall-annonce-une-baisse-des-fonds-daide-et-secours\/#breadcrumb"},"inLanguage":"fr-FR","potentialAction":[{"@type":"ReadAction","target":["https:\/\/www.nettali.com\/2025\/03\/19\/rapatriement-des-corps-yassine-fall-annonce-une-baisse-des-fonds-daide-et-secours\/"]}]},{"@type":"BreadcrumbList","@id":"https:\/\/www.nettali.com\/2025\/03\/19\/rapatriement-des-corps-yassine-fall-annonce-une-baisse-des-fonds-daide-et-secours\/#breadcrumb","itemListElement":[{"@type":"ListItem","position":1,"name":"Accueil","item":"https:\/\/www.nettali.com\/"},{"@type":"ListItem","position":2,"name":"RAPATRIEMENT DES CORPS - Yassine Fall annonce une baisse des fonds d\u2019aide et secours"}]},{"@type":"Person","@id":"https:\/\/www.nettali.com\/#\/schema\/person\/3317e0bb3aa1da309fbf7b2780901bf4","name":"Daouda","image":{"@type":"ImageObject","@id":"https:\/\/www.nettali.com\/#personlogo","inLanguage":"fr-FR","url":"https:\/\/secure.gravatar.com\/avatar\/8d143b5a49345098ddcfee1c49c2f47c?s=96&d=mm&r=g","contentUrl":"https:\/\/secure.gravatar.com\/avatar\/8d143b5a49345098ddcfee1c49c2f47c?s=96&d=mm&r=g","caption":"Daouda"},"sameAs":["https:\/\/www.nettali.com"]}]}},"_links":{"self":[{"href":"https:\/\/www.nettali.com\/rest\/wp\/v2\/posts\/150919"}],"collection":[{"href":"https:\/\/www.nettali.com\/rest\/wp\/v2\/posts"}],"about":[{"href":"https:\/\/www.nettali.com\/rest\/wp\/v2\/types\/post"}],"author":[{"embeddable":true,"href":"https:\/\/www.nettali.com\/rest\/wp\/v2\/users\/4"}],"replies":[{"embeddable":true,"href":"https:\/\/www.nettali.com\/rest\/wp\/v2\/comments?post=150919"}],"version-history":[{"count":3,"href":"https:\/\/www.nettali.com\/rest\/wp\/v2\/posts\/150919\/revisions"}],"predecessor-version":[{"id":150966,"href":"https:\/\/www.nettali.com\/rest\/wp\/v2\/posts\/150919\/revisions\/150966"}],"wp:featuredmedia":[{"embeddable":true,"href":"https:\/\/www.nettali.com\/rest\/wp\/v2\/media\/137903"}],"wp:attachment":[{"href":"https:\/\/www.nettali.com\/rest\/wp\/v2\/media?parent=150919"}],"wp:term":[{"taxonomy":"category","embeddable":true,"href":"https:\/\/www.nettali.com\/rest\/wp\/v2\/categories?post=150919"},{"taxonomy":"post_tag","embeddable":true,"href":"https:\/\/www.nettali.com\/rest\/wp\/v2\/tags?post=150919"}],"curies":[{"name":"wp","href":"https:\/\/api.w.org\/{rel}","templated":true}]}}