{"id":150913,"date":"2025-03-18T17:29:46","date_gmt":"2025-03-18T17:29:46","guid":{"rendered":"https:\/\/www.nettali.com\/?p=150913"},"modified":"2025-03-18T18:59:03","modified_gmt":"2025-03-18T18:59:03","slug":"supposee-convocation-amath-suzanne-camara-dement-annonce-quil-ne-se-rendra-pas-a-la-dic","status":"publish","type":"post","link":"https:\/\/www.nettali.com\/2025\/03\/18\/supposee-convocation-amath-suzanne-camara-dement-annonce-quil-ne-se-rendra-pas-a-la-dic\/","title":{"rendered":"SUPPOS\u00c9E CONVOCATION PAR LA DIC - Amath Suzanne Camara d\u00e9ment"},"content":{"rendered":"<p><strong>NETTALI.COM - Ce lundi 17 mars, l'information relative \u00e0 une suppos\u00e9e convocation de l'opposant, Ahmed Suzanne Kamara, a circul\u00e9. Le concern\u00e9 dit n'avoir re\u00e7u aucune notification de la part de la Division des investigations criminelles.<\/strong><\/p>\n<p>La convocation suppos\u00e9e de Amath Suzanne Kamara serait li\u00e9e \u00e0 des propos que l'ap\u00e9riste aurait tenu sur l'affaire Didier Badji et Fulbert Sambou. Selon lui, ces propos partag\u00e9s datent de trois ans et si dans les prochaines heures, les rumeurs devaient s'av\u00e9rer, il ne d\u00e9f\u00e9rerait pas cette convocation.<\/p>\n<p>\u00ab <em>Je l\u2019ai appris comme beaucoup de S\u00e9n\u00e9galais \u00e0 travers les r\u00e9seaux et la presse. Je suis chez moi, je n\u2019ai pas re\u00e7u de notification, ni re\u00e7u de visite<\/em> \u00bb, a d\u00e9clar\u00e9 Amath Suzanne .<\/p>\n<p>Qui ajoute : \u00ab o<em>n a essay\u00e9 de v\u00e9hiculer des images qui montrent mes interventions sur la question, mais \u00e7a date d\u2019il y a trois quatre ou cinq ans, durant l\u2019exercice du pouvoir par le Pr\u00e9sident Macky Sall<\/em> \u00bb.<\/p>\n<div class='share-to-whatsapp-wrapper'><div class='share-on-whsp'>PARTAGER SUR : <\/div><a data-text='SUPPOS\u00c9E CONVOCATION PAR LA DIC - Amath Suzanne Camara d\u00e9ment' data-link='https:\/\/www.nettali.com\/2025\/03\/18\/supposee-convocation-amath-suzanne-camara-dement-annonce-quil-ne-se-rendra-pas-a-la-dic\/' class='whatsapp-button whatsapp-share'>WhatsApp<\/a><div class='clear '><\/div><\/div>","protected":false},"excerpt":{"rendered":"<p>NETTALI.COM - Ce lundi 17 mars, l'information relative \u00e0 une suppos\u00e9e convocation de l'opposant, Ahmed Suzanne Kamara, a circul\u00e9. Le concern\u00e9 dit n'avoir re\u00e7u aucune notification de la part de la Division des investigations criminelles. La convocation suppos\u00e9e de Amath Suzanne Kamara serait li\u00e9e \u00e0 des propos que l'ap\u00e9riste aurait tenu sur l'affaire Didier Badji [&hellip;]<\/p>\n","protected":false},"author":6,"featured_media":141606,"comment_status":"open","ping_status":"open","sticky":false,"template":"","format":"standard","meta":{"_et_pb_use_builder":"","_et_pb_old_content":""},"categories":[2],"tags":[],"yoast_head":"<!-- This site is optimized with the Yoast SEO Premium plugin v17.8 (Yoast SEO v17.8) - https:\/\/yoast.com\/wordpress\/plugins\/seo\/ -->\n<title>SUPPOS\u00c9E CONVOCATION PAR LA DIC - Amath Suzanne Camara d\u00e9ment | Nettali.com<\/title>\n<meta name=\"robots\" content=\"index, follow, max-snippet:-1, max-image-preview:large, max-video-preview:-1\" \/>\n<link rel=\"canonical\" href=\"https:\/\/www.nettali.com\/2025\/03\/18\/supposee-convocation-amath-suzanne-camara-dement-annonce-quil-ne-se-rendra-pas-a-la-dic\/\" \/>\n<meta property=\"og:locale\" content=\"fr_FR\" \/>\n<meta property=\"og:type\" content=\"article\" \/>\n<meta property=\"og:title\" content=\"SUPPOS\u00c9E CONVOCATION PAR LA DIC - Amath Suzanne Camara d\u00e9ment\" \/>\n<meta property=\"og:description\" content=\"NETTALI.COM - Ce lundi 17 mars, l&#039;information relative \u00e0 une suppos\u00e9e convocation de l&#039;opposant, Ahmed Suzanne Kamara, a circul\u00e9. Le concern\u00e9 dit n&#039;avoir re\u00e7u aucune notification de la part de la Division des investigations criminelles. La convocation suppos\u00e9e de Amath Suzanne Kamara serait li\u00e9e \u00e0 des propos que l&#039;ap\u00e9riste aurait tenu sur l&#039;affaire Didier Badji [&hellip;]\" \/>\n<meta property=\"og:url\" content=\"https:\/\/www.nettali.com\/2025\/03\/18\/supposee-convocation-amath-suzanne-camara-dement-annonce-quil-ne-se-rendra-pas-a-la-dic\/\" \/>\n<meta property=\"og:site_name\" content=\"Nettali.com\" \/>\n<meta property=\"article:publisher\" content=\"https:\/\/www.facebook.com\/nettalicom\" \/>\n<meta property=\"article:published_time\" content=\"2025-03-18T17:29:46+00:00\" \/>\n<meta property=\"article:modified_time\" content=\"2025-03-18T18:59:03+00:00\" \/>\n<meta property=\"og:image\" content=\"https:\/\/www.nettali.com\/wp-content\/uploads\/2024\/10\/SUZANNE-CAMARA.jpg\" \/>\n\t<meta property=\"og:image:width\" content=\"600\" \/>\n\t<meta property=\"og:image:height\" content=\"369\" \/>\n<meta name=\"twitter:card\" content=\"summary_large_image\" \/>\n<meta name=\"twitter:label1\" content=\"\u00c9crit par\" \/>\n\t<meta name=\"twitter:data1\" content=\"Fatou\" \/>\n\t<meta name=\"twitter:label2\" content=\"Dur\u00e9e de lecture estim\u00e9e\" \/>\n\t<meta name=\"twitter:data2\" content=\"1 minute\" \/>\n<script type=\"application\/ld+json\" class=\"yoast-schema-graph\">{\"@context\":\"https:\/\/schema.org\",\"@graph\":[{\"@type\":\"WebSite\",\"@id\":\"https:\/\/www.nettali.com\/#website\",\"url\":\"https:\/\/www.nettali.com\/\",\"name\":\"Nettali.com\",\"description\":\"Le rendez-vous critique du Net\",\"potentialAction\":[{\"@type\":\"SearchAction\",\"target\":{\"@type\":\"EntryPoint\",\"urlTemplate\":\"https:\/\/www.nettali.com\/?s={search_term_string}\"},\"query-input\":\"required name=search_term_string\"}],\"inLanguage\":\"fr-FR\"},{\"@type\":\"ImageObject\",\"@id\":\"https:\/\/www.nettali.com\/2025\/03\/18\/supposee-convocation-amath-suzanne-camara-dement-annonce-quil-ne-se-rendra-pas-a-la-dic\/#primaryimage\",\"inLanguage\":\"fr-FR\",\"url\":\"https:\/\/www.nettali.com\/wp-content\/uploads\/2024\/10\/SUZANNE-CAMARA.jpg\",\"contentUrl\":\"https:\/\/www.nettali.com\/wp-content\/uploads\/2024\/10\/SUZANNE-CAMARA.jpg\",\"width\":600,\"height\":369},{\"@type\":\"WebPage\",\"@id\":\"https:\/\/www.nettali.com\/2025\/03\/18\/supposee-convocation-amath-suzanne-camara-dement-annonce-quil-ne-se-rendra-pas-a-la-dic\/#webpage\",\"url\":\"https:\/\/www.nettali.com\/2025\/03\/18\/supposee-convocation-amath-suzanne-camara-dement-annonce-quil-ne-se-rendra-pas-a-la-dic\/\",\"name\":\"SUPPOS\\u00c9E CONVOCATION PAR LA DIC - Amath Suzanne Camara d\\u00e9ment | Nettali.com\",\"isPartOf\":{\"@id\":\"https:\/\/www.nettali.com\/#website\"},\"primaryImageOfPage\":{\"@id\":\"https:\/\/www.nettali.com\/2025\/03\/18\/supposee-convocation-amath-suzanne-camara-dement-annonce-quil-ne-se-rendra-pas-a-la-dic\/#primaryimage\"},\"datePublished\":\"2025-03-18T17:29:46+00:00\",\"dateModified\":\"2025-03-18T18:59:03+00:00\",\"author\":{\"@id\":\"https:\/\/www.nettali.com\/#\/schema\/person\/418274a86bdf87caff7a3ef476bd0bbf\"},\"breadcrumb\":{\"@id\":\"https:\/\/www.nettali.com\/2025\/03\/18\/supposee-convocation-amath-suzanne-camara-dement-annonce-quil-ne-se-rendra-pas-a-la-dic\/#breadcrumb\"},\"inLanguage\":\"fr-FR\",\"potentialAction\":[{\"@type\":\"ReadAction\",\"target\":[\"https:\/\/www.nettali.com\/2025\/03\/18\/supposee-convocation-amath-suzanne-camara-dement-annonce-quil-ne-se-rendra-pas-a-la-dic\/\"]}]},{\"@type\":\"BreadcrumbList\",\"@id\":\"https:\/\/www.nettali.com\/2025\/03\/18\/supposee-convocation-amath-suzanne-camara-dement-annonce-quil-ne-se-rendra-pas-a-la-dic\/#breadcrumb\",\"itemListElement\":[{\"@type\":\"ListItem\",\"position\":1,\"name\":\"Accueil\",\"item\":\"https:\/\/www.nettali.com\/\"},{\"@type\":\"ListItem\",\"position\":2,\"name\":\"SUPPOS\\u00c9E CONVOCATION PAR LA DIC - Amath Suzanne Camara d\\u00e9ment\"}]},{\"@type\":\"Person\",\"@id\":\"https:\/\/www.nettali.com\/#\/schema\/person\/418274a86bdf87caff7a3ef476bd0bbf\",\"name\":\"Fatou\",\"image\":{\"@type\":\"ImageObject\",\"@id\":\"https:\/\/www.nettali.com\/#personlogo\",\"inLanguage\":\"fr-FR\",\"url\":\"https:\/\/secure.gravatar.com\/avatar\/5a9442a2bee7b4dcf167cab035858e9a?s=96&d=mm&r=g\",\"contentUrl\":\"https:\/\/secure.gravatar.com\/avatar\/5a9442a2bee7b4dcf167cab035858e9a?s=96&d=mm&r=g\",\"caption\":\"Fatou\"},\"sameAs\":[\"https:\/\/www.nettali.com\"]}]}<\/script>\n<!-- \/ Yoast SEO Premium plugin. -->","yoast_head_json":{"title":"SUPPOS\u00c9E CONVOCATION PAR LA DIC - Amath Suzanne Camara d\u00e9ment | Nettali.com","robots":{"index":"index","follow":"follow","max-snippet":"max-snippet:-1","max-image-preview":"max-image-preview:large","max-video-preview":"max-video-preview:-1"},"canonical":"https:\/\/www.nettali.com\/2025\/03\/18\/supposee-convocation-amath-suzanne-camara-dement-annonce-quil-ne-se-rendra-pas-a-la-dic\/","og_locale":"fr_FR","og_type":"article","og_title":"SUPPOS\u00c9E CONVOCATION PAR LA DIC - Amath Suzanne Camara d\u00e9ment","og_description":"NETTALI.COM - Ce lundi 17 mars, l'information relative \u00e0 une suppos\u00e9e convocation de l'opposant, Ahmed Suzanne Kamara, a circul\u00e9. Le concern\u00e9 dit n'avoir re\u00e7u aucune notification de la part de la Division des investigations criminelles. La convocation suppos\u00e9e de Amath Suzanne Kamara serait li\u00e9e \u00e0 des propos que l'ap\u00e9riste aurait tenu sur l'affaire Didier Badji [&hellip;]","og_url":"https:\/\/www.nettali.com\/2025\/03\/18\/supposee-convocation-amath-suzanne-camara-dement-annonce-quil-ne-se-rendra-pas-a-la-dic\/","og_site_name":"Nettali.com","article_publisher":"https:\/\/www.facebook.com\/nettalicom","article_published_time":"2025-03-18T17:29:46+00:00","article_modified_time":"2025-03-18T18:59:03+00:00","og_image":[{"width":600,"height":369,"url":"https:\/\/www.nettali.com\/wp-content\/uploads\/2024\/10\/SUZANNE-CAMARA.jpg","type":"image\/jpeg"}],"twitter_card":"summary_large_image","twitter_misc":{"\u00c9crit par":"Fatou","Dur\u00e9e de lecture estim\u00e9e":"1 minute"},"schema":{"@context":"https:\/\/schema.org","@graph":[{"@type":"WebSite","@id":"https:\/\/www.nettali.com\/#website","url":"https:\/\/www.nettali.com\/","name":"Nettali.com","description":"Le rendez-vous critique du Net","potentialAction":[{"@type":"SearchAction","target":{"@type":"EntryPoint","urlTemplate":"https:\/\/www.nettali.com\/?s={search_term_string}"},"query-input":"required name=search_term_string"}],"inLanguage":"fr-FR"},{"@type":"ImageObject","@id":"https:\/\/www.nettali.com\/2025\/03\/18\/supposee-convocation-amath-suzanne-camara-dement-annonce-quil-ne-se-rendra-pas-a-la-dic\/#primaryimage","inLanguage":"fr-FR","url":"https:\/\/www.nettali.com\/wp-content\/uploads\/2024\/10\/SUZANNE-CAMARA.jpg","contentUrl":"https:\/\/www.nettali.com\/wp-content\/uploads\/2024\/10\/SUZANNE-CAMARA.jpg","width":600,"height":369},{"@type":"WebPage","@id":"https:\/\/www.nettali.com\/2025\/03\/18\/supposee-convocation-amath-suzanne-camara-dement-annonce-quil-ne-se-rendra-pas-a-la-dic\/#webpage","url":"https:\/\/www.nettali.com\/2025\/03\/18\/supposee-convocation-amath-suzanne-camara-dement-annonce-quil-ne-se-rendra-pas-a-la-dic\/","name":"SUPPOS\u00c9E CONVOCATION PAR LA DIC - Amath Suzanne Camara d\u00e9ment | Nettali.com","isPartOf":{"@id":"https:\/\/www.nettali.com\/#website"},"primaryImageOfPage":{"@id":"https:\/\/www.nettali.com\/2025\/03\/18\/supposee-convocation-amath-suzanne-camara-dement-annonce-quil-ne-se-rendra-pas-a-la-dic\/#primaryimage"},"datePublished":"2025-03-18T17:29:46+00:00","dateModified":"2025-03-18T18:59:03+00:00","author":{"@id":"https:\/\/www.nettali.com\/#\/schema\/person\/418274a86bdf87caff7a3ef476bd0bbf"},"breadcrumb":{"@id":"https:\/\/www.nettali.com\/2025\/03\/18\/supposee-convocation-amath-suzanne-camara-dement-annonce-quil-ne-se-rendra-pas-a-la-dic\/#breadcrumb"},"inLanguage":"fr-FR","potentialAction":[{"@type":"ReadAction","target":["https:\/\/www.nettali.com\/2025\/03\/18\/supposee-convocation-amath-suzanne-camara-dement-annonce-quil-ne-se-rendra-pas-a-la-dic\/"]}]},{"@type":"BreadcrumbList","@id":"https:\/\/www.nettali.com\/2025\/03\/18\/supposee-convocation-amath-suzanne-camara-dement-annonce-quil-ne-se-rendra-pas-a-la-dic\/#breadcrumb","itemListElement":[{"@type":"ListItem","position":1,"name":"Accueil","item":"https:\/\/www.nettali.com\/"},{"@type":"ListItem","position":2,"name":"SUPPOS\u00c9E CONVOCATION PAR LA DIC - Amath Suzanne Camara d\u00e9ment"}]},{"@type":"Person","@id":"https:\/\/www.nettali.com\/#\/schema\/person\/418274a86bdf87caff7a3ef476bd0bbf","name":"Fatou","image":{"@type":"ImageObject","@id":"https:\/\/www.nettali.com\/#personlogo","inLanguage":"fr-FR","url":"https:\/\/secure.gravatar.com\/avatar\/5a9442a2bee7b4dcf167cab035858e9a?s=96&d=mm&r=g","contentUrl":"https:\/\/secure.gravatar.com\/avatar\/5a9442a2bee7b4dcf167cab035858e9a?s=96&d=mm&r=g","caption":"Fatou"},"sameAs":["https:\/\/www.nettali.com"]}]}},"_links":{"self":[{"href":"https:\/\/www.nettali.com\/rest\/wp\/v2\/posts\/150913"}],"collection":[{"href":"https:\/\/www.nettali.com\/rest\/wp\/v2\/posts"}],"about":[{"href":"https:\/\/www.nettali.com\/rest\/wp\/v2\/types\/post"}],"author":[{"embeddable":true,"href":"https:\/\/www.nettali.com\/rest\/wp\/v2\/users\/6"}],"replies":[{"embeddable":true,"href":"https:\/\/www.nettali.com\/rest\/wp\/v2\/comments?post=150913"}],"version-history":[{"count":6,"href":"https:\/\/www.nettali.com\/rest\/wp\/v2\/posts\/150913\/revisions"}],"predecessor-version":[{"id":150929,"href":"https:\/\/www.nettali.com\/rest\/wp\/v2\/posts\/150913\/revisions\/150929"}],"wp:featuredmedia":[{"embeddable":true,"href":"https:\/\/www.nettali.com\/rest\/wp\/v2\/media\/141606"}],"wp:attachment":[{"href":"https:\/\/www.nettali.com\/rest\/wp\/v2\/media?parent=150913"}],"wp:term":[{"taxonomy":"category","embeddable":true,"href":"https:\/\/www.nettali.com\/rest\/wp\/v2\/categories?post=150913"},{"taxonomy":"post_tag","embeddable":true,"href":"https:\/\/www.nettali.com\/rest\/wp\/v2\/tags?post=150913"}],"curies":[{"name":"wp","href":"https:\/\/api.w.org\/{rel}","templated":true}]}}