{"id":150842,"date":"2025-03-17T19:56:36","date_gmt":"2025-03-17T19:56:36","guid":{"rendered":"https:\/\/www.nettali.com\/?p=150842"},"modified":"2025-03-18T16:31:36","modified_gmt":"2025-03-18T16:31:36","slug":"exclusion-deleves-voilees-lia-de-thies-rappelle-a-lordre-ladministration-de-saint-gabriel","status":"publish","type":"post","link":"https:\/\/www.nettali.com\/2025\/03\/17\/exclusion-deleves-voilees-lia-de-thies-rappelle-a-lordre-ladministration-de-saint-gabriel\/","title":{"rendered":"EXCLUSION D\u2019ELEVES VOILEES - L\u2019IA de Thi\u00e8s rappelle \u00e0 l\u2019ordre l\u2019administration de Saint Gabriel"},"content":{"rendered":"<p><strong>\u00a0NETTALI.COM - L\u2019Inspection d\u2019acad\u00e9mie (IA) de Thi\u00e8s r\u00e9agit \u00e0 l\u2019exclusion d\u2019\u00e9l\u00e8ves voil\u00e9es du coll\u00e8ge Saint Gabriel. Dans un communiqu\u00e9, elle rappelle \u00e0 l'ordre l\u2019administration dudit \u00e9tablissement et demande la r\u00e9int\u00e9gration imm\u00e9diate des exclues.\u00a0<\/strong><\/p>\n<p>Ce lundi 17 mars 2025, le coll\u00e8ge Saint Gabriel de Thi\u00e8s a fait l'actualit\u00e9 avec l\u2019interdiction de l\u2019acc\u00e8s \u00e0 l\u2019\u00e9tablissement aux \u00e9l\u00e8ves qui portent le voile. L\u2019inspection d\u2019acad\u00e9mie (IA) de la r\u00e9gion s\u2019est saisie de l\u2019affaire. Dans un communiqu\u00e9, elle informe : \"<em>Apr\u00e8s une enqu\u00eate qu'elle a diligent\u00e9e, il est ressorti des propos de l'administration du coll\u00e8ge que le motif du renvoi est li\u00e9 au fait que certains voiles cachent enti\u00e8rement l'uniforme du Coll\u00e8ge Saint Gabriel.\" <\/em>\"<em>Malheureusement, d'autres filles ayant correctement port\u00e9 le voile ont \u00e9t\u00e9 victimes de cette mesure<\/em>\", ajoute la source.<\/p>\n<p>En outre, poursuit le communiqu\u00e9, \"<em>la mission de l'Inspection d'Acad\u00e9mie a pu constater et confirmer le renvoi qui, de l'avis du chef d'\u00e9tablissement, visait simplement \u00e0 marquer le coup en les poussant \u00e0 respecter le port correct de l'uniforme<\/em>\".<\/p>\n<p>Selon l\u2019IA, \"<em>compte tenu de toutes ces consid\u00e9rations, il a \u00e9t\u00e9 rappel\u00e9 \u00e0 l'administration du coll\u00e8ge qu'une telle d\u00e9cision divorce avec les textes en vigueur\".<\/em> Il s\u2019agit de \"<em>l'arr\u00eat\u00e9 n\u00b0 024630 du 08 octobre 2024 relatif aux principes directeurs des r\u00e8glements int\u00e9rieurs des \u00e9tablissements publics et priv\u00e9s d'\u00e9ducation et de formation du S\u00e9n\u00e9gal, en ses articles 4, 5 et 6 consacrant le caract\u00e8re fondamental du droit \u00e0 l'\u00e9ducation et de l'acceptation de la mixit\u00e9 et du respect mutuel pour le renforcement des valeurs du vivre ensemble, de la correspondance n\u00b0 5927\/IA TH\/CEMSG\/al du 06 d\u00e9cembre 2024 portant validation de r\u00e8glements int\u00e9rieurs par l'Inspection d'Acad\u00e9mie de Thi\u00e8s<\/em>\".<\/p>\n<p>A ce titre, le communiqu\u00e9 renseigne que \"<em>des instructions fermes ont \u00e9t\u00e9 donn\u00e9es au Directeur dudit coll\u00e8ge pour la r\u00e9int\u00e9gration, dans l'imm\u00e9diat, de toutes ces filles, tout en pr\u00e9servant leur droit \u00e0 l'\u00e9ducation<\/em>\". \"<em>Aussi, toutes les dispositions n\u00e9cessaires ont \u00e9t\u00e9 prises pour que pareille situation ne se reproduise dans les \u00e9coles et \u00e9tablissements scolaires<\/em>\", conclut le document.<\/p>\n<div class='share-to-whatsapp-wrapper'><div class='share-on-whsp'>PARTAGER SUR : <\/div><a data-text='EXCLUSION D\u2019ELEVES VOILEES - L\u2019IA de Thi\u00e8s rappelle \u00e0 l\u2019ordre l\u2019administration de Saint Gabriel' data-link='https:\/\/www.nettali.com\/2025\/03\/17\/exclusion-deleves-voilees-lia-de-thies-rappelle-a-lordre-ladministration-de-saint-gabriel\/' class='whatsapp-button whatsapp-share'>WhatsApp<\/a><div class='clear '><\/div><\/div>","protected":false},"excerpt":{"rendered":"<p>\u00a0NETTALI.COM - L\u2019Inspection d\u2019acad\u00e9mie (IA) de Thi\u00e8s r\u00e9agit \u00e0 l\u2019exclusion d\u2019\u00e9l\u00e8ves voil\u00e9es du coll\u00e8ge Saint Gabriel. Dans un communiqu\u00e9, elle rappelle \u00e0 l'ordre l\u2019administration dudit \u00e9tablissement et demande la r\u00e9int\u00e9gration imm\u00e9diate des exclues.\u00a0 Ce lundi 17 mars 2025, le coll\u00e8ge Saint Gabriel de Thi\u00e8s a fait l'actualit\u00e9 avec l\u2019interdiction de l\u2019acc\u00e8s \u00e0 l\u2019\u00e9tablissement aux \u00e9l\u00e8ves [&hellip;]<\/p>\n","protected":false},"author":6,"featured_media":150836,"comment_status":"open","ping_status":"open","sticky":false,"template":"","format":"standard","meta":{"_et_pb_use_builder":"","_et_pb_old_content":""},"categories":[3],"tags":[],"yoast_head":"<!-- This site is optimized with the Yoast SEO Premium plugin v17.8 (Yoast SEO v17.8) - https:\/\/yoast.com\/wordpress\/plugins\/seo\/ -->\n<title>EXCLUSION D\u2019ELEVES VOILEES - L\u2019IA de Thi\u00e8s rappelle \u00e0 l\u2019ordre l\u2019administration de Saint Gabriel | Nettali.com<\/title>\n<meta name=\"robots\" content=\"index, follow, max-snippet:-1, max-image-preview:large, max-video-preview:-1\" \/>\n<link rel=\"canonical\" href=\"https:\/\/www.nettali.com\/2025\/03\/17\/exclusion-deleves-voilees-lia-de-thies-rappelle-a-lordre-ladministration-de-saint-gabriel\/\" \/>\n<meta property=\"og:locale\" content=\"fr_FR\" \/>\n<meta property=\"og:type\" content=\"article\" \/>\n<meta property=\"og:title\" content=\"EXCLUSION D\u2019ELEVES VOILEES - L\u2019IA de Thi\u00e8s rappelle \u00e0 l\u2019ordre l\u2019administration de Saint Gabriel\" \/>\n<meta property=\"og:description\" content=\"\u00a0NETTALI.COM - L\u2019Inspection d\u2019acad\u00e9mie (IA) de Thi\u00e8s r\u00e9agit \u00e0 l\u2019exclusion d\u2019\u00e9l\u00e8ves voil\u00e9es du coll\u00e8ge Saint Gabriel. Dans un communiqu\u00e9, elle rappelle \u00e0 l&#039;ordre l\u2019administration dudit \u00e9tablissement et demande la r\u00e9int\u00e9gration imm\u00e9diate des exclues.\u00a0 Ce lundi 17 mars 2025, le coll\u00e8ge Saint Gabriel de Thi\u00e8s a fait l&#039;actualit\u00e9 avec l\u2019interdiction de l\u2019acc\u00e8s \u00e0 l\u2019\u00e9tablissement aux \u00e9l\u00e8ves [&hellip;]\" \/>\n<meta property=\"og:url\" content=\"https:\/\/www.nettali.com\/2025\/03\/17\/exclusion-deleves-voilees-lia-de-thies-rappelle-a-lordre-ladministration-de-saint-gabriel\/\" \/>\n<meta property=\"og:site_name\" content=\"Nettali.com\" \/>\n<meta property=\"article:publisher\" content=\"https:\/\/www.facebook.com\/nettalicom\" \/>\n<meta property=\"article:published_time\" content=\"2025-03-17T19:56:36+00:00\" \/>\n<meta property=\"article:modified_time\" content=\"2025-03-18T16:31:36+00:00\" \/>\n<meta property=\"og:image\" content=\"https:\/\/www.nettali.com\/wp-content\/uploads\/2025\/03\/FB_IMG_1742231508026.jpg\" \/>\n\t<meta property=\"og:image:width\" content=\"1080\" \/>\n\t<meta property=\"og:image:height\" content=\"540\" \/>\n<meta name=\"twitter:card\" content=\"summary_large_image\" \/>\n<meta name=\"twitter:label1\" content=\"\u00c9crit par\" \/>\n\t<meta name=\"twitter:data1\" content=\"Fatou\" \/>\n\t<meta name=\"twitter:label2\" content=\"Dur\u00e9e de lecture estim\u00e9e\" \/>\n\t<meta name=\"twitter:data2\" content=\"2 minutes\" \/>\n<script type=\"application\/ld+json\" class=\"yoast-schema-graph\">{\"@context\":\"https:\/\/schema.org\",\"@graph\":[{\"@type\":\"WebSite\",\"@id\":\"https:\/\/www.nettali.com\/#website\",\"url\":\"https:\/\/www.nettali.com\/\",\"name\":\"Nettali.com\",\"description\":\"Le rendez-vous critique du Net\",\"potentialAction\":[{\"@type\":\"SearchAction\",\"target\":{\"@type\":\"EntryPoint\",\"urlTemplate\":\"https:\/\/www.nettali.com\/?s={search_term_string}\"},\"query-input\":\"required name=search_term_string\"}],\"inLanguage\":\"fr-FR\"},{\"@type\":\"ImageObject\",\"@id\":\"https:\/\/www.nettali.com\/2025\/03\/17\/exclusion-deleves-voilees-lia-de-thies-rappelle-a-lordre-ladministration-de-saint-gabriel\/#primaryimage\",\"inLanguage\":\"fr-FR\",\"url\":\"https:\/\/www.nettali.com\/wp-content\/uploads\/2025\/03\/FB_IMG_1742231508026.jpg\",\"contentUrl\":\"https:\/\/www.nettali.com\/wp-content\/uploads\/2025\/03\/FB_IMG_1742231508026.jpg\",\"width\":1080,\"height\":540},{\"@type\":\"WebPage\",\"@id\":\"https:\/\/www.nettali.com\/2025\/03\/17\/exclusion-deleves-voilees-lia-de-thies-rappelle-a-lordre-ladministration-de-saint-gabriel\/#webpage\",\"url\":\"https:\/\/www.nettali.com\/2025\/03\/17\/exclusion-deleves-voilees-lia-de-thies-rappelle-a-lordre-ladministration-de-saint-gabriel\/\",\"name\":\"EXCLUSION D\\u2019ELEVES VOILEES - L\\u2019IA de Thi\\u00e8s rappelle \\u00e0 l\\u2019ordre l\\u2019administration de Saint Gabriel | Nettali.com\",\"isPartOf\":{\"@id\":\"https:\/\/www.nettali.com\/#website\"},\"primaryImageOfPage\":{\"@id\":\"https:\/\/www.nettali.com\/2025\/03\/17\/exclusion-deleves-voilees-lia-de-thies-rappelle-a-lordre-ladministration-de-saint-gabriel\/#primaryimage\"},\"datePublished\":\"2025-03-17T19:56:36+00:00\",\"dateModified\":\"2025-03-18T16:31:36+00:00\",\"author\":{\"@id\":\"https:\/\/www.nettali.com\/#\/schema\/person\/418274a86bdf87caff7a3ef476bd0bbf\"},\"breadcrumb\":{\"@id\":\"https:\/\/www.nettali.com\/2025\/03\/17\/exclusion-deleves-voilees-lia-de-thies-rappelle-a-lordre-ladministration-de-saint-gabriel\/#breadcrumb\"},\"inLanguage\":\"fr-FR\",\"potentialAction\":[{\"@type\":\"ReadAction\",\"target\":[\"https:\/\/www.nettali.com\/2025\/03\/17\/exclusion-deleves-voilees-lia-de-thies-rappelle-a-lordre-ladministration-de-saint-gabriel\/\"]}]},{\"@type\":\"BreadcrumbList\",\"@id\":\"https:\/\/www.nettali.com\/2025\/03\/17\/exclusion-deleves-voilees-lia-de-thies-rappelle-a-lordre-ladministration-de-saint-gabriel\/#breadcrumb\",\"itemListElement\":[{\"@type\":\"ListItem\",\"position\":1,\"name\":\"Accueil\",\"item\":\"https:\/\/www.nettali.com\/\"},{\"@type\":\"ListItem\",\"position\":2,\"name\":\"EXCLUSION D\\u2019ELEVES VOILEES - L\\u2019IA de Thi\\u00e8s rappelle \\u00e0 l\\u2019ordre l\\u2019administration de Saint Gabriel\"}]},{\"@type\":\"Person\",\"@id\":\"https:\/\/www.nettali.com\/#\/schema\/person\/418274a86bdf87caff7a3ef476bd0bbf\",\"name\":\"Fatou\",\"image\":{\"@type\":\"ImageObject\",\"@id\":\"https:\/\/www.nettali.com\/#personlogo\",\"inLanguage\":\"fr-FR\",\"url\":\"https:\/\/secure.gravatar.com\/avatar\/5a9442a2bee7b4dcf167cab035858e9a?s=96&d=mm&r=g\",\"contentUrl\":\"https:\/\/secure.gravatar.com\/avatar\/5a9442a2bee7b4dcf167cab035858e9a?s=96&d=mm&r=g\",\"caption\":\"Fatou\"},\"sameAs\":[\"https:\/\/www.nettali.com\"]}]}<\/script>\n<!-- \/ Yoast SEO Premium plugin. -->","yoast_head_json":{"title":"EXCLUSION D\u2019ELEVES VOILEES - L\u2019IA de Thi\u00e8s rappelle \u00e0 l\u2019ordre l\u2019administration de Saint Gabriel | Nettali.com","robots":{"index":"index","follow":"follow","max-snippet":"max-snippet:-1","max-image-preview":"max-image-preview:large","max-video-preview":"max-video-preview:-1"},"canonical":"https:\/\/www.nettali.com\/2025\/03\/17\/exclusion-deleves-voilees-lia-de-thies-rappelle-a-lordre-ladministration-de-saint-gabriel\/","og_locale":"fr_FR","og_type":"article","og_title":"EXCLUSION D\u2019ELEVES VOILEES - L\u2019IA de Thi\u00e8s rappelle \u00e0 l\u2019ordre l\u2019administration de Saint Gabriel","og_description":"\u00a0NETTALI.COM - L\u2019Inspection d\u2019acad\u00e9mie (IA) de Thi\u00e8s r\u00e9agit \u00e0 l\u2019exclusion d\u2019\u00e9l\u00e8ves voil\u00e9es du coll\u00e8ge Saint Gabriel. Dans un communiqu\u00e9, elle rappelle \u00e0 l'ordre l\u2019administration dudit \u00e9tablissement et demande la r\u00e9int\u00e9gration imm\u00e9diate des exclues.\u00a0 Ce lundi 17 mars 2025, le coll\u00e8ge Saint Gabriel de Thi\u00e8s a fait l'actualit\u00e9 avec l\u2019interdiction de l\u2019acc\u00e8s \u00e0 l\u2019\u00e9tablissement aux \u00e9l\u00e8ves [&hellip;]","og_url":"https:\/\/www.nettali.com\/2025\/03\/17\/exclusion-deleves-voilees-lia-de-thies-rappelle-a-lordre-ladministration-de-saint-gabriel\/","og_site_name":"Nettali.com","article_publisher":"https:\/\/www.facebook.com\/nettalicom","article_published_time":"2025-03-17T19:56:36+00:00","article_modified_time":"2025-03-18T16:31:36+00:00","og_image":[{"width":1080,"height":540,"url":"https:\/\/www.nettali.com\/wp-content\/uploads\/2025\/03\/FB_IMG_1742231508026.jpg","type":"image\/jpeg"}],"twitter_card":"summary_large_image","twitter_misc":{"\u00c9crit par":"Fatou","Dur\u00e9e de lecture estim\u00e9e":"2 minutes"},"schema":{"@context":"https:\/\/schema.org","@graph":[{"@type":"WebSite","@id":"https:\/\/www.nettali.com\/#website","url":"https:\/\/www.nettali.com\/","name":"Nettali.com","description":"Le rendez-vous critique du Net","potentialAction":[{"@type":"SearchAction","target":{"@type":"EntryPoint","urlTemplate":"https:\/\/www.nettali.com\/?s={search_term_string}"},"query-input":"required name=search_term_string"}],"inLanguage":"fr-FR"},{"@type":"ImageObject","@id":"https:\/\/www.nettali.com\/2025\/03\/17\/exclusion-deleves-voilees-lia-de-thies-rappelle-a-lordre-ladministration-de-saint-gabriel\/#primaryimage","inLanguage":"fr-FR","url":"https:\/\/www.nettali.com\/wp-content\/uploads\/2025\/03\/FB_IMG_1742231508026.jpg","contentUrl":"https:\/\/www.nettali.com\/wp-content\/uploads\/2025\/03\/FB_IMG_1742231508026.jpg","width":1080,"height":540},{"@type":"WebPage","@id":"https:\/\/www.nettali.com\/2025\/03\/17\/exclusion-deleves-voilees-lia-de-thies-rappelle-a-lordre-ladministration-de-saint-gabriel\/#webpage","url":"https:\/\/www.nettali.com\/2025\/03\/17\/exclusion-deleves-voilees-lia-de-thies-rappelle-a-lordre-ladministration-de-saint-gabriel\/","name":"EXCLUSION D\u2019ELEVES VOILEES - L\u2019IA de Thi\u00e8s rappelle \u00e0 l\u2019ordre l\u2019administration de Saint Gabriel | Nettali.com","isPartOf":{"@id":"https:\/\/www.nettali.com\/#website"},"primaryImageOfPage":{"@id":"https:\/\/www.nettali.com\/2025\/03\/17\/exclusion-deleves-voilees-lia-de-thies-rappelle-a-lordre-ladministration-de-saint-gabriel\/#primaryimage"},"datePublished":"2025-03-17T19:56:36+00:00","dateModified":"2025-03-18T16:31:36+00:00","author":{"@id":"https:\/\/www.nettali.com\/#\/schema\/person\/418274a86bdf87caff7a3ef476bd0bbf"},"breadcrumb":{"@id":"https:\/\/www.nettali.com\/2025\/03\/17\/exclusion-deleves-voilees-lia-de-thies-rappelle-a-lordre-ladministration-de-saint-gabriel\/#breadcrumb"},"inLanguage":"fr-FR","potentialAction":[{"@type":"ReadAction","target":["https:\/\/www.nettali.com\/2025\/03\/17\/exclusion-deleves-voilees-lia-de-thies-rappelle-a-lordre-ladministration-de-saint-gabriel\/"]}]},{"@type":"BreadcrumbList","@id":"https:\/\/www.nettali.com\/2025\/03\/17\/exclusion-deleves-voilees-lia-de-thies-rappelle-a-lordre-ladministration-de-saint-gabriel\/#breadcrumb","itemListElement":[{"@type":"ListItem","position":1,"name":"Accueil","item":"https:\/\/www.nettali.com\/"},{"@type":"ListItem","position":2,"name":"EXCLUSION D\u2019ELEVES VOILEES - L\u2019IA de Thi\u00e8s rappelle \u00e0 l\u2019ordre l\u2019administration de Saint Gabriel"}]},{"@type":"Person","@id":"https:\/\/www.nettali.com\/#\/schema\/person\/418274a86bdf87caff7a3ef476bd0bbf","name":"Fatou","image":{"@type":"ImageObject","@id":"https:\/\/www.nettali.com\/#personlogo","inLanguage":"fr-FR","url":"https:\/\/secure.gravatar.com\/avatar\/5a9442a2bee7b4dcf167cab035858e9a?s=96&d=mm&r=g","contentUrl":"https:\/\/secure.gravatar.com\/avatar\/5a9442a2bee7b4dcf167cab035858e9a?s=96&d=mm&r=g","caption":"Fatou"},"sameAs":["https:\/\/www.nettali.com"]}]}},"_links":{"self":[{"href":"https:\/\/www.nettali.com\/rest\/wp\/v2\/posts\/150842"}],"collection":[{"href":"https:\/\/www.nettali.com\/rest\/wp\/v2\/posts"}],"about":[{"href":"https:\/\/www.nettali.com\/rest\/wp\/v2\/types\/post"}],"author":[{"embeddable":true,"href":"https:\/\/www.nettali.com\/rest\/wp\/v2\/users\/6"}],"replies":[{"embeddable":true,"href":"https:\/\/www.nettali.com\/rest\/wp\/v2\/comments?post=150842"}],"version-history":[{"count":3,"href":"https:\/\/www.nettali.com\/rest\/wp\/v2\/posts\/150842\/revisions"}],"predecessor-version":[{"id":150847,"href":"https:\/\/www.nettali.com\/rest\/wp\/v2\/posts\/150842\/revisions\/150847"}],"wp:featuredmedia":[{"embeddable":true,"href":"https:\/\/www.nettali.com\/rest\/wp\/v2\/media\/150836"}],"wp:attachment":[{"href":"https:\/\/www.nettali.com\/rest\/wp\/v2\/media?parent=150842"}],"wp:term":[{"taxonomy":"category","embeddable":true,"href":"https:\/\/www.nettali.com\/rest\/wp\/v2\/categories?post=150842"},{"taxonomy":"post_tag","embeddable":true,"href":"https:\/\/www.nettali.com\/rest\/wp\/v2\/tags?post=150842"}],"curies":[{"name":"wp","href":"https:\/\/api.w.org\/{rel}","templated":true}]}}