{"id":150828,"date":"2025-03-17T13:41:00","date_gmt":"2025-03-17T13:41:00","guid":{"rendered":"https:\/\/www.nettali.com\/?p=150828"},"modified":"2025-03-17T13:41:00","modified_gmt":"2025-03-17T13:41:00","slug":"diplomatie-le-rwanda-annonce-la-rupture-de-ses-relations-avec-la-belgique","status":"publish","type":"post","link":"https:\/\/www.nettali.com\/2025\/03\/17\/diplomatie-le-rwanda-annonce-la-rupture-de-ses-relations-avec-la-belgique\/","title":{"rendered":"DIPLOMATIE - Le Rwanda annonce la rupture de ses relations avec la Belgique"},"content":{"rendered":"<div><strong><span style=\"font-size: 16px;\">NETTALI.COM - Le Rwanda a annonc\u00e9 lundi la rupture de ses relations diplomatiques avec la Belgique, accusant l'ex-puissance coloniale d'avoir \"pris parti\" pour Kinshasa \"bien avant et pendant le conflit en cours en R\u00e9publique D\u00e9mocratique du Congo (RDC).<\/span><\/strong><\/p>\n<div id=\"r89-video-outstream-wrapper\">\n<div id=\"r89-video-outstream\" data-google-query-id=\"CNKYvK6ekYwDFTpnHQkdtBgPlg\">\n<div id=\"google_ads_iframe_\/15748617,1801186\/Senewebcom\/Senewebcom-Video-Outstream_0__container__\"><\/div>\n<\/div>\n<\/div>\n<\/div>\n<div><span style=\"font-size: 16px;\"><em>\"Le gouvernement du Rwanda a notifi\u00e9 aujourd\u2019hui le gouvernement de Belgique de sa d\u00e9cision de rompre les relations diplomatiques, avec effet imm\u00e9diat\"<\/em>, a d\u00e9clar\u00e9 le minist\u00e8re des Affaires \u00e9trang\u00e8res rwandais dans un communiqu\u00e9. Une d\u00e9cision li\u00e9e selon Kigali aux <em>\"tentatives pitoyables\"<\/em> de Bruxelles de <em>\"maintenir ses illusions n\u00e9ocoloniales\"<\/em>.<\/span><\/div>\n<div><span style=\"font-size: 16px;\">\u00a0<\/span><\/div>\n<div><span style=\"font-size: 16px;\">La Belgique a regrett\u00e9 de son c\u00f4t\u00e9 une d\u00e9cision <em>\"disproportionn\u00e9e\"<\/em>, qui selon son chef de la diplomatie Maxime Pr\u00e9vot <em>\"illustre que lorsque nous sommes en d\u00e9saccord avec le Rwanda, il pr\u00e9f\u00e8re ne pas dialoguer\".<\/em><\/span><\/div>\n<div><span style=\"font-size: 16px;\">\u00a0<\/span><\/div>\n<div><span style=\"font-size: 16px;\">La Belgique, ancienne puissance coloniale \u00e0 la fois de la RDC (ex-Za\u00efre) et du Rwanda, a \u00e9t\u00e9 l'un des pays les plus critiques de Kigali depuis que la r\u00e9bellion du M23, soutenue par Kigali, a lanc\u00e9 en d\u00e9cembre une offensive dans l'est de la RDC, qui l'a vu notamment s'emparer de Goma, la capitale du Nord-Kivu, et de Bukavu, capitale du Sud-Kivu.<\/span><\/div>\n<div><span style=\"font-size: 16px;\">\u00a0<\/span><\/div>\n<div><span style=\"font-size: 16px;\">Bruxelles avait notamment demand\u00e9 fin janvier \u00e0 l'Union europ\u00e9enne d'envisager des sanctions contre le Rwanda, accus\u00e9 de violer la souverainet\u00e9 de la RDC. La Belgique n'avait pas soutenu la nouvelle aide de 20 millions d'euros octroy\u00e9e en novembre. Elle s'\u00e9tait abstenue lors d'un vote au Conseil de l'UE.<\/span><\/div>\n<div><span style=\"font-size: 16px;\">\u00a0<\/span><\/div>\n<div><span style=\"font-size: 16px;\">Le Rwanda avait annonc\u00e9 en f\u00e9vrier la suspension des programmes d'aide au d\u00e9veloppement belges dans le pays.<\/span><\/div>\n<div><span style=\"font-size: 16px;\">\u00a0<\/span><\/div>\n<div><span style=\"font-size: 16px;\"><em>\"Aujourd\u2019hui, la Belgique a clairement pris parti dans un conflit r\u00e9gional et continue \u00e0 se mobiliser syst\u00e9matiquement contre le Rwanda dans diff\u00e9rents forums, utilisant mensonges et manipulations pour cr\u00e9er une opinion hostile injustifi\u00e9e \u00e0 l\u2019\u00e9gard du Rwanda, dans le but de d\u00e9stabiliser le pays et la r\u00e9gion\"<\/em>, a accus\u00e9 Kigali.<\/span><\/div>\n<div><span style=\"font-size: 16px;\">\u00a0<\/span><\/div>\n<div><span style=\"font-size: 16px;\"><em>\"La d\u00e9cision d\u2019aujourd\u2019hui refl\u00e8te l\u2019engagement du Rwanda \u00e0 prot\u00e9ger ses int\u00e9r\u00eats nationaux et la dignit\u00e9 des Rwandais, ainsi qu\u2019\u00e0 d\u00e9fendre les principes de souverainet\u00e9, de paix et de respect mutuel,\"<\/em> ajoute le communiqu\u00e9.<\/span><\/div>\n<div><span style=\"font-size: 16px;\">\u00a0<\/span><\/div>\n<div><span style=\"font-size: 16px;\">Tous les diplomates belges pr\u00e9sents au Rwanda sont tenus de quitter le pays dans un d\u00e9lai de 48 heures, a indiqu\u00e9 Kigali.<\/span><\/div>\n<div class='share-to-whatsapp-wrapper'><div class='share-on-whsp'>PARTAGER SUR : <\/div><a data-text='DIPLOMATIE - Le Rwanda annonce la rupture de ses relations avec la Belgique' data-link='https:\/\/www.nettali.com\/2025\/03\/17\/diplomatie-le-rwanda-annonce-la-rupture-de-ses-relations-avec-la-belgique\/' class='whatsapp-button whatsapp-share'>WhatsApp<\/a><div class='clear '><\/div><\/div>","protected":false},"excerpt":{"rendered":"<p>NETTALI.COM - Le Rwanda a annonc\u00e9 lundi la rupture de ses relations diplomatiques avec la Belgique, accusant l'ex-puissance coloniale d'avoir \"pris parti\" pour Kinshasa \"bien avant et pendant le conflit en cours en R\u00e9publique D\u00e9mocratique du Congo (RDC). \"Le gouvernement du Rwanda a notifi\u00e9 aujourd\u2019hui le gouvernement de Belgique de sa d\u00e9cision de rompre les [&hellip;]<\/p>\n","protected":false},"author":4,"featured_media":118562,"comment_status":"open","ping_status":"open","sticky":false,"template":"","format":"standard","meta":{"_et_pb_use_builder":"","_et_pb_old_content":""},"categories":[3],"tags":[],"yoast_head":"<!-- This site is optimized with the Yoast SEO Premium plugin v17.8 (Yoast SEO v17.8) - https:\/\/yoast.com\/wordpress\/plugins\/seo\/ -->\n<title>DIPLOMATIE - Le Rwanda annonce la rupture de ses relations avec la Belgique | Nettali.com<\/title>\n<meta name=\"robots\" content=\"index, follow, max-snippet:-1, max-image-preview:large, max-video-preview:-1\" \/>\n<link rel=\"canonical\" href=\"https:\/\/www.nettali.com\/2025\/03\/17\/diplomatie-le-rwanda-annonce-la-rupture-de-ses-relations-avec-la-belgique\/\" \/>\n<meta property=\"og:locale\" content=\"fr_FR\" \/>\n<meta property=\"og:type\" content=\"article\" \/>\n<meta property=\"og:title\" content=\"DIPLOMATIE - Le Rwanda annonce la rupture de ses relations avec la Belgique\" \/>\n<meta property=\"og:description\" content=\"NETTALI.COM - Le Rwanda a annonc\u00e9 lundi la rupture de ses relations diplomatiques avec la Belgique, accusant l&#039;ex-puissance coloniale d&#039;avoir &quot;pris parti&quot; pour Kinshasa &quot;bien avant et pendant le conflit en cours en R\u00e9publique D\u00e9mocratique du Congo (RDC). &quot;Le gouvernement du Rwanda a notifi\u00e9 aujourd\u2019hui le gouvernement de Belgique de sa d\u00e9cision de rompre les [&hellip;]\" \/>\n<meta property=\"og:url\" content=\"https:\/\/www.nettali.com\/2025\/03\/17\/diplomatie-le-rwanda-annonce-la-rupture-de-ses-relations-avec-la-belgique\/\" \/>\n<meta property=\"og:site_name\" content=\"Nettali.com\" \/>\n<meta property=\"article:publisher\" content=\"https:\/\/www.facebook.com\/nettalicom\" \/>\n<meta property=\"article:published_time\" content=\"2025-03-17T13:41:00+00:00\" \/>\n<meta property=\"og:image\" content=\"https:\/\/www.nettali.com\/wp-content\/uploads\/2023\/09\/paul-kagame.jpeg\" \/>\n\t<meta property=\"og:image:width\" content=\"664\" \/>\n\t<meta property=\"og:image:height\" content=\"443\" \/>\n<meta name=\"twitter:card\" content=\"summary_large_image\" \/>\n<meta name=\"twitter:label1\" content=\"\u00c9crit par\" \/>\n\t<meta name=\"twitter:data1\" content=\"Daouda\" \/>\n\t<meta name=\"twitter:label2\" content=\"Dur\u00e9e de lecture estim\u00e9e\" \/>\n\t<meta name=\"twitter:data2\" content=\"2 minutes\" \/>\n<script type=\"application\/ld+json\" class=\"yoast-schema-graph\">{\"@context\":\"https:\/\/schema.org\",\"@graph\":[{\"@type\":\"WebSite\",\"@id\":\"https:\/\/www.nettali.com\/#website\",\"url\":\"https:\/\/www.nettali.com\/\",\"name\":\"Nettali.com\",\"description\":\"Le rendez-vous critique du Net\",\"potentialAction\":[{\"@type\":\"SearchAction\",\"target\":{\"@type\":\"EntryPoint\",\"urlTemplate\":\"https:\/\/www.nettali.com\/?s={search_term_string}\"},\"query-input\":\"required name=search_term_string\"}],\"inLanguage\":\"fr-FR\"},{\"@type\":\"ImageObject\",\"@id\":\"https:\/\/www.nettali.com\/2025\/03\/17\/diplomatie-le-rwanda-annonce-la-rupture-de-ses-relations-avec-la-belgique\/#primaryimage\",\"inLanguage\":\"fr-FR\",\"url\":\"https:\/\/www.nettali.com\/wp-content\/uploads\/2023\/09\/paul-kagame.jpeg\",\"contentUrl\":\"https:\/\/www.nettali.com\/wp-content\/uploads\/2023\/09\/paul-kagame.jpeg\",\"width\":664,\"height\":443,\"caption\":\"Rwanda's president Paul Kagame arrives at an informal meeting with Commonwealth leaders at Marlborough House in London on May 5, 2023 on the eve of his coronation. Britain's first coronation in 70 years takes place, with Charles III crowned king in an elaborate Christian ceremony steeped in solemn ritual and more than a millennium of history. (Photo by Chris Jackson \/ POOL \/ AFP)\"},{\"@type\":\"WebPage\",\"@id\":\"https:\/\/www.nettali.com\/2025\/03\/17\/diplomatie-le-rwanda-annonce-la-rupture-de-ses-relations-avec-la-belgique\/#webpage\",\"url\":\"https:\/\/www.nettali.com\/2025\/03\/17\/diplomatie-le-rwanda-annonce-la-rupture-de-ses-relations-avec-la-belgique\/\",\"name\":\"DIPLOMATIE - Le Rwanda annonce la rupture de ses relations avec la Belgique | Nettali.com\",\"isPartOf\":{\"@id\":\"https:\/\/www.nettali.com\/#website\"},\"primaryImageOfPage\":{\"@id\":\"https:\/\/www.nettali.com\/2025\/03\/17\/diplomatie-le-rwanda-annonce-la-rupture-de-ses-relations-avec-la-belgique\/#primaryimage\"},\"datePublished\":\"2025-03-17T13:41:00+00:00\",\"dateModified\":\"2025-03-17T13:41:00+00:00\",\"author\":{\"@id\":\"https:\/\/www.nettali.com\/#\/schema\/person\/3317e0bb3aa1da309fbf7b2780901bf4\"},\"breadcrumb\":{\"@id\":\"https:\/\/www.nettali.com\/2025\/03\/17\/diplomatie-le-rwanda-annonce-la-rupture-de-ses-relations-avec-la-belgique\/#breadcrumb\"},\"inLanguage\":\"fr-FR\",\"potentialAction\":[{\"@type\":\"ReadAction\",\"target\":[\"https:\/\/www.nettali.com\/2025\/03\/17\/diplomatie-le-rwanda-annonce-la-rupture-de-ses-relations-avec-la-belgique\/\"]}]},{\"@type\":\"BreadcrumbList\",\"@id\":\"https:\/\/www.nettali.com\/2025\/03\/17\/diplomatie-le-rwanda-annonce-la-rupture-de-ses-relations-avec-la-belgique\/#breadcrumb\",\"itemListElement\":[{\"@type\":\"ListItem\",\"position\":1,\"name\":\"Accueil\",\"item\":\"https:\/\/www.nettali.com\/\"},{\"@type\":\"ListItem\",\"position\":2,\"name\":\"DIPLOMATIE - Le Rwanda annonce la rupture de ses relations avec la Belgique\"}]},{\"@type\":\"Person\",\"@id\":\"https:\/\/www.nettali.com\/#\/schema\/person\/3317e0bb3aa1da309fbf7b2780901bf4\",\"name\":\"Daouda\",\"image\":{\"@type\":\"ImageObject\",\"@id\":\"https:\/\/www.nettali.com\/#personlogo\",\"inLanguage\":\"fr-FR\",\"url\":\"https:\/\/secure.gravatar.com\/avatar\/8d143b5a49345098ddcfee1c49c2f47c?s=96&d=mm&r=g\",\"contentUrl\":\"https:\/\/secure.gravatar.com\/avatar\/8d143b5a49345098ddcfee1c49c2f47c?s=96&d=mm&r=g\",\"caption\":\"Daouda\"},\"sameAs\":[\"https:\/\/www.nettali.com\"]}]}<\/script>\n<!-- \/ Yoast SEO Premium plugin. -->","yoast_head_json":{"title":"DIPLOMATIE - Le Rwanda annonce la rupture de ses relations avec la Belgique | Nettali.com","robots":{"index":"index","follow":"follow","max-snippet":"max-snippet:-1","max-image-preview":"max-image-preview:large","max-video-preview":"max-video-preview:-1"},"canonical":"https:\/\/www.nettali.com\/2025\/03\/17\/diplomatie-le-rwanda-annonce-la-rupture-de-ses-relations-avec-la-belgique\/","og_locale":"fr_FR","og_type":"article","og_title":"DIPLOMATIE - Le Rwanda annonce la rupture de ses relations avec la Belgique","og_description":"NETTALI.COM - Le Rwanda a annonc\u00e9 lundi la rupture de ses relations diplomatiques avec la Belgique, accusant l'ex-puissance coloniale d'avoir \"pris parti\" pour Kinshasa \"bien avant et pendant le conflit en cours en R\u00e9publique D\u00e9mocratique du Congo (RDC). \"Le gouvernement du Rwanda a notifi\u00e9 aujourd\u2019hui le gouvernement de Belgique de sa d\u00e9cision de rompre les [&hellip;]","og_url":"https:\/\/www.nettali.com\/2025\/03\/17\/diplomatie-le-rwanda-annonce-la-rupture-de-ses-relations-avec-la-belgique\/","og_site_name":"Nettali.com","article_publisher":"https:\/\/www.facebook.com\/nettalicom","article_published_time":"2025-03-17T13:41:00+00:00","og_image":[{"width":664,"height":443,"url":"https:\/\/www.nettali.com\/wp-content\/uploads\/2023\/09\/paul-kagame.jpeg","type":"image\/jpeg"}],"twitter_card":"summary_large_image","twitter_misc":{"\u00c9crit par":"Daouda","Dur\u00e9e de lecture estim\u00e9e":"2 minutes"},"schema":{"@context":"https:\/\/schema.org","@graph":[{"@type":"WebSite","@id":"https:\/\/www.nettali.com\/#website","url":"https:\/\/www.nettali.com\/","name":"Nettali.com","description":"Le rendez-vous critique du Net","potentialAction":[{"@type":"SearchAction","target":{"@type":"EntryPoint","urlTemplate":"https:\/\/www.nettali.com\/?s={search_term_string}"},"query-input":"required name=search_term_string"}],"inLanguage":"fr-FR"},{"@type":"ImageObject","@id":"https:\/\/www.nettali.com\/2025\/03\/17\/diplomatie-le-rwanda-annonce-la-rupture-de-ses-relations-avec-la-belgique\/#primaryimage","inLanguage":"fr-FR","url":"https:\/\/www.nettali.com\/wp-content\/uploads\/2023\/09\/paul-kagame.jpeg","contentUrl":"https:\/\/www.nettali.com\/wp-content\/uploads\/2023\/09\/paul-kagame.jpeg","width":664,"height":443,"caption":"Rwanda's president Paul Kagame arrives at an informal meeting with Commonwealth leaders at Marlborough House in London on May 5, 2023 on the eve of his coronation. Britain's first coronation in 70 years takes place, with Charles III crowned king in an elaborate Christian ceremony steeped in solemn ritual and more than a millennium of history. (Photo by Chris Jackson \/ POOL \/ AFP)"},{"@type":"WebPage","@id":"https:\/\/www.nettali.com\/2025\/03\/17\/diplomatie-le-rwanda-annonce-la-rupture-de-ses-relations-avec-la-belgique\/#webpage","url":"https:\/\/www.nettali.com\/2025\/03\/17\/diplomatie-le-rwanda-annonce-la-rupture-de-ses-relations-avec-la-belgique\/","name":"DIPLOMATIE - Le Rwanda annonce la rupture de ses relations avec la Belgique | Nettali.com","isPartOf":{"@id":"https:\/\/www.nettali.com\/#website"},"primaryImageOfPage":{"@id":"https:\/\/www.nettali.com\/2025\/03\/17\/diplomatie-le-rwanda-annonce-la-rupture-de-ses-relations-avec-la-belgique\/#primaryimage"},"datePublished":"2025-03-17T13:41:00+00:00","dateModified":"2025-03-17T13:41:00+00:00","author":{"@id":"https:\/\/www.nettali.com\/#\/schema\/person\/3317e0bb3aa1da309fbf7b2780901bf4"},"breadcrumb":{"@id":"https:\/\/www.nettali.com\/2025\/03\/17\/diplomatie-le-rwanda-annonce-la-rupture-de-ses-relations-avec-la-belgique\/#breadcrumb"},"inLanguage":"fr-FR","potentialAction":[{"@type":"ReadAction","target":["https:\/\/www.nettali.com\/2025\/03\/17\/diplomatie-le-rwanda-annonce-la-rupture-de-ses-relations-avec-la-belgique\/"]}]},{"@type":"BreadcrumbList","@id":"https:\/\/www.nettali.com\/2025\/03\/17\/diplomatie-le-rwanda-annonce-la-rupture-de-ses-relations-avec-la-belgique\/#breadcrumb","itemListElement":[{"@type":"ListItem","position":1,"name":"Accueil","item":"https:\/\/www.nettali.com\/"},{"@type":"ListItem","position":2,"name":"DIPLOMATIE - Le Rwanda annonce la rupture de ses relations avec la Belgique"}]},{"@type":"Person","@id":"https:\/\/www.nettali.com\/#\/schema\/person\/3317e0bb3aa1da309fbf7b2780901bf4","name":"Daouda","image":{"@type":"ImageObject","@id":"https:\/\/www.nettali.com\/#personlogo","inLanguage":"fr-FR","url":"https:\/\/secure.gravatar.com\/avatar\/8d143b5a49345098ddcfee1c49c2f47c?s=96&d=mm&r=g","contentUrl":"https:\/\/secure.gravatar.com\/avatar\/8d143b5a49345098ddcfee1c49c2f47c?s=96&d=mm&r=g","caption":"Daouda"},"sameAs":["https:\/\/www.nettali.com"]}]}},"_links":{"self":[{"href":"https:\/\/www.nettali.com\/rest\/wp\/v2\/posts\/150828"}],"collection":[{"href":"https:\/\/www.nettali.com\/rest\/wp\/v2\/posts"}],"about":[{"href":"https:\/\/www.nettali.com\/rest\/wp\/v2\/types\/post"}],"author":[{"embeddable":true,"href":"https:\/\/www.nettali.com\/rest\/wp\/v2\/users\/4"}],"replies":[{"embeddable":true,"href":"https:\/\/www.nettali.com\/rest\/wp\/v2\/comments?post=150828"}],"version-history":[{"count":1,"href":"https:\/\/www.nettali.com\/rest\/wp\/v2\/posts\/150828\/revisions"}],"predecessor-version":[{"id":150829,"href":"https:\/\/www.nettali.com\/rest\/wp\/v2\/posts\/150828\/revisions\/150829"}],"wp:featuredmedia":[{"embeddable":true,"href":"https:\/\/www.nettali.com\/rest\/wp\/v2\/media\/118562"}],"wp:attachment":[{"href":"https:\/\/www.nettali.com\/rest\/wp\/v2\/media?parent=150828"}],"wp:term":[{"taxonomy":"category","embeddable":true,"href":"https:\/\/www.nettali.com\/rest\/wp\/v2\/categories?post=150828"},{"taxonomy":"post_tag","embeddable":true,"href":"https:\/\/www.nettali.com\/rest\/wp\/v2\/tags?post=150828"}],"curies":[{"name":"wp","href":"https:\/\/api.w.org\/{rel}","templated":true}]}}