{"id":150729,"date":"2025-03-15T06:18:36","date_gmt":"2025-03-15T06:18:36","guid":{"rendered":"https:\/\/www.nettali.com\/?p=150729"},"modified":"2025-03-15T06:18:36","modified_gmt":"2025-03-15T06:18:36","slug":"secteur-public-et-parapublic-le-pit-denonce-des-licenciements-massifs-dans-un-climat-de-haine-et-dadversite-politique","status":"publish","type":"post","link":"https:\/\/www.nettali.com\/2025\/03\/15\/secteur-public-et-parapublic-le-pit-denonce-des-licenciements-massifs-dans-un-climat-de-haine-et-dadversite-politique\/","title":{"rendered":"SECTEUR PUBLIC ET PARAPUBLIC - Le PIT d\u00e9nonce des licenciements massifs, dans \"un climat de haine et d\u2019adversit\u00e9 politique\""},"content":{"rendered":"<p><strong>NETTALI.COM -<\/strong> Le Parti de l\u2019Ind\u00e9pendance et du Travail du S\u00e9n\u00e9gal hausse le ton. Dans un communiqu\u00e9, le Parti de l\u2019Ind\u00e9pendance et du Travail (PIT) d\u00e9nonce les licenciements massifs dans la fonction publique et le secteur parapublic, ainsi que les politiques \u00e9conomiques du nouveau r\u00e9gime. Le parti exige l\u2019arr\u00eat imm\u00e9diat des mesures antisociales et un plan d\u2019accompagnement pour les travailleurs touch\u00e9s.<\/p>\n<p>Le vendredi 14 mars, dans un communiqu\u00e9, le PIT-S\u00e9n\u00e9gal est revenu sur la situation actuelle qui pr\u00e9vaut dans la fonction publique et le secteur parapublic. En effet, d'apr\u00e8s ce parti, cette situation, qui persiste depuis des mois, est orchestr\u00e9e par le nouveau r\u00e9gime. \u201c<em>Pour le PITS\u00e9n\u00e9gal, la responsabilit\u00e9 de l\u2019actuel gouvernement est pleinement engag\u00e9e. Par son incomp\u00e9tence, son incurie et son inexp\u00e9rience dans la gestion de l\u2019\u00c9tat, il replonge le S\u00e9n\u00e9gal dans les politiques d\u2019ajustement structurel,<\/em>\u201d peut-on lire dans le communiqu\u00e9.<\/p>\n<p>Le PIT rappelle que \u201c<em>depuis quelques mois, contre toute attente, le nouveau pouvoir m\u00e8ne une vaste campagne de d\u00e9flation dans la fonction publique et le secteur parapublic, consid\u00e9rant les travailleurs comme de simples variables d\u2019ajustement.<\/em>\u201d<\/p>\n<p>Cette op\u00e9ration, d\u2019une ampleur in\u00e9dite dans l\u2019histoire du S\u00e9n\u00e9gal, se traduit par le licenciement arbitraire de milliers d\u2019agents de l\u2019\u00c9tat, en totale violation des dispositions du Code du Travail et de la Loi 61-33, poursuit le PIT S\u00e9n\u00e9gal. Un paradoxe lorsque l'on se souvient d'une op\u00e9ration similaire men\u00e9e en 1980 dans le cadre des politiques d\u2019ajustement structurel. Or, ces renvois massifs, encore d\u2019actualit\u00e9, se font dans \u201c<em>un climat de haine et d\u2019adversit\u00e9 politique<\/em>\u201d, d\u00e9nonce-t-il, en soulignant que ce sont particuli\u00e8rement \u201c<em>des milliers de jeunes recrut\u00e9s par l\u2019ancien r\u00e9gime dans le cadre du programme de lutte contre le ch\u00f4mage Xeyu Ndaw Yi<\/em>\u201d qui ont \u00e9t\u00e9 mis \u00e0 la porte sous le fallacieux pr\u00e9texte de relever d\u2019une client\u00e8le politique.<\/p>\n<p>Quant au secteur priv\u00e9, le PIT S\u00e9n\u00e9gal affirme que \u201c<em>certaines entreprises s\u2019engouffrent dans la br\u00e8che ouverte par l\u2019\u00c9tat et licencient \u00e9galement abusivement des centaines de travailleurs.<\/em>\u201d<\/p>\n<p>Par cons\u00e9quent, le PIT-S\u00e9n\u00e9gal a assur\u00e9 qu\u2019il \u201c<em>mesure pleinement l\u2019ampleur des drames sociaux indicibles que provoquent ces licenciements massifs et injustes de p\u00e8res et m\u00e8res de familles. Notre Parti condamne fermement ces mesures cyniques et antisociales et exige l\u2019arr\u00eat imm\u00e9diat de ces licenciements dans la fonction publique et dans le secteur parapublic, ainsi qu\u2019un plan social concert\u00e9 et cons\u00e9quent d\u2019accompagnement pour l\u2019ensemble des personnes concern\u00e9es<\/em>\u201d, dit-il fermement. Tout en insistant sur le fait que le pays traverse un contexte de marasme \u00e9conomique et de vie ch\u00e8re.<\/p>\n<p>Il va plus loin en rappelant que le nouveau pouvoir a \u00e9t\u00e9 largement \u00e9lu sur la base d\u2019un espoir l\u00e9gitime. Leur \u00e9lectorat s\u2019attendait \u00e0 ce qu\u2019il r\u00e9solve \u201c<em>entre autres, les graves probl\u00e8mes de ch\u00f4mage, notamment chez les jeunes. Or, au lieu de s\u2019attaquer \u00e0 ce fl\u00e9au, il ne fait que l\u2019aggraver<\/em>\u201d, d\u00e9plore le PIT.<\/p>\n<p>Ainsi, il a fait savoir son m\u00e9contentement en insistant sur le fait que cette situation est inadmissible. \u201c<em>Il se trouve que de telles d\u00e9rives ne peuvent avoir d\u2019autre cons\u00e9quence que l\u2019adoption de mesures antisociales : licenciements, baisse des salaires, hausse de la fiscalit\u00e9, vie ch\u00e8re.<\/em>\u201d<\/p>\n<p>En plus de cela, d'apr\u00e8s lui, le nouveau r\u00e9gime cherche une \u00e9chappatoire en imputant tous ces maux \u00e0 l\u2019ancien r\u00e9gime. \u201c<em>Dans cette lanc\u00e9e, le PIT rappelle que : Les indicateurs \u00e9conomiques et sociaux montraient ces derni\u00e8res ann\u00e9es, jusqu\u2019\u00e0 la troisi\u00e8me alternance, une \u00e9volution r\u00e9guli\u00e8re du S\u00e9n\u00e9gal, reconnu comme \u00e9tant sur le point de sortir du groupe des PMA (Pays les Moins Avanc\u00e9s). Il est difficilement d\u00e9fendable de soutenir aujourd\u2019hui que tous ces progr\u00e8s, sur des d\u00e9cennies, n\u2019auraient repos\u00e9 que sur de simples falsifications de donn\u00e9es.<\/em>\u201d<\/p>\n<p>De ce fait, pour le PIT-S\u00e9n\u00e9gal : \u201c<em>Il ne fait aucun doute que l\u2019actuel r\u00e9gime est, pour l\u2019essentiel, responsable de la crise financi\u00e8re, \u00e9conomique et sociale qui frappe aujourd\u2019hui le S\u00e9n\u00e9gal.<\/em>\u201d<\/p>\n<p>Par cons\u00e9quent, le parti exige de ce pouvoir, des mesures fortes et courageuses pour sortir de cette crise, sans pour autant remettre en cause les acquis des travailleurs et les libert\u00e9s fondamentales.<\/p>\n<p>Il a \u00e9galement exhort\u00e9 \u201c<em>les organisations syndicales, en n\u00e9gociations avec le gouvernement, \u00e0 demeurer fermes sur la pr\u00e9servation de ces acquis, mais aussi sur l\u2019exigence d\u2019un apurement complet de la dette int\u00e9rieure, estim\u00e9e \u00e0 plus de 3 000 milliards de francs, condition indispensable \u00e0 la relance du secteur priv\u00e9 et \u00e0 la cr\u00e9ation d\u2019emplois d\u00e9cents.<\/em>\u201d<\/p>\n<div class='share-to-whatsapp-wrapper'><div class='share-on-whsp'>PARTAGER SUR : <\/div><a data-text='SECTEUR PUBLIC ET PARAPUBLIC - Le PIT d\u00e9nonce des licenciements massifs, dans \"un climat de haine et d\u2019adversit\u00e9 politique\"' data-link='https:\/\/www.nettali.com\/2025\/03\/15\/secteur-public-et-parapublic-le-pit-denonce-des-licenciements-massifs-dans-un-climat-de-haine-et-dadversite-politique\/' class='whatsapp-button whatsapp-share'>WhatsApp<\/a><div class='clear '><\/div><\/div>","protected":false},"excerpt":{"rendered":"<p>NETTALI.COM - Le Parti de l\u2019Ind\u00e9pendance et du Travail du S\u00e9n\u00e9gal hausse le ton. Dans un communiqu\u00e9, le Parti de l\u2019Ind\u00e9pendance et du Travail (PIT) d\u00e9nonce les licenciements massifs dans la fonction publique et le secteur parapublic, ainsi que les politiques \u00e9conomiques du nouveau r\u00e9gime. Le parti exige l\u2019arr\u00eat imm\u00e9diat des mesures antisociales et un [&hellip;]<\/p>\n","protected":false},"author":2,"featured_media":150730,"comment_status":"open","ping_status":"open","sticky":false,"template":"","format":"standard","meta":{"_et_pb_use_builder":"","_et_pb_old_content":""},"categories":[3],"tags":[],"yoast_head":"<!-- This site is optimized with the Yoast SEO Premium plugin v17.8 (Yoast SEO v17.8) - https:\/\/yoast.com\/wordpress\/plugins\/seo\/ -->\n<title>SECTEUR PUBLIC ET PARAPUBLIC - Le PIT d\u00e9nonce des licenciements massifs, dans &quot;un climat de haine et d\u2019adversit\u00e9 politique&quot; | Nettali.com<\/title>\n<meta name=\"robots\" content=\"index, follow, max-snippet:-1, max-image-preview:large, max-video-preview:-1\" \/>\n<link rel=\"canonical\" href=\"https:\/\/www.nettali.com\/2025\/03\/15\/secteur-public-et-parapublic-le-pit-denonce-des-licenciements-massifs-dans-un-climat-de-haine-et-dadversite-politique\/\" \/>\n<meta property=\"og:locale\" content=\"fr_FR\" \/>\n<meta property=\"og:type\" content=\"article\" \/>\n<meta property=\"og:title\" content=\"SECTEUR PUBLIC ET PARAPUBLIC - Le PIT d\u00e9nonce des licenciements massifs, dans &quot;un climat de haine et d\u2019adversit\u00e9 politique&quot;\" \/>\n<meta property=\"og:description\" content=\"NETTALI.COM - Le Parti de l\u2019Ind\u00e9pendance et du Travail du S\u00e9n\u00e9gal hausse le ton. Dans un communiqu\u00e9, le Parti de l\u2019Ind\u00e9pendance et du Travail (PIT) d\u00e9nonce les licenciements massifs dans la fonction publique et le secteur parapublic, ainsi que les politiques \u00e9conomiques du nouveau r\u00e9gime. Le parti exige l\u2019arr\u00eat imm\u00e9diat des mesures antisociales et un [&hellip;]\" \/>\n<meta property=\"og:url\" content=\"https:\/\/www.nettali.com\/2025\/03\/15\/secteur-public-et-parapublic-le-pit-denonce-des-licenciements-massifs-dans-un-climat-de-haine-et-dadversite-politique\/\" \/>\n<meta property=\"og:site_name\" content=\"Nettali.com\" \/>\n<meta property=\"article:publisher\" content=\"https:\/\/www.facebook.com\/nettalicom\" \/>\n<meta property=\"article:published_time\" content=\"2025-03-15T06:18:36+00:00\" \/>\n<meta property=\"og:image\" content=\"https:\/\/www.nettali.com\/wp-content\/uploads\/2025\/03\/pit-senegal.jpg\" \/>\n\t<meta property=\"og:image:width\" content=\"612\" \/>\n\t<meta property=\"og:image:height\" content=\"330\" \/>\n<meta name=\"twitter:card\" content=\"summary_large_image\" \/>\n<meta name=\"twitter:label1\" content=\"\u00c9crit par\" \/>\n\t<meta name=\"twitter:data1\" content=\"CK\" \/>\n\t<meta name=\"twitter:label2\" content=\"Dur\u00e9e de lecture estim\u00e9e\" \/>\n\t<meta name=\"twitter:data2\" content=\"4 minutes\" \/>\n<script type=\"application\/ld+json\" class=\"yoast-schema-graph\">{\"@context\":\"https:\/\/schema.org\",\"@graph\":[{\"@type\":\"WebSite\",\"@id\":\"https:\/\/www.nettali.com\/#website\",\"url\":\"https:\/\/www.nettali.com\/\",\"name\":\"Nettali.com\",\"description\":\"Le rendez-vous critique du Net\",\"potentialAction\":[{\"@type\":\"SearchAction\",\"target\":{\"@type\":\"EntryPoint\",\"urlTemplate\":\"https:\/\/www.nettali.com\/?s={search_term_string}\"},\"query-input\":\"required name=search_term_string\"}],\"inLanguage\":\"fr-FR\"},{\"@type\":\"ImageObject\",\"@id\":\"https:\/\/www.nettali.com\/2025\/03\/15\/secteur-public-et-parapublic-le-pit-denonce-des-licenciements-massifs-dans-un-climat-de-haine-et-dadversite-politique\/#primaryimage\",\"inLanguage\":\"fr-FR\",\"url\":\"https:\/\/www.nettali.com\/wp-content\/uploads\/2025\/03\/pit-senegal.jpg\",\"contentUrl\":\"https:\/\/www.nettali.com\/wp-content\/uploads\/2025\/03\/pit-senegal.jpg\",\"width\":612,\"height\":330},{\"@type\":\"WebPage\",\"@id\":\"https:\/\/www.nettali.com\/2025\/03\/15\/secteur-public-et-parapublic-le-pit-denonce-des-licenciements-massifs-dans-un-climat-de-haine-et-dadversite-politique\/#webpage\",\"url\":\"https:\/\/www.nettali.com\/2025\/03\/15\/secteur-public-et-parapublic-le-pit-denonce-des-licenciements-massifs-dans-un-climat-de-haine-et-dadversite-politique\/\",\"name\":\"SECTEUR PUBLIC ET PARAPUBLIC - Le PIT d\\u00e9nonce des licenciements massifs, dans \\\"un climat de haine et d\\u2019adversit\\u00e9 politique\\\" | Nettali.com\",\"isPartOf\":{\"@id\":\"https:\/\/www.nettali.com\/#website\"},\"primaryImageOfPage\":{\"@id\":\"https:\/\/www.nettali.com\/2025\/03\/15\/secteur-public-et-parapublic-le-pit-denonce-des-licenciements-massifs-dans-un-climat-de-haine-et-dadversite-politique\/#primaryimage\"},\"datePublished\":\"2025-03-15T06:18:36+00:00\",\"dateModified\":\"2025-03-15T06:18:36+00:00\",\"author\":{\"@id\":\"https:\/\/www.nettali.com\/#\/schema\/person\/d8ac7b7e27ddad43f1c0d2ef090d7f71\"},\"breadcrumb\":{\"@id\":\"https:\/\/www.nettali.com\/2025\/03\/15\/secteur-public-et-parapublic-le-pit-denonce-des-licenciements-massifs-dans-un-climat-de-haine-et-dadversite-politique\/#breadcrumb\"},\"inLanguage\":\"fr-FR\",\"potentialAction\":[{\"@type\":\"ReadAction\",\"target\":[\"https:\/\/www.nettali.com\/2025\/03\/15\/secteur-public-et-parapublic-le-pit-denonce-des-licenciements-massifs-dans-un-climat-de-haine-et-dadversite-politique\/\"]}]},{\"@type\":\"BreadcrumbList\",\"@id\":\"https:\/\/www.nettali.com\/2025\/03\/15\/secteur-public-et-parapublic-le-pit-denonce-des-licenciements-massifs-dans-un-climat-de-haine-et-dadversite-politique\/#breadcrumb\",\"itemListElement\":[{\"@type\":\"ListItem\",\"position\":1,\"name\":\"Accueil\",\"item\":\"https:\/\/www.nettali.com\/\"},{\"@type\":\"ListItem\",\"position\":2,\"name\":\"SECTEUR PUBLIC ET PARAPUBLIC - Le PIT d\\u00e9nonce des licenciements massifs, dans \\\"un climat de haine et d\\u2019adversit\\u00e9 politique\\\"\"}]},{\"@type\":\"Person\",\"@id\":\"https:\/\/www.nettali.com\/#\/schema\/person\/d8ac7b7e27ddad43f1c0d2ef090d7f71\",\"name\":\"CK\",\"image\":{\"@type\":\"ImageObject\",\"@id\":\"https:\/\/www.nettali.com\/#personlogo\",\"inLanguage\":\"fr-FR\",\"url\":\"https:\/\/secure.gravatar.com\/avatar\/1d8d5118b9327d94da7cd4ce7f17fec2?s=96&d=mm&r=g\",\"contentUrl\":\"https:\/\/secure.gravatar.com\/avatar\/1d8d5118b9327d94da7cd4ce7f17fec2?s=96&d=mm&r=g\",\"caption\":\"CK\"},\"sameAs\":[\"https:\/\/www.nettali.com\"]}]}<\/script>\n<!-- \/ Yoast SEO Premium plugin. -->","yoast_head_json":{"title":"SECTEUR PUBLIC ET PARAPUBLIC - Le PIT d\u00e9nonce des licenciements massifs, dans \"un climat de haine et d\u2019adversit\u00e9 politique\" | Nettali.com","robots":{"index":"index","follow":"follow","max-snippet":"max-snippet:-1","max-image-preview":"max-image-preview:large","max-video-preview":"max-video-preview:-1"},"canonical":"https:\/\/www.nettali.com\/2025\/03\/15\/secteur-public-et-parapublic-le-pit-denonce-des-licenciements-massifs-dans-un-climat-de-haine-et-dadversite-politique\/","og_locale":"fr_FR","og_type":"article","og_title":"SECTEUR PUBLIC ET PARAPUBLIC - Le PIT d\u00e9nonce des licenciements massifs, dans \"un climat de haine et d\u2019adversit\u00e9 politique\"","og_description":"NETTALI.COM - Le Parti de l\u2019Ind\u00e9pendance et du Travail du S\u00e9n\u00e9gal hausse le ton. Dans un communiqu\u00e9, le Parti de l\u2019Ind\u00e9pendance et du Travail (PIT) d\u00e9nonce les licenciements massifs dans la fonction publique et le secteur parapublic, ainsi que les politiques \u00e9conomiques du nouveau r\u00e9gime. Le parti exige l\u2019arr\u00eat imm\u00e9diat des mesures antisociales et un [&hellip;]","og_url":"https:\/\/www.nettali.com\/2025\/03\/15\/secteur-public-et-parapublic-le-pit-denonce-des-licenciements-massifs-dans-un-climat-de-haine-et-dadversite-politique\/","og_site_name":"Nettali.com","article_publisher":"https:\/\/www.facebook.com\/nettalicom","article_published_time":"2025-03-15T06:18:36+00:00","og_image":[{"width":612,"height":330,"url":"https:\/\/www.nettali.com\/wp-content\/uploads\/2025\/03\/pit-senegal.jpg","type":"image\/jpeg"}],"twitter_card":"summary_large_image","twitter_misc":{"\u00c9crit par":"CK","Dur\u00e9e de lecture estim\u00e9e":"4 minutes"},"schema":{"@context":"https:\/\/schema.org","@graph":[{"@type":"WebSite","@id":"https:\/\/www.nettali.com\/#website","url":"https:\/\/www.nettali.com\/","name":"Nettali.com","description":"Le rendez-vous critique du Net","potentialAction":[{"@type":"SearchAction","target":{"@type":"EntryPoint","urlTemplate":"https:\/\/www.nettali.com\/?s={search_term_string}"},"query-input":"required name=search_term_string"}],"inLanguage":"fr-FR"},{"@type":"ImageObject","@id":"https:\/\/www.nettali.com\/2025\/03\/15\/secteur-public-et-parapublic-le-pit-denonce-des-licenciements-massifs-dans-un-climat-de-haine-et-dadversite-politique\/#primaryimage","inLanguage":"fr-FR","url":"https:\/\/www.nettali.com\/wp-content\/uploads\/2025\/03\/pit-senegal.jpg","contentUrl":"https:\/\/www.nettali.com\/wp-content\/uploads\/2025\/03\/pit-senegal.jpg","width":612,"height":330},{"@type":"WebPage","@id":"https:\/\/www.nettali.com\/2025\/03\/15\/secteur-public-et-parapublic-le-pit-denonce-des-licenciements-massifs-dans-un-climat-de-haine-et-dadversite-politique\/#webpage","url":"https:\/\/www.nettali.com\/2025\/03\/15\/secteur-public-et-parapublic-le-pit-denonce-des-licenciements-massifs-dans-un-climat-de-haine-et-dadversite-politique\/","name":"SECTEUR PUBLIC ET PARAPUBLIC - Le PIT d\u00e9nonce des licenciements massifs, dans \"un climat de haine et d\u2019adversit\u00e9 politique\" | Nettali.com","isPartOf":{"@id":"https:\/\/www.nettali.com\/#website"},"primaryImageOfPage":{"@id":"https:\/\/www.nettali.com\/2025\/03\/15\/secteur-public-et-parapublic-le-pit-denonce-des-licenciements-massifs-dans-un-climat-de-haine-et-dadversite-politique\/#primaryimage"},"datePublished":"2025-03-15T06:18:36+00:00","dateModified":"2025-03-15T06:18:36+00:00","author":{"@id":"https:\/\/www.nettali.com\/#\/schema\/person\/d8ac7b7e27ddad43f1c0d2ef090d7f71"},"breadcrumb":{"@id":"https:\/\/www.nettali.com\/2025\/03\/15\/secteur-public-et-parapublic-le-pit-denonce-des-licenciements-massifs-dans-un-climat-de-haine-et-dadversite-politique\/#breadcrumb"},"inLanguage":"fr-FR","potentialAction":[{"@type":"ReadAction","target":["https:\/\/www.nettali.com\/2025\/03\/15\/secteur-public-et-parapublic-le-pit-denonce-des-licenciements-massifs-dans-un-climat-de-haine-et-dadversite-politique\/"]}]},{"@type":"BreadcrumbList","@id":"https:\/\/www.nettali.com\/2025\/03\/15\/secteur-public-et-parapublic-le-pit-denonce-des-licenciements-massifs-dans-un-climat-de-haine-et-dadversite-politique\/#breadcrumb","itemListElement":[{"@type":"ListItem","position":1,"name":"Accueil","item":"https:\/\/www.nettali.com\/"},{"@type":"ListItem","position":2,"name":"SECTEUR PUBLIC ET PARAPUBLIC - Le PIT d\u00e9nonce des licenciements massifs, dans \"un climat de haine et d\u2019adversit\u00e9 politique\""}]},{"@type":"Person","@id":"https:\/\/www.nettali.com\/#\/schema\/person\/d8ac7b7e27ddad43f1c0d2ef090d7f71","name":"CK","image":{"@type":"ImageObject","@id":"https:\/\/www.nettali.com\/#personlogo","inLanguage":"fr-FR","url":"https:\/\/secure.gravatar.com\/avatar\/1d8d5118b9327d94da7cd4ce7f17fec2?s=96&d=mm&r=g","contentUrl":"https:\/\/secure.gravatar.com\/avatar\/1d8d5118b9327d94da7cd4ce7f17fec2?s=96&d=mm&r=g","caption":"CK"},"sameAs":["https:\/\/www.nettali.com"]}]}},"_links":{"self":[{"href":"https:\/\/www.nettali.com\/rest\/wp\/v2\/posts\/150729"}],"collection":[{"href":"https:\/\/www.nettali.com\/rest\/wp\/v2\/posts"}],"about":[{"href":"https:\/\/www.nettali.com\/rest\/wp\/v2\/types\/post"}],"author":[{"embeddable":true,"href":"https:\/\/www.nettali.com\/rest\/wp\/v2\/users\/2"}],"replies":[{"embeddable":true,"href":"https:\/\/www.nettali.com\/rest\/wp\/v2\/comments?post=150729"}],"version-history":[{"count":1,"href":"https:\/\/www.nettali.com\/rest\/wp\/v2\/posts\/150729\/revisions"}],"predecessor-version":[{"id":150731,"href":"https:\/\/www.nettali.com\/rest\/wp\/v2\/posts\/150729\/revisions\/150731"}],"wp:featuredmedia":[{"embeddable":true,"href":"https:\/\/www.nettali.com\/rest\/wp\/v2\/media\/150730"}],"wp:attachment":[{"href":"https:\/\/www.nettali.com\/rest\/wp\/v2\/media?parent=150729"}],"wp:term":[{"taxonomy":"category","embeddable":true,"href":"https:\/\/www.nettali.com\/rest\/wp\/v2\/categories?post=150729"},{"taxonomy":"post_tag","embeddable":true,"href":"https:\/\/www.nettali.com\/rest\/wp\/v2\/tags?post=150729"}],"curies":[{"name":"wp","href":"https:\/\/api.w.org\/{rel}","templated":true}]}}