{"id":150706,"date":"2025-03-14T20:17:00","date_gmt":"2025-03-14T20:17:00","guid":{"rendered":"https:\/\/www.nettali.com\/?p=150706"},"modified":"2025-03-14T20:17:00","modified_gmt":"2025-03-14T20:17:00","slug":"levee-de-limmunite-parlementaire-de-moustapha-diop-la-commission-ad-hoc-installee","status":"publish","type":"post","link":"https:\/\/www.nettali.com\/2025\/03\/14\/levee-de-limmunite-parlementaire-de-moustapha-diop-la-commission-ad-hoc-installee\/","title":{"rendered":"LEVEE DE L\u2019IMMUNITE PARLEMENTAIRE DE MOUSTAPHA DIOP - La Commission ad hoc install\u00e9e"},"content":{"rendered":"<div class=\"single_post_content_wrapper\">\n<div><strong><span style=\"font-size: 16px;\">NETTALI.COM - L\u2019Assembl\u00e9e nationale a franchi ce vendredi 14 mars 2025 une \u00e9tape d\u00e9cisive vers la lev\u00e9e de l\u2019immunit\u00e9 parlementaire du d\u00e9put\u00e9 Moustapha Diop.<\/span><\/strong><\/div>\n<div><\/div>\n<div><span style=\"font-size: 16px;\"> Le projet de r\u00e9solution cr\u00e9ant la Commission ad hoc, adopt\u00e9 \u00e0 l\u2019unanimit\u00e9 par la Commission des lois, a \u00e9t\u00e9 ent\u00e9rin\u00e9 en pl\u00e9ni\u00e8re, lan\u00e7ant officiellement la proc\u00e9dure. Cette commission, conforme \u00e0 l\u2019article 34 du R\u00e8glement int\u00e9rieur, est d\u00e9sormais charg\u00e9e de statuer sur la demande de lev\u00e9e d\u2019immunit\u00e9 de l\u2019\u00e9lu, dans le respect des dispositions l\u00e9gales.<\/span><\/div>\n<div><span style=\"font-size: 16px;\">\u00a0<\/span><\/div>\n<div><span style=\"font-size: 16px;\">\u00a0<\/span><span style=\"font-size: 16px;\">Compos\u00e9e de 11 membres, elle refl\u00e8te la configuration des groupes parlementaires : neuf repr\u00e9sentants de PASTEF Les Patriotes \u2013 Mohamed Ayib Salim Daff\u00e9, Abdoulaye Tall, Amadou Ba n\u00b02, Youngare Dion\u00e9, Marie Ang\u00e9lique Mame Selb\u00e9 Diouf, Abdoul Ahad Ndiaye, B\u00e9atrice Germaine Tening Faye, Alioune Ndao, Sow (enregistr\u00e9) \u2013, un du groupe Takku Wallu, Djimo Souar\u00e9, et un non-inscrit, Moussa Hamady Sarr. Cette mise en place marque le d\u00e9but d\u2019un processus attendu, qui pourrait sceller le sort judiciaire du d\u00e9put\u00e9.<\/span><\/div>\n<div><span style=\"font-size: 16px;\">\u00a0<\/span><\/div>\n<div><span style=\"font-size: 16px;\">\u00a0<\/span><\/div>\n<div><\/div>\n<div id=\"smilewanted-2120-1018-01\"><\/div>\n<div id=\"advertising_inread\"><\/div>\n<\/div>\n<div id=\"r89-desktop-incontent-article-0-wrapper\">\n<div>\n<div id=\"r89-desktop-incontent-article-0\" data-google-query-id=\"CMi5tdLfiYwDFYpLQQIdlKMrBw\"><\/div>\n<\/div>\n<\/div>\n<div class='share-to-whatsapp-wrapper'><div class='share-on-whsp'>PARTAGER SUR : <\/div><a data-text='LEVEE DE L\u2019IMMUNITE PARLEMENTAIRE DE MOUSTAPHA DIOP - La Commission ad hoc install\u00e9e' data-link='https:\/\/www.nettali.com\/2025\/03\/14\/levee-de-limmunite-parlementaire-de-moustapha-diop-la-commission-ad-hoc-installee\/' class='whatsapp-button whatsapp-share'>WhatsApp<\/a><div class='clear '><\/div><\/div>","protected":false},"excerpt":{"rendered":"<p>NETTALI.COM - L\u2019Assembl\u00e9e nationale a franchi ce vendredi 14 mars 2025 une \u00e9tape d\u00e9cisive vers la lev\u00e9e de l\u2019immunit\u00e9 parlementaire du d\u00e9put\u00e9 Moustapha Diop. Le projet de r\u00e9solution cr\u00e9ant la Commission ad hoc, adopt\u00e9 \u00e0 l\u2019unanimit\u00e9 par la Commission des lois, a \u00e9t\u00e9 ent\u00e9rin\u00e9 en pl\u00e9ni\u00e8re, lan\u00e7ant officiellement la proc\u00e9dure. Cette commission, conforme \u00e0 l\u2019article [&hellip;]<\/p>\n","protected":false},"author":4,"featured_media":119051,"comment_status":"open","ping_status":"open","sticky":false,"template":"","format":"standard","meta":{"_et_pb_use_builder":"","_et_pb_old_content":""},"categories":[3],"tags":[],"yoast_head":"<!-- This site is optimized with the Yoast SEO Premium plugin v17.8 (Yoast SEO v17.8) - https:\/\/yoast.com\/wordpress\/plugins\/seo\/ -->\n<title>LEVEE DE L\u2019IMMUNITE PARLEMENTAIRE DE MOUSTAPHA DIOP - La Commission ad hoc install\u00e9e | Nettali.com<\/title>\n<meta name=\"robots\" content=\"index, follow, max-snippet:-1, max-image-preview:large, max-video-preview:-1\" \/>\n<link rel=\"canonical\" href=\"https:\/\/www.nettali.com\/2025\/03\/14\/levee-de-limmunite-parlementaire-de-moustapha-diop-la-commission-ad-hoc-installee\/\" \/>\n<meta property=\"og:locale\" content=\"fr_FR\" \/>\n<meta property=\"og:type\" content=\"article\" \/>\n<meta property=\"og:title\" content=\"LEVEE DE L\u2019IMMUNITE PARLEMENTAIRE DE MOUSTAPHA DIOP - La Commission ad hoc install\u00e9e\" \/>\n<meta property=\"og:description\" content=\"NETTALI.COM - L\u2019Assembl\u00e9e nationale a franchi ce vendredi 14 mars 2025 une \u00e9tape d\u00e9cisive vers la lev\u00e9e de l\u2019immunit\u00e9 parlementaire du d\u00e9put\u00e9 Moustapha Diop. Le projet de r\u00e9solution cr\u00e9ant la Commission ad hoc, adopt\u00e9 \u00e0 l\u2019unanimit\u00e9 par la Commission des lois, a \u00e9t\u00e9 ent\u00e9rin\u00e9 en pl\u00e9ni\u00e8re, lan\u00e7ant officiellement la proc\u00e9dure. Cette commission, conforme \u00e0 l\u2019article [&hellip;]\" \/>\n<meta property=\"og:url\" content=\"https:\/\/www.nettali.com\/2025\/03\/14\/levee-de-limmunite-parlementaire-de-moustapha-diop-la-commission-ad-hoc-installee\/\" \/>\n<meta property=\"og:site_name\" content=\"Nettali.com\" \/>\n<meta property=\"article:publisher\" content=\"https:\/\/www.facebook.com\/nettalicom\" \/>\n<meta property=\"article:published_time\" content=\"2025-03-14T20:17:00+00:00\" \/>\n<meta property=\"og:image\" content=\"https:\/\/www.nettali.com\/wp-content\/uploads\/2023\/09\/Moustapha-diop.jpg\" \/>\n\t<meta property=\"og:image:width\" content=\"612\" \/>\n\t<meta property=\"og:image:height\" content=\"298\" \/>\n<meta name=\"twitter:card\" content=\"summary_large_image\" \/>\n<meta name=\"twitter:label1\" content=\"\u00c9crit par\" \/>\n\t<meta name=\"twitter:data1\" content=\"Daouda\" \/>\n\t<meta name=\"twitter:label2\" content=\"Dur\u00e9e de lecture estim\u00e9e\" \/>\n\t<meta name=\"twitter:data2\" content=\"1 minute\" \/>\n<script type=\"application\/ld+json\" class=\"yoast-schema-graph\">{\"@context\":\"https:\/\/schema.org\",\"@graph\":[{\"@type\":\"WebSite\",\"@id\":\"https:\/\/www.nettali.com\/#website\",\"url\":\"https:\/\/www.nettali.com\/\",\"name\":\"Nettali.com\",\"description\":\"Le rendez-vous critique du Net\",\"potentialAction\":[{\"@type\":\"SearchAction\",\"target\":{\"@type\":\"EntryPoint\",\"urlTemplate\":\"https:\/\/www.nettali.com\/?s={search_term_string}\"},\"query-input\":\"required name=search_term_string\"}],\"inLanguage\":\"fr-FR\"},{\"@type\":\"ImageObject\",\"@id\":\"https:\/\/www.nettali.com\/2025\/03\/14\/levee-de-limmunite-parlementaire-de-moustapha-diop-la-commission-ad-hoc-installee\/#primaryimage\",\"inLanguage\":\"fr-FR\",\"url\":\"https:\/\/www.nettali.com\/wp-content\/uploads\/2023\/09\/Moustapha-diop.jpg\",\"contentUrl\":\"https:\/\/www.nettali.com\/wp-content\/uploads\/2023\/09\/Moustapha-diop.jpg\",\"width\":612,\"height\":298},{\"@type\":\"WebPage\",\"@id\":\"https:\/\/www.nettali.com\/2025\/03\/14\/levee-de-limmunite-parlementaire-de-moustapha-diop-la-commission-ad-hoc-installee\/#webpage\",\"url\":\"https:\/\/www.nettali.com\/2025\/03\/14\/levee-de-limmunite-parlementaire-de-moustapha-diop-la-commission-ad-hoc-installee\/\",\"name\":\"LEVEE DE L\\u2019IMMUNITE PARLEMENTAIRE DE MOUSTAPHA DIOP - La Commission ad hoc install\\u00e9e | Nettali.com\",\"isPartOf\":{\"@id\":\"https:\/\/www.nettali.com\/#website\"},\"primaryImageOfPage\":{\"@id\":\"https:\/\/www.nettali.com\/2025\/03\/14\/levee-de-limmunite-parlementaire-de-moustapha-diop-la-commission-ad-hoc-installee\/#primaryimage\"},\"datePublished\":\"2025-03-14T20:17:00+00:00\",\"dateModified\":\"2025-03-14T20:17:00+00:00\",\"author\":{\"@id\":\"https:\/\/www.nettali.com\/#\/schema\/person\/3317e0bb3aa1da309fbf7b2780901bf4\"},\"breadcrumb\":{\"@id\":\"https:\/\/www.nettali.com\/2025\/03\/14\/levee-de-limmunite-parlementaire-de-moustapha-diop-la-commission-ad-hoc-installee\/#breadcrumb\"},\"inLanguage\":\"fr-FR\",\"potentialAction\":[{\"@type\":\"ReadAction\",\"target\":[\"https:\/\/www.nettali.com\/2025\/03\/14\/levee-de-limmunite-parlementaire-de-moustapha-diop-la-commission-ad-hoc-installee\/\"]}]},{\"@type\":\"BreadcrumbList\",\"@id\":\"https:\/\/www.nettali.com\/2025\/03\/14\/levee-de-limmunite-parlementaire-de-moustapha-diop-la-commission-ad-hoc-installee\/#breadcrumb\",\"itemListElement\":[{\"@type\":\"ListItem\",\"position\":1,\"name\":\"Accueil\",\"item\":\"https:\/\/www.nettali.com\/\"},{\"@type\":\"ListItem\",\"position\":2,\"name\":\"LEVEE DE L\\u2019IMMUNITE PARLEMENTAIRE DE MOUSTAPHA DIOP - La Commission ad hoc install\\u00e9e\"}]},{\"@type\":\"Person\",\"@id\":\"https:\/\/www.nettali.com\/#\/schema\/person\/3317e0bb3aa1da309fbf7b2780901bf4\",\"name\":\"Daouda\",\"image\":{\"@type\":\"ImageObject\",\"@id\":\"https:\/\/www.nettali.com\/#personlogo\",\"inLanguage\":\"fr-FR\",\"url\":\"https:\/\/secure.gravatar.com\/avatar\/8d143b5a49345098ddcfee1c49c2f47c?s=96&d=mm&r=g\",\"contentUrl\":\"https:\/\/secure.gravatar.com\/avatar\/8d143b5a49345098ddcfee1c49c2f47c?s=96&d=mm&r=g\",\"caption\":\"Daouda\"},\"sameAs\":[\"https:\/\/www.nettali.com\"]}]}<\/script>\n<!-- \/ Yoast SEO Premium plugin. -->","yoast_head_json":{"title":"LEVEE DE L\u2019IMMUNITE PARLEMENTAIRE DE MOUSTAPHA DIOP - La Commission ad hoc install\u00e9e | Nettali.com","robots":{"index":"index","follow":"follow","max-snippet":"max-snippet:-1","max-image-preview":"max-image-preview:large","max-video-preview":"max-video-preview:-1"},"canonical":"https:\/\/www.nettali.com\/2025\/03\/14\/levee-de-limmunite-parlementaire-de-moustapha-diop-la-commission-ad-hoc-installee\/","og_locale":"fr_FR","og_type":"article","og_title":"LEVEE DE L\u2019IMMUNITE PARLEMENTAIRE DE MOUSTAPHA DIOP - La Commission ad hoc install\u00e9e","og_description":"NETTALI.COM - L\u2019Assembl\u00e9e nationale a franchi ce vendredi 14 mars 2025 une \u00e9tape d\u00e9cisive vers la lev\u00e9e de l\u2019immunit\u00e9 parlementaire du d\u00e9put\u00e9 Moustapha Diop. Le projet de r\u00e9solution cr\u00e9ant la Commission ad hoc, adopt\u00e9 \u00e0 l\u2019unanimit\u00e9 par la Commission des lois, a \u00e9t\u00e9 ent\u00e9rin\u00e9 en pl\u00e9ni\u00e8re, lan\u00e7ant officiellement la proc\u00e9dure. Cette commission, conforme \u00e0 l\u2019article [&hellip;]","og_url":"https:\/\/www.nettali.com\/2025\/03\/14\/levee-de-limmunite-parlementaire-de-moustapha-diop-la-commission-ad-hoc-installee\/","og_site_name":"Nettali.com","article_publisher":"https:\/\/www.facebook.com\/nettalicom","article_published_time":"2025-03-14T20:17:00+00:00","og_image":[{"width":612,"height":298,"url":"https:\/\/www.nettali.com\/wp-content\/uploads\/2023\/09\/Moustapha-diop.jpg","type":"image\/jpeg"}],"twitter_card":"summary_large_image","twitter_misc":{"\u00c9crit par":"Daouda","Dur\u00e9e de lecture estim\u00e9e":"1 minute"},"schema":{"@context":"https:\/\/schema.org","@graph":[{"@type":"WebSite","@id":"https:\/\/www.nettali.com\/#website","url":"https:\/\/www.nettali.com\/","name":"Nettali.com","description":"Le rendez-vous critique du Net","potentialAction":[{"@type":"SearchAction","target":{"@type":"EntryPoint","urlTemplate":"https:\/\/www.nettali.com\/?s={search_term_string}"},"query-input":"required name=search_term_string"}],"inLanguage":"fr-FR"},{"@type":"ImageObject","@id":"https:\/\/www.nettali.com\/2025\/03\/14\/levee-de-limmunite-parlementaire-de-moustapha-diop-la-commission-ad-hoc-installee\/#primaryimage","inLanguage":"fr-FR","url":"https:\/\/www.nettali.com\/wp-content\/uploads\/2023\/09\/Moustapha-diop.jpg","contentUrl":"https:\/\/www.nettali.com\/wp-content\/uploads\/2023\/09\/Moustapha-diop.jpg","width":612,"height":298},{"@type":"WebPage","@id":"https:\/\/www.nettali.com\/2025\/03\/14\/levee-de-limmunite-parlementaire-de-moustapha-diop-la-commission-ad-hoc-installee\/#webpage","url":"https:\/\/www.nettali.com\/2025\/03\/14\/levee-de-limmunite-parlementaire-de-moustapha-diop-la-commission-ad-hoc-installee\/","name":"LEVEE DE L\u2019IMMUNITE PARLEMENTAIRE DE MOUSTAPHA DIOP - La Commission ad hoc install\u00e9e | Nettali.com","isPartOf":{"@id":"https:\/\/www.nettali.com\/#website"},"primaryImageOfPage":{"@id":"https:\/\/www.nettali.com\/2025\/03\/14\/levee-de-limmunite-parlementaire-de-moustapha-diop-la-commission-ad-hoc-installee\/#primaryimage"},"datePublished":"2025-03-14T20:17:00+00:00","dateModified":"2025-03-14T20:17:00+00:00","author":{"@id":"https:\/\/www.nettali.com\/#\/schema\/person\/3317e0bb3aa1da309fbf7b2780901bf4"},"breadcrumb":{"@id":"https:\/\/www.nettali.com\/2025\/03\/14\/levee-de-limmunite-parlementaire-de-moustapha-diop-la-commission-ad-hoc-installee\/#breadcrumb"},"inLanguage":"fr-FR","potentialAction":[{"@type":"ReadAction","target":["https:\/\/www.nettali.com\/2025\/03\/14\/levee-de-limmunite-parlementaire-de-moustapha-diop-la-commission-ad-hoc-installee\/"]}]},{"@type":"BreadcrumbList","@id":"https:\/\/www.nettali.com\/2025\/03\/14\/levee-de-limmunite-parlementaire-de-moustapha-diop-la-commission-ad-hoc-installee\/#breadcrumb","itemListElement":[{"@type":"ListItem","position":1,"name":"Accueil","item":"https:\/\/www.nettali.com\/"},{"@type":"ListItem","position":2,"name":"LEVEE DE L\u2019IMMUNITE PARLEMENTAIRE DE MOUSTAPHA DIOP - La Commission ad hoc install\u00e9e"}]},{"@type":"Person","@id":"https:\/\/www.nettali.com\/#\/schema\/person\/3317e0bb3aa1da309fbf7b2780901bf4","name":"Daouda","image":{"@type":"ImageObject","@id":"https:\/\/www.nettali.com\/#personlogo","inLanguage":"fr-FR","url":"https:\/\/secure.gravatar.com\/avatar\/8d143b5a49345098ddcfee1c49c2f47c?s=96&d=mm&r=g","contentUrl":"https:\/\/secure.gravatar.com\/avatar\/8d143b5a49345098ddcfee1c49c2f47c?s=96&d=mm&r=g","caption":"Daouda"},"sameAs":["https:\/\/www.nettali.com"]}]}},"_links":{"self":[{"href":"https:\/\/www.nettali.com\/rest\/wp\/v2\/posts\/150706"}],"collection":[{"href":"https:\/\/www.nettali.com\/rest\/wp\/v2\/posts"}],"about":[{"href":"https:\/\/www.nettali.com\/rest\/wp\/v2\/types\/post"}],"author":[{"embeddable":true,"href":"https:\/\/www.nettali.com\/rest\/wp\/v2\/users\/4"}],"replies":[{"embeddable":true,"href":"https:\/\/www.nettali.com\/rest\/wp\/v2\/comments?post=150706"}],"version-history":[{"count":1,"href":"https:\/\/www.nettali.com\/rest\/wp\/v2\/posts\/150706\/revisions"}],"predecessor-version":[{"id":150721,"href":"https:\/\/www.nettali.com\/rest\/wp\/v2\/posts\/150706\/revisions\/150721"}],"wp:featuredmedia":[{"embeddable":true,"href":"https:\/\/www.nettali.com\/rest\/wp\/v2\/media\/119051"}],"wp:attachment":[{"href":"https:\/\/www.nettali.com\/rest\/wp\/v2\/media?parent=150706"}],"wp:term":[{"taxonomy":"category","embeddable":true,"href":"https:\/\/www.nettali.com\/rest\/wp\/v2\/categories?post=150706"},{"taxonomy":"post_tag","embeddable":true,"href":"https:\/\/www.nettali.com\/rest\/wp\/v2\/tags?post=150706"}],"curies":[{"name":"wp","href":"https:\/\/api.w.org\/{rel}","templated":true}]}}