{"id":150681,"date":"2025-03-14T06:21:27","date_gmt":"2025-03-14T06:21:27","guid":{"rendered":"https:\/\/www.nettali.com\/?p=150681"},"modified":"2025-03-15T06:04:38","modified_gmt":"2025-03-15T06:04:38","slug":"dalal-jamm-premiere-greffe-de-moelle-osseuse-realisee-au-senegal","status":"publish","type":"post","link":"https:\/\/www.nettali.com\/2025\/03\/14\/dalal-jamm-premiere-greffe-de-moelle-osseuse-realisee-au-senegal\/","title":{"rendered":"DALAL JAMM - Premi\u00e8re greffe de moelle osseuse r\u00e9alis\u00e9e au S\u00e9n\u00e9gal"},"content":{"rendered":"<p><strong>NETTALI.COM -<\/strong> Une \u00e9quipe de m\u00e9decins s\u00e9n\u00e9galais de l\u2019h\u00f4pital Dalal Jamm de Gu\u00e9diawaye, \u00e0 Dakar, a r\u00e9ussi la premi\u00e8re greffe de moelle osseuse r\u00e9alis\u00e9e au S\u00e9n\u00e9gal, a rapport\u00e9, mercredi, la RTS, la t\u00e9l\u00e9vision publique. \u201c<em>C\u2019est une exp\u00e9rience unique, une premi\u00e8re au S\u00e9n\u00e9gal. Le patient z\u00e9ro, op\u00e9r\u00e9 le 23 f\u00e9vrier, se porte bien apr\u00e8s un mois de r\u00e9cup\u00e9ration<\/em>\u201d a d\u00e9clar\u00e9 la professeure Fatou Samba Ndiaye, cheffe du Service h\u00e9matologie clinique et greffe de moelle osseuse de cet \u00e9tablissement m\u00e9dical, interrog\u00e9e par la RTS.<\/p>\n<p>Elle a pr\u00e9cis\u00e9 qu\u2019il s'agit d\u2019une autogreffe de cellules souches, c\u2019est-\u00e0-dire que le patient z\u00e9ro \u201c<em>est lui-m\u00eame son propre donneur<\/em>\u201d. \u201c<em>Depuis le 17 f\u00e9vrier, le patient est avec nous, avec des protocoles bien \u00e9tablis et une mobilisation de ses muscles, parce qu\u2019il s\u2019agit d\u2019une autogreffe de cellules souches<\/em>\u201d, a dit la sp\u00e9cialiste, pr\u00e9cisant que l\u2019allogreffe, le don d\u2019organe par une autre personne, n\u2019est pas encore \u00e0 l\u2019ordre du jour. \u201c<em>Nous ne sommes pas encore dans l\u2019allogreffe, parce qu\u2019on attend que la loi soit finalis\u00e9e pour aller plus loin afin d\u2019avoir un donneur diff\u00e9rent du patient<\/em>\u201d, a fait savoir la docteure Fatou Samba Ndiaye.<\/p>\n<p>Interrog\u00e9 par la t\u00e9l\u00e9vision publique, le patient z\u00e9ro a soutenu que l\u2019op\u00e9ration \u201cs<em>\u2019est bien pass\u00e9e<\/em>\u201d, apr\u00e8s un an d\u2019attente. \u201c<em>Je me suis senti comme un petit roi<\/em>\u201d, s\u2019est-il r\u00e9joui. La professeure titulaire en h\u00e9matologie, Seynabou Fall Dieng est, de son c\u00f4t\u00e9, revenue sur le processus ayant abouti \u00e0 cette intervention.<\/p>\n<p>\u201c<em>Nous avons tenu des r\u00e9unions multidisciplinaires avec les assistants, les internes et avons fait des gardes. L\u2019objectif \u00e9tait de ne pas avoir une infection<\/em>\u201d, a-t-elle expliqu\u00e9.<\/p>\n<p>Dans ce sillage, Fatou Samba Ndiaye, cheffe du Service h\u00e9matologie clinique et greffe de moelle osseuse, a soulign\u00e9 que \u201c<em>l\u2019op\u00e9ration a \u00e9t\u00e9 effectu\u00e9e gratuitement avec l\u2019appui des bonnes volont\u00e9s<\/em>\u201d.<\/p>\n<p>\u201c<em>La direction de l\u2019h\u00f4pital a pris en charge tout ce qui est bilan biologique, l\u2019imagerie et nous avons pu contacter nos partenaires. Un laboratoire nous a donn\u00e9 un lot de m\u00e9dicaments de quatre millions de francs CFA<\/em>\u201d, a-t-elle dit. \u201c<em>Cela ne suffisait pas et nous nous sommes cotis\u00e9s pour acheter d\u2019autres types de m\u00e9dicaments qui co\u00fbtent excessivement cher et qui n\u2019\u00e9taient pas disponibles<\/em>\u201d, a-t-elle ajout\u00e9.<\/p>\n<p>\u201c<em>Heureusement, nous avons pu finir ce travail qui est un exploit. Nous avons voulu le faire seuls, compter sur l\u2019expertise locale pour montrer que nous en sommes capables<\/em>\u201d, s\u2019est-elle r\u00e9jouie.<\/p>\n<p>La premi\u00e8re greffe de moelle osseuse est, selon le directeur de l\u2019h\u00f4pital Dalal Jamm, Moussa Sam Daff, \u201c<em>une activit\u00e9 qui est bien inscrite dans le projet d\u2019\u00e9tablissement 2024-2029<\/em>\u201d. \u201c<em>C\u2019est l\u2019un des premiers projets en plus de la procr\u00e9ation m\u00e9dicalement assist\u00e9e (PMA). Et cela va diminuer les \u00e9vacuations sanitaires<\/em>\u201d, a-t-il assur\u00e9.<\/p>\n<div class='share-to-whatsapp-wrapper'><div class='share-on-whsp'>PARTAGER SUR : <\/div><a data-text='DALAL JAMM - Premi\u00e8re greffe de moelle osseuse r\u00e9alis\u00e9e au S\u00e9n\u00e9gal' data-link='https:\/\/www.nettali.com\/2025\/03\/14\/dalal-jamm-premiere-greffe-de-moelle-osseuse-realisee-au-senegal\/' class='whatsapp-button whatsapp-share'>WhatsApp<\/a><div class='clear '><\/div><\/div>","protected":false},"excerpt":{"rendered":"<p>NETTALI.COM - Une \u00e9quipe de m\u00e9decins s\u00e9n\u00e9galais de l\u2019h\u00f4pital Dalal Jamm de Gu\u00e9diawaye, \u00e0 Dakar, a r\u00e9ussi la premi\u00e8re greffe de moelle osseuse r\u00e9alis\u00e9e au S\u00e9n\u00e9gal, a rapport\u00e9, mercredi, la RTS, la t\u00e9l\u00e9vision publique. \u201cC\u2019est une exp\u00e9rience unique, une premi\u00e8re au S\u00e9n\u00e9gal. Le patient z\u00e9ro, op\u00e9r\u00e9 le 23 f\u00e9vrier, se porte bien apr\u00e8s un mois [&hellip;]<\/p>\n","protected":false},"author":2,"featured_media":150683,"comment_status":"open","ping_status":"open","sticky":false,"template":"","format":"standard","meta":{"_et_pb_use_builder":"","_et_pb_old_content":""},"categories":[22],"tags":[],"yoast_head":"<!-- This site is optimized with the Yoast SEO Premium plugin v17.8 (Yoast SEO v17.8) - https:\/\/yoast.com\/wordpress\/plugins\/seo\/ -->\n<title>DALAL JAMM - Premi\u00e8re greffe de moelle osseuse r\u00e9alis\u00e9e au S\u00e9n\u00e9gal | Nettali.com<\/title>\n<meta name=\"robots\" content=\"index, follow, max-snippet:-1, max-image-preview:large, max-video-preview:-1\" \/>\n<link rel=\"canonical\" href=\"https:\/\/www.nettali.com\/2025\/03\/14\/dalal-jamm-premiere-greffe-de-moelle-osseuse-realisee-au-senegal\/\" \/>\n<meta property=\"og:locale\" content=\"fr_FR\" \/>\n<meta property=\"og:type\" content=\"article\" \/>\n<meta property=\"og:title\" content=\"DALAL JAMM - Premi\u00e8re greffe de moelle osseuse r\u00e9alis\u00e9e au S\u00e9n\u00e9gal\" \/>\n<meta property=\"og:description\" content=\"NETTALI.COM - Une \u00e9quipe de m\u00e9decins s\u00e9n\u00e9galais de l\u2019h\u00f4pital Dalal Jamm de Gu\u00e9diawaye, \u00e0 Dakar, a r\u00e9ussi la premi\u00e8re greffe de moelle osseuse r\u00e9alis\u00e9e au S\u00e9n\u00e9gal, a rapport\u00e9, mercredi, la RTS, la t\u00e9l\u00e9vision publique. \u201cC\u2019est une exp\u00e9rience unique, une premi\u00e8re au S\u00e9n\u00e9gal. Le patient z\u00e9ro, op\u00e9r\u00e9 le 23 f\u00e9vrier, se porte bien apr\u00e8s un mois [&hellip;]\" \/>\n<meta property=\"og:url\" content=\"https:\/\/www.nettali.com\/2025\/03\/14\/dalal-jamm-premiere-greffe-de-moelle-osseuse-realisee-au-senegal\/\" \/>\n<meta property=\"og:site_name\" content=\"Nettali.com\" \/>\n<meta property=\"article:publisher\" content=\"https:\/\/www.facebook.com\/nettalicom\" \/>\n<meta property=\"article:published_time\" content=\"2025-03-14T06:21:27+00:00\" \/>\n<meta property=\"article:modified_time\" content=\"2025-03-15T06:04:38+00:00\" \/>\n<meta property=\"og:image\" content=\"https:\/\/www.nettali.com\/wp-content\/uploads\/2025\/03\/greffe-moelle-isseuse-860x538-1.png\" \/>\n\t<meta property=\"og:image:width\" content=\"860\" \/>\n\t<meta property=\"og:image:height\" content=\"538\" \/>\n<meta name=\"twitter:card\" content=\"summary_large_image\" \/>\n<meta name=\"twitter:label1\" content=\"\u00c9crit par\" \/>\n\t<meta name=\"twitter:data1\" content=\"CK\" \/>\n\t<meta name=\"twitter:label2\" content=\"Dur\u00e9e de lecture estim\u00e9e\" \/>\n\t<meta name=\"twitter:data2\" content=\"3 minutes\" \/>\n<script type=\"application\/ld+json\" class=\"yoast-schema-graph\">{\"@context\":\"https:\/\/schema.org\",\"@graph\":[{\"@type\":\"WebSite\",\"@id\":\"https:\/\/www.nettali.com\/#website\",\"url\":\"https:\/\/www.nettali.com\/\",\"name\":\"Nettali.com\",\"description\":\"Le rendez-vous critique du Net\",\"potentialAction\":[{\"@type\":\"SearchAction\",\"target\":{\"@type\":\"EntryPoint\",\"urlTemplate\":\"https:\/\/www.nettali.com\/?s={search_term_string}\"},\"query-input\":\"required name=search_term_string\"}],\"inLanguage\":\"fr-FR\"},{\"@type\":\"ImageObject\",\"@id\":\"https:\/\/www.nettali.com\/2025\/03\/14\/dalal-jamm-premiere-greffe-de-moelle-osseuse-realisee-au-senegal\/#primaryimage\",\"inLanguage\":\"fr-FR\",\"url\":\"https:\/\/www.nettali.com\/wp-content\/uploads\/2025\/03\/greffe-moelle-isseuse-860x538-1.png\",\"contentUrl\":\"https:\/\/www.nettali.com\/wp-content\/uploads\/2025\/03\/greffe-moelle-isseuse-860x538-1.png\",\"width\":860,\"height\":538},{\"@type\":\"WebPage\",\"@id\":\"https:\/\/www.nettali.com\/2025\/03\/14\/dalal-jamm-premiere-greffe-de-moelle-osseuse-realisee-au-senegal\/#webpage\",\"url\":\"https:\/\/www.nettali.com\/2025\/03\/14\/dalal-jamm-premiere-greffe-de-moelle-osseuse-realisee-au-senegal\/\",\"name\":\"DALAL JAMM - Premi\\u00e8re greffe de moelle osseuse r\\u00e9alis\\u00e9e au S\\u00e9n\\u00e9gal | Nettali.com\",\"isPartOf\":{\"@id\":\"https:\/\/www.nettali.com\/#website\"},\"primaryImageOfPage\":{\"@id\":\"https:\/\/www.nettali.com\/2025\/03\/14\/dalal-jamm-premiere-greffe-de-moelle-osseuse-realisee-au-senegal\/#primaryimage\"},\"datePublished\":\"2025-03-14T06:21:27+00:00\",\"dateModified\":\"2025-03-15T06:04:38+00:00\",\"author\":{\"@id\":\"https:\/\/www.nettali.com\/#\/schema\/person\/d8ac7b7e27ddad43f1c0d2ef090d7f71\"},\"breadcrumb\":{\"@id\":\"https:\/\/www.nettali.com\/2025\/03\/14\/dalal-jamm-premiere-greffe-de-moelle-osseuse-realisee-au-senegal\/#breadcrumb\"},\"inLanguage\":\"fr-FR\",\"potentialAction\":[{\"@type\":\"ReadAction\",\"target\":[\"https:\/\/www.nettali.com\/2025\/03\/14\/dalal-jamm-premiere-greffe-de-moelle-osseuse-realisee-au-senegal\/\"]}]},{\"@type\":\"BreadcrumbList\",\"@id\":\"https:\/\/www.nettali.com\/2025\/03\/14\/dalal-jamm-premiere-greffe-de-moelle-osseuse-realisee-au-senegal\/#breadcrumb\",\"itemListElement\":[{\"@type\":\"ListItem\",\"position\":1,\"name\":\"Accueil\",\"item\":\"https:\/\/www.nettali.com\/\"},{\"@type\":\"ListItem\",\"position\":2,\"name\":\"DALAL JAMM - Premi\\u00e8re greffe de moelle osseuse r\\u00e9alis\\u00e9e au S\\u00e9n\\u00e9gal\"}]},{\"@type\":\"Person\",\"@id\":\"https:\/\/www.nettali.com\/#\/schema\/person\/d8ac7b7e27ddad43f1c0d2ef090d7f71\",\"name\":\"CK\",\"image\":{\"@type\":\"ImageObject\",\"@id\":\"https:\/\/www.nettali.com\/#personlogo\",\"inLanguage\":\"fr-FR\",\"url\":\"https:\/\/secure.gravatar.com\/avatar\/1d8d5118b9327d94da7cd4ce7f17fec2?s=96&d=mm&r=g\",\"contentUrl\":\"https:\/\/secure.gravatar.com\/avatar\/1d8d5118b9327d94da7cd4ce7f17fec2?s=96&d=mm&r=g\",\"caption\":\"CK\"},\"sameAs\":[\"https:\/\/www.nettali.com\"]}]}<\/script>\n<!-- \/ Yoast SEO Premium plugin. -->","yoast_head_json":{"title":"DALAL JAMM - Premi\u00e8re greffe de moelle osseuse r\u00e9alis\u00e9e au S\u00e9n\u00e9gal | Nettali.com","robots":{"index":"index","follow":"follow","max-snippet":"max-snippet:-1","max-image-preview":"max-image-preview:large","max-video-preview":"max-video-preview:-1"},"canonical":"https:\/\/www.nettali.com\/2025\/03\/14\/dalal-jamm-premiere-greffe-de-moelle-osseuse-realisee-au-senegal\/","og_locale":"fr_FR","og_type":"article","og_title":"DALAL JAMM - Premi\u00e8re greffe de moelle osseuse r\u00e9alis\u00e9e au S\u00e9n\u00e9gal","og_description":"NETTALI.COM - Une \u00e9quipe de m\u00e9decins s\u00e9n\u00e9galais de l\u2019h\u00f4pital Dalal Jamm de Gu\u00e9diawaye, \u00e0 Dakar, a r\u00e9ussi la premi\u00e8re greffe de moelle osseuse r\u00e9alis\u00e9e au S\u00e9n\u00e9gal, a rapport\u00e9, mercredi, la RTS, la t\u00e9l\u00e9vision publique. \u201cC\u2019est une exp\u00e9rience unique, une premi\u00e8re au S\u00e9n\u00e9gal. Le patient z\u00e9ro, op\u00e9r\u00e9 le 23 f\u00e9vrier, se porte bien apr\u00e8s un mois [&hellip;]","og_url":"https:\/\/www.nettali.com\/2025\/03\/14\/dalal-jamm-premiere-greffe-de-moelle-osseuse-realisee-au-senegal\/","og_site_name":"Nettali.com","article_publisher":"https:\/\/www.facebook.com\/nettalicom","article_published_time":"2025-03-14T06:21:27+00:00","article_modified_time":"2025-03-15T06:04:38+00:00","og_image":[{"width":860,"height":538,"url":"https:\/\/www.nettali.com\/wp-content\/uploads\/2025\/03\/greffe-moelle-isseuse-860x538-1.png","type":"image\/png"}],"twitter_card":"summary_large_image","twitter_misc":{"\u00c9crit par":"CK","Dur\u00e9e de lecture estim\u00e9e":"3 minutes"},"schema":{"@context":"https:\/\/schema.org","@graph":[{"@type":"WebSite","@id":"https:\/\/www.nettali.com\/#website","url":"https:\/\/www.nettali.com\/","name":"Nettali.com","description":"Le rendez-vous critique du Net","potentialAction":[{"@type":"SearchAction","target":{"@type":"EntryPoint","urlTemplate":"https:\/\/www.nettali.com\/?s={search_term_string}"},"query-input":"required name=search_term_string"}],"inLanguage":"fr-FR"},{"@type":"ImageObject","@id":"https:\/\/www.nettali.com\/2025\/03\/14\/dalal-jamm-premiere-greffe-de-moelle-osseuse-realisee-au-senegal\/#primaryimage","inLanguage":"fr-FR","url":"https:\/\/www.nettali.com\/wp-content\/uploads\/2025\/03\/greffe-moelle-isseuse-860x538-1.png","contentUrl":"https:\/\/www.nettali.com\/wp-content\/uploads\/2025\/03\/greffe-moelle-isseuse-860x538-1.png","width":860,"height":538},{"@type":"WebPage","@id":"https:\/\/www.nettali.com\/2025\/03\/14\/dalal-jamm-premiere-greffe-de-moelle-osseuse-realisee-au-senegal\/#webpage","url":"https:\/\/www.nettali.com\/2025\/03\/14\/dalal-jamm-premiere-greffe-de-moelle-osseuse-realisee-au-senegal\/","name":"DALAL JAMM - Premi\u00e8re greffe de moelle osseuse r\u00e9alis\u00e9e au S\u00e9n\u00e9gal | Nettali.com","isPartOf":{"@id":"https:\/\/www.nettali.com\/#website"},"primaryImageOfPage":{"@id":"https:\/\/www.nettali.com\/2025\/03\/14\/dalal-jamm-premiere-greffe-de-moelle-osseuse-realisee-au-senegal\/#primaryimage"},"datePublished":"2025-03-14T06:21:27+00:00","dateModified":"2025-03-15T06:04:38+00:00","author":{"@id":"https:\/\/www.nettali.com\/#\/schema\/person\/d8ac7b7e27ddad43f1c0d2ef090d7f71"},"breadcrumb":{"@id":"https:\/\/www.nettali.com\/2025\/03\/14\/dalal-jamm-premiere-greffe-de-moelle-osseuse-realisee-au-senegal\/#breadcrumb"},"inLanguage":"fr-FR","potentialAction":[{"@type":"ReadAction","target":["https:\/\/www.nettali.com\/2025\/03\/14\/dalal-jamm-premiere-greffe-de-moelle-osseuse-realisee-au-senegal\/"]}]},{"@type":"BreadcrumbList","@id":"https:\/\/www.nettali.com\/2025\/03\/14\/dalal-jamm-premiere-greffe-de-moelle-osseuse-realisee-au-senegal\/#breadcrumb","itemListElement":[{"@type":"ListItem","position":1,"name":"Accueil","item":"https:\/\/www.nettali.com\/"},{"@type":"ListItem","position":2,"name":"DALAL JAMM - Premi\u00e8re greffe de moelle osseuse r\u00e9alis\u00e9e au S\u00e9n\u00e9gal"}]},{"@type":"Person","@id":"https:\/\/www.nettali.com\/#\/schema\/person\/d8ac7b7e27ddad43f1c0d2ef090d7f71","name":"CK","image":{"@type":"ImageObject","@id":"https:\/\/www.nettali.com\/#personlogo","inLanguage":"fr-FR","url":"https:\/\/secure.gravatar.com\/avatar\/1d8d5118b9327d94da7cd4ce7f17fec2?s=96&d=mm&r=g","contentUrl":"https:\/\/secure.gravatar.com\/avatar\/1d8d5118b9327d94da7cd4ce7f17fec2?s=96&d=mm&r=g","caption":"CK"},"sameAs":["https:\/\/www.nettali.com"]}]}},"_links":{"self":[{"href":"https:\/\/www.nettali.com\/rest\/wp\/v2\/posts\/150681"}],"collection":[{"href":"https:\/\/www.nettali.com\/rest\/wp\/v2\/posts"}],"about":[{"href":"https:\/\/www.nettali.com\/rest\/wp\/v2\/types\/post"}],"author":[{"embeddable":true,"href":"https:\/\/www.nettali.com\/rest\/wp\/v2\/users\/2"}],"replies":[{"embeddable":true,"href":"https:\/\/www.nettali.com\/rest\/wp\/v2\/comments?post=150681"}],"version-history":[{"count":1,"href":"https:\/\/www.nettali.com\/rest\/wp\/v2\/posts\/150681\/revisions"}],"predecessor-version":[{"id":150684,"href":"https:\/\/www.nettali.com\/rest\/wp\/v2\/posts\/150681\/revisions\/150684"}],"wp:featuredmedia":[{"embeddable":true,"href":"https:\/\/www.nettali.com\/rest\/wp\/v2\/media\/150683"}],"wp:attachment":[{"href":"https:\/\/www.nettali.com\/rest\/wp\/v2\/media?parent=150681"}],"wp:term":[{"taxonomy":"category","embeddable":true,"href":"https:\/\/www.nettali.com\/rest\/wp\/v2\/categories?post=150681"},{"taxonomy":"post_tag","embeddable":true,"href":"https:\/\/www.nettali.com\/rest\/wp\/v2\/tags?post=150681"}],"curies":[{"name":"wp","href":"https:\/\/api.w.org\/{rel}","templated":true}]}}