{"id":150664,"date":"2025-03-13T18:14:40","date_gmt":"2025-03-13T18:14:40","guid":{"rendered":"https:\/\/www.nettali.com\/?p=150664"},"modified":"2025-03-14T06:23:25","modified_gmt":"2025-03-14T06:23:25","slug":"mansour-faye-je-me-suis-prepare-a-toutes-les-eventualites","status":"publish","type":"post","link":"https:\/\/www.nettali.com\/2025\/03\/13\/mansour-faye-je-me-suis-prepare-a-toutes-les-eventualites\/","title":{"rendered":"MANSOUR FAYE - \"Je me suis pr\u00e9par\u00e9 \u00e0 toutes les \u00e9ventualit\u00e9s ...\""},"content":{"rendered":"<div><strong>NETTALI.COM -\u00a0 Dans un post sur facebook, ce jeudi 13 mars 2025, Mansour Faye lance des piques \u00e0 l'endroit du nouveau r\u00e9gime : \"Je suis un homme libre, digne et loyal. Je ne suis ni un l\u00e2che, ni un voleur encore moins un menteur\". Par ailleurs, il r\u00e9v\u00e8le que dans les semaines \u00e0 venir, \" l\u2019\u00e9lectricit\u00e9, le carburant et le gaz, pour ne citer que ces produits vitaux dans notre quotidien, pourraient conna\u00eetre une hausse sensible\".<\/strong><\/div>\n<div dir=\"auto\"><\/div>\n<div dir=\"auto\"><em>\"Touch\u00e9 ! Target ! SAS \u00ab demi-dieu \u00bb est atteint, bless\u00e9, par mes posts objectifs, r\u00e9els, v\u00e9ridiques et \u00e9loign\u00e9s de tout mensonge ou subjectivit\u00e9.<\/em><\/div>\n<div dir=\"auto\"><em>Il titube et va couler sous peu de temps ! La gestion du pouvoir est une dure r\u00e9alit\u00e9 qui ne peut s\u2019abreuver de populisme pour triompher.<\/em><\/div>\n<div dir=\"auto\"><em>Je l\u2019avais dit et je le r\u00e9p\u00e8te : on ne peut pas passer son temps \u00e0 calomnier, insulter, manipuler, dire des contrev\u00e9rit\u00e9s en s'opposant et vouloir gouverner par les m\u00eames pratiques. Ind\u00e9niablement, notre cher pays file tout droit vers le chaos. Au lieu que SAS \u00ab demi-dieu \u00bb s\u2019attaque aux pr\u00e9occupations dirimantes des s\u00e9n\u00e9galais, il est dans la haine profonde et \u00e9tanche sa soif immense de vengeances injustifi\u00e9es. Je voudrais simplement lui dire qu\u2019il ne peut pas emprisonner mon \u00e2me ! Je suis un homme libre, digne et loyal. Je ne suis ni un l\u00e2che, ni un voleur encore moins un menteur. Je me suis acquitt\u00e9 de mes missions minist\u00e9rielles avec rigueur, s\u00e9rieux et s\u00e9r\u00e9nit\u00e9. Ma conscience est tranquille\"<\/em>, \u00e9crit Mansour Faye.<\/div>\n<div dir=\"auto\"><\/div>\n<div dir=\"auto\"><strong>\"L\u2019\u00e9lectricit\u00e9, le carburant et le gaz pourraient conna\u00eetre une hausse sensible\"<\/strong><\/div>\n<div dir=\"auto\"><\/div>\n<div dir=\"auto\">Il assure qu'il a toujours eu en bandouli\u00e8re cette v\u00e9rit\u00e9 in\u00e9branlable qu\u2019un jour prendraient fin ses fonctions et qu'il se devrait de rendre fiers sa famille et ses amis par une irr\u00e9prochabilit\u00e9 dans ma gestion.<\/div>\n<div dir=\"auto\"><\/div>\n<div dir=\"auto\"><em>\"Mon opposition assum\u00e9e au r\u00e9gime en place, n\u2019est pas personnifi\u00e9e mais se justifie par ma conviction profonde que le peuple s\u2019est tromp\u00e9 de choix et a besoin de boussole pour mieux cerner et comprendre ce qui se passe actuellement dans notre pays. Je vous saurai gr\u00e9 (SAS \u00ab demi-dieu \u00bb ) de compter sur ma d\u00e9termination ind\u00e9fectible \u00e0 rester moi-m\u00eame et continuer \u00e0 assurer cette veille. Vamos !!! C\u2019est dans ce registre que j\u2019informe mes compatriotes, sans risque de me tromper, que dans quelques jours (ou semaines) l\u2019\u00e9lectricit\u00e9, le carburant et le gaz, pour ne citer que ces produits vitaux dans notre quotidien, pourraient conna\u00eetre une hausse sensible. Ils ( SAS \u00ab demi-dieu \u00bb et son gouvernement) tenteront de justifier ces augmentations par des exigences \u00e9conomiques qui ont toujours \u00e9t\u00e9 l\u00e0, mais que le g\u00e9nie Mackyste a su g\u00e9rer avec brio\"<\/em>, annonce-t-il.<\/div>\n<div dir=\"auto\"><\/div>\n<div dir=\"auto\">Selon lui, contrairement \u00e0 ce qui a toujours \u00e9t\u00e9 soutenu, Macky n\u2019\u00e9tait pas un b\u00e9ni oui-oui des institutions de Bretton Woods. <em>\"Ce sont ceux qui ont cri\u00e9 urbi et orbi qu\u2019ils se d\u00e9lieraient des liens de ces derni\u00e8res qui sont, aujourd\u2019hui, tout ou\u00efs \u00e0 leurs desiderata. Ils ont envie de dire non ! Mais ils n\u2019ont malheureusement ni l\u2019exp\u00e9rience, ni le g\u00e9nie n\u00e9cessaire, ni la comp\u00e9tence et la capacit\u00e9 pour r\u00e9sister et trouver une alternative. Avec l\u2019ajustement structurel en cours de t\u00e9l\u00e9chargement, grande sera la d\u00e9ception des s\u00e9n\u00e9galais dont la vie est d\u00e9j\u00e0 tr\u00e8s dure et leur espoir en d\u00e9gringolade. Le port de Dakar atteint de rachitisme, a d\u00e9j\u00e0 perdu l\u2019essentiel de son volume d'activit\u00e9s. Et il se meurt. Les autorit\u00e9s religieuses, jadis d\u00e9cri\u00e9es, critiqu\u00e9es et parfois insult\u00e9es, sont aujourd\u2019hui leurs bou\u00e9es de sauvetage sur lesquelles ils esp\u00e8rent s\u2019agripper; ce qui justifie leurs tourn\u00e9es intempestives au niveau des diff\u00e9rents foyers religieux du pays. Mais m\u00eame dans ces lieux, leur r\u00e9gime sent d\u00e9j\u00e0 le d\u00e9go\u00fbt et le vomi\",<\/em> peste le maire de Saint-Louis.<\/div>\n<div dir=\"auto\"><\/div>\n<div dir=\"auto\">Mansour Faye pense que le S\u00e9n\u00e9gal des Senghor, Diouf, Wade et Sall est aujourd\u2019hui la ris\u00e9e de la coop\u00e9ration bilat\u00e9rale comme multilat\u00e9rale.<\/div>\n<div dir=\"auto\"><em>\"La d\u00e9ch\u00e9ance de notre diplomatie n\u2019a d\u2019\u00e9gale que celle de notre d\u00e9mocratie dont la mort a \u00e9t\u00e9 subite. Mais il est tout \u00e0 fait possible de redresser la trajectoire et en cela, mon invite au Pr\u00e9sident Diomaye est toujours de mise. Qu\u2019il ouvre les yeux! SAS demi-dieu est en train de lui faire un \u00ab weur nombo (encerclement)\u00bb ing\u00e9nieusement orchestr\u00e9 par la mise en place d\u2019une administration Sonko, d\u2019une justice Sonkiste sans oublier un parlement aux ordres. Quand Diomaye sera esseul\u00e9 dans son propre pouvoir, ce sera l\u2019assaut final qui pourrait se solder par une abdication forc\u00e9e\"<\/em>, croit-il savoir.<\/div>\n<div dir=\"auto\"><\/div>\n<div dir=\"auto\">En ce qui le concerne, jure-t-il, <em>\"physiquement, moralement, je me suis pr\u00e9par\u00e9 \u00e0 toutes les \u00e9ventualit\u00e9s. Alors faites ce que bon vous semble! Cela m\u2019importe peu. Jamais, je ne flancherai et au bout du compte la v\u00e9rit\u00e9 triomphera inexorablement inchallah. Que vive le S\u00e9n\u00e9gal et que survive la d\u00e9mocratie!\"<\/em><\/div>\n<div class='share-to-whatsapp-wrapper'><div class='share-on-whsp'>PARTAGER SUR : <\/div><a data-text='MANSOUR FAYE - \"Je me suis pr\u00e9par\u00e9 \u00e0 toutes les \u00e9ventualit\u00e9s ...\"' data-link='https:\/\/www.nettali.com\/2025\/03\/13\/mansour-faye-je-me-suis-prepare-a-toutes-les-eventualites\/' class='whatsapp-button whatsapp-share'>WhatsApp<\/a><div class='clear '><\/div><\/div>","protected":false},"excerpt":{"rendered":"<p>NETTALI.COM -\u00a0 Dans un post sur facebook, ce jeudi 13 mars 2025, Mansour Faye lance des piques \u00e0 l'endroit du nouveau r\u00e9gime : \"Je suis un homme libre, digne et loyal. Je ne suis ni un l\u00e2che, ni un voleur encore moins un menteur\". Par ailleurs, il r\u00e9v\u00e8le que dans les semaines \u00e0 venir, \" [&hellip;]<\/p>\n","protected":false},"author":4,"featured_media":105251,"comment_status":"open","ping_status":"open","sticky":false,"template":"","format":"standard","meta":{"_et_pb_use_builder":"","_et_pb_old_content":""},"categories":[2],"tags":[],"yoast_head":"<!-- This site is optimized with the Yoast SEO Premium plugin v17.8 (Yoast SEO v17.8) - https:\/\/yoast.com\/wordpress\/plugins\/seo\/ -->\n<title>MANSOUR FAYE - &quot;Je me suis pr\u00e9par\u00e9 \u00e0 toutes les \u00e9ventualit\u00e9s ...&quot; | Nettali.com<\/title>\n<meta name=\"robots\" content=\"index, follow, max-snippet:-1, max-image-preview:large, max-video-preview:-1\" \/>\n<link rel=\"canonical\" href=\"https:\/\/www.nettali.com\/2025\/03\/13\/mansour-faye-je-me-suis-prepare-a-toutes-les-eventualites\/\" \/>\n<meta property=\"og:locale\" content=\"fr_FR\" \/>\n<meta property=\"og:type\" content=\"article\" \/>\n<meta property=\"og:title\" content=\"MANSOUR FAYE - &quot;Je me suis pr\u00e9par\u00e9 \u00e0 toutes les \u00e9ventualit\u00e9s ...&quot;\" \/>\n<meta property=\"og:description\" content=\"NETTALI.COM -\u00a0 Dans un post sur facebook, ce jeudi 13 mars 2025, Mansour Faye lance des piques \u00e0 l&#039;endroit du nouveau r\u00e9gime : &quot;Je suis un homme libre, digne et loyal. Je ne suis ni un l\u00e2che, ni un voleur encore moins un menteur&quot;. Par ailleurs, il r\u00e9v\u00e8le que dans les semaines \u00e0 venir, &quot; [&hellip;]\" \/>\n<meta property=\"og:url\" content=\"https:\/\/www.nettali.com\/2025\/03\/13\/mansour-faye-je-me-suis-prepare-a-toutes-les-eventualites\/\" \/>\n<meta property=\"og:site_name\" content=\"Nettali.com\" \/>\n<meta property=\"article:publisher\" content=\"https:\/\/www.facebook.com\/nettalicom\" \/>\n<meta property=\"article:published_time\" content=\"2025-03-13T18:14:40+00:00\" \/>\n<meta property=\"article:modified_time\" content=\"2025-03-14T06:23:25+00:00\" \/>\n<meta property=\"og:image\" content=\"https:\/\/www.nettali.com\/wp-content\/uploads\/2023\/03\/mansourfaye_6_0.jpg\" \/>\n\t<meta property=\"og:image:width\" content=\"640\" \/>\n\t<meta property=\"og:image:height\" content=\"480\" \/>\n<meta name=\"twitter:card\" content=\"summary_large_image\" \/>\n<meta name=\"twitter:label1\" content=\"\u00c9crit par\" \/>\n\t<meta name=\"twitter:data1\" content=\"Daouda\" \/>\n\t<meta name=\"twitter:label2\" content=\"Dur\u00e9e de lecture estim\u00e9e\" \/>\n\t<meta name=\"twitter:data2\" content=\"4 minutes\" \/>\n<script type=\"application\/ld+json\" class=\"yoast-schema-graph\">{\"@context\":\"https:\/\/schema.org\",\"@graph\":[{\"@type\":\"WebSite\",\"@id\":\"https:\/\/www.nettali.com\/#website\",\"url\":\"https:\/\/www.nettali.com\/\",\"name\":\"Nettali.com\",\"description\":\"Le rendez-vous critique du Net\",\"potentialAction\":[{\"@type\":\"SearchAction\",\"target\":{\"@type\":\"EntryPoint\",\"urlTemplate\":\"https:\/\/www.nettali.com\/?s={search_term_string}\"},\"query-input\":\"required name=search_term_string\"}],\"inLanguage\":\"fr-FR\"},{\"@type\":\"ImageObject\",\"@id\":\"https:\/\/www.nettali.com\/2025\/03\/13\/mansour-faye-je-me-suis-prepare-a-toutes-les-eventualites\/#primaryimage\",\"inLanguage\":\"fr-FR\",\"url\":\"https:\/\/www.nettali.com\/wp-content\/uploads\/2023\/03\/mansourfaye_6_0.jpg\",\"contentUrl\":\"https:\/\/www.nettali.com\/wp-content\/uploads\/2023\/03\/mansourfaye_6_0.jpg\",\"width\":640,\"height\":480},{\"@type\":\"WebPage\",\"@id\":\"https:\/\/www.nettali.com\/2025\/03\/13\/mansour-faye-je-me-suis-prepare-a-toutes-les-eventualites\/#webpage\",\"url\":\"https:\/\/www.nettali.com\/2025\/03\/13\/mansour-faye-je-me-suis-prepare-a-toutes-les-eventualites\/\",\"name\":\"MANSOUR FAYE - \\\"Je me suis pr\\u00e9par\\u00e9 \\u00e0 toutes les \\u00e9ventualit\\u00e9s ...\\\" | Nettali.com\",\"isPartOf\":{\"@id\":\"https:\/\/www.nettali.com\/#website\"},\"primaryImageOfPage\":{\"@id\":\"https:\/\/www.nettali.com\/2025\/03\/13\/mansour-faye-je-me-suis-prepare-a-toutes-les-eventualites\/#primaryimage\"},\"datePublished\":\"2025-03-13T18:14:40+00:00\",\"dateModified\":\"2025-03-14T06:23:25+00:00\",\"author\":{\"@id\":\"https:\/\/www.nettali.com\/#\/schema\/person\/3317e0bb3aa1da309fbf7b2780901bf4\"},\"breadcrumb\":{\"@id\":\"https:\/\/www.nettali.com\/2025\/03\/13\/mansour-faye-je-me-suis-prepare-a-toutes-les-eventualites\/#breadcrumb\"},\"inLanguage\":\"fr-FR\",\"potentialAction\":[{\"@type\":\"ReadAction\",\"target\":[\"https:\/\/www.nettali.com\/2025\/03\/13\/mansour-faye-je-me-suis-prepare-a-toutes-les-eventualites\/\"]}]},{\"@type\":\"BreadcrumbList\",\"@id\":\"https:\/\/www.nettali.com\/2025\/03\/13\/mansour-faye-je-me-suis-prepare-a-toutes-les-eventualites\/#breadcrumb\",\"itemListElement\":[{\"@type\":\"ListItem\",\"position\":1,\"name\":\"Accueil\",\"item\":\"https:\/\/www.nettali.com\/\"},{\"@type\":\"ListItem\",\"position\":2,\"name\":\"MANSOUR FAYE - \\\"Je me suis pr\\u00e9par\\u00e9 \\u00e0 toutes les \\u00e9ventualit\\u00e9s ...\\\"\"}]},{\"@type\":\"Person\",\"@id\":\"https:\/\/www.nettali.com\/#\/schema\/person\/3317e0bb3aa1da309fbf7b2780901bf4\",\"name\":\"Daouda\",\"image\":{\"@type\":\"ImageObject\",\"@id\":\"https:\/\/www.nettali.com\/#personlogo\",\"inLanguage\":\"fr-FR\",\"url\":\"https:\/\/secure.gravatar.com\/avatar\/8d143b5a49345098ddcfee1c49c2f47c?s=96&d=mm&r=g\",\"contentUrl\":\"https:\/\/secure.gravatar.com\/avatar\/8d143b5a49345098ddcfee1c49c2f47c?s=96&d=mm&r=g\",\"caption\":\"Daouda\"},\"sameAs\":[\"https:\/\/www.nettali.com\"]}]}<\/script>\n<!-- \/ Yoast SEO Premium plugin. -->","yoast_head_json":{"title":"MANSOUR FAYE - \"Je me suis pr\u00e9par\u00e9 \u00e0 toutes les \u00e9ventualit\u00e9s ...\" | Nettali.com","robots":{"index":"index","follow":"follow","max-snippet":"max-snippet:-1","max-image-preview":"max-image-preview:large","max-video-preview":"max-video-preview:-1"},"canonical":"https:\/\/www.nettali.com\/2025\/03\/13\/mansour-faye-je-me-suis-prepare-a-toutes-les-eventualites\/","og_locale":"fr_FR","og_type":"article","og_title":"MANSOUR FAYE - \"Je me suis pr\u00e9par\u00e9 \u00e0 toutes les \u00e9ventualit\u00e9s ...\"","og_description":"NETTALI.COM -\u00a0 Dans un post sur facebook, ce jeudi 13 mars 2025, Mansour Faye lance des piques \u00e0 l'endroit du nouveau r\u00e9gime : \"Je suis un homme libre, digne et loyal. Je ne suis ni un l\u00e2che, ni un voleur encore moins un menteur\". Par ailleurs, il r\u00e9v\u00e8le que dans les semaines \u00e0 venir, \" [&hellip;]","og_url":"https:\/\/www.nettali.com\/2025\/03\/13\/mansour-faye-je-me-suis-prepare-a-toutes-les-eventualites\/","og_site_name":"Nettali.com","article_publisher":"https:\/\/www.facebook.com\/nettalicom","article_published_time":"2025-03-13T18:14:40+00:00","article_modified_time":"2025-03-14T06:23:25+00:00","og_image":[{"width":640,"height":480,"url":"https:\/\/www.nettali.com\/wp-content\/uploads\/2023\/03\/mansourfaye_6_0.jpg","type":"image\/jpeg"}],"twitter_card":"summary_large_image","twitter_misc":{"\u00c9crit par":"Daouda","Dur\u00e9e de lecture estim\u00e9e":"4 minutes"},"schema":{"@context":"https:\/\/schema.org","@graph":[{"@type":"WebSite","@id":"https:\/\/www.nettali.com\/#website","url":"https:\/\/www.nettali.com\/","name":"Nettali.com","description":"Le rendez-vous critique du Net","potentialAction":[{"@type":"SearchAction","target":{"@type":"EntryPoint","urlTemplate":"https:\/\/www.nettali.com\/?s={search_term_string}"},"query-input":"required name=search_term_string"}],"inLanguage":"fr-FR"},{"@type":"ImageObject","@id":"https:\/\/www.nettali.com\/2025\/03\/13\/mansour-faye-je-me-suis-prepare-a-toutes-les-eventualites\/#primaryimage","inLanguage":"fr-FR","url":"https:\/\/www.nettali.com\/wp-content\/uploads\/2023\/03\/mansourfaye_6_0.jpg","contentUrl":"https:\/\/www.nettali.com\/wp-content\/uploads\/2023\/03\/mansourfaye_6_0.jpg","width":640,"height":480},{"@type":"WebPage","@id":"https:\/\/www.nettali.com\/2025\/03\/13\/mansour-faye-je-me-suis-prepare-a-toutes-les-eventualites\/#webpage","url":"https:\/\/www.nettali.com\/2025\/03\/13\/mansour-faye-je-me-suis-prepare-a-toutes-les-eventualites\/","name":"MANSOUR FAYE - \"Je me suis pr\u00e9par\u00e9 \u00e0 toutes les \u00e9ventualit\u00e9s ...\" | Nettali.com","isPartOf":{"@id":"https:\/\/www.nettali.com\/#website"},"primaryImageOfPage":{"@id":"https:\/\/www.nettali.com\/2025\/03\/13\/mansour-faye-je-me-suis-prepare-a-toutes-les-eventualites\/#primaryimage"},"datePublished":"2025-03-13T18:14:40+00:00","dateModified":"2025-03-14T06:23:25+00:00","author":{"@id":"https:\/\/www.nettali.com\/#\/schema\/person\/3317e0bb3aa1da309fbf7b2780901bf4"},"breadcrumb":{"@id":"https:\/\/www.nettali.com\/2025\/03\/13\/mansour-faye-je-me-suis-prepare-a-toutes-les-eventualites\/#breadcrumb"},"inLanguage":"fr-FR","potentialAction":[{"@type":"ReadAction","target":["https:\/\/www.nettali.com\/2025\/03\/13\/mansour-faye-je-me-suis-prepare-a-toutes-les-eventualites\/"]}]},{"@type":"BreadcrumbList","@id":"https:\/\/www.nettali.com\/2025\/03\/13\/mansour-faye-je-me-suis-prepare-a-toutes-les-eventualites\/#breadcrumb","itemListElement":[{"@type":"ListItem","position":1,"name":"Accueil","item":"https:\/\/www.nettali.com\/"},{"@type":"ListItem","position":2,"name":"MANSOUR FAYE - \"Je me suis pr\u00e9par\u00e9 \u00e0 toutes les \u00e9ventualit\u00e9s ...\""}]},{"@type":"Person","@id":"https:\/\/www.nettali.com\/#\/schema\/person\/3317e0bb3aa1da309fbf7b2780901bf4","name":"Daouda","image":{"@type":"ImageObject","@id":"https:\/\/www.nettali.com\/#personlogo","inLanguage":"fr-FR","url":"https:\/\/secure.gravatar.com\/avatar\/8d143b5a49345098ddcfee1c49c2f47c?s=96&d=mm&r=g","contentUrl":"https:\/\/secure.gravatar.com\/avatar\/8d143b5a49345098ddcfee1c49c2f47c?s=96&d=mm&r=g","caption":"Daouda"},"sameAs":["https:\/\/www.nettali.com"]}]}},"_links":{"self":[{"href":"https:\/\/www.nettali.com\/rest\/wp\/v2\/posts\/150664"}],"collection":[{"href":"https:\/\/www.nettali.com\/rest\/wp\/v2\/posts"}],"about":[{"href":"https:\/\/www.nettali.com\/rest\/wp\/v2\/types\/post"}],"author":[{"embeddable":true,"href":"https:\/\/www.nettali.com\/rest\/wp\/v2\/users\/4"}],"replies":[{"embeddable":true,"href":"https:\/\/www.nettali.com\/rest\/wp\/v2\/comments?post=150664"}],"version-history":[{"count":3,"href":"https:\/\/www.nettali.com\/rest\/wp\/v2\/posts\/150664\/revisions"}],"predecessor-version":[{"id":150671,"href":"https:\/\/www.nettali.com\/rest\/wp\/v2\/posts\/150664\/revisions\/150671"}],"wp:featuredmedia":[{"embeddable":true,"href":"https:\/\/www.nettali.com\/rest\/wp\/v2\/media\/105251"}],"wp:attachment":[{"href":"https:\/\/www.nettali.com\/rest\/wp\/v2\/media?parent=150664"}],"wp:term":[{"taxonomy":"category","embeddable":true,"href":"https:\/\/www.nettali.com\/rest\/wp\/v2\/categories?post=150664"},{"taxonomy":"post_tag","embeddable":true,"href":"https:\/\/www.nettali.com\/rest\/wp\/v2\/tags?post=150664"}],"curies":[{"name":"wp","href":"https:\/\/api.w.org\/{rel}","templated":true}]}}